{"id":103422,"date":"2023-07-27T00:01:01","date_gmt":"2023-07-27T03:01:01","guid":{"rendered":"https:\/\/www.gaveanews.com\/?p=103422"},"modified":"2023-07-27T00:01:03","modified_gmt":"2023-07-27T03:01:03","slug":"deixe-aqui-sua-risada-torcida-do-gremio-fica-desesperada-apos-perder-para-o-flamengo-na-copa-do-brasil","status":"publish","type":"post","link":"https:\/\/www.gaveanews.com\/index.php\/2023\/07\/27\/deixe-aqui-sua-risada-torcida-do-gremio-fica-desesperada-apos-perder-para-o-flamengo-na-copa-do-brasil\/","title":{"rendered":"Deixe aqui sua risada! Torcida do Gr\u00eamio fica desesperada ap\u00f3s perder para o Flamengo na Copa do Brasil"},"content":{"rendered":"\n<p>O confronto entre o Gr\u00eamio e o Meng\u00e3o j\u00e1 \u00e9 um dos grandes cl\u00e1ssicos recentes do futebol nacional. Quem n\u00e3o lembra da hist\u00f3ria do \u2018Cincum\u2019 sob o comando de Jorge Jesus ou o 4 a 0, pela Copa do Brasil de 2021, dentro da Arena do Gr\u00eamio.<\/p>\n\n\n\n<p>Nesta quarta-feira (26), mais um cap\u00edtulo foi escrito nesta hist\u00f3ria de embates. Por\u00e9m, novamente foi triste para equipe de Renato Portaluppi. Em Porto Alegre, o Flamengo imp\u00f4s seu jogo desde o in\u00edcio e saiu com a vantagem no primeiro confronto das semifinais da competi\u00e7\u00e3o eliminat\u00f3ria. Um sonoro 2 a 0, com controle total do jogo. Os gols do rubro-negro carioca foram marcados por Thiago Maia e Gabigol. Que tamb\u00e9m perdeu um p\u00eanalti, gra\u00e7as a defesa de Gabriel Grando.<\/p>\n\n\n\n<p>Decepcionando os mais de 52 mil presentes, o clube sulista n\u00e3o mostrou poder de rea\u00e7\u00e3o, muito disso se deve a expuls\u00e3o de Kannemann aos 10 minutos do segundo tempo. Por\u00e9m, a torcida acredita que a culpa est\u00e1 longe de ser do zagueiro argentino, com tr\u00eas nomes sendo apontados como os grandes respons\u00e1veis pelo vexame.<\/p>\n\n\n\n<p>Nas redes sociais diversas reclama\u00e7\u00f5es foram feira. Sendo que, Bitello, Carballo e Jo\u00e3o Pedro foram os principais alvos. <\/p>\n\n\n\n<figure class=\"wp-block-embed is-type-rich is-provider-twitter wp-block-embed-twitter\"><div class=\"wp-block-embed__wrapper\">\n<blockquote class=\"twitter-tweet\" data-width=\"550\" data-dnt=\"true\"><p lang=\"pt\" dir=\"ltr\">sem mentira nenhuma, eu acho que se me botasse nesse jogo eu fazia menos fiasco do q oq fez o senhor bitello<\/p>&mdash; Gustavo Caetano (@ooocaetano) <a href=\"https:\/\/twitter.com\/ooocaetano\/status\/1684386403684167682?ref_src=twsrc%5Etfw\">July 27, 2023<\/a><\/blockquote><script async src=\"https:\/\/platform.twitter.com\/widgets.js\" charset=\"utf-8\"><\/script>\n<\/div><\/figure>\n\n\n\n<figure class=\"wp-block-embed is-type-rich is-provider-twitter wp-block-embed-twitter\"><div class=\"wp-block-embed__wrapper\">\n<blockquote class=\"twitter-tweet\" data-width=\"550\" data-dnt=\"true\"><p lang=\"pt\" dir=\"ltr\">Bitello e carballo simplesmente destruindo o jogo do gremio<\/p>&mdash; Artuyo \ud83c\uddea\ud83c\uddea (@tuiomacedo) <a href=\"https:\/\/twitter.com\/tuiomacedo\/status\/1684384770417995776?ref_src=twsrc%5Etfw\">July 27, 2023<\/a><\/blockquote><script async src=\"https:\/\/platform.twitter.com\/widgets.js\" charset=\"utf-8\"><\/script>\n<\/div><\/figure>\n\n\n\n<figure class=\"wp-block-embed is-type-rich is-provider-twitter wp-block-embed-twitter\"><div class=\"wp-block-embed__wrapper\">\n<blockquote class=\"twitter-tweet\" data-width=\"550\" data-dnt=\"true\"><p lang=\"pt\" dir=\"ltr\">Impressionante, QUASE TODOS do Gr\u00eamio estiveram muito, mas muito mal no jogo de hoje. Inclusive Su\u00e1rez. <br>\u00danicos que se salvaram foi o Grando e talvez o Jo\u00e3o Pedro. Restante muito mal. Que jogo ruim.<\/p>&mdash; Gr\u00eamio 365\u2120 (@Gremio365) <a href=\"https:\/\/twitter.com\/Gremio365\/status\/1684385414570713088?ref_src=twsrc%5Etfw\">July 27, 2023<\/a><\/blockquote><script async src=\"https:\/\/platform.twitter.com\/widgets.js\" charset=\"utf-8\"><\/script>\n<\/div><\/figure>\n\n\n\n<p>O jogo de volta da competi\u00e7\u00e3o ser\u00e1 no dia 16 de agosto, \u00e0s 21h30, no Est\u00e1dio Maracan\u00e3. O Imortal de Luiz Suar\u00e9z precisar\u00e1 de uma grande reviravolta para amea\u00e7ar os comandados de Jorge Sampaoli no Rio de Janeiro, buscando a vaga na final.<\/p>\n\n\n\n<p>Retirado de: Bola Vip<\/p>\n","protected":false},"excerpt":{"rendered":"<p>O confronto entre o Gr\u00eamio e o Meng\u00e3o j\u00e1 \u00e9 um dos grandes cl\u00e1ssicos recentes do futebol nacional. Quem n\u00e3o lembra da hist\u00f3ria do \u2018Cincum\u2019 sob o comando de Jorge Jesus ou o 4 a 0, pela Copa do Brasil de 2021, dentro da Arena do Gr\u00eamio. Nesta quarta-feira (26), mais um cap\u00edtulo foi escrito [&hellip;]<\/p>\n","protected":false},"author":1,"featured_media":89335,"comment_status":"open","ping_status":"closed","sticky":false,"template":"","format":"standard","meta":{"footnotes":""},"categories":[1],"tags":[],"class_list":["post-103422","post","type-post","status-publish","format-standard","has-post-thumbnail","hentry","category-flamengo"],"yoast_head":"<!-- This site is optimized with the Yoast SEO Premium plugin v24.2 (Yoast SEO v26.9) - https:\/\/yoast.com\/product\/yoast-seo-premium-wordpress\/ -->\n<title>Deixe aqui sua risada! Torcida do Gr\u00eamio fica desesperada ap\u00f3s perder para o Flamengo na Copa do Brasil<\/title>\n<meta name=\"robots\" content=\"index, follow, max-snippet:-1, max-image-preview:large, max-video-preview:-1\" \/>\n<link rel=\"canonical\" href=\"https:\/\/www.gaveanews.com\/index.php\/2023\/07\/27\/deixe-aqui-sua-risada-torcida-do-gremio-fica-desesperada-apos-perder-para-o-flamengo-na-copa-do-brasil\/\" \/>\n<meta property=\"og:locale\" content=\"pt_BR\" \/>\n<meta property=\"og:type\" content=\"article\" \/>\n<meta property=\"og:title\" content=\"Deixe aqui sua risada! Torcida do Gr\u00eamio fica desesperada ap\u00f3s perder para o Flamengo na Copa do Brasil\" \/>\n<meta property=\"og:description\" content=\"O confronto entre o Gr\u00eamio e o Meng\u00e3o j\u00e1 \u00e9 um dos grandes cl\u00e1ssicos recentes do futebol nacional. Quem n\u00e3o lembra da hist\u00f3ria do \u2018Cincum\u2019 sob o comando de Jorge Jesus ou o 4 a 0, pela Copa do Brasil de 2021, dentro da Arena do Gr\u00eamio. Nesta quarta-feira (26), mais um cap\u00edtulo foi escrito [&hellip;]\" \/>\n<meta property=\"og:url\" content=\"https:\/\/www.gaveanews.com\/index.php\/2023\/07\/27\/deixe-aqui-sua-risada-torcida-do-gremio-fica-desesperada-apos-perder-para-o-flamengo-na-copa-do-brasil\/\" \/>\n<meta property=\"og:site_name\" content=\"G\u00e1vea News\" \/>\n<meta property=\"article:publisher\" content=\"https:\/\/facebook.com\/gaveaNews\/\" \/>\n<meta property=\"article:published_time\" content=\"2023-07-27T03:01:01+00:00\" \/>\n<meta property=\"article:modified_time\" content=\"2023-07-27T03:01:03+00:00\" \/>\n<meta property=\"og:image\" content=\"https:\/\/www.gaveanews.com\/wp-content\/uploads\/Taca-da-Copa-do-Brasil-1.webp\" \/>\n\t<meta property=\"og:image:width\" content=\"799\" \/>\n\t<meta property=\"og:image:height\" content=\"534\" \/>\n\t<meta property=\"og:image:type\" content=\"image\/jpeg\" \/>\n<meta name=\"author\" content=\"Equipe G\u00e1vea News\" \/>\n<meta name=\"twitter:card\" content=\"summary_large_image\" \/>\n<meta name=\"twitter:label1\" content=\"Escrito por\" \/>\n\t<meta name=\"twitter:data1\" content=\"Equipe G\u00e1vea News\" \/>\n\t<meta name=\"twitter:label2\" content=\"Est. tempo de leitura\" \/>\n\t<meta name=\"twitter:data2\" content=\"2 minutos\" \/>\n<script type=\"application\/ld+json\" class=\"yoast-schema-graph\">{\"@context\":\"https:\/\/schema.org\",\"@graph\":[{\"@type\":\"NewsArticle\",\"@id\":\"https:\/\/www.gaveanews.com\/index.php\/2023\/07\/27\/deixe-aqui-sua-risada-torcida-do-gremio-fica-desesperada-apos-perder-para-o-flamengo-na-copa-do-brasil\/#article\",\"isPartOf\":{\"@id\":\"https:\/\/www.gaveanews.com\/index.php\/2023\/07\/27\/deixe-aqui-sua-risada-torcida-do-gremio-fica-desesperada-apos-perder-para-o-flamengo-na-copa-do-brasil\/\"},\"author\":{\"name\":\"Equipe G\u00e1vea News\",\"@id\":\"https:\/\/www.gaveanews.com\/#\/schema\/person\/2ec14f73fb96be2caf28f91afb14749d\"},\"headline\":\"Deixe aqui sua risada! Torcida do Gr\u00eamio fica desesperada ap\u00f3s perder para o Flamengo na Copa do Brasil\",\"datePublished\":\"2023-07-27T03:01:01+00:00\",\"dateModified\":\"2023-07-27T03:01:03+00:00\",\"mainEntityOfPage\":{\"@id\":\"https:\/\/www.gaveanews.com\/index.php\/2023\/07\/27\/deixe-aqui-sua-risada-torcida-do-gremio-fica-desesperada-apos-perder-para-o-flamengo-na-copa-do-brasil\/\"},\"wordCount\":297,\"commentCount\":0,\"image\":{\"@id\":\"https:\/\/www.gaveanews.com\/index.php\/2023\/07\/27\/deixe-aqui-sua-risada-torcida-do-gremio-fica-desesperada-apos-perder-para-o-flamengo-na-copa-do-brasil\/#primaryimage\"},\"thumbnailUrl\":\"https:\/\/www.gaveanews.com\/wp-content\/uploads\/Taca-da-Copa-do-Brasil-1.webp\",\"articleSection\":[\"Flamengo\"],\"inLanguage\":\"pt-BR\",\"potentialAction\":[{\"@type\":\"CommentAction\",\"name\":\"Comment\",\"target\":[\"https:\/\/www.gaveanews.com\/index.php\/2023\/07\/27\/deixe-aqui-sua-risada-torcida-do-gremio-fica-desesperada-apos-perder-para-o-flamengo-na-copa-do-brasil\/#respond\"]}],\"copyrightYear\":\"2023\",\"copyrightHolder\":{\"@id\":\"https:\/\/www.gaveanews.com\/#organization\"}},{\"@type\":\"WebPage\",\"@id\":\"https:\/\/www.gaveanews.com\/index.php\/2023\/07\/27\/deixe-aqui-sua-risada-torcida-do-gremio-fica-desesperada-apos-perder-para-o-flamengo-na-copa-do-brasil\/\",\"url\":\"https:\/\/www.gaveanews.com\/index.php\/2023\/07\/27\/deixe-aqui-sua-risada-torcida-do-gremio-fica-desesperada-apos-perder-para-o-flamengo-na-copa-do-brasil\/\",\"name\":\"Deixe aqui sua risada! Torcida do Gr\u00eamio fica desesperada ap\u00f3s perder para o Flamengo na Copa do Brasil\",\"isPartOf\":{\"@id\":\"https:\/\/www.gaveanews.com\/#website\"},\"primaryImageOfPage\":{\"@id\":\"https:\/\/www.gaveanews.com\/index.php\/2023\/07\/27\/deixe-aqui-sua-risada-torcida-do-gremio-fica-desesperada-apos-perder-para-o-flamengo-na-copa-do-brasil\/#primaryimage\"},\"image\":{\"@id\":\"https:\/\/www.gaveanews.com\/index.php\/2023\/07\/27\/deixe-aqui-sua-risada-torcida-do-gremio-fica-desesperada-apos-perder-para-o-flamengo-na-copa-do-brasil\/#primaryimage\"},\"thumbnailUrl\":\"https:\/\/www.gaveanews.com\/wp-content\/uploads\/Taca-da-Copa-do-Brasil-1.webp\",\"datePublished\":\"2023-07-27T03:01:01+00:00\",\"dateModified\":\"2023-07-27T03:01:03+00:00\",\"author\":{\"@id\":\"https:\/\/www.gaveanews.com\/#\/schema\/person\/2ec14f73fb96be2caf28f91afb14749d\"},\"breadcrumb\":{\"@id\":\"https:\/\/www.gaveanews.com\/index.php\/2023\/07\/27\/deixe-aqui-sua-risada-torcida-do-gremio-fica-desesperada-apos-perder-para-o-flamengo-na-copa-do-brasil\/#breadcrumb\"},\"inLanguage\":\"pt-BR\",\"potentialAction\":[{\"@type\":\"ReadAction\",\"target\":[\"https:\/\/www.gaveanews.com\/index.php\/2023\/07\/27\/deixe-aqui-sua-risada-torcida-do-gremio-fica-desesperada-apos-perder-para-o-flamengo-na-copa-do-brasil\/\"]}]},{\"@type\":\"ImageObject\",\"inLanguage\":\"pt-BR\",\"@id\":\"https:\/\/www.gaveanews.com\/index.php\/2023\/07\/27\/deixe-aqui-sua-risada-torcida-do-gremio-fica-desesperada-apos-perder-para-o-flamengo-na-copa-do-brasil\/#primaryimage\",\"url\":\"https:\/\/www.gaveanews.com\/wp-content\/uploads\/Taca-da-Copa-do-Brasil-1.webp\",\"contentUrl\":\"https:\/\/www.gaveanews.com\/wp-content\/uploads\/Taca-da-Copa-do-Brasil-1.webp\",\"width\":799,\"height\":534,\"caption\":\"Ta\u00e7a da Copa do Brasil (Foto: Paula Reis\/Flamengo)\"},{\"@type\":\"BreadcrumbList\",\"@id\":\"https:\/\/www.gaveanews.com\/index.php\/2023\/07\/27\/deixe-aqui-sua-risada-torcida-do-gremio-fica-desesperada-apos-perder-para-o-flamengo-na-copa-do-brasil\/#breadcrumb\",\"itemListElement\":[{\"@type\":\"ListItem\",\"position\":1,\"name\":\"Home\",\"item\":\"https:\/\/www.gaveanews.com\/\"},{\"@type\":\"ListItem\",\"position\":2,\"name\":\"Deixe aqui sua risada! Torcida do Gr\u00eamio fica desesperada ap\u00f3s perder para o Flamengo na Copa do Brasil\"}]},{\"@type\":\"WebSite\",\"@id\":\"https:\/\/www.gaveanews.com\/#website\",\"url\":\"https:\/\/www.gaveanews.com\/\",\"name\":\"G\u00e1vea News\",\"description\":\"Veja todas as not\u00edcias sobre o Flamengo: Contrata\u00e7\u00f5es, categorias de base, resultados das partidas, tabela de classifica\u00e7\u00e3o, pr\u00f3ximos jogos!\",\"potentialAction\":[{\"@type\":\"SearchAction\",\"target\":{\"@type\":\"EntryPoint\",\"urlTemplate\":\"https:\/\/www.gaveanews.com\/?s={search_term_string}\"},\"query-input\":{\"@type\":\"PropertyValueSpecification\",\"valueRequired\":true,\"valueName\":\"search_term_string\"}}],\"inLanguage\":\"pt-BR\"},{\"@type\":\"Person\",\"@id\":\"https:\/\/www.gaveanews.com\/#\/schema\/person\/2ec14f73fb96be2caf28f91afb14749d\",\"name\":\"Equipe G\u00e1vea News\",\"image\":{\"@type\":\"ImageObject\",\"inLanguage\":\"pt-BR\",\"@id\":\"https:\/\/www.gaveanews.com\/#\/schema\/person\/image\/\",\"url\":\"https:\/\/secure.gravatar.com\/avatar\/1e1956f1facbffd3f8fa53a326721950116b3b9dc9bd44939c01180fd4a745a9?s=96&d=mm&r=g\",\"contentUrl\":\"https:\/\/secure.gravatar.com\/avatar\/1e1956f1facbffd3f8fa53a326721950116b3b9dc9bd44939c01180fd4a745a9?s=96&d=mm&r=g\",\"caption\":\"Equipe G\u00e1vea News\"}}]}<\/script>\n<!-- \/ Yoast SEO Premium plugin. -->","yoast_head_json":{"title":"Deixe aqui sua risada! Torcida do Gr\u00eamio fica desesperada ap\u00f3s perder para o Flamengo na Copa do Brasil","robots":{"index":"index","follow":"follow","max-snippet":"max-snippet:-1","max-image-preview":"max-image-preview:large","max-video-preview":"max-video-preview:-1"},"canonical":"https:\/\/www.gaveanews.com\/index.php\/2023\/07\/27\/deixe-aqui-sua-risada-torcida-do-gremio-fica-desesperada-apos-perder-para-o-flamengo-na-copa-do-brasil\/","og_locale":"pt_BR","og_type":"article","og_title":"Deixe aqui sua risada! Torcida do Gr\u00eamio fica desesperada ap\u00f3s perder para o Flamengo na Copa do Brasil","og_description":"O confronto entre o Gr\u00eamio e o Meng\u00e3o j\u00e1 \u00e9 um dos grandes cl\u00e1ssicos recentes do futebol nacional. Quem n\u00e3o lembra da hist\u00f3ria do \u2018Cincum\u2019 sob o comando de Jorge Jesus ou o 4 a 0, pela Copa do Brasil de 2021, dentro da Arena do Gr\u00eamio. Nesta quarta-feira (26), mais um cap\u00edtulo foi escrito [&hellip;]","og_url":"https:\/\/www.gaveanews.com\/index.php\/2023\/07\/27\/deixe-aqui-sua-risada-torcida-do-gremio-fica-desesperada-apos-perder-para-o-flamengo-na-copa-do-brasil\/","og_site_name":"G\u00e1vea News","article_publisher":"https:\/\/facebook.com\/gaveaNews\/","article_published_time":"2023-07-27T03:01:01+00:00","article_modified_time":"2023-07-27T03:01:03+00:00","og_image":[{"width":799,"height":534,"url":"https:\/\/www.gaveanews.com\/wp-content\/uploads\/Taca-da-Copa-do-Brasil-1.webp","type":"image\/jpeg"}],"author":"Equipe G\u00e1vea News","twitter_card":"summary_large_image","twitter_misc":{"Escrito por":"Equipe G\u00e1vea News","Est. tempo de leitura":"2 minutos"},"schema":{"@context":"https:\/\/schema.org","@graph":[{"@type":"NewsArticle","@id":"https:\/\/www.gaveanews.com\/index.php\/2023\/07\/27\/deixe-aqui-sua-risada-torcida-do-gremio-fica-desesperada-apos-perder-para-o-flamengo-na-copa-do-brasil\/#article","isPartOf":{"@id":"https:\/\/www.gaveanews.com\/index.php\/2023\/07\/27\/deixe-aqui-sua-risada-torcida-do-gremio-fica-desesperada-apos-perder-para-o-flamengo-na-copa-do-brasil\/"},"author":{"name":"Equipe G\u00e1vea News","@id":"https:\/\/www.gaveanews.com\/#\/schema\/person\/2ec14f73fb96be2caf28f91afb14749d"},"headline":"Deixe aqui sua risada! Torcida do Gr\u00eamio fica desesperada ap\u00f3s perder para o Flamengo na Copa do Brasil","datePublished":"2023-07-27T03:01:01+00:00","dateModified":"2023-07-27T03:01:03+00:00","mainEntityOfPage":{"@id":"https:\/\/www.gaveanews.com\/index.php\/2023\/07\/27\/deixe-aqui-sua-risada-torcida-do-gremio-fica-desesperada-apos-perder-para-o-flamengo-na-copa-do-brasil\/"},"wordCount":297,"commentCount":0,"image":{"@id":"https:\/\/www.gaveanews.com\/index.php\/2023\/07\/27\/deixe-aqui-sua-risada-torcida-do-gremio-fica-desesperada-apos-perder-para-o-flamengo-na-copa-do-brasil\/#primaryimage"},"thumbnailUrl":"https:\/\/www.gaveanews.com\/wp-content\/uploads\/Taca-da-Copa-do-Brasil-1.webp","articleSection":["Flamengo"],"inLanguage":"pt-BR","potentialAction":[{"@type":"CommentAction","name":"Comment","target":["https:\/\/www.gaveanews.com\/index.php\/2023\/07\/27\/deixe-aqui-sua-risada-torcida-do-gremio-fica-desesperada-apos-perder-para-o-flamengo-na-copa-do-brasil\/#respond"]}],"copyrightYear":"2023","copyrightHolder":{"@id":"https:\/\/www.gaveanews.com\/#organization"}},{"@type":"WebPage","@id":"https:\/\/www.gaveanews.com\/index.php\/2023\/07\/27\/deixe-aqui-sua-risada-torcida-do-gremio-fica-desesperada-apos-perder-para-o-flamengo-na-copa-do-brasil\/","url":"https:\/\/www.gaveanews.com\/index.php\/2023\/07\/27\/deixe-aqui-sua-risada-torcida-do-gremio-fica-desesperada-apos-perder-para-o-flamengo-na-copa-do-brasil\/","name":"Deixe aqui sua risada! Torcida do Gr\u00eamio fica desesperada ap\u00f3s perder para o Flamengo na Copa do Brasil","isPartOf":{"@id":"https:\/\/www.gaveanews.com\/#website"},"primaryImageOfPage":{"@id":"https:\/\/www.gaveanews.com\/index.php\/2023\/07\/27\/deixe-aqui-sua-risada-torcida-do-gremio-fica-desesperada-apos-perder-para-o-flamengo-na-copa-do-brasil\/#primaryimage"},"image":{"@id":"https:\/\/www.gaveanews.com\/index.php\/2023\/07\/27\/deixe-aqui-sua-risada-torcida-do-gremio-fica-desesperada-apos-perder-para-o-flamengo-na-copa-do-brasil\/#primaryimage"},"thumbnailUrl":"https:\/\/www.gaveanews.com\/wp-content\/uploads\/Taca-da-Copa-do-Brasil-1.webp","datePublished":"2023-07-27T03:01:01+00:00","dateModified":"2023-07-27T03:01:03+00:00","author":{"@id":"https:\/\/www.gaveanews.com\/#\/schema\/person\/2ec14f73fb96be2caf28f91afb14749d"},"breadcrumb":{"@id":"https:\/\/www.gaveanews.com\/index.php\/2023\/07\/27\/deixe-aqui-sua-risada-torcida-do-gremio-fica-desesperada-apos-perder-para-o-flamengo-na-copa-do-brasil\/#breadcrumb"},"inLanguage":"pt-BR","potentialAction":[{"@type":"ReadAction","target":["https:\/\/www.gaveanews.com\/index.php\/2023\/07\/27\/deixe-aqui-sua-risada-torcida-do-gremio-fica-desesperada-apos-perder-para-o-flamengo-na-copa-do-brasil\/"]}]},{"@type":"ImageObject","inLanguage":"pt-BR","@id":"https:\/\/www.gaveanews.com\/index.php\/2023\/07\/27\/deixe-aqui-sua-risada-torcida-do-gremio-fica-desesperada-apos-perder-para-o-flamengo-na-copa-do-brasil\/#primaryimage","url":"https:\/\/www.gaveanews.com\/wp-content\/uploads\/Taca-da-Copa-do-Brasil-1.webp","contentUrl":"https:\/\/www.gaveanews.com\/wp-content\/uploads\/Taca-da-Copa-do-Brasil-1.webp","width":799,"height":534,"caption":"Ta\u00e7a da Copa do Brasil (Foto: Paula Reis\/Flamengo)"},{"@type":"BreadcrumbList","@id":"https:\/\/www.gaveanews.com\/index.php\/2023\/07\/27\/deixe-aqui-sua-risada-torcida-do-gremio-fica-desesperada-apos-perder-para-o-flamengo-na-copa-do-brasil\/#breadcrumb","itemListElement":[{"@type":"ListItem","position":1,"name":"Home","item":"https:\/\/www.gaveanews.com\/"},{"@type":"ListItem","position":2,"name":"Deixe aqui sua risada! Torcida do Gr\u00eamio fica desesperada ap\u00f3s perder para o Flamengo na Copa do Brasil"}]},{"@type":"WebSite","@id":"https:\/\/www.gaveanews.com\/#website","url":"https:\/\/www.gaveanews.com\/","name":"G\u00e1vea News","description":"Veja todas as not\u00edcias sobre o Flamengo: Contrata\u00e7\u00f5es, categorias de base, resultados das partidas, tabela de classifica\u00e7\u00e3o, pr\u00f3ximos jogos!","potentialAction":[{"@type":"SearchAction","target":{"@type":"EntryPoint","urlTemplate":"https:\/\/www.gaveanews.com\/?s={search_term_string}"},"query-input":{"@type":"PropertyValueSpecification","valueRequired":true,"valueName":"search_term_string"}}],"inLanguage":"pt-BR"},{"@type":"Person","@id":"https:\/\/www.gaveanews.com\/#\/schema\/person\/2ec14f73fb96be2caf28f91afb14749d","name":"Equipe G\u00e1vea News","image":{"@type":"ImageObject","inLanguage":"pt-BR","@id":"https:\/\/www.gaveanews.com\/#\/schema\/person\/image\/","url":"https:\/\/secure.gravatar.com\/avatar\/1e1956f1facbffd3f8fa53a326721950116b3b9dc9bd44939c01180fd4a745a9?s=96&d=mm&r=g","contentUrl":"https:\/\/secure.gravatar.com\/avatar\/1e1956f1facbffd3f8fa53a326721950116b3b9dc9bd44939c01180fd4a745a9?s=96&d=mm&r=g","caption":"Equipe G\u00e1vea News"}}]}},"_links":{"self":[{"href":"https:\/\/www.gaveanews.com\/index.php\/wp-json\/wp\/v2\/posts\/103422","targetHints":{"allow":["GET"]}}],"collection":[{"href":"https:\/\/www.gaveanews.com\/index.php\/wp-json\/wp\/v2\/posts"}],"about":[{"href":"https:\/\/www.gaveanews.com\/index.php\/wp-json\/wp\/v2\/types\/post"}],"author":[{"embeddable":true,"href":"https:\/\/www.gaveanews.com\/index.php\/wp-json\/wp\/v2\/users\/1"}],"replies":[{"embeddable":true,"href":"https:\/\/www.gaveanews.com\/index.php\/wp-json\/wp\/v2\/comments?post=103422"}],"version-history":[{"count":0,"href":"https:\/\/www.gaveanews.com\/index.php\/wp-json\/wp\/v2\/posts\/103422\/revisions"}],"wp:featuredmedia":[{"embeddable":true,"href":"https:\/\/www.gaveanews.com\/index.php\/wp-json\/wp\/v2\/media\/89335"}],"wp:attachment":[{"href":"https:\/\/www.gaveanews.com\/index.php\/wp-json\/wp\/v2\/media?parent=103422"}],"wp:term":[{"taxonomy":"category","embeddable":true,"href":"https:\/\/www.gaveanews.com\/index.php\/wp-json\/wp\/v2\/categories?post=103422"},{"taxonomy":"post_tag","embeddable":true,"href":"https:\/\/www.gaveanews.com\/index.php\/wp-json\/wp\/v2\/tags?post=103422"}],"curies":[{"name":"wp","href":"https:\/\/api.w.org\/{rel}","templated":true}]}}