{"id":103428,"date":"2023-07-27T06:37:25","date_gmt":"2023-07-27T09:37:25","guid":{"rendered":"https:\/\/www.gaveanews.com\/?p=103428"},"modified":"2023-07-27T06:37:28","modified_gmt":"2023-07-27T09:37:28","slug":"video-influenciador-do-gremio-fica-doido-da-chilique-ao-vivo-e-acaba-viralizando","status":"publish","type":"post","link":"https:\/\/www.gaveanews.com\/index.php\/2023\/07\/27\/video-influenciador-do-gremio-fica-doido-da-chilique-ao-vivo-e-acaba-viralizando\/","title":{"rendered":"V\u00eddeo: influenciador do Gr\u00eamio fica doido, d\u00e1 chilique ao vivo e acaba viralizando"},"content":{"rendered":"\n<p>A derrota do Gr\u00eamio para o Flamengo por 2 a 0, em partida v\u00e1lida pela semifinal da Copa do Brasil, nesta quarta-feira (26), n\u00e3o agradou o influenciador Farid Germano. Inconformado, o gremista fez cobran\u00e7as \u00e0 diretoria do clube.<\/p>\n\n\n\n<p>\u201cEu quero ver o vice de futebol (Ant\u00f4nio Brum) falar hoje. Ou o Gr\u00eamio n\u00e3o tem vice de futebol? E o presidente (Alberto Guerra), saia do pedestal. Saia do pedestal e venha falar para o torcedor, para 53 mil pessoas que vieram para a Arena. O senhor n\u00e3o est\u00e1 no Leopoldina juvenil. \u00c9 o Gr\u00eamio, de 120 anos. De mais de 100 mil s\u00f3cios\u201d, iniciou Farid.<\/p>\n\n\n\n<p>\u201cEu estou p\u2026 sim. Estou irritado sim. Meu Deus do c\u00e9u, o que esse presidente est\u00e1 fazendo com o Gr\u00eamio? E o vice de futebol, que n\u00e3o fala e s\u00f3 posta no Instagram fotinha partiu S\u00e3o Paulo, partiu Curitiba, partiu c<em>. Partiu c<\/em>. O que \u00e9 isso que est\u00e3o fazendo com o Gr\u00eamio? Eu n\u00e3o estou afim de me acalmar. A torcida do Gr\u00eamio foi humilhada hoje. O que fizeram com a torcida do Gr\u00eamio, n\u00e3o se faz, Jesus. N\u00e3o se faz, meu Deus do c\u00e9u. N\u00e3o se faz o que fizeram com a torcida do Gr\u00eamio. Desrespeito. N\u00e3o se calem\u201d, completou.<\/p>\n\n\n\n<figure class=\"wp-block-embed is-type-rich is-provider-twitter wp-block-embed-twitter\"><div class=\"wp-block-embed__wrapper\">\n<blockquote class=\"twitter-tweet\" data-width=\"550\" data-dnt=\"true\"><p lang=\"und\" dir=\"ltr\">kkkkkkkkkkkkkkkkkkkkkkkkkkkkkkkkkkkkkkkkkkkkk <a href=\"https:\/\/t.co\/E9EjYZSFCe\">pic.twitter.com\/E9EjYZSFCe<\/a><\/p>&mdash; out of context brasileir\u00e3o (@oocbrsao) <a href=\"https:\/\/twitter.com\/oocbrsao\/status\/1684391846749904896?ref_src=twsrc%5Etfw\">July 27, 2023<\/a><\/blockquote><script async src=\"https:\/\/platform.twitter.com\/widgets.js\" charset=\"utf-8\"><\/script>\n<\/div><\/figure>\n\n\n\n<p>Flamengo e Gr\u00eamio disputar\u00e3o a partida de volta no dia 16 de agosto, no Maracan\u00e3. Enquanto o Rubro-Negro conquista a classifica\u00e7\u00e3o com uma derrota por um gol, o Tricolor avan\u00e7a em caso de uma vit\u00f3ria por tr\u00eas tentos de diferen\u00e7a.<\/p>\n\n\n\n<p>Retirado de: Torcedores<\/p>\n","protected":false},"excerpt":{"rendered":"<p>A derrota do Gr\u00eamio para o Flamengo por 2 a 0, em partida v\u00e1lida pela semifinal da Copa do Brasil, nesta quarta-feira (26), n\u00e3o agradou o influenciador Farid Germano. Inconformado, o gremista fez cobran\u00e7as \u00e0 diretoria do clube. \u201cEu quero ver o vice de futebol (Ant\u00f4nio Brum) falar hoje. Ou o Gr\u00eamio n\u00e3o tem vice [&hellip;]<\/p>\n","protected":false},"author":1,"featured_media":90823,"comment_status":"open","ping_status":"closed","sticky":false,"template":"","format":"standard","meta":{"footnotes":""},"categories":[40],"tags":[],"class_list":["post-103428","post","type-post","status-publish","format-standard","has-post-thumbnail","hentry","category-video"],"yoast_head":"<!-- This site is optimized with the Yoast SEO Premium plugin v24.2 (Yoast SEO v26.9) - https:\/\/yoast.com\/product\/yoast-seo-premium-wordpress\/ -->\n<title>V\u00eddeo: influenciador do Gr\u00eamio fica doido, d\u00e1 chilique ao vivo e acaba viralizando<\/title>\n<meta name=\"robots\" content=\"index, follow, max-snippet:-1, max-image-preview:large, max-video-preview:-1\" \/>\n<link rel=\"canonical\" href=\"https:\/\/www.gaveanews.com\/index.php\/2023\/07\/27\/video-influenciador-do-gremio-fica-doido-da-chilique-ao-vivo-e-acaba-viralizando\/\" \/>\n<meta property=\"og:locale\" content=\"pt_BR\" \/>\n<meta property=\"og:type\" content=\"article\" \/>\n<meta property=\"og:title\" content=\"V\u00eddeo: influenciador do Gr\u00eamio fica doido, d\u00e1 chilique ao vivo e acaba viralizando\" \/>\n<meta property=\"og:description\" content=\"A derrota do Gr\u00eamio para o Flamengo por 2 a 0, em partida v\u00e1lida pela semifinal da Copa do Brasil, nesta quarta-feira (26), n\u00e3o agradou o influenciador Farid Germano. Inconformado, o gremista fez cobran\u00e7as \u00e0 diretoria do clube. \u201cEu quero ver o vice de futebol (Ant\u00f4nio Brum) falar hoje. Ou o Gr\u00eamio n\u00e3o tem vice [&hellip;]\" \/>\n<meta property=\"og:url\" content=\"https:\/\/www.gaveanews.com\/index.php\/2023\/07\/27\/video-influenciador-do-gremio-fica-doido-da-chilique-ao-vivo-e-acaba-viralizando\/\" \/>\n<meta property=\"og:site_name\" content=\"G\u00e1vea News\" \/>\n<meta property=\"article:publisher\" content=\"https:\/\/facebook.com\/gaveaNews\/\" \/>\n<meta property=\"article:published_time\" content=\"2023-07-27T09:37:25+00:00\" \/>\n<meta property=\"article:modified_time\" content=\"2023-07-27T09:37:28+00:00\" \/>\n<meta property=\"og:image\" content=\"https:\/\/www.gaveanews.com\/wp-content\/uploads\/taca-copa-do-brasil.webp\" \/>\n\t<meta property=\"og:image:width\" content=\"800\" \/>\n\t<meta property=\"og:image:height\" content=\"533\" \/>\n\t<meta property=\"og:image:type\" content=\"image\/jpeg\" \/>\n<meta name=\"author\" content=\"Equipe G\u00e1vea News\" \/>\n<meta name=\"twitter:card\" content=\"summary_large_image\" \/>\n<meta name=\"twitter:label1\" content=\"Escrito por\" \/>\n\t<meta name=\"twitter:data1\" content=\"Equipe G\u00e1vea News\" \/>\n\t<meta name=\"twitter:label2\" content=\"Est. tempo de leitura\" \/>\n\t<meta name=\"twitter:data2\" content=\"2 minutos\" \/>\n<script type=\"application\/ld+json\" class=\"yoast-schema-graph\">{\"@context\":\"https:\/\/schema.org\",\"@graph\":[{\"@type\":\"NewsArticle\",\"@id\":\"https:\/\/www.gaveanews.com\/index.php\/2023\/07\/27\/video-influenciador-do-gremio-fica-doido-da-chilique-ao-vivo-e-acaba-viralizando\/#article\",\"isPartOf\":{\"@id\":\"https:\/\/www.gaveanews.com\/index.php\/2023\/07\/27\/video-influenciador-do-gremio-fica-doido-da-chilique-ao-vivo-e-acaba-viralizando\/\"},\"author\":{\"name\":\"Equipe G\u00e1vea News\",\"@id\":\"https:\/\/www.gaveanews.com\/#\/schema\/person\/2ec14f73fb96be2caf28f91afb14749d\"},\"headline\":\"V\u00eddeo: influenciador do Gr\u00eamio fica doido, d\u00e1 chilique ao vivo e acaba viralizando\",\"datePublished\":\"2023-07-27T09:37:25+00:00\",\"dateModified\":\"2023-07-27T09:37:28+00:00\",\"mainEntityOfPage\":{\"@id\":\"https:\/\/www.gaveanews.com\/index.php\/2023\/07\/27\/video-influenciador-do-gremio-fica-doido-da-chilique-ao-vivo-e-acaba-viralizando\/\"},\"wordCount\":291,\"commentCount\":0,\"image\":{\"@id\":\"https:\/\/www.gaveanews.com\/index.php\/2023\/07\/27\/video-influenciador-do-gremio-fica-doido-da-chilique-ao-vivo-e-acaba-viralizando\/#primaryimage\"},\"thumbnailUrl\":\"https:\/\/www.gaveanews.com\/wp-content\/uploads\/taca-copa-do-brasil.webp\",\"articleSection\":[\"V\u00eddeos\"],\"inLanguage\":\"pt-BR\",\"potentialAction\":[{\"@type\":\"CommentAction\",\"name\":\"Comment\",\"target\":[\"https:\/\/www.gaveanews.com\/index.php\/2023\/07\/27\/video-influenciador-do-gremio-fica-doido-da-chilique-ao-vivo-e-acaba-viralizando\/#respond\"]}],\"copyrightYear\":\"2023\",\"copyrightHolder\":{\"@id\":\"https:\/\/www.gaveanews.com\/#organization\"}},{\"@type\":\"WebPage\",\"@id\":\"https:\/\/www.gaveanews.com\/index.php\/2023\/07\/27\/video-influenciador-do-gremio-fica-doido-da-chilique-ao-vivo-e-acaba-viralizando\/\",\"url\":\"https:\/\/www.gaveanews.com\/index.php\/2023\/07\/27\/video-influenciador-do-gremio-fica-doido-da-chilique-ao-vivo-e-acaba-viralizando\/\",\"name\":\"V\u00eddeo: influenciador do Gr\u00eamio fica doido, d\u00e1 chilique ao vivo e acaba viralizando\",\"isPartOf\":{\"@id\":\"https:\/\/www.gaveanews.com\/#website\"},\"primaryImageOfPage\":{\"@id\":\"https:\/\/www.gaveanews.com\/index.php\/2023\/07\/27\/video-influenciador-do-gremio-fica-doido-da-chilique-ao-vivo-e-acaba-viralizando\/#primaryimage\"},\"image\":{\"@id\":\"https:\/\/www.gaveanews.com\/index.php\/2023\/07\/27\/video-influenciador-do-gremio-fica-doido-da-chilique-ao-vivo-e-acaba-viralizando\/#primaryimage\"},\"thumbnailUrl\":\"https:\/\/www.gaveanews.com\/wp-content\/uploads\/taca-copa-do-brasil.webp\",\"datePublished\":\"2023-07-27T09:37:25+00:00\",\"dateModified\":\"2023-07-27T09:37:28+00:00\",\"author\":{\"@id\":\"https:\/\/www.gaveanews.com\/#\/schema\/person\/2ec14f73fb96be2caf28f91afb14749d\"},\"breadcrumb\":{\"@id\":\"https:\/\/www.gaveanews.com\/index.php\/2023\/07\/27\/video-influenciador-do-gremio-fica-doido-da-chilique-ao-vivo-e-acaba-viralizando\/#breadcrumb\"},\"inLanguage\":\"pt-BR\",\"potentialAction\":[{\"@type\":\"ReadAction\",\"target\":[\"https:\/\/www.gaveanews.com\/index.php\/2023\/07\/27\/video-influenciador-do-gremio-fica-doido-da-chilique-ao-vivo-e-acaba-viralizando\/\"]}]},{\"@type\":\"ImageObject\",\"inLanguage\":\"pt-BR\",\"@id\":\"https:\/\/www.gaveanews.com\/index.php\/2023\/07\/27\/video-influenciador-do-gremio-fica-doido-da-chilique-ao-vivo-e-acaba-viralizando\/#primaryimage\",\"url\":\"https:\/\/www.gaveanews.com\/wp-content\/uploads\/taca-copa-do-brasil.webp\",\"contentUrl\":\"https:\/\/www.gaveanews.com\/wp-content\/uploads\/taca-copa-do-brasil.webp\",\"width\":800,\"height\":533,\"caption\":\"Ta\u00e7a da Copa do Brasil (Foto: Marcelo Cortes\/Flamengo)\"},{\"@type\":\"BreadcrumbList\",\"@id\":\"https:\/\/www.gaveanews.com\/index.php\/2023\/07\/27\/video-influenciador-do-gremio-fica-doido-da-chilique-ao-vivo-e-acaba-viralizando\/#breadcrumb\",\"itemListElement\":[{\"@type\":\"ListItem\",\"position\":1,\"name\":\"Home\",\"item\":\"https:\/\/www.gaveanews.com\/\"},{\"@type\":\"ListItem\",\"position\":2,\"name\":\"V\u00eddeo: influenciador do Gr\u00eamio fica doido, d\u00e1 chilique ao vivo e acaba viralizando\"}]},{\"@type\":\"WebSite\",\"@id\":\"https:\/\/www.gaveanews.com\/#website\",\"url\":\"https:\/\/www.gaveanews.com\/\",\"name\":\"G\u00e1vea News\",\"description\":\"Veja todas as not\u00edcias sobre o Flamengo: Contrata\u00e7\u00f5es, categorias de base, resultados das partidas, tabela de classifica\u00e7\u00e3o, pr\u00f3ximos jogos!\",\"potentialAction\":[{\"@type\":\"SearchAction\",\"target\":{\"@type\":\"EntryPoint\",\"urlTemplate\":\"https:\/\/www.gaveanews.com\/?s={search_term_string}\"},\"query-input\":{\"@type\":\"PropertyValueSpecification\",\"valueRequired\":true,\"valueName\":\"search_term_string\"}}],\"inLanguage\":\"pt-BR\"},{\"@type\":\"Person\",\"@id\":\"https:\/\/www.gaveanews.com\/#\/schema\/person\/2ec14f73fb96be2caf28f91afb14749d\",\"name\":\"Equipe G\u00e1vea News\",\"image\":{\"@type\":\"ImageObject\",\"inLanguage\":\"pt-BR\",\"@id\":\"https:\/\/www.gaveanews.com\/#\/schema\/person\/image\/\",\"url\":\"https:\/\/secure.gravatar.com\/avatar\/1e1956f1facbffd3f8fa53a326721950116b3b9dc9bd44939c01180fd4a745a9?s=96&d=mm&r=g\",\"contentUrl\":\"https:\/\/secure.gravatar.com\/avatar\/1e1956f1facbffd3f8fa53a326721950116b3b9dc9bd44939c01180fd4a745a9?s=96&d=mm&r=g\",\"caption\":\"Equipe G\u00e1vea News\"}}]}<\/script>\n<!-- \/ Yoast SEO Premium plugin. -->","yoast_head_json":{"title":"V\u00eddeo: influenciador do Gr\u00eamio fica doido, d\u00e1 chilique ao vivo e acaba viralizando","robots":{"index":"index","follow":"follow","max-snippet":"max-snippet:-1","max-image-preview":"max-image-preview:large","max-video-preview":"max-video-preview:-1"},"canonical":"https:\/\/www.gaveanews.com\/index.php\/2023\/07\/27\/video-influenciador-do-gremio-fica-doido-da-chilique-ao-vivo-e-acaba-viralizando\/","og_locale":"pt_BR","og_type":"article","og_title":"V\u00eddeo: influenciador do Gr\u00eamio fica doido, d\u00e1 chilique ao vivo e acaba viralizando","og_description":"A derrota do Gr\u00eamio para o Flamengo por 2 a 0, em partida v\u00e1lida pela semifinal da Copa do Brasil, nesta quarta-feira (26), n\u00e3o agradou o influenciador Farid Germano. Inconformado, o gremista fez cobran\u00e7as \u00e0 diretoria do clube. \u201cEu quero ver o vice de futebol (Ant\u00f4nio Brum) falar hoje. Ou o Gr\u00eamio n\u00e3o tem vice [&hellip;]","og_url":"https:\/\/www.gaveanews.com\/index.php\/2023\/07\/27\/video-influenciador-do-gremio-fica-doido-da-chilique-ao-vivo-e-acaba-viralizando\/","og_site_name":"G\u00e1vea News","article_publisher":"https:\/\/facebook.com\/gaveaNews\/","article_published_time":"2023-07-27T09:37:25+00:00","article_modified_time":"2023-07-27T09:37:28+00:00","og_image":[{"width":800,"height":533,"url":"https:\/\/www.gaveanews.com\/wp-content\/uploads\/taca-copa-do-brasil.webp","type":"image\/jpeg"}],"author":"Equipe G\u00e1vea News","twitter_card":"summary_large_image","twitter_misc":{"Escrito por":"Equipe G\u00e1vea News","Est. tempo de leitura":"2 minutos"},"schema":{"@context":"https:\/\/schema.org","@graph":[{"@type":"NewsArticle","@id":"https:\/\/www.gaveanews.com\/index.php\/2023\/07\/27\/video-influenciador-do-gremio-fica-doido-da-chilique-ao-vivo-e-acaba-viralizando\/#article","isPartOf":{"@id":"https:\/\/www.gaveanews.com\/index.php\/2023\/07\/27\/video-influenciador-do-gremio-fica-doido-da-chilique-ao-vivo-e-acaba-viralizando\/"},"author":{"name":"Equipe G\u00e1vea News","@id":"https:\/\/www.gaveanews.com\/#\/schema\/person\/2ec14f73fb96be2caf28f91afb14749d"},"headline":"V\u00eddeo: influenciador do Gr\u00eamio fica doido, d\u00e1 chilique ao vivo e acaba viralizando","datePublished":"2023-07-27T09:37:25+00:00","dateModified":"2023-07-27T09:37:28+00:00","mainEntityOfPage":{"@id":"https:\/\/www.gaveanews.com\/index.php\/2023\/07\/27\/video-influenciador-do-gremio-fica-doido-da-chilique-ao-vivo-e-acaba-viralizando\/"},"wordCount":291,"commentCount":0,"image":{"@id":"https:\/\/www.gaveanews.com\/index.php\/2023\/07\/27\/video-influenciador-do-gremio-fica-doido-da-chilique-ao-vivo-e-acaba-viralizando\/#primaryimage"},"thumbnailUrl":"https:\/\/www.gaveanews.com\/wp-content\/uploads\/taca-copa-do-brasil.webp","articleSection":["V\u00eddeos"],"inLanguage":"pt-BR","potentialAction":[{"@type":"CommentAction","name":"Comment","target":["https:\/\/www.gaveanews.com\/index.php\/2023\/07\/27\/video-influenciador-do-gremio-fica-doido-da-chilique-ao-vivo-e-acaba-viralizando\/#respond"]}],"copyrightYear":"2023","copyrightHolder":{"@id":"https:\/\/www.gaveanews.com\/#organization"}},{"@type":"WebPage","@id":"https:\/\/www.gaveanews.com\/index.php\/2023\/07\/27\/video-influenciador-do-gremio-fica-doido-da-chilique-ao-vivo-e-acaba-viralizando\/","url":"https:\/\/www.gaveanews.com\/index.php\/2023\/07\/27\/video-influenciador-do-gremio-fica-doido-da-chilique-ao-vivo-e-acaba-viralizando\/","name":"V\u00eddeo: influenciador do Gr\u00eamio fica doido, d\u00e1 chilique ao vivo e acaba viralizando","isPartOf":{"@id":"https:\/\/www.gaveanews.com\/#website"},"primaryImageOfPage":{"@id":"https:\/\/www.gaveanews.com\/index.php\/2023\/07\/27\/video-influenciador-do-gremio-fica-doido-da-chilique-ao-vivo-e-acaba-viralizando\/#primaryimage"},"image":{"@id":"https:\/\/www.gaveanews.com\/index.php\/2023\/07\/27\/video-influenciador-do-gremio-fica-doido-da-chilique-ao-vivo-e-acaba-viralizando\/#primaryimage"},"thumbnailUrl":"https:\/\/www.gaveanews.com\/wp-content\/uploads\/taca-copa-do-brasil.webp","datePublished":"2023-07-27T09:37:25+00:00","dateModified":"2023-07-27T09:37:28+00:00","author":{"@id":"https:\/\/www.gaveanews.com\/#\/schema\/person\/2ec14f73fb96be2caf28f91afb14749d"},"breadcrumb":{"@id":"https:\/\/www.gaveanews.com\/index.php\/2023\/07\/27\/video-influenciador-do-gremio-fica-doido-da-chilique-ao-vivo-e-acaba-viralizando\/#breadcrumb"},"inLanguage":"pt-BR","potentialAction":[{"@type":"ReadAction","target":["https:\/\/www.gaveanews.com\/index.php\/2023\/07\/27\/video-influenciador-do-gremio-fica-doido-da-chilique-ao-vivo-e-acaba-viralizando\/"]}]},{"@type":"ImageObject","inLanguage":"pt-BR","@id":"https:\/\/www.gaveanews.com\/index.php\/2023\/07\/27\/video-influenciador-do-gremio-fica-doido-da-chilique-ao-vivo-e-acaba-viralizando\/#primaryimage","url":"https:\/\/www.gaveanews.com\/wp-content\/uploads\/taca-copa-do-brasil.webp","contentUrl":"https:\/\/www.gaveanews.com\/wp-content\/uploads\/taca-copa-do-brasil.webp","width":800,"height":533,"caption":"Ta\u00e7a da Copa do Brasil (Foto: Marcelo Cortes\/Flamengo)"},{"@type":"BreadcrumbList","@id":"https:\/\/www.gaveanews.com\/index.php\/2023\/07\/27\/video-influenciador-do-gremio-fica-doido-da-chilique-ao-vivo-e-acaba-viralizando\/#breadcrumb","itemListElement":[{"@type":"ListItem","position":1,"name":"Home","item":"https:\/\/www.gaveanews.com\/"},{"@type":"ListItem","position":2,"name":"V\u00eddeo: influenciador do Gr\u00eamio fica doido, d\u00e1 chilique ao vivo e acaba viralizando"}]},{"@type":"WebSite","@id":"https:\/\/www.gaveanews.com\/#website","url":"https:\/\/www.gaveanews.com\/","name":"G\u00e1vea News","description":"Veja todas as not\u00edcias sobre o Flamengo: Contrata\u00e7\u00f5es, categorias de base, resultados das partidas, tabela de classifica\u00e7\u00e3o, pr\u00f3ximos jogos!","potentialAction":[{"@type":"SearchAction","target":{"@type":"EntryPoint","urlTemplate":"https:\/\/www.gaveanews.com\/?s={search_term_string}"},"query-input":{"@type":"PropertyValueSpecification","valueRequired":true,"valueName":"search_term_string"}}],"inLanguage":"pt-BR"},{"@type":"Person","@id":"https:\/\/www.gaveanews.com\/#\/schema\/person\/2ec14f73fb96be2caf28f91afb14749d","name":"Equipe G\u00e1vea News","image":{"@type":"ImageObject","inLanguage":"pt-BR","@id":"https:\/\/www.gaveanews.com\/#\/schema\/person\/image\/","url":"https:\/\/secure.gravatar.com\/avatar\/1e1956f1facbffd3f8fa53a326721950116b3b9dc9bd44939c01180fd4a745a9?s=96&d=mm&r=g","contentUrl":"https:\/\/secure.gravatar.com\/avatar\/1e1956f1facbffd3f8fa53a326721950116b3b9dc9bd44939c01180fd4a745a9?s=96&d=mm&r=g","caption":"Equipe G\u00e1vea News"}}]}},"_links":{"self":[{"href":"https:\/\/www.gaveanews.com\/index.php\/wp-json\/wp\/v2\/posts\/103428","targetHints":{"allow":["GET"]}}],"collection":[{"href":"https:\/\/www.gaveanews.com\/index.php\/wp-json\/wp\/v2\/posts"}],"about":[{"href":"https:\/\/www.gaveanews.com\/index.php\/wp-json\/wp\/v2\/types\/post"}],"author":[{"embeddable":true,"href":"https:\/\/www.gaveanews.com\/index.php\/wp-json\/wp\/v2\/users\/1"}],"replies":[{"embeddable":true,"href":"https:\/\/www.gaveanews.com\/index.php\/wp-json\/wp\/v2\/comments?post=103428"}],"version-history":[{"count":0,"href":"https:\/\/www.gaveanews.com\/index.php\/wp-json\/wp\/v2\/posts\/103428\/revisions"}],"wp:featuredmedia":[{"embeddable":true,"href":"https:\/\/www.gaveanews.com\/index.php\/wp-json\/wp\/v2\/media\/90823"}],"wp:attachment":[{"href":"https:\/\/www.gaveanews.com\/index.php\/wp-json\/wp\/v2\/media?parent=103428"}],"wp:term":[{"taxonomy":"category","embeddable":true,"href":"https:\/\/www.gaveanews.com\/index.php\/wp-json\/wp\/v2\/categories?post=103428"},{"taxonomy":"post_tag","embeddable":true,"href":"https:\/\/www.gaveanews.com\/index.php\/wp-json\/wp\/v2\/tags?post=103428"}],"curies":[{"name":"wp","href":"https:\/\/api.w.org\/{rel}","templated":true}]}}