{"id":103939,"date":"2023-08-02T18:56:36","date_gmt":"2023-08-02T21:56:36","guid":{"rendered":"https:\/\/www.gaveanews.com\/?p=103939"},"modified":"2023-08-02T18:56:39","modified_gmt":"2023-08-02T21:56:39","slug":"punicao-do-flamengo-a-pedro-e-atalho-para-saida","status":"publish","type":"post","link":"https:\/\/www.gaveanews.com\/index.php\/2023\/08\/02\/punicao-do-flamengo-a-pedro-e-atalho-para-saida\/","title":{"rendered":"Puni\u00e7\u00e3o do Flamengo a Pedro \u00e9 atalho para sa\u00edda?"},"content":{"rendered":"\n<p>A decis\u00e3o do Flamengo em multar Pedro e suspender o atacante do jogo contra o Ol\u00edmpia, pela Libertadores, era um plano da diretoria mesmo ap\u00f3s o caso de agress\u00e3o que o jogador sofreu.<\/p>\n\n\n\n<p>Ap\u00f3s conversas entre o clube, o atleta e seus representantes, ficou decidido que Pedro voltaria aos treinos, mas que seria punido pela falta na segunda-feira e a indisciplina no s\u00e1bado.<\/p>\n\n\n\n<p>Vale lembrar que o jogador foi agredido pelo preparador f\u00edsico Pablo Fern\u00e1ndez ap\u00f3s a partida contra o Atl\u00e9tico-MG, pelo Brasileiro, o que desencadeou uma crise sem precedentes entre Pedro e a comiss\u00e3o.<\/p>\n\n\n\n<p>Todo o roteiro at\u00e9 aqui indica a possibilidade de sa\u00edda do centroavante. Mas a condu\u00e7\u00e3o do caso por parte do Flamengo n\u00e3o tem esse intuito. Pelo contr\u00e1rio.<\/p>\n\n\n\n<h2 class=\"wp-block-heading\">P\u00e1gina virada?<\/h2>\n\n\n\n<p>A ideia \u00e9 zerar a crise com a volta do jogador no domingo, contra o Cuiab\u00e1, pelo Brasileiro. Na ocasi\u00e3o, Gabigol estar\u00e1 suspenso, e Pedro tem tudo para iniciar a partida como titular.<\/p>\n\n\n\n<p>A aposta interna no Flamengo \u00e9 que a participa\u00e7\u00e3o do camisa nove vire a p\u00e1gina. Mas a diretoria n\u00e3o quis deixar passar o epis\u00f3dio de indisciplina do jogador, que se recusou a fazer o aquecimento s\u00e1bado.<\/p>\n\n\n\n<p>Com o mesmo crit\u00e9rio adotado em rela\u00e7\u00e3o a outros atletas, Pedro foi multado em 5% do sal\u00e1rio e ficou de fora de uma partida, mas avaliou-se que o preju\u00edzo por sua aus\u00eancia n\u00e3o seria grande.<\/p>\n\n\n\n<h2 class=\"wp-block-heading\" id=\"h-relacao-abalada\">Rela\u00e7\u00e3o abalada<\/h2>\n\n\n\n<p>Por outro lado, o Flamengo sabe que a rela\u00e7\u00e3o com Sampaoli vai precisar de tempo para tentar ser contornada. Pedro e o treinador seguem sem se falar ap\u00f3s o epis\u00f3dio da agress\u00e3o e falta ao treino.<\/p>\n\n\n\n<p>O jogador compareceu ao Ninho do Urubu nesta ter\u00e7a e quarta-feira e n\u00e3o houve conversa, pedido de desculpas, e o entendimento de Pedro \u00e9 que o abuso psicol\u00f3gico persiste por parte do treinador.<\/p>\n\n\n\n<p>O cen\u00e1rio influenciou a conversa amena entre o jogador, seus representantes e o Flamengo. A diretoria liberou os empres\u00e1rios a buscarem propostas. Se chegar algo que agrade a todos, Pedro sair\u00e1.<\/p>\n\n\n\n<p>Retirado de: O Globo<\/p>\n","protected":false},"excerpt":{"rendered":"<p>A decis\u00e3o do Flamengo em multar Pedro e suspender o atacante do jogo contra o Ol\u00edmpia, pela Libertadores, era um plano da diretoria mesmo ap\u00f3s o caso de agress\u00e3o que o jogador sofreu. Ap\u00f3s conversas entre o clube, o atleta e seus representantes, ficou decidido que Pedro voltaria aos treinos, mas que seria punido pela [&hellip;]<\/p>\n","protected":false},"author":1,"featured_media":85139,"comment_status":"open","ping_status":"closed","sticky":false,"template":"","format":"standard","meta":{"footnotes":""},"categories":[1],"tags":[],"class_list":["post-103939","post","type-post","status-publish","format-standard","has-post-thumbnail","hentry","category-flamengo"],"yoast_head":"<!-- This site is optimized with the Yoast SEO Premium plugin v24.2 (Yoast SEO v26.9) - https:\/\/yoast.com\/product\/yoast-seo-premium-wordpress\/ -->\n<title>Puni\u00e7\u00e3o do Flamengo a Pedro \u00e9 atalho para sa\u00edda?<\/title>\n<meta name=\"robots\" content=\"index, follow, max-snippet:-1, max-image-preview:large, max-video-preview:-1\" \/>\n<link rel=\"canonical\" href=\"https:\/\/www.gaveanews.com\/index.php\/2023\/08\/02\/punicao-do-flamengo-a-pedro-e-atalho-para-saida\/\" \/>\n<meta property=\"og:locale\" content=\"pt_BR\" \/>\n<meta property=\"og:type\" content=\"article\" \/>\n<meta property=\"og:title\" content=\"Puni\u00e7\u00e3o do Flamengo a Pedro \u00e9 atalho para sa\u00edda?\" \/>\n<meta property=\"og:description\" content=\"A decis\u00e3o do Flamengo em multar Pedro e suspender o atacante do jogo contra o Ol\u00edmpia, pela Libertadores, era um plano da diretoria mesmo ap\u00f3s o caso de agress\u00e3o que o jogador sofreu. Ap\u00f3s conversas entre o clube, o atleta e seus representantes, ficou decidido que Pedro voltaria aos treinos, mas que seria punido pela [&hellip;]\" \/>\n<meta property=\"og:url\" content=\"https:\/\/www.gaveanews.com\/index.php\/2023\/08\/02\/punicao-do-flamengo-a-pedro-e-atalho-para-saida\/\" \/>\n<meta property=\"og:site_name\" content=\"G\u00e1vea News\" \/>\n<meta property=\"article:publisher\" content=\"https:\/\/facebook.com\/gaveaNews\/\" \/>\n<meta property=\"article:published_time\" content=\"2023-08-02T21:56:36+00:00\" \/>\n<meta property=\"article:modified_time\" content=\"2023-08-02T21:56:39+00:00\" \/>\n<meta property=\"og:image\" content=\"https:\/\/www.gaveanews.com\/wp-content\/uploads\/Pedro-em-acao-pelo-Flamengo-durante-o-jogo-contra-o-Avai-pelo-Campeonato-Brasileiro-de-2022.webp\" \/>\n\t<meta property=\"og:image:width\" content=\"799\" \/>\n\t<meta property=\"og:image:height\" content=\"533\" \/>\n\t<meta property=\"og:image:type\" content=\"image\/jpeg\" \/>\n<meta name=\"author\" content=\"Equipe G\u00e1vea News\" \/>\n<meta name=\"twitter:card\" content=\"summary_large_image\" \/>\n<meta name=\"twitter:label1\" content=\"Escrito por\" \/>\n\t<meta name=\"twitter:data1\" content=\"Equipe G\u00e1vea News\" \/>\n\t<meta name=\"twitter:label2\" content=\"Est. tempo de leitura\" \/>\n\t<meta name=\"twitter:data2\" content=\"2 minutos\" \/>\n<script type=\"application\/ld+json\" class=\"yoast-schema-graph\">{\"@context\":\"https:\/\/schema.org\",\"@graph\":[{\"@type\":\"NewsArticle\",\"@id\":\"https:\/\/www.gaveanews.com\/index.php\/2023\/08\/02\/punicao-do-flamengo-a-pedro-e-atalho-para-saida\/#article\",\"isPartOf\":{\"@id\":\"https:\/\/www.gaveanews.com\/index.php\/2023\/08\/02\/punicao-do-flamengo-a-pedro-e-atalho-para-saida\/\"},\"author\":{\"name\":\"Equipe G\u00e1vea News\",\"@id\":\"https:\/\/www.gaveanews.com\/#\/schema\/person\/2ec14f73fb96be2caf28f91afb14749d\"},\"headline\":\"Puni\u00e7\u00e3o do Flamengo a Pedro \u00e9 atalho para sa\u00edda?\",\"datePublished\":\"2023-08-02T21:56:36+00:00\",\"dateModified\":\"2023-08-02T21:56:39+00:00\",\"mainEntityOfPage\":{\"@id\":\"https:\/\/www.gaveanews.com\/index.php\/2023\/08\/02\/punicao-do-flamengo-a-pedro-e-atalho-para-saida\/\"},\"wordCount\":378,\"commentCount\":0,\"image\":{\"@id\":\"https:\/\/www.gaveanews.com\/index.php\/2023\/08\/02\/punicao-do-flamengo-a-pedro-e-atalho-para-saida\/#primaryimage\"},\"thumbnailUrl\":\"https:\/\/www.gaveanews.com\/wp-content\/uploads\/Pedro-em-acao-pelo-Flamengo-durante-o-jogo-contra-o-Avai-pelo-Campeonato-Brasileiro-de-2022.webp\",\"articleSection\":[\"Flamengo\"],\"inLanguage\":\"pt-BR\",\"potentialAction\":[{\"@type\":\"CommentAction\",\"name\":\"Comment\",\"target\":[\"https:\/\/www.gaveanews.com\/index.php\/2023\/08\/02\/punicao-do-flamengo-a-pedro-e-atalho-para-saida\/#respond\"]}],\"copyrightYear\":\"2023\",\"copyrightHolder\":{\"@id\":\"https:\/\/www.gaveanews.com\/#organization\"}},{\"@type\":\"WebPage\",\"@id\":\"https:\/\/www.gaveanews.com\/index.php\/2023\/08\/02\/punicao-do-flamengo-a-pedro-e-atalho-para-saida\/\",\"url\":\"https:\/\/www.gaveanews.com\/index.php\/2023\/08\/02\/punicao-do-flamengo-a-pedro-e-atalho-para-saida\/\",\"name\":\"Puni\u00e7\u00e3o do Flamengo a Pedro \u00e9 atalho para sa\u00edda?\",\"isPartOf\":{\"@id\":\"https:\/\/www.gaveanews.com\/#website\"},\"primaryImageOfPage\":{\"@id\":\"https:\/\/www.gaveanews.com\/index.php\/2023\/08\/02\/punicao-do-flamengo-a-pedro-e-atalho-para-saida\/#primaryimage\"},\"image\":{\"@id\":\"https:\/\/www.gaveanews.com\/index.php\/2023\/08\/02\/punicao-do-flamengo-a-pedro-e-atalho-para-saida\/#primaryimage\"},\"thumbnailUrl\":\"https:\/\/www.gaveanews.com\/wp-content\/uploads\/Pedro-em-acao-pelo-Flamengo-durante-o-jogo-contra-o-Avai-pelo-Campeonato-Brasileiro-de-2022.webp\",\"datePublished\":\"2023-08-02T21:56:36+00:00\",\"dateModified\":\"2023-08-02T21:56:39+00:00\",\"author\":{\"@id\":\"https:\/\/www.gaveanews.com\/#\/schema\/person\/2ec14f73fb96be2caf28f91afb14749d\"},\"breadcrumb\":{\"@id\":\"https:\/\/www.gaveanews.com\/index.php\/2023\/08\/02\/punicao-do-flamengo-a-pedro-e-atalho-para-saida\/#breadcrumb\"},\"inLanguage\":\"pt-BR\",\"potentialAction\":[{\"@type\":\"ReadAction\",\"target\":[\"https:\/\/www.gaveanews.com\/index.php\/2023\/08\/02\/punicao-do-flamengo-a-pedro-e-atalho-para-saida\/\"]}]},{\"@type\":\"ImageObject\",\"inLanguage\":\"pt-BR\",\"@id\":\"https:\/\/www.gaveanews.com\/index.php\/2023\/08\/02\/punicao-do-flamengo-a-pedro-e-atalho-para-saida\/#primaryimage\",\"url\":\"https:\/\/www.gaveanews.com\/wp-content\/uploads\/Pedro-em-acao-pelo-Flamengo-durante-o-jogo-contra-o-Avai-pelo-Campeonato-Brasileiro-de-2022.webp\",\"contentUrl\":\"https:\/\/www.gaveanews.com\/wp-content\/uploads\/Pedro-em-acao-pelo-Flamengo-durante-o-jogo-contra-o-Avai-pelo-Campeonato-Brasileiro-de-2022.webp\",\"width\":799,\"height\":533,\"caption\":\"Pedro em a\u00e7\u00e3o pelo Flamengo durante o jogo contra o Ava\u00ed pelo Campeonato Brasileiro de 2022 (Foto: Gilvan de Souza\/Flamengo)\"},{\"@type\":\"BreadcrumbList\",\"@id\":\"https:\/\/www.gaveanews.com\/index.php\/2023\/08\/02\/punicao-do-flamengo-a-pedro-e-atalho-para-saida\/#breadcrumb\",\"itemListElement\":[{\"@type\":\"ListItem\",\"position\":1,\"name\":\"Home\",\"item\":\"https:\/\/www.gaveanews.com\/\"},{\"@type\":\"ListItem\",\"position\":2,\"name\":\"Puni\u00e7\u00e3o do Flamengo a Pedro \u00e9 atalho para sa\u00edda?\"}]},{\"@type\":\"WebSite\",\"@id\":\"https:\/\/www.gaveanews.com\/#website\",\"url\":\"https:\/\/www.gaveanews.com\/\",\"name\":\"G\u00e1vea News\",\"description\":\"Veja todas as not\u00edcias sobre o Flamengo: Contrata\u00e7\u00f5es, categorias de base, resultados das partidas, tabela de classifica\u00e7\u00e3o, pr\u00f3ximos jogos!\",\"potentialAction\":[{\"@type\":\"SearchAction\",\"target\":{\"@type\":\"EntryPoint\",\"urlTemplate\":\"https:\/\/www.gaveanews.com\/?s={search_term_string}\"},\"query-input\":{\"@type\":\"PropertyValueSpecification\",\"valueRequired\":true,\"valueName\":\"search_term_string\"}}],\"inLanguage\":\"pt-BR\"},{\"@type\":\"Person\",\"@id\":\"https:\/\/www.gaveanews.com\/#\/schema\/person\/2ec14f73fb96be2caf28f91afb14749d\",\"name\":\"Equipe G\u00e1vea News\",\"image\":{\"@type\":\"ImageObject\",\"inLanguage\":\"pt-BR\",\"@id\":\"https:\/\/www.gaveanews.com\/#\/schema\/person\/image\/\",\"url\":\"https:\/\/secure.gravatar.com\/avatar\/1e1956f1facbffd3f8fa53a326721950116b3b9dc9bd44939c01180fd4a745a9?s=96&d=mm&r=g\",\"contentUrl\":\"https:\/\/secure.gravatar.com\/avatar\/1e1956f1facbffd3f8fa53a326721950116b3b9dc9bd44939c01180fd4a745a9?s=96&d=mm&r=g\",\"caption\":\"Equipe G\u00e1vea News\"}}]}<\/script>\n<!-- \/ Yoast SEO Premium plugin. -->","yoast_head_json":{"title":"Puni\u00e7\u00e3o do Flamengo a Pedro \u00e9 atalho para sa\u00edda?","robots":{"index":"index","follow":"follow","max-snippet":"max-snippet:-1","max-image-preview":"max-image-preview:large","max-video-preview":"max-video-preview:-1"},"canonical":"https:\/\/www.gaveanews.com\/index.php\/2023\/08\/02\/punicao-do-flamengo-a-pedro-e-atalho-para-saida\/","og_locale":"pt_BR","og_type":"article","og_title":"Puni\u00e7\u00e3o do Flamengo a Pedro \u00e9 atalho para sa\u00edda?","og_description":"A decis\u00e3o do Flamengo em multar Pedro e suspender o atacante do jogo contra o Ol\u00edmpia, pela Libertadores, era um plano da diretoria mesmo ap\u00f3s o caso de agress\u00e3o que o jogador sofreu. Ap\u00f3s conversas entre o clube, o atleta e seus representantes, ficou decidido que Pedro voltaria aos treinos, mas que seria punido pela [&hellip;]","og_url":"https:\/\/www.gaveanews.com\/index.php\/2023\/08\/02\/punicao-do-flamengo-a-pedro-e-atalho-para-saida\/","og_site_name":"G\u00e1vea News","article_publisher":"https:\/\/facebook.com\/gaveaNews\/","article_published_time":"2023-08-02T21:56:36+00:00","article_modified_time":"2023-08-02T21:56:39+00:00","og_image":[{"width":799,"height":533,"url":"https:\/\/www.gaveanews.com\/wp-content\/uploads\/Pedro-em-acao-pelo-Flamengo-durante-o-jogo-contra-o-Avai-pelo-Campeonato-Brasileiro-de-2022.webp","type":"image\/jpeg"}],"author":"Equipe G\u00e1vea News","twitter_card":"summary_large_image","twitter_misc":{"Escrito por":"Equipe G\u00e1vea News","Est. tempo de leitura":"2 minutos"},"schema":{"@context":"https:\/\/schema.org","@graph":[{"@type":"NewsArticle","@id":"https:\/\/www.gaveanews.com\/index.php\/2023\/08\/02\/punicao-do-flamengo-a-pedro-e-atalho-para-saida\/#article","isPartOf":{"@id":"https:\/\/www.gaveanews.com\/index.php\/2023\/08\/02\/punicao-do-flamengo-a-pedro-e-atalho-para-saida\/"},"author":{"name":"Equipe G\u00e1vea News","@id":"https:\/\/www.gaveanews.com\/#\/schema\/person\/2ec14f73fb96be2caf28f91afb14749d"},"headline":"Puni\u00e7\u00e3o do Flamengo a Pedro \u00e9 atalho para sa\u00edda?","datePublished":"2023-08-02T21:56:36+00:00","dateModified":"2023-08-02T21:56:39+00:00","mainEntityOfPage":{"@id":"https:\/\/www.gaveanews.com\/index.php\/2023\/08\/02\/punicao-do-flamengo-a-pedro-e-atalho-para-saida\/"},"wordCount":378,"commentCount":0,"image":{"@id":"https:\/\/www.gaveanews.com\/index.php\/2023\/08\/02\/punicao-do-flamengo-a-pedro-e-atalho-para-saida\/#primaryimage"},"thumbnailUrl":"https:\/\/www.gaveanews.com\/wp-content\/uploads\/Pedro-em-acao-pelo-Flamengo-durante-o-jogo-contra-o-Avai-pelo-Campeonato-Brasileiro-de-2022.webp","articleSection":["Flamengo"],"inLanguage":"pt-BR","potentialAction":[{"@type":"CommentAction","name":"Comment","target":["https:\/\/www.gaveanews.com\/index.php\/2023\/08\/02\/punicao-do-flamengo-a-pedro-e-atalho-para-saida\/#respond"]}],"copyrightYear":"2023","copyrightHolder":{"@id":"https:\/\/www.gaveanews.com\/#organization"}},{"@type":"WebPage","@id":"https:\/\/www.gaveanews.com\/index.php\/2023\/08\/02\/punicao-do-flamengo-a-pedro-e-atalho-para-saida\/","url":"https:\/\/www.gaveanews.com\/index.php\/2023\/08\/02\/punicao-do-flamengo-a-pedro-e-atalho-para-saida\/","name":"Puni\u00e7\u00e3o do Flamengo a Pedro \u00e9 atalho para sa\u00edda?","isPartOf":{"@id":"https:\/\/www.gaveanews.com\/#website"},"primaryImageOfPage":{"@id":"https:\/\/www.gaveanews.com\/index.php\/2023\/08\/02\/punicao-do-flamengo-a-pedro-e-atalho-para-saida\/#primaryimage"},"image":{"@id":"https:\/\/www.gaveanews.com\/index.php\/2023\/08\/02\/punicao-do-flamengo-a-pedro-e-atalho-para-saida\/#primaryimage"},"thumbnailUrl":"https:\/\/www.gaveanews.com\/wp-content\/uploads\/Pedro-em-acao-pelo-Flamengo-durante-o-jogo-contra-o-Avai-pelo-Campeonato-Brasileiro-de-2022.webp","datePublished":"2023-08-02T21:56:36+00:00","dateModified":"2023-08-02T21:56:39+00:00","author":{"@id":"https:\/\/www.gaveanews.com\/#\/schema\/person\/2ec14f73fb96be2caf28f91afb14749d"},"breadcrumb":{"@id":"https:\/\/www.gaveanews.com\/index.php\/2023\/08\/02\/punicao-do-flamengo-a-pedro-e-atalho-para-saida\/#breadcrumb"},"inLanguage":"pt-BR","potentialAction":[{"@type":"ReadAction","target":["https:\/\/www.gaveanews.com\/index.php\/2023\/08\/02\/punicao-do-flamengo-a-pedro-e-atalho-para-saida\/"]}]},{"@type":"ImageObject","inLanguage":"pt-BR","@id":"https:\/\/www.gaveanews.com\/index.php\/2023\/08\/02\/punicao-do-flamengo-a-pedro-e-atalho-para-saida\/#primaryimage","url":"https:\/\/www.gaveanews.com\/wp-content\/uploads\/Pedro-em-acao-pelo-Flamengo-durante-o-jogo-contra-o-Avai-pelo-Campeonato-Brasileiro-de-2022.webp","contentUrl":"https:\/\/www.gaveanews.com\/wp-content\/uploads\/Pedro-em-acao-pelo-Flamengo-durante-o-jogo-contra-o-Avai-pelo-Campeonato-Brasileiro-de-2022.webp","width":799,"height":533,"caption":"Pedro em a\u00e7\u00e3o pelo Flamengo durante o jogo contra o Ava\u00ed pelo Campeonato Brasileiro de 2022 (Foto: Gilvan de Souza\/Flamengo)"},{"@type":"BreadcrumbList","@id":"https:\/\/www.gaveanews.com\/index.php\/2023\/08\/02\/punicao-do-flamengo-a-pedro-e-atalho-para-saida\/#breadcrumb","itemListElement":[{"@type":"ListItem","position":1,"name":"Home","item":"https:\/\/www.gaveanews.com\/"},{"@type":"ListItem","position":2,"name":"Puni\u00e7\u00e3o do Flamengo a Pedro \u00e9 atalho para sa\u00edda?"}]},{"@type":"WebSite","@id":"https:\/\/www.gaveanews.com\/#website","url":"https:\/\/www.gaveanews.com\/","name":"G\u00e1vea News","description":"Veja todas as not\u00edcias sobre o Flamengo: Contrata\u00e7\u00f5es, categorias de base, resultados das partidas, tabela de classifica\u00e7\u00e3o, pr\u00f3ximos jogos!","potentialAction":[{"@type":"SearchAction","target":{"@type":"EntryPoint","urlTemplate":"https:\/\/www.gaveanews.com\/?s={search_term_string}"},"query-input":{"@type":"PropertyValueSpecification","valueRequired":true,"valueName":"search_term_string"}}],"inLanguage":"pt-BR"},{"@type":"Person","@id":"https:\/\/www.gaveanews.com\/#\/schema\/person\/2ec14f73fb96be2caf28f91afb14749d","name":"Equipe G\u00e1vea News","image":{"@type":"ImageObject","inLanguage":"pt-BR","@id":"https:\/\/www.gaveanews.com\/#\/schema\/person\/image\/","url":"https:\/\/secure.gravatar.com\/avatar\/1e1956f1facbffd3f8fa53a326721950116b3b9dc9bd44939c01180fd4a745a9?s=96&d=mm&r=g","contentUrl":"https:\/\/secure.gravatar.com\/avatar\/1e1956f1facbffd3f8fa53a326721950116b3b9dc9bd44939c01180fd4a745a9?s=96&d=mm&r=g","caption":"Equipe G\u00e1vea News"}}]}},"_links":{"self":[{"href":"https:\/\/www.gaveanews.com\/index.php\/wp-json\/wp\/v2\/posts\/103939","targetHints":{"allow":["GET"]}}],"collection":[{"href":"https:\/\/www.gaveanews.com\/index.php\/wp-json\/wp\/v2\/posts"}],"about":[{"href":"https:\/\/www.gaveanews.com\/index.php\/wp-json\/wp\/v2\/types\/post"}],"author":[{"embeddable":true,"href":"https:\/\/www.gaveanews.com\/index.php\/wp-json\/wp\/v2\/users\/1"}],"replies":[{"embeddable":true,"href":"https:\/\/www.gaveanews.com\/index.php\/wp-json\/wp\/v2\/comments?post=103939"}],"version-history":[{"count":0,"href":"https:\/\/www.gaveanews.com\/index.php\/wp-json\/wp\/v2\/posts\/103939\/revisions"}],"wp:featuredmedia":[{"embeddable":true,"href":"https:\/\/www.gaveanews.com\/index.php\/wp-json\/wp\/v2\/media\/85139"}],"wp:attachment":[{"href":"https:\/\/www.gaveanews.com\/index.php\/wp-json\/wp\/v2\/media?parent=103939"}],"wp:term":[{"taxonomy":"category","embeddable":true,"href":"https:\/\/www.gaveanews.com\/index.php\/wp-json\/wp\/v2\/categories?post=103939"},{"taxonomy":"post_tag","embeddable":true,"href":"https:\/\/www.gaveanews.com\/index.php\/wp-json\/wp\/v2\/tags?post=103939"}],"curies":[{"name":"wp","href":"https:\/\/api.w.org\/{rel}","templated":true}]}}