{"id":104080,"date":"2023-08-04T14:12:56","date_gmt":"2023-08-04T17:12:56","guid":{"rendered":"https:\/\/www.gaveanews.com\/?p=104080"},"modified":"2023-08-04T14:12:58","modified_gmt":"2023-08-04T17:12:58","slug":"luto-comentarista-esportivo-sofre-parada-cardiaca-e-morre","status":"publish","type":"post","link":"https:\/\/www.gaveanews.com\/index.php\/2023\/08\/04\/luto-comentarista-esportivo-sofre-parada-cardiaca-e-morre\/","title":{"rendered":"Luto! Comentarista esportivo sofre parada card\u00edaca e morre\u00a0"},"content":{"rendered":"\n<p>Luto no jornalismo esportivo. O comentarista Miguel Livramento morreu aos 81 anos, na noite da \u00faltima quarta-feira, em Florian\u00f3polis. O veterano, que tinha mais de cinco d\u00e9cadas de carreira, n\u00e3o resistiu ap\u00f3s sofrer uma parada cardiorrespirat\u00f3ria.<\/p>\n\n\n\n<p>Miguel Livramento era figura hist\u00f3rica no jornalismo de Santa Catarina, tendo sido narrador na r\u00e1dio e na Televis\u00e3o. Torcedor do Ava\u00ed, o jornalista se manteve ativo at\u00e9 os \u00faltimos dias de vida. Na \u00faltima ter\u00e7a, ele participou participou de uma transmiss\u00e3o de um canal do YouTube dedicado ao clube de Florian\u00f3polis.<\/p>\n\n\n\n<figure class=\"wp-block-embed is-type-rich is-provider-twitter wp-block-embed-twitter\"><div class=\"wp-block-embed__wrapper\">\n<blockquote class=\"twitter-tweet\" data-width=\"550\" data-dnt=\"true\"><p lang=\"pt\" dir=\"ltr\">Morreu hoje (2) Miguel Aroldo Livramento, o Miguel Livramento, Miguelzinho. Nascido em Bigua\u00e7u, em 8 de maio de 1942, faleceu aos 81 anos e deixou \u00f3rf\u00e3os milhares de ouvintes e telespectadores do futebol catarinense. (+) <a href=\"https:\/\/t.co\/3pmTIWHqOO\">pic.twitter.com\/3pmTIWHqOO<\/a><\/p>&mdash; Ava\u00ed Futebol Clube (@AvaiFC) <a href=\"https:\/\/twitter.com\/AvaiFC\/status\/1686912395170439168?ref_src=twsrc%5Etfw\">August 3, 2023<\/a><\/blockquote><script async src=\"https:\/\/platform.twitter.com\/widgets.js\" charset=\"utf-8\"><\/script>\n<\/div><\/figure>\n\n\n\n<p><strong>Principais clubes da capital catarinense, o Ava\u00ed e o Figueirense se manifestaram nas redes sociais:<\/strong><\/p>\n\n\n\n<p>&#8220;O Ava\u00ed Futebol Clube lamenta profundamente a morte deste \u00edcone avaiano. Deixa saudade, mas deixa uma obra que ningu\u00e9m esquece. E quem esquecer \u201cvolta a p\u00e9 pela estrada velha&#8221;.<\/p>\n\n\n\n<p>&#8220;O Figueirense lamenta o falecimento de Miguel Livramento, aos 81 anos, ocorrido nesta quarta-feira (02), em Florian\u00f3polis (SC). \u00cdcone do jornalismo esportivo de Santa Catarina, e em especial do R\u00e1dio e TV de Florian\u00f3polis, tendo passagens marcantes por diferentes emissoras, Miguel Aroldo Livramento, ou \u201cMiguelzinho\u201d como muitos o conheciam, marcou o seu nome na hist\u00f3ria do esporte catarinense, sendo reconhecido por seu carisma, por suas pol\u00eamicas e irrever\u00eancia. Miguel Livramento deixa um legado de amor e dedica\u00e7\u00e3o ao futebol de SC. O Figueirense Futebol Clube se solidariza com os familiares e amigos, neste momento de dor e consterna\u00e7\u00e3o&#8221;.<\/p>\n\n\n\n<p>Retirado de: O Dia<\/p>\n","protected":false},"excerpt":{"rendered":"<p>Luto no jornalismo esportivo. O comentarista Miguel Livramento morreu aos 81 anos, na noite da \u00faltima quarta-feira, em Florian\u00f3polis. O veterano, que tinha mais de cinco d\u00e9cadas de carreira, n\u00e3o resistiu ap\u00f3s sofrer uma parada cardiorrespirat\u00f3ria. Miguel Livramento era figura hist\u00f3rica no jornalismo de Santa Catarina, tendo sido narrador na r\u00e1dio e na Televis\u00e3o. Torcedor [&hellip;]<\/p>\n","protected":false},"author":1,"featured_media":31951,"comment_status":"open","ping_status":"closed","sticky":false,"template":"","format":"standard","meta":{"footnotes":""},"categories":[1],"tags":[],"class_list":["post-104080","post","type-post","status-publish","format-standard","has-post-thumbnail","hentry","category-flamengo"],"yoast_head":"<!-- This site is optimized with the Yoast SEO Premium plugin v24.2 (Yoast SEO v26.9) - https:\/\/yoast.com\/product\/yoast-seo-premium-wordpress\/ -->\n<title>Luto! Comentarista esportivo sofre parada card\u00edaca e morre\u00a0<\/title>\n<meta name=\"robots\" content=\"index, follow, max-snippet:-1, max-image-preview:large, max-video-preview:-1\" \/>\n<link rel=\"canonical\" href=\"https:\/\/www.gaveanews.com\/index.php\/2023\/08\/04\/luto-comentarista-esportivo-sofre-parada-cardiaca-e-morre\/\" \/>\n<meta property=\"og:locale\" content=\"pt_BR\" \/>\n<meta property=\"og:type\" content=\"article\" \/>\n<meta property=\"og:title\" content=\"Luto! Comentarista esportivo sofre parada card\u00edaca e morre\u00a0\" \/>\n<meta property=\"og:description\" content=\"Luto no jornalismo esportivo. O comentarista Miguel Livramento morreu aos 81 anos, na noite da \u00faltima quarta-feira, em Florian\u00f3polis. O veterano, que tinha mais de cinco d\u00e9cadas de carreira, n\u00e3o resistiu ap\u00f3s sofrer uma parada cardiorrespirat\u00f3ria. Miguel Livramento era figura hist\u00f3rica no jornalismo de Santa Catarina, tendo sido narrador na r\u00e1dio e na Televis\u00e3o. Torcedor [&hellip;]\" \/>\n<meta property=\"og:url\" content=\"https:\/\/www.gaveanews.com\/index.php\/2023\/08\/04\/luto-comentarista-esportivo-sofre-parada-cardiaca-e-morre\/\" \/>\n<meta property=\"og:site_name\" content=\"G\u00e1vea News\" \/>\n<meta property=\"article:publisher\" content=\"https:\/\/facebook.com\/gaveaNews\/\" \/>\n<meta property=\"article:published_time\" content=\"2023-08-04T17:12:56+00:00\" \/>\n<meta property=\"article:modified_time\" content=\"2023-08-04T17:12:58+00:00\" \/>\n<meta property=\"og:image\" content=\"https:\/\/www.gaveanews.com\/wp-content\/uploads\/luto-o-que-e.webp\" \/>\n\t<meta property=\"og:image:width\" content=\"640\" \/>\n\t<meta property=\"og:image:height\" content=\"424\" \/>\n\t<meta property=\"og:image:type\" content=\"image\/jpeg\" \/>\n<meta name=\"author\" content=\"Equipe G\u00e1vea News\" \/>\n<meta name=\"twitter:card\" content=\"summary_large_image\" \/>\n<meta name=\"twitter:label1\" content=\"Escrito por\" \/>\n\t<meta name=\"twitter:data1\" content=\"Equipe G\u00e1vea News\" \/>\n\t<meta name=\"twitter:label2\" content=\"Est. tempo de leitura\" \/>\n\t<meta name=\"twitter:data2\" content=\"2 minutos\" \/>\n<script type=\"application\/ld+json\" class=\"yoast-schema-graph\">{\"@context\":\"https:\/\/schema.org\",\"@graph\":[{\"@type\":\"NewsArticle\",\"@id\":\"https:\/\/www.gaveanews.com\/index.php\/2023\/08\/04\/luto-comentarista-esportivo-sofre-parada-cardiaca-e-morre\/#article\",\"isPartOf\":{\"@id\":\"https:\/\/www.gaveanews.com\/index.php\/2023\/08\/04\/luto-comentarista-esportivo-sofre-parada-cardiaca-e-morre\/\"},\"author\":{\"name\":\"Equipe G\u00e1vea News\",\"@id\":\"https:\/\/www.gaveanews.com\/#\/schema\/person\/2ec14f73fb96be2caf28f91afb14749d\"},\"headline\":\"Luto! Comentarista esportivo sofre parada card\u00edaca e morre\u00a0\",\"datePublished\":\"2023-08-04T17:12:56+00:00\",\"dateModified\":\"2023-08-04T17:12:58+00:00\",\"mainEntityOfPage\":{\"@id\":\"https:\/\/www.gaveanews.com\/index.php\/2023\/08\/04\/luto-comentarista-esportivo-sofre-parada-cardiaca-e-morre\/\"},\"wordCount\":264,\"commentCount\":0,\"image\":{\"@id\":\"https:\/\/www.gaveanews.com\/index.php\/2023\/08\/04\/luto-comentarista-esportivo-sofre-parada-cardiaca-e-morre\/#primaryimage\"},\"thumbnailUrl\":\"https:\/\/www.gaveanews.com\/wp-content\/uploads\/luto-o-que-e.webp\",\"articleSection\":[\"Flamengo\"],\"inLanguage\":\"pt-BR\",\"potentialAction\":[{\"@type\":\"CommentAction\",\"name\":\"Comment\",\"target\":[\"https:\/\/www.gaveanews.com\/index.php\/2023\/08\/04\/luto-comentarista-esportivo-sofre-parada-cardiaca-e-morre\/#respond\"]}],\"copyrightYear\":\"2023\",\"copyrightHolder\":{\"@id\":\"https:\/\/www.gaveanews.com\/#organization\"}},{\"@type\":\"WebPage\",\"@id\":\"https:\/\/www.gaveanews.com\/index.php\/2023\/08\/04\/luto-comentarista-esportivo-sofre-parada-cardiaca-e-morre\/\",\"url\":\"https:\/\/www.gaveanews.com\/index.php\/2023\/08\/04\/luto-comentarista-esportivo-sofre-parada-cardiaca-e-morre\/\",\"name\":\"Luto! Comentarista esportivo sofre parada card\u00edaca e morre\u00a0\",\"isPartOf\":{\"@id\":\"https:\/\/www.gaveanews.com\/#website\"},\"primaryImageOfPage\":{\"@id\":\"https:\/\/www.gaveanews.com\/index.php\/2023\/08\/04\/luto-comentarista-esportivo-sofre-parada-cardiaca-e-morre\/#primaryimage\"},\"image\":{\"@id\":\"https:\/\/www.gaveanews.com\/index.php\/2023\/08\/04\/luto-comentarista-esportivo-sofre-parada-cardiaca-e-morre\/#primaryimage\"},\"thumbnailUrl\":\"https:\/\/www.gaveanews.com\/wp-content\/uploads\/luto-o-que-e.webp\",\"datePublished\":\"2023-08-04T17:12:56+00:00\",\"dateModified\":\"2023-08-04T17:12:58+00:00\",\"author\":{\"@id\":\"https:\/\/www.gaveanews.com\/#\/schema\/person\/2ec14f73fb96be2caf28f91afb14749d\"},\"breadcrumb\":{\"@id\":\"https:\/\/www.gaveanews.com\/index.php\/2023\/08\/04\/luto-comentarista-esportivo-sofre-parada-cardiaca-e-morre\/#breadcrumb\"},\"inLanguage\":\"pt-BR\",\"potentialAction\":[{\"@type\":\"ReadAction\",\"target\":[\"https:\/\/www.gaveanews.com\/index.php\/2023\/08\/04\/luto-comentarista-esportivo-sofre-parada-cardiaca-e-morre\/\"]}]},{\"@type\":\"ImageObject\",\"inLanguage\":\"pt-BR\",\"@id\":\"https:\/\/www.gaveanews.com\/index.php\/2023\/08\/04\/luto-comentarista-esportivo-sofre-parada-cardiaca-e-morre\/#primaryimage\",\"url\":\"https:\/\/www.gaveanews.com\/wp-content\/uploads\/luto-o-que-e.webp\",\"contentUrl\":\"https:\/\/www.gaveanews.com\/wp-content\/uploads\/luto-o-que-e.webp\",\"width\":640,\"height\":424},{\"@type\":\"BreadcrumbList\",\"@id\":\"https:\/\/www.gaveanews.com\/index.php\/2023\/08\/04\/luto-comentarista-esportivo-sofre-parada-cardiaca-e-morre\/#breadcrumb\",\"itemListElement\":[{\"@type\":\"ListItem\",\"position\":1,\"name\":\"Home\",\"item\":\"https:\/\/www.gaveanews.com\/\"},{\"@type\":\"ListItem\",\"position\":2,\"name\":\"Luto! Comentarista esportivo sofre parada card\u00edaca e morre\u00a0\"}]},{\"@type\":\"WebSite\",\"@id\":\"https:\/\/www.gaveanews.com\/#website\",\"url\":\"https:\/\/www.gaveanews.com\/\",\"name\":\"G\u00e1vea News\",\"description\":\"Veja todas as not\u00edcias sobre o Flamengo: Contrata\u00e7\u00f5es, categorias de base, resultados das partidas, tabela de classifica\u00e7\u00e3o, pr\u00f3ximos jogos!\",\"potentialAction\":[{\"@type\":\"SearchAction\",\"target\":{\"@type\":\"EntryPoint\",\"urlTemplate\":\"https:\/\/www.gaveanews.com\/?s={search_term_string}\"},\"query-input\":{\"@type\":\"PropertyValueSpecification\",\"valueRequired\":true,\"valueName\":\"search_term_string\"}}],\"inLanguage\":\"pt-BR\"},{\"@type\":\"Person\",\"@id\":\"https:\/\/www.gaveanews.com\/#\/schema\/person\/2ec14f73fb96be2caf28f91afb14749d\",\"name\":\"Equipe G\u00e1vea News\",\"image\":{\"@type\":\"ImageObject\",\"inLanguage\":\"pt-BR\",\"@id\":\"https:\/\/www.gaveanews.com\/#\/schema\/person\/image\/\",\"url\":\"https:\/\/secure.gravatar.com\/avatar\/1e1956f1facbffd3f8fa53a326721950116b3b9dc9bd44939c01180fd4a745a9?s=96&d=mm&r=g\",\"contentUrl\":\"https:\/\/secure.gravatar.com\/avatar\/1e1956f1facbffd3f8fa53a326721950116b3b9dc9bd44939c01180fd4a745a9?s=96&d=mm&r=g\",\"caption\":\"Equipe G\u00e1vea News\"}}]}<\/script>\n<!-- \/ Yoast SEO Premium plugin. -->","yoast_head_json":{"title":"Luto! Comentarista esportivo sofre parada card\u00edaca e morre\u00a0","robots":{"index":"index","follow":"follow","max-snippet":"max-snippet:-1","max-image-preview":"max-image-preview:large","max-video-preview":"max-video-preview:-1"},"canonical":"https:\/\/www.gaveanews.com\/index.php\/2023\/08\/04\/luto-comentarista-esportivo-sofre-parada-cardiaca-e-morre\/","og_locale":"pt_BR","og_type":"article","og_title":"Luto! Comentarista esportivo sofre parada card\u00edaca e morre\u00a0","og_description":"Luto no jornalismo esportivo. O comentarista Miguel Livramento morreu aos 81 anos, na noite da \u00faltima quarta-feira, em Florian\u00f3polis. O veterano, que tinha mais de cinco d\u00e9cadas de carreira, n\u00e3o resistiu ap\u00f3s sofrer uma parada cardiorrespirat\u00f3ria. Miguel Livramento era figura hist\u00f3rica no jornalismo de Santa Catarina, tendo sido narrador na r\u00e1dio e na Televis\u00e3o. Torcedor [&hellip;]","og_url":"https:\/\/www.gaveanews.com\/index.php\/2023\/08\/04\/luto-comentarista-esportivo-sofre-parada-cardiaca-e-morre\/","og_site_name":"G\u00e1vea News","article_publisher":"https:\/\/facebook.com\/gaveaNews\/","article_published_time":"2023-08-04T17:12:56+00:00","article_modified_time":"2023-08-04T17:12:58+00:00","og_image":[{"width":640,"height":424,"url":"https:\/\/www.gaveanews.com\/wp-content\/uploads\/luto-o-que-e.webp","type":"image\/jpeg"}],"author":"Equipe G\u00e1vea News","twitter_card":"summary_large_image","twitter_misc":{"Escrito por":"Equipe G\u00e1vea News","Est. tempo de leitura":"2 minutos"},"schema":{"@context":"https:\/\/schema.org","@graph":[{"@type":"NewsArticle","@id":"https:\/\/www.gaveanews.com\/index.php\/2023\/08\/04\/luto-comentarista-esportivo-sofre-parada-cardiaca-e-morre\/#article","isPartOf":{"@id":"https:\/\/www.gaveanews.com\/index.php\/2023\/08\/04\/luto-comentarista-esportivo-sofre-parada-cardiaca-e-morre\/"},"author":{"name":"Equipe G\u00e1vea News","@id":"https:\/\/www.gaveanews.com\/#\/schema\/person\/2ec14f73fb96be2caf28f91afb14749d"},"headline":"Luto! Comentarista esportivo sofre parada card\u00edaca e morre\u00a0","datePublished":"2023-08-04T17:12:56+00:00","dateModified":"2023-08-04T17:12:58+00:00","mainEntityOfPage":{"@id":"https:\/\/www.gaveanews.com\/index.php\/2023\/08\/04\/luto-comentarista-esportivo-sofre-parada-cardiaca-e-morre\/"},"wordCount":264,"commentCount":0,"image":{"@id":"https:\/\/www.gaveanews.com\/index.php\/2023\/08\/04\/luto-comentarista-esportivo-sofre-parada-cardiaca-e-morre\/#primaryimage"},"thumbnailUrl":"https:\/\/www.gaveanews.com\/wp-content\/uploads\/luto-o-que-e.webp","articleSection":["Flamengo"],"inLanguage":"pt-BR","potentialAction":[{"@type":"CommentAction","name":"Comment","target":["https:\/\/www.gaveanews.com\/index.php\/2023\/08\/04\/luto-comentarista-esportivo-sofre-parada-cardiaca-e-morre\/#respond"]}],"copyrightYear":"2023","copyrightHolder":{"@id":"https:\/\/www.gaveanews.com\/#organization"}},{"@type":"WebPage","@id":"https:\/\/www.gaveanews.com\/index.php\/2023\/08\/04\/luto-comentarista-esportivo-sofre-parada-cardiaca-e-morre\/","url":"https:\/\/www.gaveanews.com\/index.php\/2023\/08\/04\/luto-comentarista-esportivo-sofre-parada-cardiaca-e-morre\/","name":"Luto! Comentarista esportivo sofre parada card\u00edaca e morre\u00a0","isPartOf":{"@id":"https:\/\/www.gaveanews.com\/#website"},"primaryImageOfPage":{"@id":"https:\/\/www.gaveanews.com\/index.php\/2023\/08\/04\/luto-comentarista-esportivo-sofre-parada-cardiaca-e-morre\/#primaryimage"},"image":{"@id":"https:\/\/www.gaveanews.com\/index.php\/2023\/08\/04\/luto-comentarista-esportivo-sofre-parada-cardiaca-e-morre\/#primaryimage"},"thumbnailUrl":"https:\/\/www.gaveanews.com\/wp-content\/uploads\/luto-o-que-e.webp","datePublished":"2023-08-04T17:12:56+00:00","dateModified":"2023-08-04T17:12:58+00:00","author":{"@id":"https:\/\/www.gaveanews.com\/#\/schema\/person\/2ec14f73fb96be2caf28f91afb14749d"},"breadcrumb":{"@id":"https:\/\/www.gaveanews.com\/index.php\/2023\/08\/04\/luto-comentarista-esportivo-sofre-parada-cardiaca-e-morre\/#breadcrumb"},"inLanguage":"pt-BR","potentialAction":[{"@type":"ReadAction","target":["https:\/\/www.gaveanews.com\/index.php\/2023\/08\/04\/luto-comentarista-esportivo-sofre-parada-cardiaca-e-morre\/"]}]},{"@type":"ImageObject","inLanguage":"pt-BR","@id":"https:\/\/www.gaveanews.com\/index.php\/2023\/08\/04\/luto-comentarista-esportivo-sofre-parada-cardiaca-e-morre\/#primaryimage","url":"https:\/\/www.gaveanews.com\/wp-content\/uploads\/luto-o-que-e.webp","contentUrl":"https:\/\/www.gaveanews.com\/wp-content\/uploads\/luto-o-que-e.webp","width":640,"height":424},{"@type":"BreadcrumbList","@id":"https:\/\/www.gaveanews.com\/index.php\/2023\/08\/04\/luto-comentarista-esportivo-sofre-parada-cardiaca-e-morre\/#breadcrumb","itemListElement":[{"@type":"ListItem","position":1,"name":"Home","item":"https:\/\/www.gaveanews.com\/"},{"@type":"ListItem","position":2,"name":"Luto! Comentarista esportivo sofre parada card\u00edaca e morre\u00a0"}]},{"@type":"WebSite","@id":"https:\/\/www.gaveanews.com\/#website","url":"https:\/\/www.gaveanews.com\/","name":"G\u00e1vea News","description":"Veja todas as not\u00edcias sobre o Flamengo: Contrata\u00e7\u00f5es, categorias de base, resultados das partidas, tabela de classifica\u00e7\u00e3o, pr\u00f3ximos jogos!","potentialAction":[{"@type":"SearchAction","target":{"@type":"EntryPoint","urlTemplate":"https:\/\/www.gaveanews.com\/?s={search_term_string}"},"query-input":{"@type":"PropertyValueSpecification","valueRequired":true,"valueName":"search_term_string"}}],"inLanguage":"pt-BR"},{"@type":"Person","@id":"https:\/\/www.gaveanews.com\/#\/schema\/person\/2ec14f73fb96be2caf28f91afb14749d","name":"Equipe G\u00e1vea News","image":{"@type":"ImageObject","inLanguage":"pt-BR","@id":"https:\/\/www.gaveanews.com\/#\/schema\/person\/image\/","url":"https:\/\/secure.gravatar.com\/avatar\/1e1956f1facbffd3f8fa53a326721950116b3b9dc9bd44939c01180fd4a745a9?s=96&d=mm&r=g","contentUrl":"https:\/\/secure.gravatar.com\/avatar\/1e1956f1facbffd3f8fa53a326721950116b3b9dc9bd44939c01180fd4a745a9?s=96&d=mm&r=g","caption":"Equipe G\u00e1vea News"}}]}},"_links":{"self":[{"href":"https:\/\/www.gaveanews.com\/index.php\/wp-json\/wp\/v2\/posts\/104080","targetHints":{"allow":["GET"]}}],"collection":[{"href":"https:\/\/www.gaveanews.com\/index.php\/wp-json\/wp\/v2\/posts"}],"about":[{"href":"https:\/\/www.gaveanews.com\/index.php\/wp-json\/wp\/v2\/types\/post"}],"author":[{"embeddable":true,"href":"https:\/\/www.gaveanews.com\/index.php\/wp-json\/wp\/v2\/users\/1"}],"replies":[{"embeddable":true,"href":"https:\/\/www.gaveanews.com\/index.php\/wp-json\/wp\/v2\/comments?post=104080"}],"version-history":[{"count":0,"href":"https:\/\/www.gaveanews.com\/index.php\/wp-json\/wp\/v2\/posts\/104080\/revisions"}],"wp:featuredmedia":[{"embeddable":true,"href":"https:\/\/www.gaveanews.com\/index.php\/wp-json\/wp\/v2\/media\/31951"}],"wp:attachment":[{"href":"https:\/\/www.gaveanews.com\/index.php\/wp-json\/wp\/v2\/media?parent=104080"}],"wp:term":[{"taxonomy":"category","embeddable":true,"href":"https:\/\/www.gaveanews.com\/index.php\/wp-json\/wp\/v2\/categories?post=104080"},{"taxonomy":"post_tag","embeddable":true,"href":"https:\/\/www.gaveanews.com\/index.php\/wp-json\/wp\/v2\/tags?post=104080"}],"curies":[{"name":"wp","href":"https:\/\/api.w.org\/{rel}","templated":true}]}}