{"id":104488,"date":"2023-08-10T13:31:49","date_gmt":"2023-08-10T16:31:49","guid":{"rendered":"https:\/\/www.gaveanews.com\/?p=104488"},"modified":"2023-08-10T13:31:52","modified_gmt":"2023-08-10T16:31:52","slug":"video-arrascaeta-revela-qual-camisa-ele-prefere-usar-no-flamengo","status":"publish","type":"post","link":"https:\/\/www.gaveanews.com\/index.php\/2023\/08\/10\/video-arrascaeta-revela-qual-camisa-ele-prefere-usar-no-flamengo\/","title":{"rendered":"V\u00eddeo: Arrascaeta revela qual camisa ele prefere usar no Flamengo"},"content":{"rendered":"\n<p>Debochado, craque, \u00eddolo, g\u00eanio. Esses s\u00e3o alguns dos adjetivos que podemos usar para descrever Giorgian De Arrascaeta, meia do Flamengo. O \u00eddolo do clube esteve presente no novo museu inaugurado na G\u00e1vea, e respondeu algumas perguntas sobre o que ele prefere para o rep\u00f3rter do GE, Marcel Lins.<\/p>\n\n\n\n<p>As perguntas foram em tom de \u201cqual voc\u00ea prefere\u201d, onde duas op\u00e7\u00f5es eram dadas para o craque, e ele escolhia uma delas. A brincadeira n\u00e3o poderia come\u00e7ar mais dif\u00edcil, quando entre as Libertadores de 2019 e 2022, Arrascaeta escolheu a de 2022. Entre fazer o gol ou dar a assist\u00eancia, Arrasca n\u00e3o esconde o lado gar\u00e7om e afirma: dar a assist\u00eancia.<\/p>\n\n\n\n<p>O craque tamb\u00e9m foi perguntado sobre uma poss\u00edvel prefer\u00eancia pela camisa 14, que utiliza no Flamengo, ou pela 10, que ele usa no Uruguai. Arrasca n\u00e3o fugiu da pergunta e respondeu: \u201cNo Flamengo, a camisa 14\u201d.<\/p>\n\n\n\n<p><strong>Confira as respostas do uruguaio:<\/strong><\/p>\n\n\n\n<figure class=\"wp-block-embed is-type-rich is-provider-twitter wp-block-embed-twitter\"><div class=\"wp-block-embed__wrapper\">\n<blockquote class=\"twitter-tweet\" data-width=\"550\" data-dnt=\"true\"><p lang=\"pt\" dir=\"ltr\">Libertadores de 2019 ou Libertadores de 2022? Maracan\u00e3 ou Centen\u00e1rio? Su\u00e1rez ou Cavani? \ud83d\udc40<br><br>Arrascaeta n\u00e3o p\u00f4de fugir das perguntas <a href=\"https:\/\/twitter.com\/Cecel_Silins?ref_src=twsrc%5Etfw\">@Cecel_Silins<\/a> <a href=\"https:\/\/t.co\/p2ZoYvGXDD\">pic.twitter.com\/p2ZoYvGXDD<\/a><\/p>&mdash; ge (@geglobo) <a href=\"https:\/\/twitter.com\/geglobo\/status\/1689633294277566464?ref_src=twsrc%5Etfw\">August 10, 2023<\/a><\/blockquote><script async src=\"https:\/\/platform.twitter.com\/widgets.js\" charset=\"utf-8\"><\/script>\n<\/div><\/figure>\n\n\n\n<p>Retirado de: Di\u00e1rio do Fla<\/p>\n","protected":false},"excerpt":{"rendered":"<p>Debochado, craque, \u00eddolo, g\u00eanio. Esses s\u00e3o alguns dos adjetivos que podemos usar para descrever Giorgian De Arrascaeta, meia do Flamengo. O \u00eddolo do clube esteve presente no novo museu inaugurado na G\u00e1vea, e respondeu algumas perguntas sobre o que ele prefere para o rep\u00f3rter do GE, Marcel Lins. As perguntas foram em tom de \u201cqual [&hellip;]<\/p>\n","protected":false},"author":1,"featured_media":102589,"comment_status":"open","ping_status":"closed","sticky":false,"template":"","format":"standard","meta":{"footnotes":""},"categories":[40],"tags":[],"class_list":["post-104488","post","type-post","status-publish","format-standard","has-post-thumbnail","hentry","category-video"],"yoast_head":"<!-- This site is optimized with the Yoast SEO Premium plugin v24.2 (Yoast SEO v26.9) - https:\/\/yoast.com\/product\/yoast-seo-premium-wordpress\/ -->\n<title>V\u00eddeo: Arrascaeta revela qual camisa ele prefere usar no Flamengo<\/title>\n<meta name=\"robots\" content=\"index, follow, max-snippet:-1, max-image-preview:large, max-video-preview:-1\" \/>\n<link rel=\"canonical\" href=\"https:\/\/www.gaveanews.com\/index.php\/2023\/08\/10\/video-arrascaeta-revela-qual-camisa-ele-prefere-usar-no-flamengo\/\" \/>\n<meta property=\"og:locale\" content=\"pt_BR\" \/>\n<meta property=\"og:type\" content=\"article\" \/>\n<meta property=\"og:title\" content=\"V\u00eddeo: Arrascaeta revela qual camisa ele prefere usar no Flamengo\" \/>\n<meta property=\"og:description\" content=\"Debochado, craque, \u00eddolo, g\u00eanio. Esses s\u00e3o alguns dos adjetivos que podemos usar para descrever Giorgian De Arrascaeta, meia do Flamengo. O \u00eddolo do clube esteve presente no novo museu inaugurado na G\u00e1vea, e respondeu algumas perguntas sobre o que ele prefere para o rep\u00f3rter do GE, Marcel Lins. As perguntas foram em tom de \u201cqual [&hellip;]\" \/>\n<meta property=\"og:url\" content=\"https:\/\/www.gaveanews.com\/index.php\/2023\/08\/10\/video-arrascaeta-revela-qual-camisa-ele-prefere-usar-no-flamengo\/\" \/>\n<meta property=\"og:site_name\" content=\"G\u00e1vea News\" \/>\n<meta property=\"article:publisher\" content=\"https:\/\/facebook.com\/gaveaNews\/\" \/>\n<meta property=\"article:published_time\" content=\"2023-08-10T16:31:49+00:00\" \/>\n<meta property=\"article:modified_time\" content=\"2023-08-10T16:31:52+00:00\" \/>\n<meta property=\"og:image\" content=\"https:\/\/www.gaveanews.com\/wp-content\/uploads\/arrascaeta-flamengo-1.webp\" \/>\n\t<meta property=\"og:image:width\" content=\"900\" \/>\n\t<meta property=\"og:image:height\" content=\"584\" \/>\n\t<meta property=\"og:image:type\" content=\"image\/jpeg\" \/>\n<meta name=\"author\" content=\"Equipe G\u00e1vea News\" \/>\n<meta name=\"twitter:card\" content=\"summary_large_image\" \/>\n<meta name=\"twitter:label1\" content=\"Escrito por\" \/>\n\t<meta name=\"twitter:data1\" content=\"Equipe G\u00e1vea News\" \/>\n\t<meta name=\"twitter:label2\" content=\"Est. tempo de leitura\" \/>\n\t<meta name=\"twitter:data2\" content=\"1 minuto\" \/>\n<script type=\"application\/ld+json\" class=\"yoast-schema-graph\">{\"@context\":\"https:\/\/schema.org\",\"@graph\":[{\"@type\":\"NewsArticle\",\"@id\":\"https:\/\/www.gaveanews.com\/index.php\/2023\/08\/10\/video-arrascaeta-revela-qual-camisa-ele-prefere-usar-no-flamengo\/#article\",\"isPartOf\":{\"@id\":\"https:\/\/www.gaveanews.com\/index.php\/2023\/08\/10\/video-arrascaeta-revela-qual-camisa-ele-prefere-usar-no-flamengo\/\"},\"author\":{\"name\":\"Equipe G\u00e1vea News\",\"@id\":\"https:\/\/www.gaveanews.com\/#\/schema\/person\/2ec14f73fb96be2caf28f91afb14749d\"},\"headline\":\"V\u00eddeo: Arrascaeta revela qual camisa ele prefere usar no Flamengo\",\"datePublished\":\"2023-08-10T16:31:49+00:00\",\"dateModified\":\"2023-08-10T16:31:52+00:00\",\"mainEntityOfPage\":{\"@id\":\"https:\/\/www.gaveanews.com\/index.php\/2023\/08\/10\/video-arrascaeta-revela-qual-camisa-ele-prefere-usar-no-flamengo\/\"},\"wordCount\":182,\"commentCount\":0,\"image\":{\"@id\":\"https:\/\/www.gaveanews.com\/index.php\/2023\/08\/10\/video-arrascaeta-revela-qual-camisa-ele-prefere-usar-no-flamengo\/#primaryimage\"},\"thumbnailUrl\":\"https:\/\/www.gaveanews.com\/wp-content\/uploads\/arrascaeta-flamengo-1.webp\",\"articleSection\":[\"V\u00eddeos\"],\"inLanguage\":\"pt-BR\",\"potentialAction\":[{\"@type\":\"CommentAction\",\"name\":\"Comment\",\"target\":[\"https:\/\/www.gaveanews.com\/index.php\/2023\/08\/10\/video-arrascaeta-revela-qual-camisa-ele-prefere-usar-no-flamengo\/#respond\"]}],\"copyrightYear\":\"2023\",\"copyrightHolder\":{\"@id\":\"https:\/\/www.gaveanews.com\/#organization\"}},{\"@type\":\"WebPage\",\"@id\":\"https:\/\/www.gaveanews.com\/index.php\/2023\/08\/10\/video-arrascaeta-revela-qual-camisa-ele-prefere-usar-no-flamengo\/\",\"url\":\"https:\/\/www.gaveanews.com\/index.php\/2023\/08\/10\/video-arrascaeta-revela-qual-camisa-ele-prefere-usar-no-flamengo\/\",\"name\":\"V\u00eddeo: Arrascaeta revela qual camisa ele prefere usar no Flamengo\",\"isPartOf\":{\"@id\":\"https:\/\/www.gaveanews.com\/#website\"},\"primaryImageOfPage\":{\"@id\":\"https:\/\/www.gaveanews.com\/index.php\/2023\/08\/10\/video-arrascaeta-revela-qual-camisa-ele-prefere-usar-no-flamengo\/#primaryimage\"},\"image\":{\"@id\":\"https:\/\/www.gaveanews.com\/index.php\/2023\/08\/10\/video-arrascaeta-revela-qual-camisa-ele-prefere-usar-no-flamengo\/#primaryimage\"},\"thumbnailUrl\":\"https:\/\/www.gaveanews.com\/wp-content\/uploads\/arrascaeta-flamengo-1.webp\",\"datePublished\":\"2023-08-10T16:31:49+00:00\",\"dateModified\":\"2023-08-10T16:31:52+00:00\",\"author\":{\"@id\":\"https:\/\/www.gaveanews.com\/#\/schema\/person\/2ec14f73fb96be2caf28f91afb14749d\"},\"breadcrumb\":{\"@id\":\"https:\/\/www.gaveanews.com\/index.php\/2023\/08\/10\/video-arrascaeta-revela-qual-camisa-ele-prefere-usar-no-flamengo\/#breadcrumb\"},\"inLanguage\":\"pt-BR\",\"potentialAction\":[{\"@type\":\"ReadAction\",\"target\":[\"https:\/\/www.gaveanews.com\/index.php\/2023\/08\/10\/video-arrascaeta-revela-qual-camisa-ele-prefere-usar-no-flamengo\/\"]}]},{\"@type\":\"ImageObject\",\"inLanguage\":\"pt-BR\",\"@id\":\"https:\/\/www.gaveanews.com\/index.php\/2023\/08\/10\/video-arrascaeta-revela-qual-camisa-ele-prefere-usar-no-flamengo\/#primaryimage\",\"url\":\"https:\/\/www.gaveanews.com\/wp-content\/uploads\/arrascaeta-flamengo-1.webp\",\"contentUrl\":\"https:\/\/www.gaveanews.com\/wp-content\/uploads\/arrascaeta-flamengo-1.webp\",\"width\":900,\"height\":584,\"caption\":\"Arrascaeta comemora gol do Flamengo (Foto: Gilvan de Souza\/Flamengo)\"},{\"@type\":\"BreadcrumbList\",\"@id\":\"https:\/\/www.gaveanews.com\/index.php\/2023\/08\/10\/video-arrascaeta-revela-qual-camisa-ele-prefere-usar-no-flamengo\/#breadcrumb\",\"itemListElement\":[{\"@type\":\"ListItem\",\"position\":1,\"name\":\"Home\",\"item\":\"https:\/\/www.gaveanews.com\/\"},{\"@type\":\"ListItem\",\"position\":2,\"name\":\"V\u00eddeo: Arrascaeta revela qual camisa ele prefere usar no Flamengo\"}]},{\"@type\":\"WebSite\",\"@id\":\"https:\/\/www.gaveanews.com\/#website\",\"url\":\"https:\/\/www.gaveanews.com\/\",\"name\":\"G\u00e1vea News\",\"description\":\"Veja todas as not\u00edcias sobre o Flamengo: Contrata\u00e7\u00f5es, categorias de base, resultados das partidas, tabela de classifica\u00e7\u00e3o, pr\u00f3ximos jogos!\",\"potentialAction\":[{\"@type\":\"SearchAction\",\"target\":{\"@type\":\"EntryPoint\",\"urlTemplate\":\"https:\/\/www.gaveanews.com\/?s={search_term_string}\"},\"query-input\":{\"@type\":\"PropertyValueSpecification\",\"valueRequired\":true,\"valueName\":\"search_term_string\"}}],\"inLanguage\":\"pt-BR\"},{\"@type\":\"Person\",\"@id\":\"https:\/\/www.gaveanews.com\/#\/schema\/person\/2ec14f73fb96be2caf28f91afb14749d\",\"name\":\"Equipe G\u00e1vea News\",\"image\":{\"@type\":\"ImageObject\",\"inLanguage\":\"pt-BR\",\"@id\":\"https:\/\/www.gaveanews.com\/#\/schema\/person\/image\/\",\"url\":\"https:\/\/secure.gravatar.com\/avatar\/1e1956f1facbffd3f8fa53a326721950116b3b9dc9bd44939c01180fd4a745a9?s=96&d=mm&r=g\",\"contentUrl\":\"https:\/\/secure.gravatar.com\/avatar\/1e1956f1facbffd3f8fa53a326721950116b3b9dc9bd44939c01180fd4a745a9?s=96&d=mm&r=g\",\"caption\":\"Equipe G\u00e1vea News\"}}]}<\/script>\n<!-- \/ Yoast SEO Premium plugin. -->","yoast_head_json":{"title":"V\u00eddeo: Arrascaeta revela qual camisa ele prefere usar no Flamengo","robots":{"index":"index","follow":"follow","max-snippet":"max-snippet:-1","max-image-preview":"max-image-preview:large","max-video-preview":"max-video-preview:-1"},"canonical":"https:\/\/www.gaveanews.com\/index.php\/2023\/08\/10\/video-arrascaeta-revela-qual-camisa-ele-prefere-usar-no-flamengo\/","og_locale":"pt_BR","og_type":"article","og_title":"V\u00eddeo: Arrascaeta revela qual camisa ele prefere usar no Flamengo","og_description":"Debochado, craque, \u00eddolo, g\u00eanio. Esses s\u00e3o alguns dos adjetivos que podemos usar para descrever Giorgian De Arrascaeta, meia do Flamengo. O \u00eddolo do clube esteve presente no novo museu inaugurado na G\u00e1vea, e respondeu algumas perguntas sobre o que ele prefere para o rep\u00f3rter do GE, Marcel Lins. As perguntas foram em tom de \u201cqual [&hellip;]","og_url":"https:\/\/www.gaveanews.com\/index.php\/2023\/08\/10\/video-arrascaeta-revela-qual-camisa-ele-prefere-usar-no-flamengo\/","og_site_name":"G\u00e1vea News","article_publisher":"https:\/\/facebook.com\/gaveaNews\/","article_published_time":"2023-08-10T16:31:49+00:00","article_modified_time":"2023-08-10T16:31:52+00:00","og_image":[{"width":900,"height":584,"url":"https:\/\/www.gaveanews.com\/wp-content\/uploads\/arrascaeta-flamengo-1.webp","type":"image\/jpeg"}],"author":"Equipe G\u00e1vea News","twitter_card":"summary_large_image","twitter_misc":{"Escrito por":"Equipe G\u00e1vea News","Est. tempo de leitura":"1 minuto"},"schema":{"@context":"https:\/\/schema.org","@graph":[{"@type":"NewsArticle","@id":"https:\/\/www.gaveanews.com\/index.php\/2023\/08\/10\/video-arrascaeta-revela-qual-camisa-ele-prefere-usar-no-flamengo\/#article","isPartOf":{"@id":"https:\/\/www.gaveanews.com\/index.php\/2023\/08\/10\/video-arrascaeta-revela-qual-camisa-ele-prefere-usar-no-flamengo\/"},"author":{"name":"Equipe G\u00e1vea News","@id":"https:\/\/www.gaveanews.com\/#\/schema\/person\/2ec14f73fb96be2caf28f91afb14749d"},"headline":"V\u00eddeo: Arrascaeta revela qual camisa ele prefere usar no Flamengo","datePublished":"2023-08-10T16:31:49+00:00","dateModified":"2023-08-10T16:31:52+00:00","mainEntityOfPage":{"@id":"https:\/\/www.gaveanews.com\/index.php\/2023\/08\/10\/video-arrascaeta-revela-qual-camisa-ele-prefere-usar-no-flamengo\/"},"wordCount":182,"commentCount":0,"image":{"@id":"https:\/\/www.gaveanews.com\/index.php\/2023\/08\/10\/video-arrascaeta-revela-qual-camisa-ele-prefere-usar-no-flamengo\/#primaryimage"},"thumbnailUrl":"https:\/\/www.gaveanews.com\/wp-content\/uploads\/arrascaeta-flamengo-1.webp","articleSection":["V\u00eddeos"],"inLanguage":"pt-BR","potentialAction":[{"@type":"CommentAction","name":"Comment","target":["https:\/\/www.gaveanews.com\/index.php\/2023\/08\/10\/video-arrascaeta-revela-qual-camisa-ele-prefere-usar-no-flamengo\/#respond"]}],"copyrightYear":"2023","copyrightHolder":{"@id":"https:\/\/www.gaveanews.com\/#organization"}},{"@type":"WebPage","@id":"https:\/\/www.gaveanews.com\/index.php\/2023\/08\/10\/video-arrascaeta-revela-qual-camisa-ele-prefere-usar-no-flamengo\/","url":"https:\/\/www.gaveanews.com\/index.php\/2023\/08\/10\/video-arrascaeta-revela-qual-camisa-ele-prefere-usar-no-flamengo\/","name":"V\u00eddeo: Arrascaeta revela qual camisa ele prefere usar no Flamengo","isPartOf":{"@id":"https:\/\/www.gaveanews.com\/#website"},"primaryImageOfPage":{"@id":"https:\/\/www.gaveanews.com\/index.php\/2023\/08\/10\/video-arrascaeta-revela-qual-camisa-ele-prefere-usar-no-flamengo\/#primaryimage"},"image":{"@id":"https:\/\/www.gaveanews.com\/index.php\/2023\/08\/10\/video-arrascaeta-revela-qual-camisa-ele-prefere-usar-no-flamengo\/#primaryimage"},"thumbnailUrl":"https:\/\/www.gaveanews.com\/wp-content\/uploads\/arrascaeta-flamengo-1.webp","datePublished":"2023-08-10T16:31:49+00:00","dateModified":"2023-08-10T16:31:52+00:00","author":{"@id":"https:\/\/www.gaveanews.com\/#\/schema\/person\/2ec14f73fb96be2caf28f91afb14749d"},"breadcrumb":{"@id":"https:\/\/www.gaveanews.com\/index.php\/2023\/08\/10\/video-arrascaeta-revela-qual-camisa-ele-prefere-usar-no-flamengo\/#breadcrumb"},"inLanguage":"pt-BR","potentialAction":[{"@type":"ReadAction","target":["https:\/\/www.gaveanews.com\/index.php\/2023\/08\/10\/video-arrascaeta-revela-qual-camisa-ele-prefere-usar-no-flamengo\/"]}]},{"@type":"ImageObject","inLanguage":"pt-BR","@id":"https:\/\/www.gaveanews.com\/index.php\/2023\/08\/10\/video-arrascaeta-revela-qual-camisa-ele-prefere-usar-no-flamengo\/#primaryimage","url":"https:\/\/www.gaveanews.com\/wp-content\/uploads\/arrascaeta-flamengo-1.webp","contentUrl":"https:\/\/www.gaveanews.com\/wp-content\/uploads\/arrascaeta-flamengo-1.webp","width":900,"height":584,"caption":"Arrascaeta comemora gol do Flamengo (Foto: Gilvan de Souza\/Flamengo)"},{"@type":"BreadcrumbList","@id":"https:\/\/www.gaveanews.com\/index.php\/2023\/08\/10\/video-arrascaeta-revela-qual-camisa-ele-prefere-usar-no-flamengo\/#breadcrumb","itemListElement":[{"@type":"ListItem","position":1,"name":"Home","item":"https:\/\/www.gaveanews.com\/"},{"@type":"ListItem","position":2,"name":"V\u00eddeo: Arrascaeta revela qual camisa ele prefere usar no Flamengo"}]},{"@type":"WebSite","@id":"https:\/\/www.gaveanews.com\/#website","url":"https:\/\/www.gaveanews.com\/","name":"G\u00e1vea News","description":"Veja todas as not\u00edcias sobre o Flamengo: Contrata\u00e7\u00f5es, categorias de base, resultados das partidas, tabela de classifica\u00e7\u00e3o, pr\u00f3ximos jogos!","potentialAction":[{"@type":"SearchAction","target":{"@type":"EntryPoint","urlTemplate":"https:\/\/www.gaveanews.com\/?s={search_term_string}"},"query-input":{"@type":"PropertyValueSpecification","valueRequired":true,"valueName":"search_term_string"}}],"inLanguage":"pt-BR"},{"@type":"Person","@id":"https:\/\/www.gaveanews.com\/#\/schema\/person\/2ec14f73fb96be2caf28f91afb14749d","name":"Equipe G\u00e1vea News","image":{"@type":"ImageObject","inLanguage":"pt-BR","@id":"https:\/\/www.gaveanews.com\/#\/schema\/person\/image\/","url":"https:\/\/secure.gravatar.com\/avatar\/1e1956f1facbffd3f8fa53a326721950116b3b9dc9bd44939c01180fd4a745a9?s=96&d=mm&r=g","contentUrl":"https:\/\/secure.gravatar.com\/avatar\/1e1956f1facbffd3f8fa53a326721950116b3b9dc9bd44939c01180fd4a745a9?s=96&d=mm&r=g","caption":"Equipe G\u00e1vea News"}}]}},"_links":{"self":[{"href":"https:\/\/www.gaveanews.com\/index.php\/wp-json\/wp\/v2\/posts\/104488","targetHints":{"allow":["GET"]}}],"collection":[{"href":"https:\/\/www.gaveanews.com\/index.php\/wp-json\/wp\/v2\/posts"}],"about":[{"href":"https:\/\/www.gaveanews.com\/index.php\/wp-json\/wp\/v2\/types\/post"}],"author":[{"embeddable":true,"href":"https:\/\/www.gaveanews.com\/index.php\/wp-json\/wp\/v2\/users\/1"}],"replies":[{"embeddable":true,"href":"https:\/\/www.gaveanews.com\/index.php\/wp-json\/wp\/v2\/comments?post=104488"}],"version-history":[{"count":0,"href":"https:\/\/www.gaveanews.com\/index.php\/wp-json\/wp\/v2\/posts\/104488\/revisions"}],"wp:featuredmedia":[{"embeddable":true,"href":"https:\/\/www.gaveanews.com\/index.php\/wp-json\/wp\/v2\/media\/102589"}],"wp:attachment":[{"href":"https:\/\/www.gaveanews.com\/index.php\/wp-json\/wp\/v2\/media?parent=104488"}],"wp:term":[{"taxonomy":"category","embeddable":true,"href":"https:\/\/www.gaveanews.com\/index.php\/wp-json\/wp\/v2\/categories?post=104488"},{"taxonomy":"post_tag","embeddable":true,"href":"https:\/\/www.gaveanews.com\/index.php\/wp-json\/wp\/v2\/tags?post=104488"}],"curies":[{"name":"wp","href":"https:\/\/api.w.org\/{rel}","templated":true}]}}