{"id":104504,"date":"2023-08-10T20:07:09","date_gmt":"2023-08-10T23:07:09","guid":{"rendered":"https:\/\/www.gaveanews.com\/?p=104504"},"modified":"2025-02-04T17:16:25","modified_gmt":"2025-02-04T20:16:25","slug":"flamengo-contrata-joia-do-futebol-goiano","status":"publish","type":"post","link":"https:\/\/www.gaveanews.com\/index.php\/2023\/08\/10\/flamengo-contrata-joia-do-futebol-goiano\/","title":{"rendered":"Flamengo contrata joia do futebol goiano"},"content":{"rendered":"\n<p>Por: Kayo Silva<br><br>O Flamengo vem com grande planejamento para o futuro do clube, e o mais querido segue em busca das grandes joias do futebol nacional e internacional, sondando e monitorando diversos jogadores que podem acrescentar em seu plantel na base. O rubro-negro atr\u00e1s de fortalecer seu elenco, acertou a contrata\u00e7\u00e3o de Davi Silva, meia de 13 anos (gera\u00e7\u00e3o 2010). A apura\u00e7\u00e3o foi realizada pelo portal G\u00e1vea News e pelo perfil FlaBase.&nbsp;<\/p>\n\n\n\n<figure class=\"wp-block-embed is-type-photo is-provider-flickr wp-block-embed-flickr\"><div class=\"wp-block-embed__wrapper\">\n<a href=\"https:\/\/www.flickr.com\/photos\/184920610@N03\/53107848639\/in\/dateposted-public\/\"><img loading=\"lazy\" decoding=\"async\" src=\"https:\/\/live.staticflickr.com\/65535\/53107848639_99cee9924a_c.webp\" alt=\"version=1&amp;uuid=CCBE1549-D4C3-483E-B18A-29BC55C6FFA7&amp;mode=compatible&amp;noloc=0\" width=\"601\" height=\"800\" \/><\/a>\n<\/div><figcaption class=\"wp-element-caption\">Davi Silva durante visita ao Ninho do Urubu<\/figcaption><\/figure>\n\n\n\n<p>Oriundo da parceria entre o Flamengo e o Centro Esportivo Wilson Goiano, o jovem foi monitorado durante a Go Cup 2023, competi\u00e7\u00e3o realizada em <a href=\"https:\/\/aparecidadegoiania.com\/\">Aparecida de Goi\u00e2nia<\/a>.\u00a0<\/p>\n\n\n\n<p>Com a equipe, Davi chegou at\u00e9 as quartas de final sendo eliminado pela a equipe do Paris de Natal-RN, o jovem encerrou a participa\u00e7\u00e3o no torneio marcando 4 gols e sendo o principal destaque do time.<\/p>\n\n\n\n<p>O jovem se destaca por ser ambidestro e tem como caracter\u00edsticas a movimenta\u00e7\u00e3o e atacar o setor ofensivo. Em pergunta feita pela reda\u00e7\u00e3o, o jovem comenta: \u201cNossa, sensa\u00e7\u00e3o inexplic\u00e1vel, um sonho realizado. Muitas lutas pra chegar at\u00e9 aqui, gra\u00e7as a deus ele me honrou. T\u00f4 feliz demais\u201d. Completou a nova aposta da base rubro-negra.&nbsp;<\/p>\n\n\n\n<p>O garoto chega como refor\u00e7o no&nbsp;sub-13 do Flamengo para o segundo semestre de 2023, a gera\u00e7\u00e3o \u00e9 a atual campe\u00e3 da Copa Rio da categoria, agora o meia fica \u00e0 disposi\u00e7\u00e3o do treinador para o restante da temporada, no fim de semana passado a categoria fez a sua estreia vencendo a equipe do Resende por 2 a 1.&nbsp;<\/p>\n\n\n\n<ul class=\"wp-block-list\">\n<li><a href=\"https:\/\/www.gaveanews.com\/index.php\/2023\/07\/11\/voce-sabia-flamengo-contratou-matheus-cunha-enquanto-o-goleiro-jogava-na-base-de-rival-do-rubro-negro\/\">Voc\u00ea sabia? Flamengo contratou Matheus Cunha enquanto o goleiro jogava na base de rival do Rubro-Negro<\/a><\/li>\n<\/ul>\n","protected":false},"excerpt":{"rendered":"<p>Por: Kayo Silva O Flamengo vem com grande planejamento para o futuro do clube, e o mais querido segue em busca das grandes joias do futebol nacional e internacional, sondando e monitorando diversos jogadores que podem acrescentar em seu plantel na base. O rubro-negro atr\u00e1s de fortalecer seu elenco, acertou a contrata\u00e7\u00e3o de Davi Silva, [&hellip;]<\/p>\n","protected":false},"author":10,"featured_media":85562,"comment_status":"open","ping_status":"closed","sticky":false,"template":"","format":"standard","meta":{"footnotes":""},"categories":[48],"tags":[],"class_list":["post-104504","post","type-post","status-publish","format-standard","has-post-thumbnail","hentry","category-negociacoes"],"yoast_head":"<!-- This site is optimized with the Yoast SEO Premium plugin v24.2 (Yoast SEO v26.9) - https:\/\/yoast.com\/product\/yoast-seo-premium-wordpress\/ -->\n<title>Flamengo contrata joia do futebol goiano<\/title>\n<meta name=\"robots\" content=\"index, follow, max-snippet:-1, max-image-preview:large, max-video-preview:-1\" \/>\n<link rel=\"canonical\" href=\"https:\/\/www.gaveanews.com\/index.php\/2023\/08\/10\/flamengo-contrata-joia-do-futebol-goiano\/\" \/>\n<meta property=\"og:locale\" content=\"pt_BR\" \/>\n<meta property=\"og:type\" content=\"article\" \/>\n<meta property=\"og:title\" content=\"Flamengo contrata joia do futebol goiano\" \/>\n<meta property=\"og:description\" content=\"Por: Kayo Silva O Flamengo vem com grande planejamento para o futuro do clube, e o mais querido segue em busca das grandes joias do futebol nacional e internacional, sondando e monitorando diversos jogadores que podem acrescentar em seu plantel na base. O rubro-negro atr\u00e1s de fortalecer seu elenco, acertou a contrata\u00e7\u00e3o de Davi Silva, [&hellip;]\" \/>\n<meta property=\"og:url\" content=\"https:\/\/www.gaveanews.com\/index.php\/2023\/08\/10\/flamengo-contrata-joia-do-futebol-goiano\/\" \/>\n<meta property=\"og:site_name\" content=\"G\u00e1vea News\" \/>\n<meta property=\"article:publisher\" content=\"https:\/\/facebook.com\/gaveaNews\/\" \/>\n<meta property=\"article:published_time\" content=\"2023-08-10T23:07:09+00:00\" \/>\n<meta property=\"article:modified_time\" content=\"2025-02-04T20:16:25+00:00\" \/>\n<meta property=\"og:image\" content=\"http:\/\/www.gaveanews.com\/wp-content\/uploads\/Marcos-Braz-em-entrevista-no-CT-do-Flamengo-1.webp\" \/>\n\t<meta property=\"og:image:width\" content=\"799\" \/>\n\t<meta property=\"og:image:height\" content=\"533\" \/>\n\t<meta property=\"og:image:type\" content=\"image\/jpeg\" \/>\n<meta name=\"author\" content=\"Kayo Silva\" \/>\n<meta name=\"twitter:card\" content=\"summary_large_image\" \/>\n<meta name=\"twitter:label1\" content=\"Escrito por\" \/>\n\t<meta name=\"twitter:data1\" content=\"Kayo Silva\" \/>\n\t<meta name=\"twitter:label2\" content=\"Est. tempo de leitura\" \/>\n\t<meta name=\"twitter:data2\" content=\"2 minutos\" \/>\n<script type=\"application\/ld+json\" class=\"yoast-schema-graph\">{\"@context\":\"https:\/\/schema.org\",\"@graph\":[{\"@type\":\"NewsArticle\",\"@id\":\"https:\/\/www.gaveanews.com\/index.php\/2023\/08\/10\/flamengo-contrata-joia-do-futebol-goiano\/#article\",\"isPartOf\":{\"@id\":\"https:\/\/www.gaveanews.com\/index.php\/2023\/08\/10\/flamengo-contrata-joia-do-futebol-goiano\/\"},\"author\":{\"name\":\"Kayo Silva\",\"@id\":\"https:\/\/www.gaveanews.com\/#\/schema\/person\/51b3ba6a493cf9e7af9ce2c6d0d4ff1c\"},\"headline\":\"Flamengo contrata joia do futebol goiano\",\"datePublished\":\"2023-08-10T23:07:09+00:00\",\"dateModified\":\"2025-02-04T20:16:25+00:00\",\"mainEntityOfPage\":{\"@id\":\"https:\/\/www.gaveanews.com\/index.php\/2023\/08\/10\/flamengo-contrata-joia-do-futebol-goiano\/\"},\"wordCount\":299,\"commentCount\":0,\"image\":{\"@id\":\"https:\/\/www.gaveanews.com\/index.php\/2023\/08\/10\/flamengo-contrata-joia-do-futebol-goiano\/#primaryimage\"},\"thumbnailUrl\":\"https:\/\/www.gaveanews.com\/wp-content\/uploads\/Marcos-Braz-em-entrevista-no-CT-do-Flamengo-1.webp\",\"articleSection\":[\"Negocia\u00e7\u00f5es\"],\"inLanguage\":\"pt-BR\",\"potentialAction\":[{\"@type\":\"CommentAction\",\"name\":\"Comment\",\"target\":[\"https:\/\/www.gaveanews.com\/index.php\/2023\/08\/10\/flamengo-contrata-joia-do-futebol-goiano\/#respond\"]}],\"copyrightYear\":\"2023\",\"copyrightHolder\":{\"@id\":\"https:\/\/www.gaveanews.com\/#organization\"}},{\"@type\":\"WebPage\",\"@id\":\"https:\/\/www.gaveanews.com\/index.php\/2023\/08\/10\/flamengo-contrata-joia-do-futebol-goiano\/\",\"url\":\"https:\/\/www.gaveanews.com\/index.php\/2023\/08\/10\/flamengo-contrata-joia-do-futebol-goiano\/\",\"name\":\"Flamengo contrata joia do futebol goiano\",\"isPartOf\":{\"@id\":\"https:\/\/www.gaveanews.com\/#website\"},\"primaryImageOfPage\":{\"@id\":\"https:\/\/www.gaveanews.com\/index.php\/2023\/08\/10\/flamengo-contrata-joia-do-futebol-goiano\/#primaryimage\"},\"image\":{\"@id\":\"https:\/\/www.gaveanews.com\/index.php\/2023\/08\/10\/flamengo-contrata-joia-do-futebol-goiano\/#primaryimage\"},\"thumbnailUrl\":\"https:\/\/www.gaveanews.com\/wp-content\/uploads\/Marcos-Braz-em-entrevista-no-CT-do-Flamengo-1.webp\",\"datePublished\":\"2023-08-10T23:07:09+00:00\",\"dateModified\":\"2025-02-04T20:16:25+00:00\",\"author\":{\"@id\":\"https:\/\/www.gaveanews.com\/#\/schema\/person\/51b3ba6a493cf9e7af9ce2c6d0d4ff1c\"},\"breadcrumb\":{\"@id\":\"https:\/\/www.gaveanews.com\/index.php\/2023\/08\/10\/flamengo-contrata-joia-do-futebol-goiano\/#breadcrumb\"},\"inLanguage\":\"pt-BR\",\"potentialAction\":[{\"@type\":\"ReadAction\",\"target\":[\"https:\/\/www.gaveanews.com\/index.php\/2023\/08\/10\/flamengo-contrata-joia-do-futebol-goiano\/\"]}]},{\"@type\":\"ImageObject\",\"inLanguage\":\"pt-BR\",\"@id\":\"https:\/\/www.gaveanews.com\/index.php\/2023\/08\/10\/flamengo-contrata-joia-do-futebol-goiano\/#primaryimage\",\"url\":\"https:\/\/www.gaveanews.com\/wp-content\/uploads\/Marcos-Braz-em-entrevista-no-CT-do-Flamengo-1.webp\",\"contentUrl\":\"https:\/\/www.gaveanews.com\/wp-content\/uploads\/Marcos-Braz-em-entrevista-no-CT-do-Flamengo-1.webp\",\"width\":799,\"height\":533,\"caption\":\"Marcos Braz em entrevista no CT do Flamengo (Foto: Gilvan de Souza\/Flamengo)\"},{\"@type\":\"BreadcrumbList\",\"@id\":\"https:\/\/www.gaveanews.com\/index.php\/2023\/08\/10\/flamengo-contrata-joia-do-futebol-goiano\/#breadcrumb\",\"itemListElement\":[{\"@type\":\"ListItem\",\"position\":1,\"name\":\"Home\",\"item\":\"https:\/\/www.gaveanews.com\/\"},{\"@type\":\"ListItem\",\"position\":2,\"name\":\"Flamengo contrata joia do futebol goiano\"}]},{\"@type\":\"WebSite\",\"@id\":\"https:\/\/www.gaveanews.com\/#website\",\"url\":\"https:\/\/www.gaveanews.com\/\",\"name\":\"G\u00e1vea News\",\"description\":\"Veja todas as not\u00edcias sobre o Flamengo: Contrata\u00e7\u00f5es, categorias de base, resultados das partidas, tabela de classifica\u00e7\u00e3o, pr\u00f3ximos jogos!\",\"potentialAction\":[{\"@type\":\"SearchAction\",\"target\":{\"@type\":\"EntryPoint\",\"urlTemplate\":\"https:\/\/www.gaveanews.com\/?s={search_term_string}\"},\"query-input\":{\"@type\":\"PropertyValueSpecification\",\"valueRequired\":true,\"valueName\":\"search_term_string\"}}],\"inLanguage\":\"pt-BR\"},{\"@type\":\"Person\",\"@id\":\"https:\/\/www.gaveanews.com\/#\/schema\/person\/51b3ba6a493cf9e7af9ce2c6d0d4ff1c\",\"name\":\"Kayo Silva\",\"image\":{\"@type\":\"ImageObject\",\"inLanguage\":\"pt-BR\",\"@id\":\"https:\/\/www.gaveanews.com\/#\/schema\/person\/image\/\",\"url\":\"https:\/\/secure.gravatar.com\/avatar\/af6d65cafc646a65c39c5fcb2a1ef51b863a81461770cfff553ec2fdd931c68c?s=96&d=mm&r=g\",\"contentUrl\":\"https:\/\/secure.gravatar.com\/avatar\/af6d65cafc646a65c39c5fcb2a1ef51b863a81461770cfff553ec2fdd931c68c?s=96&d=mm&r=g\",\"caption\":\"Kayo Silva\"}}]}<\/script>\n<!-- \/ Yoast SEO Premium plugin. -->","yoast_head_json":{"title":"Flamengo contrata joia do futebol goiano","robots":{"index":"index","follow":"follow","max-snippet":"max-snippet:-1","max-image-preview":"max-image-preview:large","max-video-preview":"max-video-preview:-1"},"canonical":"https:\/\/www.gaveanews.com\/index.php\/2023\/08\/10\/flamengo-contrata-joia-do-futebol-goiano\/","og_locale":"pt_BR","og_type":"article","og_title":"Flamengo contrata joia do futebol goiano","og_description":"Por: Kayo Silva O Flamengo vem com grande planejamento para o futuro do clube, e o mais querido segue em busca das grandes joias do futebol nacional e internacional, sondando e monitorando diversos jogadores que podem acrescentar em seu plantel na base. O rubro-negro atr\u00e1s de fortalecer seu elenco, acertou a contrata\u00e7\u00e3o de Davi Silva, [&hellip;]","og_url":"https:\/\/www.gaveanews.com\/index.php\/2023\/08\/10\/flamengo-contrata-joia-do-futebol-goiano\/","og_site_name":"G\u00e1vea News","article_publisher":"https:\/\/facebook.com\/gaveaNews\/","article_published_time":"2023-08-10T23:07:09+00:00","article_modified_time":"2025-02-04T20:16:25+00:00","og_image":[{"width":799,"height":533,"url":"http:\/\/www.gaveanews.com\/wp-content\/uploads\/Marcos-Braz-em-entrevista-no-CT-do-Flamengo-1.webp","type":"image\/jpeg"}],"author":"Kayo Silva","twitter_card":"summary_large_image","twitter_misc":{"Escrito por":"Kayo Silva","Est. tempo de leitura":"2 minutos"},"schema":{"@context":"https:\/\/schema.org","@graph":[{"@type":"NewsArticle","@id":"https:\/\/www.gaveanews.com\/index.php\/2023\/08\/10\/flamengo-contrata-joia-do-futebol-goiano\/#article","isPartOf":{"@id":"https:\/\/www.gaveanews.com\/index.php\/2023\/08\/10\/flamengo-contrata-joia-do-futebol-goiano\/"},"author":{"name":"Kayo Silva","@id":"https:\/\/www.gaveanews.com\/#\/schema\/person\/51b3ba6a493cf9e7af9ce2c6d0d4ff1c"},"headline":"Flamengo contrata joia do futebol goiano","datePublished":"2023-08-10T23:07:09+00:00","dateModified":"2025-02-04T20:16:25+00:00","mainEntityOfPage":{"@id":"https:\/\/www.gaveanews.com\/index.php\/2023\/08\/10\/flamengo-contrata-joia-do-futebol-goiano\/"},"wordCount":299,"commentCount":0,"image":{"@id":"https:\/\/www.gaveanews.com\/index.php\/2023\/08\/10\/flamengo-contrata-joia-do-futebol-goiano\/#primaryimage"},"thumbnailUrl":"https:\/\/www.gaveanews.com\/wp-content\/uploads\/Marcos-Braz-em-entrevista-no-CT-do-Flamengo-1.webp","articleSection":["Negocia\u00e7\u00f5es"],"inLanguage":"pt-BR","potentialAction":[{"@type":"CommentAction","name":"Comment","target":["https:\/\/www.gaveanews.com\/index.php\/2023\/08\/10\/flamengo-contrata-joia-do-futebol-goiano\/#respond"]}],"copyrightYear":"2023","copyrightHolder":{"@id":"https:\/\/www.gaveanews.com\/#organization"}},{"@type":"WebPage","@id":"https:\/\/www.gaveanews.com\/index.php\/2023\/08\/10\/flamengo-contrata-joia-do-futebol-goiano\/","url":"https:\/\/www.gaveanews.com\/index.php\/2023\/08\/10\/flamengo-contrata-joia-do-futebol-goiano\/","name":"Flamengo contrata joia do futebol goiano","isPartOf":{"@id":"https:\/\/www.gaveanews.com\/#website"},"primaryImageOfPage":{"@id":"https:\/\/www.gaveanews.com\/index.php\/2023\/08\/10\/flamengo-contrata-joia-do-futebol-goiano\/#primaryimage"},"image":{"@id":"https:\/\/www.gaveanews.com\/index.php\/2023\/08\/10\/flamengo-contrata-joia-do-futebol-goiano\/#primaryimage"},"thumbnailUrl":"https:\/\/www.gaveanews.com\/wp-content\/uploads\/Marcos-Braz-em-entrevista-no-CT-do-Flamengo-1.webp","datePublished":"2023-08-10T23:07:09+00:00","dateModified":"2025-02-04T20:16:25+00:00","author":{"@id":"https:\/\/www.gaveanews.com\/#\/schema\/person\/51b3ba6a493cf9e7af9ce2c6d0d4ff1c"},"breadcrumb":{"@id":"https:\/\/www.gaveanews.com\/index.php\/2023\/08\/10\/flamengo-contrata-joia-do-futebol-goiano\/#breadcrumb"},"inLanguage":"pt-BR","potentialAction":[{"@type":"ReadAction","target":["https:\/\/www.gaveanews.com\/index.php\/2023\/08\/10\/flamengo-contrata-joia-do-futebol-goiano\/"]}]},{"@type":"ImageObject","inLanguage":"pt-BR","@id":"https:\/\/www.gaveanews.com\/index.php\/2023\/08\/10\/flamengo-contrata-joia-do-futebol-goiano\/#primaryimage","url":"https:\/\/www.gaveanews.com\/wp-content\/uploads\/Marcos-Braz-em-entrevista-no-CT-do-Flamengo-1.webp","contentUrl":"https:\/\/www.gaveanews.com\/wp-content\/uploads\/Marcos-Braz-em-entrevista-no-CT-do-Flamengo-1.webp","width":799,"height":533,"caption":"Marcos Braz em entrevista no CT do Flamengo (Foto: Gilvan de Souza\/Flamengo)"},{"@type":"BreadcrumbList","@id":"https:\/\/www.gaveanews.com\/index.php\/2023\/08\/10\/flamengo-contrata-joia-do-futebol-goiano\/#breadcrumb","itemListElement":[{"@type":"ListItem","position":1,"name":"Home","item":"https:\/\/www.gaveanews.com\/"},{"@type":"ListItem","position":2,"name":"Flamengo contrata joia do futebol goiano"}]},{"@type":"WebSite","@id":"https:\/\/www.gaveanews.com\/#website","url":"https:\/\/www.gaveanews.com\/","name":"G\u00e1vea News","description":"Veja todas as not\u00edcias sobre o Flamengo: Contrata\u00e7\u00f5es, categorias de base, resultados das partidas, tabela de classifica\u00e7\u00e3o, pr\u00f3ximos jogos!","potentialAction":[{"@type":"SearchAction","target":{"@type":"EntryPoint","urlTemplate":"https:\/\/www.gaveanews.com\/?s={search_term_string}"},"query-input":{"@type":"PropertyValueSpecification","valueRequired":true,"valueName":"search_term_string"}}],"inLanguage":"pt-BR"},{"@type":"Person","@id":"https:\/\/www.gaveanews.com\/#\/schema\/person\/51b3ba6a493cf9e7af9ce2c6d0d4ff1c","name":"Kayo Silva","image":{"@type":"ImageObject","inLanguage":"pt-BR","@id":"https:\/\/www.gaveanews.com\/#\/schema\/person\/image\/","url":"https:\/\/secure.gravatar.com\/avatar\/af6d65cafc646a65c39c5fcb2a1ef51b863a81461770cfff553ec2fdd931c68c?s=96&d=mm&r=g","contentUrl":"https:\/\/secure.gravatar.com\/avatar\/af6d65cafc646a65c39c5fcb2a1ef51b863a81461770cfff553ec2fdd931c68c?s=96&d=mm&r=g","caption":"Kayo Silva"}}]}},"_links":{"self":[{"href":"https:\/\/www.gaveanews.com\/index.php\/wp-json\/wp\/v2\/posts\/104504","targetHints":{"allow":["GET"]}}],"collection":[{"href":"https:\/\/www.gaveanews.com\/index.php\/wp-json\/wp\/v2\/posts"}],"about":[{"href":"https:\/\/www.gaveanews.com\/index.php\/wp-json\/wp\/v2\/types\/post"}],"author":[{"embeddable":true,"href":"https:\/\/www.gaveanews.com\/index.php\/wp-json\/wp\/v2\/users\/10"}],"replies":[{"embeddable":true,"href":"https:\/\/www.gaveanews.com\/index.php\/wp-json\/wp\/v2\/comments?post=104504"}],"version-history":[{"count":1,"href":"https:\/\/www.gaveanews.com\/index.php\/wp-json\/wp\/v2\/posts\/104504\/revisions"}],"predecessor-version":[{"id":223127,"href":"https:\/\/www.gaveanews.com\/index.php\/wp-json\/wp\/v2\/posts\/104504\/revisions\/223127"}],"wp:featuredmedia":[{"embeddable":true,"href":"https:\/\/www.gaveanews.com\/index.php\/wp-json\/wp\/v2\/media\/85562"}],"wp:attachment":[{"href":"https:\/\/www.gaveanews.com\/index.php\/wp-json\/wp\/v2\/media?parent=104504"}],"wp:term":[{"taxonomy":"category","embeddable":true,"href":"https:\/\/www.gaveanews.com\/index.php\/wp-json\/wp\/v2\/categories?post=104504"},{"taxonomy":"post_tag","embeddable":true,"href":"https:\/\/www.gaveanews.com\/index.php\/wp-json\/wp\/v2\/tags?post=104504"}],"curies":[{"name":"wp","href":"https:\/\/api.w.org\/{rel}","templated":true}]}}