{"id":104527,"date":"2023-08-11T06:46:30","date_gmt":"2023-08-11T09:46:30","guid":{"rendered":"https:\/\/www.gaveanews.com\/?p=104527"},"modified":"2023-08-11T06:46:33","modified_gmt":"2023-08-11T09:46:33","slug":"como-fica-a-situacao-de-jorge-sampaoli-no-flamengo","status":"publish","type":"post","link":"https:\/\/www.gaveanews.com\/index.php\/2023\/08\/11\/como-fica-a-situacao-de-jorge-sampaoli-no-flamengo\/","title":{"rendered":"Como fica a situa\u00e7\u00e3o de Jorge Sampaoli no Flamengo?"},"content":{"rendered":"\n<p>Perdido. Assim era o olhar de Sampaoli ap\u00f3s a expuls\u00e3o antes da elimina\u00e7\u00e3o do Flamengo na Libertadores. Durante o jogo com o Olimpia, apesar dos gestos e andan\u00e7as de um lado para o outro, demonstrava a j\u00e1 conhecida desconex\u00e3o com o grupo de jogadores. Agora, seu futuro se torna incerto.<\/p>\n\n\n\n<p>Ainda h\u00e1 chance de t\u00edtulo da Copa do Brasil, e uma improv\u00e1vel ca\u00e7a ao Botafogo no Brasileiro, mas a pergunta que fica, ap\u00f3s a pior apresenta\u00e7\u00e3o da equipe sob seu comando, \u00e9 se o t\u00e9cnico argentino vai implementar um novo cap\u00edtulo da reformula\u00e7\u00e3o que pretende, quatro meses depois de chegar.<\/p>\n\n\n\n<p>Seu contrato vai at\u00e9 o fim do ano que vem, com multa alta, mas isso n\u00e3o tem sido um impeditivo para a diretoria interromper ciclos e gastar o dinheiro que hoje n\u00e3o falta em um clube sanado financeiramente. H\u00e1 chance at\u00e9 de uma nova guinada no mercado para acelerar chegadas, ainda que seja para 2024.<\/p>\n\n\n\n<h2 class=\"wp-block-heading\" id=\"h-incomodo-de-lado-a-lado\">Inc\u00f4modo de lado a lado<\/h2>\n\n\n\n<p>N\u00e3o \u00e9 segredo para ningu\u00e9m o inc\u00f4modo de Sampaoli com a falta de op\u00e7\u00f5es em alguns setores. O roteiro de montagem de um elenco \u00e0 sua fei\u00e7\u00e3o tamb\u00e9m \u00e9 conhecido de outros clubes. Assim como o pouco tempo at\u00e9 entrar em rota de colis\u00e3o com os atletas por cobrar que n\u00e3o executem o que ele quer.<\/p>\n\n\n\n<p>At\u00e9 aqui, sustentou seu trabalho com um bom aproveitamento, mas esteve longe de entregar um Flamengo com padr\u00e3o de jogo. S\u00e3o 30 partidas com 30 escala\u00e7\u00f5es diferentes. Normalmente definidas horas antes de a bola rolar, o que irrita os atletas n\u00e3o \u00e9 de hoje.<\/p>\n\n\n\n<p>O fato de tamb\u00e9m n\u00e3o expor com clareza com quem conta, tanto para o grupo como para a diretoria, mina a confian\u00e7a do t\u00e9cnico nos bastidores. A sensa\u00e7\u00e3o \u00e9 de que Sampaoli est\u00e1 por ele mesmo. \u00c9 profissional, faz o seu, cobra sem filtros, e vai para casa. N\u00e3o houve liga no trabalho at\u00e9 agora.<\/p>\n\n\n\n<p>N\u00e3o por falta de compet\u00eancia. Os relatos internos trazem boas avalia\u00e7\u00f5es de m\u00e9todos e postura. Mas a m\u00e1xima de quem est\u00e1 jogando se mant\u00e9m satisfeito e quem sobra torce o nariz tamb\u00e9m \u00e9 vista. Nomes que custaram uma fortuna e n\u00e3o deram certo at\u00e9 aqui puxam a fila.<\/p>\n\n\n\n<p>Everton Cebolinha virou \u00faltima op\u00e7\u00e3o, Pedro ficou sem clima ap\u00f3s o caso de agress\u00e3o, Luis Ara\u00fajo joga s\u00f3 alguns minutos, e Sampaoli se sustenta com alguns pilares de maior confian\u00e7a. Sobretudo Gerson, Gabi e agora Bruno Henrique.<\/p>\n\n\n\n<h2 class=\"wp-block-heading\" id=\"h-lideres-e-diretoria-terao-papel-importante\">L\u00edderes e diretoria ter\u00e3o papel importante<\/h2>\n\n\n\n<p>Resta saber se o padr\u00e3o de comportamento do grupo vai se manter quando as coisas n\u00e3o d\u00e3o certo. Nomes como os experientes David Luiz e Filipe Luis, que jogaram muito mal contra o Olimpia, ter\u00e3o papel importante, assim como o capit\u00e3o \u00c9verton Ribeiro, no dia a dia a partir de agora.<\/p>\n\n\n\n<p>A diretoria, que normalmente observa de longe esse padr\u00e3o de crise, ter\u00e1 que avaliar novamente se h\u00e1 sustenta\u00e7\u00e3o no trabalho abaixo dela. E a c\u00fapula do clube dificilmente vai fazer um mea-culpa para reavaliar o trabalho do departamento de futebol em termos de gest\u00e3o de grupo, n\u00e3o de contrata\u00e7\u00f5es a partir de uma receita milion\u00e1ria de um clube movido por mais de 40 milh\u00f5es de torcedores.<\/p>\n\n\n\n<p>Retirado de: O Globo<\/p>\n","protected":false},"excerpt":{"rendered":"<p>Perdido. Assim era o olhar de Sampaoli ap\u00f3s a expuls\u00e3o antes da elimina\u00e7\u00e3o do Flamengo na Libertadores. Durante o jogo com o Olimpia, apesar dos gestos e andan\u00e7as de um lado para o outro, demonstrava a j\u00e1 conhecida desconex\u00e3o com o grupo de jogadores. Agora, seu futuro se torna incerto. Ainda h\u00e1 chance de t\u00edtulo [&hellip;]<\/p>\n","protected":false},"author":1,"featured_media":102035,"comment_status":"open","ping_status":"closed","sticky":false,"template":"","format":"standard","meta":{"footnotes":""},"categories":[1],"tags":[],"class_list":["post-104527","post","type-post","status-publish","format-standard","has-post-thumbnail","hentry","category-flamengo"],"yoast_head":"<!-- This site is optimized with the Yoast SEO Premium plugin v24.2 (Yoast SEO v26.9) - https:\/\/yoast.com\/product\/yoast-seo-premium-wordpress\/ -->\n<title>Como fica a situa\u00e7\u00e3o de Jorge Sampaoli no Flamengo?<\/title>\n<meta name=\"robots\" content=\"index, follow, max-snippet:-1, max-image-preview:large, max-video-preview:-1\" \/>\n<link rel=\"canonical\" href=\"https:\/\/www.gaveanews.com\/index.php\/2023\/08\/11\/como-fica-a-situacao-de-jorge-sampaoli-no-flamengo\/\" \/>\n<meta property=\"og:locale\" content=\"pt_BR\" \/>\n<meta property=\"og:type\" content=\"article\" \/>\n<meta property=\"og:title\" content=\"Como fica a situa\u00e7\u00e3o de Jorge Sampaoli no Flamengo?\" \/>\n<meta property=\"og:description\" content=\"Perdido. Assim era o olhar de Sampaoli ap\u00f3s a expuls\u00e3o antes da elimina\u00e7\u00e3o do Flamengo na Libertadores. Durante o jogo com o Olimpia, apesar dos gestos e andan\u00e7as de um lado para o outro, demonstrava a j\u00e1 conhecida desconex\u00e3o com o grupo de jogadores. Agora, seu futuro se torna incerto. Ainda h\u00e1 chance de t\u00edtulo [&hellip;]\" \/>\n<meta property=\"og:url\" content=\"https:\/\/www.gaveanews.com\/index.php\/2023\/08\/11\/como-fica-a-situacao-de-jorge-sampaoli-no-flamengo\/\" \/>\n<meta property=\"og:site_name\" content=\"G\u00e1vea News\" \/>\n<meta property=\"article:publisher\" content=\"https:\/\/facebook.com\/gaveaNews\/\" \/>\n<meta property=\"article:published_time\" content=\"2023-08-11T09:46:30+00:00\" \/>\n<meta property=\"article:modified_time\" content=\"2023-08-11T09:46:33+00:00\" \/>\n<meta property=\"og:image\" content=\"https:\/\/www.gaveanews.com\/wp-content\/uploads\/sampaoli-coletiva-flamengo.webp\" \/>\n\t<meta property=\"og:image:width\" content=\"876\" \/>\n\t<meta property=\"og:image:height\" content=\"484\" \/>\n\t<meta property=\"og:image:type\" content=\"image\/webp\" \/>\n<meta name=\"author\" content=\"Equipe G\u00e1vea News\" \/>\n<meta name=\"twitter:card\" content=\"summary_large_image\" \/>\n<meta name=\"twitter:label1\" content=\"Escrito por\" \/>\n\t<meta name=\"twitter:data1\" content=\"Equipe G\u00e1vea News\" \/>\n\t<meta name=\"twitter:label2\" content=\"Est. tempo de leitura\" \/>\n\t<meta name=\"twitter:data2\" content=\"3 minutos\" \/>\n<script type=\"application\/ld+json\" class=\"yoast-schema-graph\">{\"@context\":\"https:\/\/schema.org\",\"@graph\":[{\"@type\":\"NewsArticle\",\"@id\":\"https:\/\/www.gaveanews.com\/index.php\/2023\/08\/11\/como-fica-a-situacao-de-jorge-sampaoli-no-flamengo\/#article\",\"isPartOf\":{\"@id\":\"https:\/\/www.gaveanews.com\/index.php\/2023\/08\/11\/como-fica-a-situacao-de-jorge-sampaoli-no-flamengo\/\"},\"author\":{\"name\":\"Equipe G\u00e1vea News\",\"@id\":\"https:\/\/www.gaveanews.com\/#\/schema\/person\/2ec14f73fb96be2caf28f91afb14749d\"},\"headline\":\"Como fica a situa\u00e7\u00e3o de Jorge Sampaoli no Flamengo?\",\"datePublished\":\"2023-08-11T09:46:30+00:00\",\"dateModified\":\"2023-08-11T09:46:33+00:00\",\"mainEntityOfPage\":{\"@id\":\"https:\/\/www.gaveanews.com\/index.php\/2023\/08\/11\/como-fica-a-situacao-de-jorge-sampaoli-no-flamengo\/\"},\"wordCount\":587,\"commentCount\":0,\"image\":{\"@id\":\"https:\/\/www.gaveanews.com\/index.php\/2023\/08\/11\/como-fica-a-situacao-de-jorge-sampaoli-no-flamengo\/#primaryimage\"},\"thumbnailUrl\":\"https:\/\/www.gaveanews.com\/wp-content\/uploads\/sampaoli-coletiva-flamengo.webp\",\"articleSection\":[\"Flamengo\"],\"inLanguage\":\"pt-BR\",\"potentialAction\":[{\"@type\":\"CommentAction\",\"name\":\"Comment\",\"target\":[\"https:\/\/www.gaveanews.com\/index.php\/2023\/08\/11\/como-fica-a-situacao-de-jorge-sampaoli-no-flamengo\/#respond\"]}],\"copyrightYear\":\"2023\",\"copyrightHolder\":{\"@id\":\"https:\/\/www.gaveanews.com\/#organization\"}},{\"@type\":\"WebPage\",\"@id\":\"https:\/\/www.gaveanews.com\/index.php\/2023\/08\/11\/como-fica-a-situacao-de-jorge-sampaoli-no-flamengo\/\",\"url\":\"https:\/\/www.gaveanews.com\/index.php\/2023\/08\/11\/como-fica-a-situacao-de-jorge-sampaoli-no-flamengo\/\",\"name\":\"Como fica a situa\u00e7\u00e3o de Jorge Sampaoli no Flamengo?\",\"isPartOf\":{\"@id\":\"https:\/\/www.gaveanews.com\/#website\"},\"primaryImageOfPage\":{\"@id\":\"https:\/\/www.gaveanews.com\/index.php\/2023\/08\/11\/como-fica-a-situacao-de-jorge-sampaoli-no-flamengo\/#primaryimage\"},\"image\":{\"@id\":\"https:\/\/www.gaveanews.com\/index.php\/2023\/08\/11\/como-fica-a-situacao-de-jorge-sampaoli-no-flamengo\/#primaryimage\"},\"thumbnailUrl\":\"https:\/\/www.gaveanews.com\/wp-content\/uploads\/sampaoli-coletiva-flamengo.webp\",\"datePublished\":\"2023-08-11T09:46:30+00:00\",\"dateModified\":\"2023-08-11T09:46:33+00:00\",\"author\":{\"@id\":\"https:\/\/www.gaveanews.com\/#\/schema\/person\/2ec14f73fb96be2caf28f91afb14749d\"},\"breadcrumb\":{\"@id\":\"https:\/\/www.gaveanews.com\/index.php\/2023\/08\/11\/como-fica-a-situacao-de-jorge-sampaoli-no-flamengo\/#breadcrumb\"},\"inLanguage\":\"pt-BR\",\"potentialAction\":[{\"@type\":\"ReadAction\",\"target\":[\"https:\/\/www.gaveanews.com\/index.php\/2023\/08\/11\/como-fica-a-situacao-de-jorge-sampaoli-no-flamengo\/\"]}]},{\"@type\":\"ImageObject\",\"inLanguage\":\"pt-BR\",\"@id\":\"https:\/\/www.gaveanews.com\/index.php\/2023\/08\/11\/como-fica-a-situacao-de-jorge-sampaoli-no-flamengo\/#primaryimage\",\"url\":\"https:\/\/www.gaveanews.com\/wp-content\/uploads\/sampaoli-coletiva-flamengo.webp\",\"contentUrl\":\"https:\/\/www.gaveanews.com\/wp-content\/uploads\/sampaoli-coletiva-flamengo.webp\",\"width\":876,\"height\":484,\"caption\":\"Sampaoli em entrevista coletiva do Flamengo (Foto: Gilvan de Souza\/Flamengo)\"},{\"@type\":\"BreadcrumbList\",\"@id\":\"https:\/\/www.gaveanews.com\/index.php\/2023\/08\/11\/como-fica-a-situacao-de-jorge-sampaoli-no-flamengo\/#breadcrumb\",\"itemListElement\":[{\"@type\":\"ListItem\",\"position\":1,\"name\":\"Home\",\"item\":\"https:\/\/www.gaveanews.com\/\"},{\"@type\":\"ListItem\",\"position\":2,\"name\":\"Como fica a situa\u00e7\u00e3o de Jorge Sampaoli no Flamengo?\"}]},{\"@type\":\"WebSite\",\"@id\":\"https:\/\/www.gaveanews.com\/#website\",\"url\":\"https:\/\/www.gaveanews.com\/\",\"name\":\"G\u00e1vea News\",\"description\":\"Veja todas as not\u00edcias sobre o Flamengo: Contrata\u00e7\u00f5es, categorias de base, resultados das partidas, tabela de classifica\u00e7\u00e3o, pr\u00f3ximos jogos!\",\"potentialAction\":[{\"@type\":\"SearchAction\",\"target\":{\"@type\":\"EntryPoint\",\"urlTemplate\":\"https:\/\/www.gaveanews.com\/?s={search_term_string}\"},\"query-input\":{\"@type\":\"PropertyValueSpecification\",\"valueRequired\":true,\"valueName\":\"search_term_string\"}}],\"inLanguage\":\"pt-BR\"},{\"@type\":\"Person\",\"@id\":\"https:\/\/www.gaveanews.com\/#\/schema\/person\/2ec14f73fb96be2caf28f91afb14749d\",\"name\":\"Equipe G\u00e1vea News\",\"image\":{\"@type\":\"ImageObject\",\"inLanguage\":\"pt-BR\",\"@id\":\"https:\/\/www.gaveanews.com\/#\/schema\/person\/image\/\",\"url\":\"https:\/\/secure.gravatar.com\/avatar\/1e1956f1facbffd3f8fa53a326721950116b3b9dc9bd44939c01180fd4a745a9?s=96&d=mm&r=g\",\"contentUrl\":\"https:\/\/secure.gravatar.com\/avatar\/1e1956f1facbffd3f8fa53a326721950116b3b9dc9bd44939c01180fd4a745a9?s=96&d=mm&r=g\",\"caption\":\"Equipe G\u00e1vea News\"}}]}<\/script>\n<!-- \/ Yoast SEO Premium plugin. -->","yoast_head_json":{"title":"Como fica a situa\u00e7\u00e3o de Jorge Sampaoli no Flamengo?","robots":{"index":"index","follow":"follow","max-snippet":"max-snippet:-1","max-image-preview":"max-image-preview:large","max-video-preview":"max-video-preview:-1"},"canonical":"https:\/\/www.gaveanews.com\/index.php\/2023\/08\/11\/como-fica-a-situacao-de-jorge-sampaoli-no-flamengo\/","og_locale":"pt_BR","og_type":"article","og_title":"Como fica a situa\u00e7\u00e3o de Jorge Sampaoli no Flamengo?","og_description":"Perdido. Assim era o olhar de Sampaoli ap\u00f3s a expuls\u00e3o antes da elimina\u00e7\u00e3o do Flamengo na Libertadores. Durante o jogo com o Olimpia, apesar dos gestos e andan\u00e7as de um lado para o outro, demonstrava a j\u00e1 conhecida desconex\u00e3o com o grupo de jogadores. Agora, seu futuro se torna incerto. Ainda h\u00e1 chance de t\u00edtulo [&hellip;]","og_url":"https:\/\/www.gaveanews.com\/index.php\/2023\/08\/11\/como-fica-a-situacao-de-jorge-sampaoli-no-flamengo\/","og_site_name":"G\u00e1vea News","article_publisher":"https:\/\/facebook.com\/gaveaNews\/","article_published_time":"2023-08-11T09:46:30+00:00","article_modified_time":"2023-08-11T09:46:33+00:00","og_image":[{"width":876,"height":484,"url":"https:\/\/www.gaveanews.com\/wp-content\/uploads\/sampaoli-coletiva-flamengo.webp","type":"image\/webp"}],"author":"Equipe G\u00e1vea News","twitter_card":"summary_large_image","twitter_misc":{"Escrito por":"Equipe G\u00e1vea News","Est. tempo de leitura":"3 minutos"},"schema":{"@context":"https:\/\/schema.org","@graph":[{"@type":"NewsArticle","@id":"https:\/\/www.gaveanews.com\/index.php\/2023\/08\/11\/como-fica-a-situacao-de-jorge-sampaoli-no-flamengo\/#article","isPartOf":{"@id":"https:\/\/www.gaveanews.com\/index.php\/2023\/08\/11\/como-fica-a-situacao-de-jorge-sampaoli-no-flamengo\/"},"author":{"name":"Equipe G\u00e1vea News","@id":"https:\/\/www.gaveanews.com\/#\/schema\/person\/2ec14f73fb96be2caf28f91afb14749d"},"headline":"Como fica a situa\u00e7\u00e3o de Jorge Sampaoli no Flamengo?","datePublished":"2023-08-11T09:46:30+00:00","dateModified":"2023-08-11T09:46:33+00:00","mainEntityOfPage":{"@id":"https:\/\/www.gaveanews.com\/index.php\/2023\/08\/11\/como-fica-a-situacao-de-jorge-sampaoli-no-flamengo\/"},"wordCount":587,"commentCount":0,"image":{"@id":"https:\/\/www.gaveanews.com\/index.php\/2023\/08\/11\/como-fica-a-situacao-de-jorge-sampaoli-no-flamengo\/#primaryimage"},"thumbnailUrl":"https:\/\/www.gaveanews.com\/wp-content\/uploads\/sampaoli-coletiva-flamengo.webp","articleSection":["Flamengo"],"inLanguage":"pt-BR","potentialAction":[{"@type":"CommentAction","name":"Comment","target":["https:\/\/www.gaveanews.com\/index.php\/2023\/08\/11\/como-fica-a-situacao-de-jorge-sampaoli-no-flamengo\/#respond"]}],"copyrightYear":"2023","copyrightHolder":{"@id":"https:\/\/www.gaveanews.com\/#organization"}},{"@type":"WebPage","@id":"https:\/\/www.gaveanews.com\/index.php\/2023\/08\/11\/como-fica-a-situacao-de-jorge-sampaoli-no-flamengo\/","url":"https:\/\/www.gaveanews.com\/index.php\/2023\/08\/11\/como-fica-a-situacao-de-jorge-sampaoli-no-flamengo\/","name":"Como fica a situa\u00e7\u00e3o de Jorge Sampaoli no Flamengo?","isPartOf":{"@id":"https:\/\/www.gaveanews.com\/#website"},"primaryImageOfPage":{"@id":"https:\/\/www.gaveanews.com\/index.php\/2023\/08\/11\/como-fica-a-situacao-de-jorge-sampaoli-no-flamengo\/#primaryimage"},"image":{"@id":"https:\/\/www.gaveanews.com\/index.php\/2023\/08\/11\/como-fica-a-situacao-de-jorge-sampaoli-no-flamengo\/#primaryimage"},"thumbnailUrl":"https:\/\/www.gaveanews.com\/wp-content\/uploads\/sampaoli-coletiva-flamengo.webp","datePublished":"2023-08-11T09:46:30+00:00","dateModified":"2023-08-11T09:46:33+00:00","author":{"@id":"https:\/\/www.gaveanews.com\/#\/schema\/person\/2ec14f73fb96be2caf28f91afb14749d"},"breadcrumb":{"@id":"https:\/\/www.gaveanews.com\/index.php\/2023\/08\/11\/como-fica-a-situacao-de-jorge-sampaoli-no-flamengo\/#breadcrumb"},"inLanguage":"pt-BR","potentialAction":[{"@type":"ReadAction","target":["https:\/\/www.gaveanews.com\/index.php\/2023\/08\/11\/como-fica-a-situacao-de-jorge-sampaoli-no-flamengo\/"]}]},{"@type":"ImageObject","inLanguage":"pt-BR","@id":"https:\/\/www.gaveanews.com\/index.php\/2023\/08\/11\/como-fica-a-situacao-de-jorge-sampaoli-no-flamengo\/#primaryimage","url":"https:\/\/www.gaveanews.com\/wp-content\/uploads\/sampaoli-coletiva-flamengo.webp","contentUrl":"https:\/\/www.gaveanews.com\/wp-content\/uploads\/sampaoli-coletiva-flamengo.webp","width":876,"height":484,"caption":"Sampaoli em entrevista coletiva do Flamengo (Foto: Gilvan de Souza\/Flamengo)"},{"@type":"BreadcrumbList","@id":"https:\/\/www.gaveanews.com\/index.php\/2023\/08\/11\/como-fica-a-situacao-de-jorge-sampaoli-no-flamengo\/#breadcrumb","itemListElement":[{"@type":"ListItem","position":1,"name":"Home","item":"https:\/\/www.gaveanews.com\/"},{"@type":"ListItem","position":2,"name":"Como fica a situa\u00e7\u00e3o de Jorge Sampaoli no Flamengo?"}]},{"@type":"WebSite","@id":"https:\/\/www.gaveanews.com\/#website","url":"https:\/\/www.gaveanews.com\/","name":"G\u00e1vea News","description":"Veja todas as not\u00edcias sobre o Flamengo: Contrata\u00e7\u00f5es, categorias de base, resultados das partidas, tabela de classifica\u00e7\u00e3o, pr\u00f3ximos jogos!","potentialAction":[{"@type":"SearchAction","target":{"@type":"EntryPoint","urlTemplate":"https:\/\/www.gaveanews.com\/?s={search_term_string}"},"query-input":{"@type":"PropertyValueSpecification","valueRequired":true,"valueName":"search_term_string"}}],"inLanguage":"pt-BR"},{"@type":"Person","@id":"https:\/\/www.gaveanews.com\/#\/schema\/person\/2ec14f73fb96be2caf28f91afb14749d","name":"Equipe G\u00e1vea News","image":{"@type":"ImageObject","inLanguage":"pt-BR","@id":"https:\/\/www.gaveanews.com\/#\/schema\/person\/image\/","url":"https:\/\/secure.gravatar.com\/avatar\/1e1956f1facbffd3f8fa53a326721950116b3b9dc9bd44939c01180fd4a745a9?s=96&d=mm&r=g","contentUrl":"https:\/\/secure.gravatar.com\/avatar\/1e1956f1facbffd3f8fa53a326721950116b3b9dc9bd44939c01180fd4a745a9?s=96&d=mm&r=g","caption":"Equipe G\u00e1vea News"}}]}},"_links":{"self":[{"href":"https:\/\/www.gaveanews.com\/index.php\/wp-json\/wp\/v2\/posts\/104527","targetHints":{"allow":["GET"]}}],"collection":[{"href":"https:\/\/www.gaveanews.com\/index.php\/wp-json\/wp\/v2\/posts"}],"about":[{"href":"https:\/\/www.gaveanews.com\/index.php\/wp-json\/wp\/v2\/types\/post"}],"author":[{"embeddable":true,"href":"https:\/\/www.gaveanews.com\/index.php\/wp-json\/wp\/v2\/users\/1"}],"replies":[{"embeddable":true,"href":"https:\/\/www.gaveanews.com\/index.php\/wp-json\/wp\/v2\/comments?post=104527"}],"version-history":[{"count":0,"href":"https:\/\/www.gaveanews.com\/index.php\/wp-json\/wp\/v2\/posts\/104527\/revisions"}],"wp:featuredmedia":[{"embeddable":true,"href":"https:\/\/www.gaveanews.com\/index.php\/wp-json\/wp\/v2\/media\/102035"}],"wp:attachment":[{"href":"https:\/\/www.gaveanews.com\/index.php\/wp-json\/wp\/v2\/media?parent=104527"}],"wp:term":[{"taxonomy":"category","embeddable":true,"href":"https:\/\/www.gaveanews.com\/index.php\/wp-json\/wp\/v2\/categories?post=104527"},{"taxonomy":"post_tag","embeddable":true,"href":"https:\/\/www.gaveanews.com\/index.php\/wp-json\/wp\/v2\/tags?post=104527"}],"curies":[{"name":"wp","href":"https:\/\/api.w.org\/{rel}","templated":true}]}}