{"id":104529,"date":"2023-08-11T06:53:44","date_gmt":"2023-08-11T09:53:44","guid":{"rendered":"https:\/\/www.gaveanews.com\/?p=104529"},"modified":"2023-08-11T06:53:46","modified_gmt":"2023-08-11T09:53:46","slug":"pedro-sorriu-nos-acrescimos-de-olimpia-x-flamengo","status":"publish","type":"post","link":"https:\/\/www.gaveanews.com\/index.php\/2023\/08\/11\/pedro-sorriu-nos-acrescimos-de-olimpia-x-flamengo\/","title":{"rendered":"Pedro sorriu nos acr\u00e9scimos de Olimpia x Flamengo?"},"content":{"rendered":"\n<p>Nos minutos seguintes \u00e0 derrota do Flamengo para o Olimpia por 3 a 1, em Assun\u00e7\u00e3o, nesta quinta-feira, uma foto viralizou nas redes sociais: um sorriso de Pedro com o placar do jogo e o rel\u00f3gio sinalizando 49 minutos do segundo tempo. No entanto, a imagem \u00e9 falsa.<\/p>\n\n\n\n<p>A imagem de Pedro sorrindo ocorreu no aquecimento antes do jogo, no gramado do Defensores del Chaco. No sinal disponibilizado pela Conmebol aos detentores de transmiss\u00e3o, a risada chegou \u00e0s 20h48, quando a equipe estava no vesti\u00e1rio, mas a entidade recuperava diferentes imagens do aquecimento.<\/p>\n\n\n\n<figure class=\"wp-block-image size-large\"><img decoding=\"async\" src=\"https:\/\/s2-ge.glbimg.com\/ufjKsrbybXUovzxKECyqhx7XQ_Q=\/0x0:621x443\/984x0\/smart\/filters:strip_icc()\/i.s3.glbimg.com\/v1\/AUTH_bc8228b6673f488aa253bbcb03c80ec5\/internal_photos\/bs\/2023\/k\/N\/9OqJfpQmKyA19iDQ7YGg\/pedddddd.webp\" alt=\"\"\/><\/figure>\n\n\n\n<p>Depois da elimina\u00e7\u00e3o, foi feita a montagem acrescentando o placar e o rel\u00f3gio nos acr\u00e9scimos. Aos 49 do segundo tempo, a transmiss\u00e3o mostrava o \u00e1rbitro Wilmar Rold\u00e1n confirmando a anula\u00e7\u00e3o do gol de Victor Hugo.<\/p>\n\n\n\n<p>Pedro n\u00e3o entrou em campo na partida desta quinta, que decretou a elimina\u00e7\u00e3o do Flamengo da Libertadores. Classificado, o Olimpia enfrentar\u00e1 o Fluminense nas quartas de final, nas semanas de 23 e 30 de agosto.<\/p>\n\n\n\n<figure class=\"wp-block-image size-large\"><img decoding=\"async\" src=\"https:\/\/s2-ge.glbimg.com\/_rd3WuoFh6ay9zqA_51ePH1nXTo=\/0x0:1024x774\/984x0\/smart\/filters:strip_icc()\/i.s3.glbimg.com\/v1\/AUTH_bc8228b6673f488aa253bbcb03c80ec5\/internal_photos\/bs\/2023\/3\/I\/APiM34QMmLwg0Uu36Mhg\/whatsapp-image-2023-08-10-at-23.28-2.webp\" alt=\"\"\/><\/figure>\n\n\n\n<p>Retirado de: Globo Esporte <\/p>\n","protected":false},"excerpt":{"rendered":"<p>Nos minutos seguintes \u00e0 derrota do Flamengo para o Olimpia por 3 a 1, em Assun\u00e7\u00e3o, nesta quinta-feira, uma foto viralizou nas redes sociais: um sorriso de Pedro com o placar do jogo e o rel\u00f3gio sinalizando 49 minutos do segundo tempo. No entanto, a imagem \u00e9 falsa. A imagem de Pedro sorrindo ocorreu no [&hellip;]<\/p>\n","protected":false},"author":1,"featured_media":94137,"comment_status":"open","ping_status":"closed","sticky":false,"template":"","format":"standard","meta":{"footnotes":""},"categories":[1],"tags":[],"class_list":["post-104529","post","type-post","status-publish","format-standard","has-post-thumbnail","hentry","category-flamengo"],"yoast_head":"<!-- This site is optimized with the Yoast SEO Premium plugin v24.2 (Yoast SEO v26.9) - https:\/\/yoast.com\/product\/yoast-seo-premium-wordpress\/ -->\n<title>Pedro sorriu nos acr\u00e9scimos de Olimpia x Flamengo?<\/title>\n<meta name=\"robots\" content=\"index, follow, max-snippet:-1, max-image-preview:large, max-video-preview:-1\" \/>\n<link rel=\"canonical\" href=\"https:\/\/www.gaveanews.com\/index.php\/2023\/08\/11\/pedro-sorriu-nos-acrescimos-de-olimpia-x-flamengo\/\" \/>\n<meta property=\"og:locale\" content=\"pt_BR\" \/>\n<meta property=\"og:type\" content=\"article\" \/>\n<meta property=\"og:title\" content=\"Pedro sorriu nos acr\u00e9scimos de Olimpia x Flamengo?\" \/>\n<meta property=\"og:description\" content=\"Nos minutos seguintes \u00e0 derrota do Flamengo para o Olimpia por 3 a 1, em Assun\u00e7\u00e3o, nesta quinta-feira, uma foto viralizou nas redes sociais: um sorriso de Pedro com o placar do jogo e o rel\u00f3gio sinalizando 49 minutos do segundo tempo. No entanto, a imagem \u00e9 falsa. A imagem de Pedro sorrindo ocorreu no [&hellip;]\" \/>\n<meta property=\"og:url\" content=\"https:\/\/www.gaveanews.com\/index.php\/2023\/08\/11\/pedro-sorriu-nos-acrescimos-de-olimpia-x-flamengo\/\" \/>\n<meta property=\"og:site_name\" content=\"G\u00e1vea News\" \/>\n<meta property=\"article:publisher\" content=\"https:\/\/facebook.com\/gaveaNews\/\" \/>\n<meta property=\"article:published_time\" content=\"2023-08-11T09:53:44+00:00\" \/>\n<meta property=\"article:modified_time\" content=\"2023-08-11T09:53:46+00:00\" \/>\n<meta property=\"og:image\" content=\"https:\/\/www.gaveanews.com\/wp-content\/uploads\/pedro-everton-ribeiro-flamengo.webp\" \/>\n\t<meta property=\"og:image:width\" content=\"594\" \/>\n\t<meta property=\"og:image:height\" content=\"680\" \/>\n\t<meta property=\"og:image:type\" content=\"image\/jpeg\" \/>\n<meta name=\"author\" content=\"Equipe G\u00e1vea News\" \/>\n<meta name=\"twitter:card\" content=\"summary_large_image\" \/>\n<meta name=\"twitter:label1\" content=\"Escrito por\" \/>\n\t<meta name=\"twitter:data1\" content=\"Equipe G\u00e1vea News\" \/>\n\t<meta name=\"twitter:label2\" content=\"Est. tempo de leitura\" \/>\n\t<meta name=\"twitter:data2\" content=\"2 minutos\" \/>\n<script type=\"application\/ld+json\" class=\"yoast-schema-graph\">{\"@context\":\"https:\/\/schema.org\",\"@graph\":[{\"@type\":\"NewsArticle\",\"@id\":\"https:\/\/www.gaveanews.com\/index.php\/2023\/08\/11\/pedro-sorriu-nos-acrescimos-de-olimpia-x-flamengo\/#article\",\"isPartOf\":{\"@id\":\"https:\/\/www.gaveanews.com\/index.php\/2023\/08\/11\/pedro-sorriu-nos-acrescimos-de-olimpia-x-flamengo\/\"},\"author\":{\"name\":\"Equipe G\u00e1vea News\",\"@id\":\"https:\/\/www.gaveanews.com\/#\/schema\/person\/2ec14f73fb96be2caf28f91afb14749d\"},\"headline\":\"Pedro sorriu nos acr\u00e9scimos de Olimpia x Flamengo?\",\"datePublished\":\"2023-08-11T09:53:44+00:00\",\"dateModified\":\"2023-08-11T09:53:46+00:00\",\"mainEntityOfPage\":{\"@id\":\"https:\/\/www.gaveanews.com\/index.php\/2023\/08\/11\/pedro-sorriu-nos-acrescimos-de-olimpia-x-flamengo\/\"},\"wordCount\":180,\"commentCount\":0,\"image\":{\"@id\":\"https:\/\/www.gaveanews.com\/index.php\/2023\/08\/11\/pedro-sorriu-nos-acrescimos-de-olimpia-x-flamengo\/#primaryimage\"},\"thumbnailUrl\":\"https:\/\/www.gaveanews.com\/wp-content\/uploads\/pedro-everton-ribeiro-flamengo.webp\",\"articleSection\":[\"Flamengo\"],\"inLanguage\":\"pt-BR\",\"potentialAction\":[{\"@type\":\"CommentAction\",\"name\":\"Comment\",\"target\":[\"https:\/\/www.gaveanews.com\/index.php\/2023\/08\/11\/pedro-sorriu-nos-acrescimos-de-olimpia-x-flamengo\/#respond\"]}],\"copyrightYear\":\"2023\",\"copyrightHolder\":{\"@id\":\"https:\/\/www.gaveanews.com\/#organization\"}},{\"@type\":\"WebPage\",\"@id\":\"https:\/\/www.gaveanews.com\/index.php\/2023\/08\/11\/pedro-sorriu-nos-acrescimos-de-olimpia-x-flamengo\/\",\"url\":\"https:\/\/www.gaveanews.com\/index.php\/2023\/08\/11\/pedro-sorriu-nos-acrescimos-de-olimpia-x-flamengo\/\",\"name\":\"Pedro sorriu nos acr\u00e9scimos de Olimpia x Flamengo?\",\"isPartOf\":{\"@id\":\"https:\/\/www.gaveanews.com\/#website\"},\"primaryImageOfPage\":{\"@id\":\"https:\/\/www.gaveanews.com\/index.php\/2023\/08\/11\/pedro-sorriu-nos-acrescimos-de-olimpia-x-flamengo\/#primaryimage\"},\"image\":{\"@id\":\"https:\/\/www.gaveanews.com\/index.php\/2023\/08\/11\/pedro-sorriu-nos-acrescimos-de-olimpia-x-flamengo\/#primaryimage\"},\"thumbnailUrl\":\"https:\/\/www.gaveanews.com\/wp-content\/uploads\/pedro-everton-ribeiro-flamengo.webp\",\"datePublished\":\"2023-08-11T09:53:44+00:00\",\"dateModified\":\"2023-08-11T09:53:46+00:00\",\"author\":{\"@id\":\"https:\/\/www.gaveanews.com\/#\/schema\/person\/2ec14f73fb96be2caf28f91afb14749d\"},\"breadcrumb\":{\"@id\":\"https:\/\/www.gaveanews.com\/index.php\/2023\/08\/11\/pedro-sorriu-nos-acrescimos-de-olimpia-x-flamengo\/#breadcrumb\"},\"inLanguage\":\"pt-BR\",\"potentialAction\":[{\"@type\":\"ReadAction\",\"target\":[\"https:\/\/www.gaveanews.com\/index.php\/2023\/08\/11\/pedro-sorriu-nos-acrescimos-de-olimpia-x-flamengo\/\"]}]},{\"@type\":\"ImageObject\",\"inLanguage\":\"pt-BR\",\"@id\":\"https:\/\/www.gaveanews.com\/index.php\/2023\/08\/11\/pedro-sorriu-nos-acrescimos-de-olimpia-x-flamengo\/#primaryimage\",\"url\":\"https:\/\/www.gaveanews.com\/wp-content\/uploads\/pedro-everton-ribeiro-flamengo.webp\",\"contentUrl\":\"https:\/\/www.gaveanews.com\/wp-content\/uploads\/pedro-everton-ribeiro-flamengo.webp\",\"width\":594,\"height\":680,\"caption\":\"Pedro e Everton Ribeiro em treino do Flamengo no Ninho do Urubu (Foto: Marcelo Cortes\/Flamengo)\"},{\"@type\":\"BreadcrumbList\",\"@id\":\"https:\/\/www.gaveanews.com\/index.php\/2023\/08\/11\/pedro-sorriu-nos-acrescimos-de-olimpia-x-flamengo\/#breadcrumb\",\"itemListElement\":[{\"@type\":\"ListItem\",\"position\":1,\"name\":\"Home\",\"item\":\"https:\/\/www.gaveanews.com\/\"},{\"@type\":\"ListItem\",\"position\":2,\"name\":\"Pedro sorriu nos acr\u00e9scimos de Olimpia x Flamengo?\"}]},{\"@type\":\"WebSite\",\"@id\":\"https:\/\/www.gaveanews.com\/#website\",\"url\":\"https:\/\/www.gaveanews.com\/\",\"name\":\"G\u00e1vea News\",\"description\":\"Veja todas as not\u00edcias sobre o Flamengo: Contrata\u00e7\u00f5es, categorias de base, resultados das partidas, tabela de classifica\u00e7\u00e3o, pr\u00f3ximos jogos!\",\"potentialAction\":[{\"@type\":\"SearchAction\",\"target\":{\"@type\":\"EntryPoint\",\"urlTemplate\":\"https:\/\/www.gaveanews.com\/?s={search_term_string}\"},\"query-input\":{\"@type\":\"PropertyValueSpecification\",\"valueRequired\":true,\"valueName\":\"search_term_string\"}}],\"inLanguage\":\"pt-BR\"},{\"@type\":\"Person\",\"@id\":\"https:\/\/www.gaveanews.com\/#\/schema\/person\/2ec14f73fb96be2caf28f91afb14749d\",\"name\":\"Equipe G\u00e1vea News\",\"image\":{\"@type\":\"ImageObject\",\"inLanguage\":\"pt-BR\",\"@id\":\"https:\/\/www.gaveanews.com\/#\/schema\/person\/image\/\",\"url\":\"https:\/\/secure.gravatar.com\/avatar\/1e1956f1facbffd3f8fa53a326721950116b3b9dc9bd44939c01180fd4a745a9?s=96&d=mm&r=g\",\"contentUrl\":\"https:\/\/secure.gravatar.com\/avatar\/1e1956f1facbffd3f8fa53a326721950116b3b9dc9bd44939c01180fd4a745a9?s=96&d=mm&r=g\",\"caption\":\"Equipe G\u00e1vea News\"}}]}<\/script>\n<!-- \/ Yoast SEO Premium plugin. -->","yoast_head_json":{"title":"Pedro sorriu nos acr\u00e9scimos de Olimpia x Flamengo?","robots":{"index":"index","follow":"follow","max-snippet":"max-snippet:-1","max-image-preview":"max-image-preview:large","max-video-preview":"max-video-preview:-1"},"canonical":"https:\/\/www.gaveanews.com\/index.php\/2023\/08\/11\/pedro-sorriu-nos-acrescimos-de-olimpia-x-flamengo\/","og_locale":"pt_BR","og_type":"article","og_title":"Pedro sorriu nos acr\u00e9scimos de Olimpia x Flamengo?","og_description":"Nos minutos seguintes \u00e0 derrota do Flamengo para o Olimpia por 3 a 1, em Assun\u00e7\u00e3o, nesta quinta-feira, uma foto viralizou nas redes sociais: um sorriso de Pedro com o placar do jogo e o rel\u00f3gio sinalizando 49 minutos do segundo tempo. No entanto, a imagem \u00e9 falsa. A imagem de Pedro sorrindo ocorreu no [&hellip;]","og_url":"https:\/\/www.gaveanews.com\/index.php\/2023\/08\/11\/pedro-sorriu-nos-acrescimos-de-olimpia-x-flamengo\/","og_site_name":"G\u00e1vea News","article_publisher":"https:\/\/facebook.com\/gaveaNews\/","article_published_time":"2023-08-11T09:53:44+00:00","article_modified_time":"2023-08-11T09:53:46+00:00","og_image":[{"width":594,"height":680,"url":"https:\/\/www.gaveanews.com\/wp-content\/uploads\/pedro-everton-ribeiro-flamengo.webp","type":"image\/jpeg"}],"author":"Equipe G\u00e1vea News","twitter_card":"summary_large_image","twitter_misc":{"Escrito por":"Equipe G\u00e1vea News","Est. tempo de leitura":"2 minutos"},"schema":{"@context":"https:\/\/schema.org","@graph":[{"@type":"NewsArticle","@id":"https:\/\/www.gaveanews.com\/index.php\/2023\/08\/11\/pedro-sorriu-nos-acrescimos-de-olimpia-x-flamengo\/#article","isPartOf":{"@id":"https:\/\/www.gaveanews.com\/index.php\/2023\/08\/11\/pedro-sorriu-nos-acrescimos-de-olimpia-x-flamengo\/"},"author":{"name":"Equipe G\u00e1vea News","@id":"https:\/\/www.gaveanews.com\/#\/schema\/person\/2ec14f73fb96be2caf28f91afb14749d"},"headline":"Pedro sorriu nos acr\u00e9scimos de Olimpia x Flamengo?","datePublished":"2023-08-11T09:53:44+00:00","dateModified":"2023-08-11T09:53:46+00:00","mainEntityOfPage":{"@id":"https:\/\/www.gaveanews.com\/index.php\/2023\/08\/11\/pedro-sorriu-nos-acrescimos-de-olimpia-x-flamengo\/"},"wordCount":180,"commentCount":0,"image":{"@id":"https:\/\/www.gaveanews.com\/index.php\/2023\/08\/11\/pedro-sorriu-nos-acrescimos-de-olimpia-x-flamengo\/#primaryimage"},"thumbnailUrl":"https:\/\/www.gaveanews.com\/wp-content\/uploads\/pedro-everton-ribeiro-flamengo.webp","articleSection":["Flamengo"],"inLanguage":"pt-BR","potentialAction":[{"@type":"CommentAction","name":"Comment","target":["https:\/\/www.gaveanews.com\/index.php\/2023\/08\/11\/pedro-sorriu-nos-acrescimos-de-olimpia-x-flamengo\/#respond"]}],"copyrightYear":"2023","copyrightHolder":{"@id":"https:\/\/www.gaveanews.com\/#organization"}},{"@type":"WebPage","@id":"https:\/\/www.gaveanews.com\/index.php\/2023\/08\/11\/pedro-sorriu-nos-acrescimos-de-olimpia-x-flamengo\/","url":"https:\/\/www.gaveanews.com\/index.php\/2023\/08\/11\/pedro-sorriu-nos-acrescimos-de-olimpia-x-flamengo\/","name":"Pedro sorriu nos acr\u00e9scimos de Olimpia x Flamengo?","isPartOf":{"@id":"https:\/\/www.gaveanews.com\/#website"},"primaryImageOfPage":{"@id":"https:\/\/www.gaveanews.com\/index.php\/2023\/08\/11\/pedro-sorriu-nos-acrescimos-de-olimpia-x-flamengo\/#primaryimage"},"image":{"@id":"https:\/\/www.gaveanews.com\/index.php\/2023\/08\/11\/pedro-sorriu-nos-acrescimos-de-olimpia-x-flamengo\/#primaryimage"},"thumbnailUrl":"https:\/\/www.gaveanews.com\/wp-content\/uploads\/pedro-everton-ribeiro-flamengo.webp","datePublished":"2023-08-11T09:53:44+00:00","dateModified":"2023-08-11T09:53:46+00:00","author":{"@id":"https:\/\/www.gaveanews.com\/#\/schema\/person\/2ec14f73fb96be2caf28f91afb14749d"},"breadcrumb":{"@id":"https:\/\/www.gaveanews.com\/index.php\/2023\/08\/11\/pedro-sorriu-nos-acrescimos-de-olimpia-x-flamengo\/#breadcrumb"},"inLanguage":"pt-BR","potentialAction":[{"@type":"ReadAction","target":["https:\/\/www.gaveanews.com\/index.php\/2023\/08\/11\/pedro-sorriu-nos-acrescimos-de-olimpia-x-flamengo\/"]}]},{"@type":"ImageObject","inLanguage":"pt-BR","@id":"https:\/\/www.gaveanews.com\/index.php\/2023\/08\/11\/pedro-sorriu-nos-acrescimos-de-olimpia-x-flamengo\/#primaryimage","url":"https:\/\/www.gaveanews.com\/wp-content\/uploads\/pedro-everton-ribeiro-flamengo.webp","contentUrl":"https:\/\/www.gaveanews.com\/wp-content\/uploads\/pedro-everton-ribeiro-flamengo.webp","width":594,"height":680,"caption":"Pedro e Everton Ribeiro em treino do Flamengo no Ninho do Urubu (Foto: Marcelo Cortes\/Flamengo)"},{"@type":"BreadcrumbList","@id":"https:\/\/www.gaveanews.com\/index.php\/2023\/08\/11\/pedro-sorriu-nos-acrescimos-de-olimpia-x-flamengo\/#breadcrumb","itemListElement":[{"@type":"ListItem","position":1,"name":"Home","item":"https:\/\/www.gaveanews.com\/"},{"@type":"ListItem","position":2,"name":"Pedro sorriu nos acr\u00e9scimos de Olimpia x Flamengo?"}]},{"@type":"WebSite","@id":"https:\/\/www.gaveanews.com\/#website","url":"https:\/\/www.gaveanews.com\/","name":"G\u00e1vea News","description":"Veja todas as not\u00edcias sobre o Flamengo: Contrata\u00e7\u00f5es, categorias de base, resultados das partidas, tabela de classifica\u00e7\u00e3o, pr\u00f3ximos jogos!","potentialAction":[{"@type":"SearchAction","target":{"@type":"EntryPoint","urlTemplate":"https:\/\/www.gaveanews.com\/?s={search_term_string}"},"query-input":{"@type":"PropertyValueSpecification","valueRequired":true,"valueName":"search_term_string"}}],"inLanguage":"pt-BR"},{"@type":"Person","@id":"https:\/\/www.gaveanews.com\/#\/schema\/person\/2ec14f73fb96be2caf28f91afb14749d","name":"Equipe G\u00e1vea News","image":{"@type":"ImageObject","inLanguage":"pt-BR","@id":"https:\/\/www.gaveanews.com\/#\/schema\/person\/image\/","url":"https:\/\/secure.gravatar.com\/avatar\/1e1956f1facbffd3f8fa53a326721950116b3b9dc9bd44939c01180fd4a745a9?s=96&d=mm&r=g","contentUrl":"https:\/\/secure.gravatar.com\/avatar\/1e1956f1facbffd3f8fa53a326721950116b3b9dc9bd44939c01180fd4a745a9?s=96&d=mm&r=g","caption":"Equipe G\u00e1vea News"}}]}},"_links":{"self":[{"href":"https:\/\/www.gaveanews.com\/index.php\/wp-json\/wp\/v2\/posts\/104529","targetHints":{"allow":["GET"]}}],"collection":[{"href":"https:\/\/www.gaveanews.com\/index.php\/wp-json\/wp\/v2\/posts"}],"about":[{"href":"https:\/\/www.gaveanews.com\/index.php\/wp-json\/wp\/v2\/types\/post"}],"author":[{"embeddable":true,"href":"https:\/\/www.gaveanews.com\/index.php\/wp-json\/wp\/v2\/users\/1"}],"replies":[{"embeddable":true,"href":"https:\/\/www.gaveanews.com\/index.php\/wp-json\/wp\/v2\/comments?post=104529"}],"version-history":[{"count":0,"href":"https:\/\/www.gaveanews.com\/index.php\/wp-json\/wp\/v2\/posts\/104529\/revisions"}],"wp:featuredmedia":[{"embeddable":true,"href":"https:\/\/www.gaveanews.com\/index.php\/wp-json\/wp\/v2\/media\/94137"}],"wp:attachment":[{"href":"https:\/\/www.gaveanews.com\/index.php\/wp-json\/wp\/v2\/media?parent=104529"}],"wp:term":[{"taxonomy":"category","embeddable":true,"href":"https:\/\/www.gaveanews.com\/index.php\/wp-json\/wp\/v2\/categories?post=104529"},{"taxonomy":"post_tag","embeddable":true,"href":"https:\/\/www.gaveanews.com\/index.php\/wp-json\/wp\/v2\/tags?post=104529"}],"curies":[{"name":"wp","href":"https:\/\/api.w.org\/{rel}","templated":true}]}}