{"id":104531,"date":"2023-08-11T07:57:05","date_gmt":"2023-08-11T10:57:05","guid":{"rendered":"https:\/\/www.gaveanews.com\/?p=104531"},"modified":"2023-08-11T07:57:08","modified_gmt":"2023-08-11T10:57:08","slug":"video-flamengo-desembarca-no-rio-de-janeiro-com-protesto-da-torcida","status":"publish","type":"post","link":"https:\/\/www.gaveanews.com\/index.php\/2023\/08\/11\/video-flamengo-desembarca-no-rio-de-janeiro-com-protesto-da-torcida\/","title":{"rendered":"V\u00eddeo: Flamengo desembarca no Rio de Janeiro com protesto da torcida"},"content":{"rendered":"\n<p>Depois para a elimina\u00e7\u00e3o para o Olimpia nas oitavas de final da Libertadores, com derrota por 3 a 1 em Assun\u00e7\u00e3o, o Flamengo desembarcou sob muito protesto da torcida na madrugada desta sexta-feira, no Aeroporto Internacional do Gale\u00e3o, no Rio de Janeiro.<\/p>\n\n\n\n<p>Dezenas de torcedores foram ao aeroporto protestar e entoaram cantos como &#8220;time sem vergonha!&#8221; e &#8220;acabou o amor, isso aqui vai virar um inferno&#8221; na frente do \u00f4nibus da delega\u00e7\u00e3o, ainda antes de jogadores e comiss\u00e3o t\u00e9cnica desembarcarem.<\/p>\n\n\n\n<figure class=\"wp-block-embed is-type-rich is-provider-twitter wp-block-embed-twitter\"><div class=\"wp-block-embed__wrapper\">\n<blockquote class=\"twitter-tweet\" data-width=\"550\" data-dnt=\"true\"><p lang=\"pt\" dir=\"ltr\">A chegada dos jogadores do Flamengo ao Rio teve protesto de torcedores no Gale\u00e3o. A PM para dispersar fez uso de spray de pimenta, retribu\u00eddo com latinhas cheias. <a href=\"https:\/\/twitter.com\/hashtag\/gefla?src=hash&amp;ref_src=twsrc%5Etfw\">#gefla<\/a> <a href=\"https:\/\/t.co\/OFdNeJrd2a\">pic.twitter.com\/OFdNeJrd2a<\/a><\/p>&mdash; Ronald Lincoln (@ronaldlincoln) <a href=\"https:\/\/twitter.com\/ronaldlincoln\/status\/1689915378397286400?ref_src=twsrc%5Etfw\">August 11, 2023<\/a><\/blockquote><script async src=\"https:\/\/platform.twitter.com\/widgets.js\" charset=\"utf-8\"><\/script>\n<\/div><\/figure>\n\n\n\n<p>Houve confus\u00e3o em certo momento. A pol\u00edcia deslocada para fazer a seguran\u00e7a do desembarque usou g\u00e1s de pimenta para afastar os torcedores, que responderam com arremesso de latas e outros objetos.<\/p>\n\n\n\n<p>Na chegada dos jogadores, a seguran\u00e7a fez um cord\u00e3o de isolamento e afastou os torcedores presentes da entrada do \u00f4nibus. O elenco embarcou rapidamente sob muito protestos e novos arremessos de latas foram direcionados \u00e0 delega\u00e7\u00e3o.<\/p>\n\n\n\n<p>Em seguida, o \u00f4nibus demorou para deixar o local porque os rubro-negros cercaram o ve\u00edculo e impediram a passagem, causando empurra-empurra e mais confus\u00e3o. A pol\u00edcia novamente fez uso de g\u00e1s de pimenta para dispersar a multid\u00e3o, que chegou a sentar na via para impedir o avan\u00e7o. Do embarque no ve\u00edculo at\u00e9 a sa\u00edda do entorno do aeroporto, a delega\u00e7\u00e3o do clube demorou cerca de 40 minutos.<\/p>\n\n\n\n<p>A queda precoce na Libertadores se junta \u00e0 lista de fracassos de uma temporada decepcionante. O Flamengo foi eliminado nas semifinais do Mundial e perdeu os t\u00edtulos da Supercopa do Brasil (para o Palmeiras) e da Recopa Sul-Americana (para o Independiente del Valle). Vice no Campeonato Carioca para o Fluminense, a equipe est\u00e1 a 13 pontos do l\u00edder Botafogo no Brasileir\u00e3o e na semifinal da Copa do Brasil.<\/p>\n\n\n\n<p>O time volta a campo no pr\u00f3ximo domingo para enfrentar o S\u00e3o Paulo, \u00e0s 18h30 (de Bras\u00edlia), no Maracan\u00e3.<\/p>\n\n\n\n<p>Retirado de: Globo Esporte<\/p>\n","protected":false},"excerpt":{"rendered":"<p>Depois para a elimina\u00e7\u00e3o para o Olimpia nas oitavas de final da Libertadores, com derrota por 3 a 1 em Assun\u00e7\u00e3o, o Flamengo desembarcou sob muito protesto da torcida na madrugada desta sexta-feira, no Aeroporto Internacional do Gale\u00e3o, no Rio de Janeiro. Dezenas de torcedores foram ao aeroporto protestar e entoaram cantos como &#8220;time sem [&hellip;]<\/p>\n","protected":false},"author":1,"featured_media":85757,"comment_status":"open","ping_status":"closed","sticky":false,"template":"","format":"standard","meta":{"footnotes":""},"categories":[40],"tags":[],"class_list":["post-104531","post","type-post","status-publish","format-standard","has-post-thumbnail","hentry","category-video"],"yoast_head":"<!-- This site is optimized with the Yoast SEO Premium plugin v24.2 (Yoast SEO v26.9) - https:\/\/yoast.com\/product\/yoast-seo-premium-wordpress\/ -->\n<title>V\u00eddeo: Flamengo desembarca no Rio de Janeiro com protesto da torcida<\/title>\n<meta name=\"robots\" content=\"index, follow, max-snippet:-1, max-image-preview:large, max-video-preview:-1\" \/>\n<link rel=\"canonical\" href=\"https:\/\/www.gaveanews.com\/index.php\/2023\/08\/11\/video-flamengo-desembarca-no-rio-de-janeiro-com-protesto-da-torcida\/\" \/>\n<meta property=\"og:locale\" content=\"pt_BR\" \/>\n<meta property=\"og:type\" content=\"article\" \/>\n<meta property=\"og:title\" content=\"V\u00eddeo: Flamengo desembarca no Rio de Janeiro com protesto da torcida\" \/>\n<meta property=\"og:description\" content=\"Depois para a elimina\u00e7\u00e3o para o Olimpia nas oitavas de final da Libertadores, com derrota por 3 a 1 em Assun\u00e7\u00e3o, o Flamengo desembarcou sob muito protesto da torcida na madrugada desta sexta-feira, no Aeroporto Internacional do Gale\u00e3o, no Rio de Janeiro. Dezenas de torcedores foram ao aeroporto protestar e entoaram cantos como &#8220;time sem [&hellip;]\" \/>\n<meta property=\"og:url\" content=\"https:\/\/www.gaveanews.com\/index.php\/2023\/08\/11\/video-flamengo-desembarca-no-rio-de-janeiro-com-protesto-da-torcida\/\" \/>\n<meta property=\"og:site_name\" content=\"G\u00e1vea News\" \/>\n<meta property=\"article:publisher\" content=\"https:\/\/facebook.com\/gaveaNews\/\" \/>\n<meta property=\"article:published_time\" content=\"2023-08-11T10:57:05+00:00\" \/>\n<meta property=\"article:modified_time\" content=\"2023-08-11T10:57:08+00:00\" \/>\n<meta property=\"og:image\" content=\"https:\/\/www.gaveanews.com\/wp-content\/uploads\/Jogadores-do-Flamengo-antes-de-jogo-contra-o-Corinthians-pela-Libertadores.webp\" \/>\n\t<meta property=\"og:image:width\" content=\"799\" \/>\n\t<meta property=\"og:image:height\" content=\"533\" \/>\n\t<meta property=\"og:image:type\" content=\"image\/jpeg\" \/>\n<meta name=\"author\" content=\"Equipe G\u00e1vea News\" \/>\n<meta name=\"twitter:card\" content=\"summary_large_image\" \/>\n<meta name=\"twitter:label1\" content=\"Escrito por\" \/>\n\t<meta name=\"twitter:data1\" content=\"Equipe G\u00e1vea News\" \/>\n\t<meta name=\"twitter:label2\" content=\"Est. tempo de leitura\" \/>\n\t<meta name=\"twitter:data2\" content=\"2 minutos\" \/>\n<script type=\"application\/ld+json\" class=\"yoast-schema-graph\">{\"@context\":\"https:\/\/schema.org\",\"@graph\":[{\"@type\":\"NewsArticle\",\"@id\":\"https:\/\/www.gaveanews.com\/index.php\/2023\/08\/11\/video-flamengo-desembarca-no-rio-de-janeiro-com-protesto-da-torcida\/#article\",\"isPartOf\":{\"@id\":\"https:\/\/www.gaveanews.com\/index.php\/2023\/08\/11\/video-flamengo-desembarca-no-rio-de-janeiro-com-protesto-da-torcida\/\"},\"author\":{\"name\":\"Equipe G\u00e1vea News\",\"@id\":\"https:\/\/www.gaveanews.com\/#\/schema\/person\/2ec14f73fb96be2caf28f91afb14749d\"},\"headline\":\"V\u00eddeo: Flamengo desembarca no Rio de Janeiro com protesto da torcida\",\"datePublished\":\"2023-08-11T10:57:05+00:00\",\"dateModified\":\"2023-08-11T10:57:08+00:00\",\"mainEntityOfPage\":{\"@id\":\"https:\/\/www.gaveanews.com\/index.php\/2023\/08\/11\/video-flamengo-desembarca-no-rio-de-janeiro-com-protesto-da-torcida\/\"},\"wordCount\":344,\"commentCount\":0,\"image\":{\"@id\":\"https:\/\/www.gaveanews.com\/index.php\/2023\/08\/11\/video-flamengo-desembarca-no-rio-de-janeiro-com-protesto-da-torcida\/#primaryimage\"},\"thumbnailUrl\":\"https:\/\/www.gaveanews.com\/wp-content\/uploads\/Jogadores-do-Flamengo-antes-de-jogo-contra-o-Corinthians-pela-Libertadores.webp\",\"articleSection\":[\"V\u00eddeos\"],\"inLanguage\":\"pt-BR\",\"potentialAction\":[{\"@type\":\"CommentAction\",\"name\":\"Comment\",\"target\":[\"https:\/\/www.gaveanews.com\/index.php\/2023\/08\/11\/video-flamengo-desembarca-no-rio-de-janeiro-com-protesto-da-torcida\/#respond\"]}],\"copyrightYear\":\"2023\",\"copyrightHolder\":{\"@id\":\"https:\/\/www.gaveanews.com\/#organization\"}},{\"@type\":\"WebPage\",\"@id\":\"https:\/\/www.gaveanews.com\/index.php\/2023\/08\/11\/video-flamengo-desembarca-no-rio-de-janeiro-com-protesto-da-torcida\/\",\"url\":\"https:\/\/www.gaveanews.com\/index.php\/2023\/08\/11\/video-flamengo-desembarca-no-rio-de-janeiro-com-protesto-da-torcida\/\",\"name\":\"V\u00eddeo: Flamengo desembarca no Rio de Janeiro com protesto da torcida\",\"isPartOf\":{\"@id\":\"https:\/\/www.gaveanews.com\/#website\"},\"primaryImageOfPage\":{\"@id\":\"https:\/\/www.gaveanews.com\/index.php\/2023\/08\/11\/video-flamengo-desembarca-no-rio-de-janeiro-com-protesto-da-torcida\/#primaryimage\"},\"image\":{\"@id\":\"https:\/\/www.gaveanews.com\/index.php\/2023\/08\/11\/video-flamengo-desembarca-no-rio-de-janeiro-com-protesto-da-torcida\/#primaryimage\"},\"thumbnailUrl\":\"https:\/\/www.gaveanews.com\/wp-content\/uploads\/Jogadores-do-Flamengo-antes-de-jogo-contra-o-Corinthians-pela-Libertadores.webp\",\"datePublished\":\"2023-08-11T10:57:05+00:00\",\"dateModified\":\"2023-08-11T10:57:08+00:00\",\"author\":{\"@id\":\"https:\/\/www.gaveanews.com\/#\/schema\/person\/2ec14f73fb96be2caf28f91afb14749d\"},\"breadcrumb\":{\"@id\":\"https:\/\/www.gaveanews.com\/index.php\/2023\/08\/11\/video-flamengo-desembarca-no-rio-de-janeiro-com-protesto-da-torcida\/#breadcrumb\"},\"inLanguage\":\"pt-BR\",\"potentialAction\":[{\"@type\":\"ReadAction\",\"target\":[\"https:\/\/www.gaveanews.com\/index.php\/2023\/08\/11\/video-flamengo-desembarca-no-rio-de-janeiro-com-protesto-da-torcida\/\"]}]},{\"@type\":\"ImageObject\",\"inLanguage\":\"pt-BR\",\"@id\":\"https:\/\/www.gaveanews.com\/index.php\/2023\/08\/11\/video-flamengo-desembarca-no-rio-de-janeiro-com-protesto-da-torcida\/#primaryimage\",\"url\":\"https:\/\/www.gaveanews.com\/wp-content\/uploads\/Jogadores-do-Flamengo-antes-de-jogo-contra-o-Corinthians-pela-Libertadores.webp\",\"contentUrl\":\"https:\/\/www.gaveanews.com\/wp-content\/uploads\/Jogadores-do-Flamengo-antes-de-jogo-contra-o-Corinthians-pela-Libertadores.webp\",\"width\":799,\"height\":533,\"caption\":\"Jogadores do Flamengo antes de jogo contra o Corinthians pela Libertadores (Foto: Alexandre Vidal\/Flamengo)\"},{\"@type\":\"BreadcrumbList\",\"@id\":\"https:\/\/www.gaveanews.com\/index.php\/2023\/08\/11\/video-flamengo-desembarca-no-rio-de-janeiro-com-protesto-da-torcida\/#breadcrumb\",\"itemListElement\":[{\"@type\":\"ListItem\",\"position\":1,\"name\":\"Home\",\"item\":\"https:\/\/www.gaveanews.com\/\"},{\"@type\":\"ListItem\",\"position\":2,\"name\":\"V\u00eddeo: Flamengo desembarca no Rio de Janeiro com protesto da torcida\"}]},{\"@type\":\"WebSite\",\"@id\":\"https:\/\/www.gaveanews.com\/#website\",\"url\":\"https:\/\/www.gaveanews.com\/\",\"name\":\"G\u00e1vea News\",\"description\":\"Veja todas as not\u00edcias sobre o Flamengo: Contrata\u00e7\u00f5es, categorias de base, resultados das partidas, tabela de classifica\u00e7\u00e3o, pr\u00f3ximos jogos!\",\"potentialAction\":[{\"@type\":\"SearchAction\",\"target\":{\"@type\":\"EntryPoint\",\"urlTemplate\":\"https:\/\/www.gaveanews.com\/?s={search_term_string}\"},\"query-input\":{\"@type\":\"PropertyValueSpecification\",\"valueRequired\":true,\"valueName\":\"search_term_string\"}}],\"inLanguage\":\"pt-BR\"},{\"@type\":\"Person\",\"@id\":\"https:\/\/www.gaveanews.com\/#\/schema\/person\/2ec14f73fb96be2caf28f91afb14749d\",\"name\":\"Equipe G\u00e1vea News\",\"image\":{\"@type\":\"ImageObject\",\"inLanguage\":\"pt-BR\",\"@id\":\"https:\/\/www.gaveanews.com\/#\/schema\/person\/image\/\",\"url\":\"https:\/\/secure.gravatar.com\/avatar\/1e1956f1facbffd3f8fa53a326721950116b3b9dc9bd44939c01180fd4a745a9?s=96&d=mm&r=g\",\"contentUrl\":\"https:\/\/secure.gravatar.com\/avatar\/1e1956f1facbffd3f8fa53a326721950116b3b9dc9bd44939c01180fd4a745a9?s=96&d=mm&r=g\",\"caption\":\"Equipe G\u00e1vea News\"}}]}<\/script>\n<!-- \/ Yoast SEO Premium plugin. -->","yoast_head_json":{"title":"V\u00eddeo: Flamengo desembarca no Rio de Janeiro com protesto da torcida","robots":{"index":"index","follow":"follow","max-snippet":"max-snippet:-1","max-image-preview":"max-image-preview:large","max-video-preview":"max-video-preview:-1"},"canonical":"https:\/\/www.gaveanews.com\/index.php\/2023\/08\/11\/video-flamengo-desembarca-no-rio-de-janeiro-com-protesto-da-torcida\/","og_locale":"pt_BR","og_type":"article","og_title":"V\u00eddeo: Flamengo desembarca no Rio de Janeiro com protesto da torcida","og_description":"Depois para a elimina\u00e7\u00e3o para o Olimpia nas oitavas de final da Libertadores, com derrota por 3 a 1 em Assun\u00e7\u00e3o, o Flamengo desembarcou sob muito protesto da torcida na madrugada desta sexta-feira, no Aeroporto Internacional do Gale\u00e3o, no Rio de Janeiro. Dezenas de torcedores foram ao aeroporto protestar e entoaram cantos como &#8220;time sem [&hellip;]","og_url":"https:\/\/www.gaveanews.com\/index.php\/2023\/08\/11\/video-flamengo-desembarca-no-rio-de-janeiro-com-protesto-da-torcida\/","og_site_name":"G\u00e1vea News","article_publisher":"https:\/\/facebook.com\/gaveaNews\/","article_published_time":"2023-08-11T10:57:05+00:00","article_modified_time":"2023-08-11T10:57:08+00:00","og_image":[{"width":799,"height":533,"url":"https:\/\/www.gaveanews.com\/wp-content\/uploads\/Jogadores-do-Flamengo-antes-de-jogo-contra-o-Corinthians-pela-Libertadores.webp","type":"image\/jpeg"}],"author":"Equipe G\u00e1vea News","twitter_card":"summary_large_image","twitter_misc":{"Escrito por":"Equipe G\u00e1vea News","Est. tempo de leitura":"2 minutos"},"schema":{"@context":"https:\/\/schema.org","@graph":[{"@type":"NewsArticle","@id":"https:\/\/www.gaveanews.com\/index.php\/2023\/08\/11\/video-flamengo-desembarca-no-rio-de-janeiro-com-protesto-da-torcida\/#article","isPartOf":{"@id":"https:\/\/www.gaveanews.com\/index.php\/2023\/08\/11\/video-flamengo-desembarca-no-rio-de-janeiro-com-protesto-da-torcida\/"},"author":{"name":"Equipe G\u00e1vea News","@id":"https:\/\/www.gaveanews.com\/#\/schema\/person\/2ec14f73fb96be2caf28f91afb14749d"},"headline":"V\u00eddeo: Flamengo desembarca no Rio de Janeiro com protesto da torcida","datePublished":"2023-08-11T10:57:05+00:00","dateModified":"2023-08-11T10:57:08+00:00","mainEntityOfPage":{"@id":"https:\/\/www.gaveanews.com\/index.php\/2023\/08\/11\/video-flamengo-desembarca-no-rio-de-janeiro-com-protesto-da-torcida\/"},"wordCount":344,"commentCount":0,"image":{"@id":"https:\/\/www.gaveanews.com\/index.php\/2023\/08\/11\/video-flamengo-desembarca-no-rio-de-janeiro-com-protesto-da-torcida\/#primaryimage"},"thumbnailUrl":"https:\/\/www.gaveanews.com\/wp-content\/uploads\/Jogadores-do-Flamengo-antes-de-jogo-contra-o-Corinthians-pela-Libertadores.webp","articleSection":["V\u00eddeos"],"inLanguage":"pt-BR","potentialAction":[{"@type":"CommentAction","name":"Comment","target":["https:\/\/www.gaveanews.com\/index.php\/2023\/08\/11\/video-flamengo-desembarca-no-rio-de-janeiro-com-protesto-da-torcida\/#respond"]}],"copyrightYear":"2023","copyrightHolder":{"@id":"https:\/\/www.gaveanews.com\/#organization"}},{"@type":"WebPage","@id":"https:\/\/www.gaveanews.com\/index.php\/2023\/08\/11\/video-flamengo-desembarca-no-rio-de-janeiro-com-protesto-da-torcida\/","url":"https:\/\/www.gaveanews.com\/index.php\/2023\/08\/11\/video-flamengo-desembarca-no-rio-de-janeiro-com-protesto-da-torcida\/","name":"V\u00eddeo: Flamengo desembarca no Rio de Janeiro com protesto da torcida","isPartOf":{"@id":"https:\/\/www.gaveanews.com\/#website"},"primaryImageOfPage":{"@id":"https:\/\/www.gaveanews.com\/index.php\/2023\/08\/11\/video-flamengo-desembarca-no-rio-de-janeiro-com-protesto-da-torcida\/#primaryimage"},"image":{"@id":"https:\/\/www.gaveanews.com\/index.php\/2023\/08\/11\/video-flamengo-desembarca-no-rio-de-janeiro-com-protesto-da-torcida\/#primaryimage"},"thumbnailUrl":"https:\/\/www.gaveanews.com\/wp-content\/uploads\/Jogadores-do-Flamengo-antes-de-jogo-contra-o-Corinthians-pela-Libertadores.webp","datePublished":"2023-08-11T10:57:05+00:00","dateModified":"2023-08-11T10:57:08+00:00","author":{"@id":"https:\/\/www.gaveanews.com\/#\/schema\/person\/2ec14f73fb96be2caf28f91afb14749d"},"breadcrumb":{"@id":"https:\/\/www.gaveanews.com\/index.php\/2023\/08\/11\/video-flamengo-desembarca-no-rio-de-janeiro-com-protesto-da-torcida\/#breadcrumb"},"inLanguage":"pt-BR","potentialAction":[{"@type":"ReadAction","target":["https:\/\/www.gaveanews.com\/index.php\/2023\/08\/11\/video-flamengo-desembarca-no-rio-de-janeiro-com-protesto-da-torcida\/"]}]},{"@type":"ImageObject","inLanguage":"pt-BR","@id":"https:\/\/www.gaveanews.com\/index.php\/2023\/08\/11\/video-flamengo-desembarca-no-rio-de-janeiro-com-protesto-da-torcida\/#primaryimage","url":"https:\/\/www.gaveanews.com\/wp-content\/uploads\/Jogadores-do-Flamengo-antes-de-jogo-contra-o-Corinthians-pela-Libertadores.webp","contentUrl":"https:\/\/www.gaveanews.com\/wp-content\/uploads\/Jogadores-do-Flamengo-antes-de-jogo-contra-o-Corinthians-pela-Libertadores.webp","width":799,"height":533,"caption":"Jogadores do Flamengo antes de jogo contra o Corinthians pela Libertadores (Foto: Alexandre Vidal\/Flamengo)"},{"@type":"BreadcrumbList","@id":"https:\/\/www.gaveanews.com\/index.php\/2023\/08\/11\/video-flamengo-desembarca-no-rio-de-janeiro-com-protesto-da-torcida\/#breadcrumb","itemListElement":[{"@type":"ListItem","position":1,"name":"Home","item":"https:\/\/www.gaveanews.com\/"},{"@type":"ListItem","position":2,"name":"V\u00eddeo: Flamengo desembarca no Rio de Janeiro com protesto da torcida"}]},{"@type":"WebSite","@id":"https:\/\/www.gaveanews.com\/#website","url":"https:\/\/www.gaveanews.com\/","name":"G\u00e1vea News","description":"Veja todas as not\u00edcias sobre o Flamengo: Contrata\u00e7\u00f5es, categorias de base, resultados das partidas, tabela de classifica\u00e7\u00e3o, pr\u00f3ximos jogos!","potentialAction":[{"@type":"SearchAction","target":{"@type":"EntryPoint","urlTemplate":"https:\/\/www.gaveanews.com\/?s={search_term_string}"},"query-input":{"@type":"PropertyValueSpecification","valueRequired":true,"valueName":"search_term_string"}}],"inLanguage":"pt-BR"},{"@type":"Person","@id":"https:\/\/www.gaveanews.com\/#\/schema\/person\/2ec14f73fb96be2caf28f91afb14749d","name":"Equipe G\u00e1vea News","image":{"@type":"ImageObject","inLanguage":"pt-BR","@id":"https:\/\/www.gaveanews.com\/#\/schema\/person\/image\/","url":"https:\/\/secure.gravatar.com\/avatar\/1e1956f1facbffd3f8fa53a326721950116b3b9dc9bd44939c01180fd4a745a9?s=96&d=mm&r=g","contentUrl":"https:\/\/secure.gravatar.com\/avatar\/1e1956f1facbffd3f8fa53a326721950116b3b9dc9bd44939c01180fd4a745a9?s=96&d=mm&r=g","caption":"Equipe G\u00e1vea News"}}]}},"_links":{"self":[{"href":"https:\/\/www.gaveanews.com\/index.php\/wp-json\/wp\/v2\/posts\/104531","targetHints":{"allow":["GET"]}}],"collection":[{"href":"https:\/\/www.gaveanews.com\/index.php\/wp-json\/wp\/v2\/posts"}],"about":[{"href":"https:\/\/www.gaveanews.com\/index.php\/wp-json\/wp\/v2\/types\/post"}],"author":[{"embeddable":true,"href":"https:\/\/www.gaveanews.com\/index.php\/wp-json\/wp\/v2\/users\/1"}],"replies":[{"embeddable":true,"href":"https:\/\/www.gaveanews.com\/index.php\/wp-json\/wp\/v2\/comments?post=104531"}],"version-history":[{"count":0,"href":"https:\/\/www.gaveanews.com\/index.php\/wp-json\/wp\/v2\/posts\/104531\/revisions"}],"wp:featuredmedia":[{"embeddable":true,"href":"https:\/\/www.gaveanews.com\/index.php\/wp-json\/wp\/v2\/media\/85757"}],"wp:attachment":[{"href":"https:\/\/www.gaveanews.com\/index.php\/wp-json\/wp\/v2\/media?parent=104531"}],"wp:term":[{"taxonomy":"category","embeddable":true,"href":"https:\/\/www.gaveanews.com\/index.php\/wp-json\/wp\/v2\/categories?post=104531"},{"taxonomy":"post_tag","embeddable":true,"href":"https:\/\/www.gaveanews.com\/index.php\/wp-json\/wp\/v2\/tags?post=104531"}],"curies":[{"name":"wp","href":"https:\/\/api.w.org\/{rel}","templated":true}]}}