{"id":104533,"date":"2023-08-11T08:22:14","date_gmt":"2023-08-11T11:22:14","guid":{"rendered":"https:\/\/www.gaveanews.com\/?p=104533"},"modified":"2023-08-11T08:22:17","modified_gmt":"2023-08-11T11:22:17","slug":"pelas-redes-sociais-torcedores-do-flamengo-apontam-culpados-pela-eliminacao-na-libertadores","status":"publish","type":"post","link":"https:\/\/www.gaveanews.com\/index.php\/2023\/08\/11\/pelas-redes-sociais-torcedores-do-flamengo-apontam-culpados-pela-eliminacao-na-libertadores\/","title":{"rendered":"Pelas redes sociais, torcedores do Flamengo apontam culpados pela elimina\u00e7\u00e3o na Libertadores"},"content":{"rendered":"\n<p>O Flamengo est\u00e1 eliminado do Libertadores da Am\u00e9rica. Em partida realizado nesta quinta (10), o rubro-negro perdeu para o Olimpia, de virada, por 3 a 1, e est\u00e1 fora do torneio continental. A vantagem de um gol constru\u00edda no jogo de ida foi facilmente dissipada pelos paraguaios que triunfaram no no Defensores del Chaco.<\/p>\n\n\n\n<p>Nas redes sociais, torcedores do Flamengo ficaram revoltados, sobretudo, pela postura dos jogadores dentro de campo. Ap\u00e1tico, o rubro-negro acabou sendo presa f\u00e1cil para os donos da casa que marcaram com Bruera, Torres e Ortiz. Bruno Henrique fez o de honra para os brasileiros.<\/p>\n\n\n\n<p>Entre os flamenguistas, s\u00e3o v\u00e1rios os culpados pela elimina\u00e7\u00e3o. Al\u00e9m da presid\u00eancia e dire\u00e7\u00e3o formada por Rodolfo Landim, Marcos Braz e Bruno Spindel, muitos atletas tamb\u00e9m foram alvos. O goleiro Matheus Cunha, na vis\u00e3o destes, falhou ao menos em dois gols.<\/p>\n\n\n\n<p>A bola a\u00e9rea, inclusive, foi muito passiva. A dupla de zaga com David Luiz e Fabr\u00edcio Bruno tamb\u00e9m foram mencionados. Al\u00e9m de Bruno Henrique, Gabigol, Gerson, Wesley, Thiago Maia. Por fim, o t\u00e9cnico Jorge Sampaoli que chegou a ser expulso antes do fim da partida.<\/p>\n\n\n\n<figure class=\"wp-block-embed is-type-rich is-provider-twitter wp-block-embed-twitter\"><div class=\"wp-block-embed__wrapper\">\n<blockquote class=\"twitter-tweet\" data-width=\"550\" data-dnt=\"true\"><p lang=\"pt\" dir=\"ltr\">Falha do Matheus cunha mas os maiores culpados foram o Gerson e o Felipe Luiz<\/p>&mdash; \ud835\ude3e\ud835\ude3c\ud835\ude48\ud835\ude3c\ud835\ude49\ud835\ude43\ud835\ude4a \u1d9c\u02b3\u1da0 (@F_Camanho) <a href=\"https:\/\/twitter.com\/F_Camanho\/status\/1689813725191053313?ref_src=twsrc%5Etfw\">August 11, 2023<\/a><\/blockquote><script async src=\"https:\/\/platform.twitter.com\/widgets.js\" charset=\"utf-8\"><\/script>\n<\/div><\/figure>\n\n\n\n<figure class=\"wp-block-embed is-type-rich is-provider-twitter wp-block-embed-twitter\"><div class=\"wp-block-embed__wrapper\">\n<blockquote class=\"twitter-tweet\" data-width=\"550\" data-dnt=\"true\"><p lang=\"pt\" dir=\"ltr\">Desrespeito com o clube e sua torcida o que foi visto hoje. Diretoria, comiss\u00e3o t\u00e9cnica e jogadores, todos culpados. <br>Jamais deixaremos de apoiar, mas o momento \u00e9 de cobran\u00e7a e reflex\u00e3o. N\u00e3o d\u00e1 pra conseguir as coisas certas cometendo tantos erros. <br>Que sirva de li\u00e7\u00e3o.<\/p>&mdash; Embaixada Fla-Portugal Lisboa \ud83c\uddf5\ud83c\uddf9 (@EmbFlaPortugal) <a href=\"https:\/\/twitter.com\/EmbFlaPortugal\/status\/1689823447994494976?ref_src=twsrc%5Etfw\">August 11, 2023<\/a><\/blockquote><script async src=\"https:\/\/platform.twitter.com\/widgets.js\" charset=\"utf-8\"><\/script>\n<\/div><\/figure>\n\n\n\n<figure class=\"wp-block-embed is-type-rich is-provider-twitter wp-block-embed-twitter\"><div class=\"wp-block-embed__wrapper\">\n<blockquote class=\"twitter-tweet\" data-width=\"550\" data-dnt=\"true\"><p lang=\"pt\" dir=\"ltr\">N\u00e3o se esque\u00e7am. Landim, Braz e Spindel. Os culpados de seguidos vexames desde 2019. VERGONHA!!!<\/p>&mdash; byell (@byellcrf) <a href=\"https:\/\/twitter.com\/byellcrf\/status\/1689819577943732224?ref_src=twsrc%5Etfw\">August 11, 2023<\/a><\/blockquote><script async src=\"https:\/\/platform.twitter.com\/widgets.js\" charset=\"utf-8\"><\/script>\n<\/div><\/figure>\n\n\n\n<figure class=\"wp-block-embed is-type-rich is-provider-twitter wp-block-embed-twitter\"><div class=\"wp-block-embed__wrapper\">\nhttps:\/\/twitter.com\/CrfRiquelme81\/status\/1689823344646852608\n<\/div><\/figure>\n\n\n\n<figure class=\"wp-block-embed is-type-rich is-provider-twitter wp-block-embed-twitter\"><div class=\"wp-block-embed__wrapper\">\n<blockquote class=\"twitter-tweet\" data-width=\"550\" data-dnt=\"true\"><p lang=\"pt\" dir=\"ltr\">Sei l\u00e1, tantas coisas para dizer, mas seria bater na mesma tecla, sentimento de impot\u00eancia e de apenas aceitar a merda que estava desenhada o tempo todo.<br>Todo mundo \u00e9 culpado, diretoria, comiss\u00e3o t\u00e9cnica e jogadores, \u00e9 a elimina\u00e7\u00e3o do Flamengo com mais culpados que j\u00e1 vi.<\/p>&mdash; iguinho (@vodk4barata) <a href=\"https:\/\/twitter.com\/vodk4barata\/status\/1689822905834573824?ref_src=twsrc%5Etfw\">August 11, 2023<\/a><\/blockquote><script async src=\"https:\/\/platform.twitter.com\/widgets.js\" charset=\"utf-8\"><\/script>\n<\/div><\/figure>\n\n\n\n<figure class=\"wp-block-embed is-type-rich is-provider-twitter wp-block-embed-twitter\"><div class=\"wp-block-embed__wrapper\">\n<blockquote class=\"twitter-tweet\" data-width=\"550\" data-dnt=\"true\"><p lang=\"pt\" dir=\"ltr\">MATHEUS CUNHA FEZ BOAS PARTIDAS, OKAY<br><br>MAS TA NA HORA DE TERMOS UM GOLEIRO EXPERIENTE NO GOL<br><br>TROUXERAM O ROSSI PRA QU\u00ca ?<br><br>FAZER TURISMO NA BARRA DA TIJUCA ?<\/p>&mdash; CENTRAL DA NA\u00c7\u00c3O \u1566\ud83d\ude0e\u1564 (@centraldanacao) <a href=\"https:\/\/twitter.com\/centraldanacao\/status\/1689821294970261504?ref_src=twsrc%5Etfw\">August 11, 2023<\/a><\/blockquote><script async src=\"https:\/\/platform.twitter.com\/widgets.js\" charset=\"utf-8\"><\/script>\n<\/div><\/figure>\n\n\n\n<figure class=\"wp-block-embed is-type-rich is-provider-twitter wp-block-embed-twitter\"><div class=\"wp-block-embed__wrapper\">\n<blockquote class=\"twitter-tweet\" data-width=\"550\" data-dnt=\"true\"><p lang=\"pt\" dir=\"ltr\">vou listar os culpados do jogo de hoje por ordem de incompet\u00eancia:<br><br>1. Filipe Luis<br>2. Matheus Cunha<br>3. Sampaoli<br>4. TODOS OS OUTROS<\/p>&mdash; \u262d Helder\ud83c\udfb4 (@rustnnc) <a href=\"https:\/\/twitter.com\/rustnnc\/status\/1689814229723877376?ref_src=twsrc%5Etfw\">August 11, 2023<\/a><\/blockquote><script async src=\"https:\/\/platform.twitter.com\/widgets.js\" charset=\"utf-8\"><\/script>\n<\/div><\/figure>\n\n\n\n<figure class=\"wp-block-embed is-type-rich is-provider-twitter wp-block-embed-twitter\"><div class=\"wp-block-embed__wrapper\">\n<blockquote class=\"twitter-tweet\" data-width=\"550\" data-dnt=\"true\"><p lang=\"pt\" dir=\"ltr\">Sampaoli tem culpa no que aconteceu hoje, mas os jogadores e a diretorias s\u00e3o os maiores culpados, todos precisam ser culpados, e que rolem cabe\u00e7as, se necess\u00e1rio.<\/p>&mdash; VICHUG (@VictorHugo_FAR) <a href=\"https:\/\/twitter.com\/VictorHugo_FAR\/status\/1689824318333612032?ref_src=twsrc%5Etfw\">August 11, 2023<\/a><\/blockquote><script async src=\"https:\/\/platform.twitter.com\/widgets.js\" charset=\"utf-8\"><\/script>\n<\/div><\/figure>\n\n\n\n<p>Retirado de: Torcedores<\/p>\n","protected":false},"excerpt":{"rendered":"<p>O Flamengo est\u00e1 eliminado do Libertadores da Am\u00e9rica. Em partida realizado nesta quinta (10), o rubro-negro perdeu para o Olimpia, de virada, por 3 a 1, e est\u00e1 fora do torneio continental. A vantagem de um gol constru\u00edda no jogo de ida foi facilmente dissipada pelos paraguaios que triunfaram no no Defensores del Chaco. Nas [&hellip;]<\/p>\n","protected":false},"author":1,"featured_media":78521,"comment_status":"open","ping_status":"closed","sticky":false,"template":"","format":"standard","meta":{"footnotes":""},"categories":[1],"tags":[],"class_list":["post-104533","post","type-post","status-publish","format-standard","has-post-thumbnail","hentry","category-flamengo"],"yoast_head":"<!-- This site is optimized with the Yoast SEO Premium plugin v24.2 (Yoast SEO v26.9) - https:\/\/yoast.com\/product\/yoast-seo-premium-wordpress\/ -->\n<title>Pelas redes sociais, torcedores do Flamengo apontam culpados pela elimina\u00e7\u00e3o na Libertadores<\/title>\n<meta name=\"robots\" content=\"index, follow, max-snippet:-1, max-image-preview:large, max-video-preview:-1\" \/>\n<link rel=\"canonical\" href=\"https:\/\/www.gaveanews.com\/index.php\/2023\/08\/11\/pelas-redes-sociais-torcedores-do-flamengo-apontam-culpados-pela-eliminacao-na-libertadores\/\" \/>\n<meta property=\"og:locale\" content=\"pt_BR\" \/>\n<meta property=\"og:type\" content=\"article\" \/>\n<meta property=\"og:title\" content=\"Pelas redes sociais, torcedores do Flamengo apontam culpados pela elimina\u00e7\u00e3o na Libertadores\" \/>\n<meta property=\"og:description\" content=\"O Flamengo est\u00e1 eliminado do Libertadores da Am\u00e9rica. Em partida realizado nesta quinta (10), o rubro-negro perdeu para o Olimpia, de virada, por 3 a 1, e est\u00e1 fora do torneio continental. A vantagem de um gol constru\u00edda no jogo de ida foi facilmente dissipada pelos paraguaios que triunfaram no no Defensores del Chaco. Nas [&hellip;]\" \/>\n<meta property=\"og:url\" content=\"https:\/\/www.gaveanews.com\/index.php\/2023\/08\/11\/pelas-redes-sociais-torcedores-do-flamengo-apontam-culpados-pela-eliminacao-na-libertadores\/\" \/>\n<meta property=\"og:site_name\" content=\"G\u00e1vea News\" \/>\n<meta property=\"article:publisher\" content=\"https:\/\/facebook.com\/gaveaNews\/\" \/>\n<meta property=\"article:published_time\" content=\"2023-08-11T11:22:14+00:00\" \/>\n<meta property=\"article:modified_time\" content=\"2023-08-11T11:22:17+00:00\" \/>\n<meta property=\"og:image\" content=\"https:\/\/www.gaveanews.com\/wp-content\/uploads\/Marcos-Braz-em-entrevista-coletiva-do-Flamengo-no-Ninho-do-Urubu.webp\" \/>\n\t<meta property=\"og:image:width\" content=\"799\" \/>\n\t<meta property=\"og:image:height\" content=\"533\" \/>\n\t<meta property=\"og:image:type\" content=\"image\/jpeg\" \/>\n<meta name=\"author\" content=\"Equipe G\u00e1vea News\" \/>\n<meta name=\"twitter:card\" content=\"summary_large_image\" \/>\n<meta name=\"twitter:label1\" content=\"Escrito por\" \/>\n\t<meta name=\"twitter:data1\" content=\"Equipe G\u00e1vea News\" \/>\n\t<meta name=\"twitter:label2\" content=\"Est. tempo de leitura\" \/>\n\t<meta name=\"twitter:data2\" content=\"2 minutos\" \/>\n<script type=\"application\/ld+json\" class=\"yoast-schema-graph\">{\"@context\":\"https:\/\/schema.org\",\"@graph\":[{\"@type\":\"NewsArticle\",\"@id\":\"https:\/\/www.gaveanews.com\/index.php\/2023\/08\/11\/pelas-redes-sociais-torcedores-do-flamengo-apontam-culpados-pela-eliminacao-na-libertadores\/#article\",\"isPartOf\":{\"@id\":\"https:\/\/www.gaveanews.com\/index.php\/2023\/08\/11\/pelas-redes-sociais-torcedores-do-flamengo-apontam-culpados-pela-eliminacao-na-libertadores\/\"},\"author\":{\"name\":\"Equipe G\u00e1vea News\",\"@id\":\"https:\/\/www.gaveanews.com\/#\/schema\/person\/2ec14f73fb96be2caf28f91afb14749d\"},\"headline\":\"Pelas redes sociais, torcedores do Flamengo apontam culpados pela elimina\u00e7\u00e3o na Libertadores\",\"datePublished\":\"2023-08-11T11:22:14+00:00\",\"dateModified\":\"2023-08-11T11:22:17+00:00\",\"mainEntityOfPage\":{\"@id\":\"https:\/\/www.gaveanews.com\/index.php\/2023\/08\/11\/pelas-redes-sociais-torcedores-do-flamengo-apontam-culpados-pela-eliminacao-na-libertadores\/\"},\"wordCount\":256,\"commentCount\":0,\"image\":{\"@id\":\"https:\/\/www.gaveanews.com\/index.php\/2023\/08\/11\/pelas-redes-sociais-torcedores-do-flamengo-apontam-culpados-pela-eliminacao-na-libertadores\/#primaryimage\"},\"thumbnailUrl\":\"https:\/\/www.gaveanews.com\/wp-content\/uploads\/Marcos-Braz-em-entrevista-coletiva-do-Flamengo-no-Ninho-do-Urubu.webp\",\"articleSection\":[\"Flamengo\"],\"inLanguage\":\"pt-BR\",\"potentialAction\":[{\"@type\":\"CommentAction\",\"name\":\"Comment\",\"target\":[\"https:\/\/www.gaveanews.com\/index.php\/2023\/08\/11\/pelas-redes-sociais-torcedores-do-flamengo-apontam-culpados-pela-eliminacao-na-libertadores\/#respond\"]}],\"copyrightYear\":\"2023\",\"copyrightHolder\":{\"@id\":\"https:\/\/www.gaveanews.com\/#organization\"}},{\"@type\":\"WebPage\",\"@id\":\"https:\/\/www.gaveanews.com\/index.php\/2023\/08\/11\/pelas-redes-sociais-torcedores-do-flamengo-apontam-culpados-pela-eliminacao-na-libertadores\/\",\"url\":\"https:\/\/www.gaveanews.com\/index.php\/2023\/08\/11\/pelas-redes-sociais-torcedores-do-flamengo-apontam-culpados-pela-eliminacao-na-libertadores\/\",\"name\":\"Pelas redes sociais, torcedores do Flamengo apontam culpados pela elimina\u00e7\u00e3o na Libertadores\",\"isPartOf\":{\"@id\":\"https:\/\/www.gaveanews.com\/#website\"},\"primaryImageOfPage\":{\"@id\":\"https:\/\/www.gaveanews.com\/index.php\/2023\/08\/11\/pelas-redes-sociais-torcedores-do-flamengo-apontam-culpados-pela-eliminacao-na-libertadores\/#primaryimage\"},\"image\":{\"@id\":\"https:\/\/www.gaveanews.com\/index.php\/2023\/08\/11\/pelas-redes-sociais-torcedores-do-flamengo-apontam-culpados-pela-eliminacao-na-libertadores\/#primaryimage\"},\"thumbnailUrl\":\"https:\/\/www.gaveanews.com\/wp-content\/uploads\/Marcos-Braz-em-entrevista-coletiva-do-Flamengo-no-Ninho-do-Urubu.webp\",\"datePublished\":\"2023-08-11T11:22:14+00:00\",\"dateModified\":\"2023-08-11T11:22:17+00:00\",\"author\":{\"@id\":\"https:\/\/www.gaveanews.com\/#\/schema\/person\/2ec14f73fb96be2caf28f91afb14749d\"},\"breadcrumb\":{\"@id\":\"https:\/\/www.gaveanews.com\/index.php\/2023\/08\/11\/pelas-redes-sociais-torcedores-do-flamengo-apontam-culpados-pela-eliminacao-na-libertadores\/#breadcrumb\"},\"inLanguage\":\"pt-BR\",\"potentialAction\":[{\"@type\":\"ReadAction\",\"target\":[\"https:\/\/www.gaveanews.com\/index.php\/2023\/08\/11\/pelas-redes-sociais-torcedores-do-flamengo-apontam-culpados-pela-eliminacao-na-libertadores\/\"]}]},{\"@type\":\"ImageObject\",\"inLanguage\":\"pt-BR\",\"@id\":\"https:\/\/www.gaveanews.com\/index.php\/2023\/08\/11\/pelas-redes-sociais-torcedores-do-flamengo-apontam-culpados-pela-eliminacao-na-libertadores\/#primaryimage\",\"url\":\"https:\/\/www.gaveanews.com\/wp-content\/uploads\/Marcos-Braz-em-entrevista-coletiva-do-Flamengo-no-Ninho-do-Urubu.webp\",\"contentUrl\":\"https:\/\/www.gaveanews.com\/wp-content\/uploads\/Marcos-Braz-em-entrevista-coletiva-do-Flamengo-no-Ninho-do-Urubu.webp\",\"width\":799,\"height\":533,\"caption\":\"Marcos Braz em entrevista coletiva do Flamengo no Ninho do Urubu (Foto: Gilvan de Souza\/Flamengo)\"},{\"@type\":\"BreadcrumbList\",\"@id\":\"https:\/\/www.gaveanews.com\/index.php\/2023\/08\/11\/pelas-redes-sociais-torcedores-do-flamengo-apontam-culpados-pela-eliminacao-na-libertadores\/#breadcrumb\",\"itemListElement\":[{\"@type\":\"ListItem\",\"position\":1,\"name\":\"Home\",\"item\":\"https:\/\/www.gaveanews.com\/\"},{\"@type\":\"ListItem\",\"position\":2,\"name\":\"Pelas redes sociais, torcedores do Flamengo apontam culpados pela elimina\u00e7\u00e3o na Libertadores\"}]},{\"@type\":\"WebSite\",\"@id\":\"https:\/\/www.gaveanews.com\/#website\",\"url\":\"https:\/\/www.gaveanews.com\/\",\"name\":\"G\u00e1vea News\",\"description\":\"Veja todas as not\u00edcias sobre o Flamengo: Contrata\u00e7\u00f5es, categorias de base, resultados das partidas, tabela de classifica\u00e7\u00e3o, pr\u00f3ximos jogos!\",\"potentialAction\":[{\"@type\":\"SearchAction\",\"target\":{\"@type\":\"EntryPoint\",\"urlTemplate\":\"https:\/\/www.gaveanews.com\/?s={search_term_string}\"},\"query-input\":{\"@type\":\"PropertyValueSpecification\",\"valueRequired\":true,\"valueName\":\"search_term_string\"}}],\"inLanguage\":\"pt-BR\"},{\"@type\":\"Person\",\"@id\":\"https:\/\/www.gaveanews.com\/#\/schema\/person\/2ec14f73fb96be2caf28f91afb14749d\",\"name\":\"Equipe G\u00e1vea News\",\"image\":{\"@type\":\"ImageObject\",\"inLanguage\":\"pt-BR\",\"@id\":\"https:\/\/www.gaveanews.com\/#\/schema\/person\/image\/\",\"url\":\"https:\/\/secure.gravatar.com\/avatar\/1e1956f1facbffd3f8fa53a326721950116b3b9dc9bd44939c01180fd4a745a9?s=96&d=mm&r=g\",\"contentUrl\":\"https:\/\/secure.gravatar.com\/avatar\/1e1956f1facbffd3f8fa53a326721950116b3b9dc9bd44939c01180fd4a745a9?s=96&d=mm&r=g\",\"caption\":\"Equipe G\u00e1vea News\"}}]}<\/script>\n<!-- \/ Yoast SEO Premium plugin. -->","yoast_head_json":{"title":"Pelas redes sociais, torcedores do Flamengo apontam culpados pela elimina\u00e7\u00e3o na Libertadores","robots":{"index":"index","follow":"follow","max-snippet":"max-snippet:-1","max-image-preview":"max-image-preview:large","max-video-preview":"max-video-preview:-1"},"canonical":"https:\/\/www.gaveanews.com\/index.php\/2023\/08\/11\/pelas-redes-sociais-torcedores-do-flamengo-apontam-culpados-pela-eliminacao-na-libertadores\/","og_locale":"pt_BR","og_type":"article","og_title":"Pelas redes sociais, torcedores do Flamengo apontam culpados pela elimina\u00e7\u00e3o na Libertadores","og_description":"O Flamengo est\u00e1 eliminado do Libertadores da Am\u00e9rica. Em partida realizado nesta quinta (10), o rubro-negro perdeu para o Olimpia, de virada, por 3 a 1, e est\u00e1 fora do torneio continental. A vantagem de um gol constru\u00edda no jogo de ida foi facilmente dissipada pelos paraguaios que triunfaram no no Defensores del Chaco. Nas [&hellip;]","og_url":"https:\/\/www.gaveanews.com\/index.php\/2023\/08\/11\/pelas-redes-sociais-torcedores-do-flamengo-apontam-culpados-pela-eliminacao-na-libertadores\/","og_site_name":"G\u00e1vea News","article_publisher":"https:\/\/facebook.com\/gaveaNews\/","article_published_time":"2023-08-11T11:22:14+00:00","article_modified_time":"2023-08-11T11:22:17+00:00","og_image":[{"width":799,"height":533,"url":"https:\/\/www.gaveanews.com\/wp-content\/uploads\/Marcos-Braz-em-entrevista-coletiva-do-Flamengo-no-Ninho-do-Urubu.webp","type":"image\/jpeg"}],"author":"Equipe G\u00e1vea News","twitter_card":"summary_large_image","twitter_misc":{"Escrito por":"Equipe G\u00e1vea News","Est. tempo de leitura":"2 minutos"},"schema":{"@context":"https:\/\/schema.org","@graph":[{"@type":"NewsArticle","@id":"https:\/\/www.gaveanews.com\/index.php\/2023\/08\/11\/pelas-redes-sociais-torcedores-do-flamengo-apontam-culpados-pela-eliminacao-na-libertadores\/#article","isPartOf":{"@id":"https:\/\/www.gaveanews.com\/index.php\/2023\/08\/11\/pelas-redes-sociais-torcedores-do-flamengo-apontam-culpados-pela-eliminacao-na-libertadores\/"},"author":{"name":"Equipe G\u00e1vea News","@id":"https:\/\/www.gaveanews.com\/#\/schema\/person\/2ec14f73fb96be2caf28f91afb14749d"},"headline":"Pelas redes sociais, torcedores do Flamengo apontam culpados pela elimina\u00e7\u00e3o na Libertadores","datePublished":"2023-08-11T11:22:14+00:00","dateModified":"2023-08-11T11:22:17+00:00","mainEntityOfPage":{"@id":"https:\/\/www.gaveanews.com\/index.php\/2023\/08\/11\/pelas-redes-sociais-torcedores-do-flamengo-apontam-culpados-pela-eliminacao-na-libertadores\/"},"wordCount":256,"commentCount":0,"image":{"@id":"https:\/\/www.gaveanews.com\/index.php\/2023\/08\/11\/pelas-redes-sociais-torcedores-do-flamengo-apontam-culpados-pela-eliminacao-na-libertadores\/#primaryimage"},"thumbnailUrl":"https:\/\/www.gaveanews.com\/wp-content\/uploads\/Marcos-Braz-em-entrevista-coletiva-do-Flamengo-no-Ninho-do-Urubu.webp","articleSection":["Flamengo"],"inLanguage":"pt-BR","potentialAction":[{"@type":"CommentAction","name":"Comment","target":["https:\/\/www.gaveanews.com\/index.php\/2023\/08\/11\/pelas-redes-sociais-torcedores-do-flamengo-apontam-culpados-pela-eliminacao-na-libertadores\/#respond"]}],"copyrightYear":"2023","copyrightHolder":{"@id":"https:\/\/www.gaveanews.com\/#organization"}},{"@type":"WebPage","@id":"https:\/\/www.gaveanews.com\/index.php\/2023\/08\/11\/pelas-redes-sociais-torcedores-do-flamengo-apontam-culpados-pela-eliminacao-na-libertadores\/","url":"https:\/\/www.gaveanews.com\/index.php\/2023\/08\/11\/pelas-redes-sociais-torcedores-do-flamengo-apontam-culpados-pela-eliminacao-na-libertadores\/","name":"Pelas redes sociais, torcedores do Flamengo apontam culpados pela elimina\u00e7\u00e3o na Libertadores","isPartOf":{"@id":"https:\/\/www.gaveanews.com\/#website"},"primaryImageOfPage":{"@id":"https:\/\/www.gaveanews.com\/index.php\/2023\/08\/11\/pelas-redes-sociais-torcedores-do-flamengo-apontam-culpados-pela-eliminacao-na-libertadores\/#primaryimage"},"image":{"@id":"https:\/\/www.gaveanews.com\/index.php\/2023\/08\/11\/pelas-redes-sociais-torcedores-do-flamengo-apontam-culpados-pela-eliminacao-na-libertadores\/#primaryimage"},"thumbnailUrl":"https:\/\/www.gaveanews.com\/wp-content\/uploads\/Marcos-Braz-em-entrevista-coletiva-do-Flamengo-no-Ninho-do-Urubu.webp","datePublished":"2023-08-11T11:22:14+00:00","dateModified":"2023-08-11T11:22:17+00:00","author":{"@id":"https:\/\/www.gaveanews.com\/#\/schema\/person\/2ec14f73fb96be2caf28f91afb14749d"},"breadcrumb":{"@id":"https:\/\/www.gaveanews.com\/index.php\/2023\/08\/11\/pelas-redes-sociais-torcedores-do-flamengo-apontam-culpados-pela-eliminacao-na-libertadores\/#breadcrumb"},"inLanguage":"pt-BR","potentialAction":[{"@type":"ReadAction","target":["https:\/\/www.gaveanews.com\/index.php\/2023\/08\/11\/pelas-redes-sociais-torcedores-do-flamengo-apontam-culpados-pela-eliminacao-na-libertadores\/"]}]},{"@type":"ImageObject","inLanguage":"pt-BR","@id":"https:\/\/www.gaveanews.com\/index.php\/2023\/08\/11\/pelas-redes-sociais-torcedores-do-flamengo-apontam-culpados-pela-eliminacao-na-libertadores\/#primaryimage","url":"https:\/\/www.gaveanews.com\/wp-content\/uploads\/Marcos-Braz-em-entrevista-coletiva-do-Flamengo-no-Ninho-do-Urubu.webp","contentUrl":"https:\/\/www.gaveanews.com\/wp-content\/uploads\/Marcos-Braz-em-entrevista-coletiva-do-Flamengo-no-Ninho-do-Urubu.webp","width":799,"height":533,"caption":"Marcos Braz em entrevista coletiva do Flamengo no Ninho do Urubu (Foto: Gilvan de Souza\/Flamengo)"},{"@type":"BreadcrumbList","@id":"https:\/\/www.gaveanews.com\/index.php\/2023\/08\/11\/pelas-redes-sociais-torcedores-do-flamengo-apontam-culpados-pela-eliminacao-na-libertadores\/#breadcrumb","itemListElement":[{"@type":"ListItem","position":1,"name":"Home","item":"https:\/\/www.gaveanews.com\/"},{"@type":"ListItem","position":2,"name":"Pelas redes sociais, torcedores do Flamengo apontam culpados pela elimina\u00e7\u00e3o na Libertadores"}]},{"@type":"WebSite","@id":"https:\/\/www.gaveanews.com\/#website","url":"https:\/\/www.gaveanews.com\/","name":"G\u00e1vea News","description":"Veja todas as not\u00edcias sobre o Flamengo: Contrata\u00e7\u00f5es, categorias de base, resultados das partidas, tabela de classifica\u00e7\u00e3o, pr\u00f3ximos jogos!","potentialAction":[{"@type":"SearchAction","target":{"@type":"EntryPoint","urlTemplate":"https:\/\/www.gaveanews.com\/?s={search_term_string}"},"query-input":{"@type":"PropertyValueSpecification","valueRequired":true,"valueName":"search_term_string"}}],"inLanguage":"pt-BR"},{"@type":"Person","@id":"https:\/\/www.gaveanews.com\/#\/schema\/person\/2ec14f73fb96be2caf28f91afb14749d","name":"Equipe G\u00e1vea News","image":{"@type":"ImageObject","inLanguage":"pt-BR","@id":"https:\/\/www.gaveanews.com\/#\/schema\/person\/image\/","url":"https:\/\/secure.gravatar.com\/avatar\/1e1956f1facbffd3f8fa53a326721950116b3b9dc9bd44939c01180fd4a745a9?s=96&d=mm&r=g","contentUrl":"https:\/\/secure.gravatar.com\/avatar\/1e1956f1facbffd3f8fa53a326721950116b3b9dc9bd44939c01180fd4a745a9?s=96&d=mm&r=g","caption":"Equipe G\u00e1vea News"}}]}},"_links":{"self":[{"href":"https:\/\/www.gaveanews.com\/index.php\/wp-json\/wp\/v2\/posts\/104533","targetHints":{"allow":["GET"]}}],"collection":[{"href":"https:\/\/www.gaveanews.com\/index.php\/wp-json\/wp\/v2\/posts"}],"about":[{"href":"https:\/\/www.gaveanews.com\/index.php\/wp-json\/wp\/v2\/types\/post"}],"author":[{"embeddable":true,"href":"https:\/\/www.gaveanews.com\/index.php\/wp-json\/wp\/v2\/users\/1"}],"replies":[{"embeddable":true,"href":"https:\/\/www.gaveanews.com\/index.php\/wp-json\/wp\/v2\/comments?post=104533"}],"version-history":[{"count":0,"href":"https:\/\/www.gaveanews.com\/index.php\/wp-json\/wp\/v2\/posts\/104533\/revisions"}],"wp:featuredmedia":[{"embeddable":true,"href":"https:\/\/www.gaveanews.com\/index.php\/wp-json\/wp\/v2\/media\/78521"}],"wp:attachment":[{"href":"https:\/\/www.gaveanews.com\/index.php\/wp-json\/wp\/v2\/media?parent=104533"}],"wp:term":[{"taxonomy":"category","embeddable":true,"href":"https:\/\/www.gaveanews.com\/index.php\/wp-json\/wp\/v2\/categories?post=104533"},{"taxonomy":"post_tag","embeddable":true,"href":"https:\/\/www.gaveanews.com\/index.php\/wp-json\/wp\/v2\/tags?post=104533"}],"curies":[{"name":"wp","href":"https:\/\/api.w.org\/{rel}","templated":true}]}}