{"id":104536,"date":"2023-08-11T09:43:06","date_gmt":"2023-08-11T12:43:06","guid":{"rendered":"https:\/\/www.gaveanews.com\/?p=104536"},"modified":"2023-08-11T09:43:09","modified_gmt":"2023-08-11T12:43:09","slug":"jornalista-da-globo-revela-atitude-do-flamengo-com-sampaoli-apos-eliminacao","status":"publish","type":"post","link":"https:\/\/www.gaveanews.com\/index.php\/2023\/08\/11\/jornalista-da-globo-revela-atitude-do-flamengo-com-sampaoli-apos-eliminacao\/","title":{"rendered":"Jornalista da Globo revela atitude do Flamengo com Sampaoli ap\u00f3s elimina\u00e7\u00e3o"},"content":{"rendered":"\n<p>A elimina\u00e7\u00e3o para o Olimpia e uma remontada \u00e9pica do time paraguaio nas oitavas de final da Libertadores, foi mais um \u201cduro golpe\u201d para o Flamengo na temporada 2023. Tendo vivenciado pol\u00eamicas recentes no \u201ccaso Pedro\u201d, Jorge Sampaoli foi um dos nomes criticados pela torcida por conta da queda precoce do torneio. Contudo, segundo informa\u00e7\u00f5es do jornalista Paulo Vin\u00edcius, o PVC, a diretoria deve dar respaldo ao argentino.<\/p>\n\n\n\n<p>Em sua coluna no UOL Esporte, o comentarista afirmou que a tend\u00eancia \u00e9 pela manuten\u00e7\u00e3o do treinador, mas com apontamentos a serem realizados.<\/p>\n\n\n\n<p>\u201cEmbora o Flamengo seja um turbilh\u00e3o pol\u00edtico, com vis\u00f5es diferentes no Ninho do Urubu e em parte da G\u00e1vea, onde est\u00e3o os conselheiros, a tend\u00eancia \u00e9 que o trabalho de Jorge Sampaoli seja mantido depois da elimina\u00e7\u00e3o da Libertadores, contra o Olimpia. H\u00e1 muitas pondera\u00e7\u00f5es a fazer sobre o trabalho do treinador argentino. Excelente do ponto de vista t\u00e1tico, ainda n\u00e3o conseguiu mostrar esta sua faceta em 30 jogos no Flamengo\u201d, destacou PVC.<\/p>\n\n\n\n<p>Ainda na publica\u00e7\u00e3o, o jornalista destacou as sucessivas trocas de comando no Flamengo em um per\u00edodo recente: s\u00e3o nove t\u00e9cnicos em um intervalo de apenas quatro anos, contemplando uma m\u00e9dia de um t\u00e9cnico a cada 34 jogos. Os desligamentos tamb\u00e9m representaram altas cifras gastas em processos de rescis\u00e3o, que chegam a casa de R$ 37 milh\u00f5es.<\/p>\n\n\n\n<p>Retirado de: Torcedores <\/p>\n","protected":false},"excerpt":{"rendered":"<p>A elimina\u00e7\u00e3o para o Olimpia e uma remontada \u00e9pica do time paraguaio nas oitavas de final da Libertadores, foi mais um \u201cduro golpe\u201d para o Flamengo na temporada 2023. Tendo vivenciado pol\u00eamicas recentes no \u201ccaso Pedro\u201d, Jorge Sampaoli foi um dos nomes criticados pela torcida por conta da queda precoce do torneio. Contudo, segundo informa\u00e7\u00f5es [&hellip;]<\/p>\n","protected":false},"author":1,"featured_media":96273,"comment_status":"open","ping_status":"closed","sticky":false,"template":"","format":"standard","meta":{"footnotes":""},"categories":[1],"tags":[],"class_list":["post-104536","post","type-post","status-publish","format-standard","has-post-thumbnail","hentry","category-flamengo"],"yoast_head":"<!-- This site is optimized with the Yoast SEO Premium plugin v24.2 (Yoast SEO v26.9) - https:\/\/yoast.com\/product\/yoast-seo-premium-wordpress\/ -->\n<title>Jornalista da Globo revela atitude do Flamengo com Sampaoli ap\u00f3s elimina\u00e7\u00e3o<\/title>\n<meta name=\"robots\" content=\"index, follow, max-snippet:-1, max-image-preview:large, max-video-preview:-1\" \/>\n<link rel=\"canonical\" href=\"https:\/\/www.gaveanews.com\/index.php\/2023\/08\/11\/jornalista-da-globo-revela-atitude-do-flamengo-com-sampaoli-apos-eliminacao\/\" \/>\n<meta property=\"og:locale\" content=\"pt_BR\" \/>\n<meta property=\"og:type\" content=\"article\" \/>\n<meta property=\"og:title\" content=\"Jornalista da Globo revela atitude do Flamengo com Sampaoli ap\u00f3s elimina\u00e7\u00e3o\" \/>\n<meta property=\"og:description\" content=\"A elimina\u00e7\u00e3o para o Olimpia e uma remontada \u00e9pica do time paraguaio nas oitavas de final da Libertadores, foi mais um \u201cduro golpe\u201d para o Flamengo na temporada 2023. Tendo vivenciado pol\u00eamicas recentes no \u201ccaso Pedro\u201d, Jorge Sampaoli foi um dos nomes criticados pela torcida por conta da queda precoce do torneio. Contudo, segundo informa\u00e7\u00f5es [&hellip;]\" \/>\n<meta property=\"og:url\" content=\"https:\/\/www.gaveanews.com\/index.php\/2023\/08\/11\/jornalista-da-globo-revela-atitude-do-flamengo-com-sampaoli-apos-eliminacao\/\" \/>\n<meta property=\"og:site_name\" content=\"G\u00e1vea News\" \/>\n<meta property=\"article:publisher\" content=\"https:\/\/facebook.com\/gaveaNews\/\" \/>\n<meta property=\"article:published_time\" content=\"2023-08-11T12:43:06+00:00\" \/>\n<meta property=\"article:modified_time\" content=\"2023-08-11T12:43:09+00:00\" \/>\n<meta property=\"og:image\" content=\"https:\/\/www.gaveanews.com\/wp-content\/uploads\/Logomarca-da-Rede-Globo.webp\" \/>\n\t<meta property=\"og:image:width\" content=\"1280\" \/>\n\t<meta property=\"og:image:height\" content=\"670\" \/>\n\t<meta property=\"og:image:type\" content=\"image\/jpeg\" \/>\n<meta name=\"author\" content=\"Equipe G\u00e1vea News\" \/>\n<meta name=\"twitter:card\" content=\"summary_large_image\" \/>\n<meta name=\"twitter:label1\" content=\"Escrito por\" \/>\n\t<meta name=\"twitter:data1\" content=\"Equipe G\u00e1vea News\" \/>\n\t<meta name=\"twitter:label2\" content=\"Est. tempo de leitura\" \/>\n\t<meta name=\"twitter:data2\" content=\"2 minutos\" \/>\n<script type=\"application\/ld+json\" class=\"yoast-schema-graph\">{\"@context\":\"https:\/\/schema.org\",\"@graph\":[{\"@type\":\"NewsArticle\",\"@id\":\"https:\/\/www.gaveanews.com\/index.php\/2023\/08\/11\/jornalista-da-globo-revela-atitude-do-flamengo-com-sampaoli-apos-eliminacao\/#article\",\"isPartOf\":{\"@id\":\"https:\/\/www.gaveanews.com\/index.php\/2023\/08\/11\/jornalista-da-globo-revela-atitude-do-flamengo-com-sampaoli-apos-eliminacao\/\"},\"author\":{\"name\":\"Equipe G\u00e1vea News\",\"@id\":\"https:\/\/www.gaveanews.com\/#\/schema\/person\/2ec14f73fb96be2caf28f91afb14749d\"},\"headline\":\"Jornalista da Globo revela atitude do Flamengo com Sampaoli ap\u00f3s elimina\u00e7\u00e3o\",\"datePublished\":\"2023-08-11T12:43:06+00:00\",\"dateModified\":\"2023-08-11T12:43:09+00:00\",\"mainEntityOfPage\":{\"@id\":\"https:\/\/www.gaveanews.com\/index.php\/2023\/08\/11\/jornalista-da-globo-revela-atitude-do-flamengo-com-sampaoli-apos-eliminacao\/\"},\"wordCount\":255,\"commentCount\":0,\"image\":{\"@id\":\"https:\/\/www.gaveanews.com\/index.php\/2023\/08\/11\/jornalista-da-globo-revela-atitude-do-flamengo-com-sampaoli-apos-eliminacao\/#primaryimage\"},\"thumbnailUrl\":\"https:\/\/www.gaveanews.com\/wp-content\/uploads\/Logomarca-da-Rede-Globo.webp\",\"articleSection\":[\"Flamengo\"],\"inLanguage\":\"pt-BR\",\"potentialAction\":[{\"@type\":\"CommentAction\",\"name\":\"Comment\",\"target\":[\"https:\/\/www.gaveanews.com\/index.php\/2023\/08\/11\/jornalista-da-globo-revela-atitude-do-flamengo-com-sampaoli-apos-eliminacao\/#respond\"]}],\"copyrightYear\":\"2023\",\"copyrightHolder\":{\"@id\":\"https:\/\/www.gaveanews.com\/#organization\"}},{\"@type\":\"WebPage\",\"@id\":\"https:\/\/www.gaveanews.com\/index.php\/2023\/08\/11\/jornalista-da-globo-revela-atitude-do-flamengo-com-sampaoli-apos-eliminacao\/\",\"url\":\"https:\/\/www.gaveanews.com\/index.php\/2023\/08\/11\/jornalista-da-globo-revela-atitude-do-flamengo-com-sampaoli-apos-eliminacao\/\",\"name\":\"Jornalista da Globo revela atitude do Flamengo com Sampaoli ap\u00f3s elimina\u00e7\u00e3o\",\"isPartOf\":{\"@id\":\"https:\/\/www.gaveanews.com\/#website\"},\"primaryImageOfPage\":{\"@id\":\"https:\/\/www.gaveanews.com\/index.php\/2023\/08\/11\/jornalista-da-globo-revela-atitude-do-flamengo-com-sampaoli-apos-eliminacao\/#primaryimage\"},\"image\":{\"@id\":\"https:\/\/www.gaveanews.com\/index.php\/2023\/08\/11\/jornalista-da-globo-revela-atitude-do-flamengo-com-sampaoli-apos-eliminacao\/#primaryimage\"},\"thumbnailUrl\":\"https:\/\/www.gaveanews.com\/wp-content\/uploads\/Logomarca-da-Rede-Globo.webp\",\"datePublished\":\"2023-08-11T12:43:06+00:00\",\"dateModified\":\"2023-08-11T12:43:09+00:00\",\"author\":{\"@id\":\"https:\/\/www.gaveanews.com\/#\/schema\/person\/2ec14f73fb96be2caf28f91afb14749d\"},\"breadcrumb\":{\"@id\":\"https:\/\/www.gaveanews.com\/index.php\/2023\/08\/11\/jornalista-da-globo-revela-atitude-do-flamengo-com-sampaoli-apos-eliminacao\/#breadcrumb\"},\"inLanguage\":\"pt-BR\",\"potentialAction\":[{\"@type\":\"ReadAction\",\"target\":[\"https:\/\/www.gaveanews.com\/index.php\/2023\/08\/11\/jornalista-da-globo-revela-atitude-do-flamengo-com-sampaoli-apos-eliminacao\/\"]}]},{\"@type\":\"ImageObject\",\"inLanguage\":\"pt-BR\",\"@id\":\"https:\/\/www.gaveanews.com\/index.php\/2023\/08\/11\/jornalista-da-globo-revela-atitude-do-flamengo-com-sampaoli-apos-eliminacao\/#primaryimage\",\"url\":\"https:\/\/www.gaveanews.com\/wp-content\/uploads\/Logomarca-da-Rede-Globo.webp\",\"contentUrl\":\"https:\/\/www.gaveanews.com\/wp-content\/uploads\/Logomarca-da-Rede-Globo.webp\",\"width\":1280,\"height\":670,\"caption\":\"Logomarca da Rede Globo (Foto: Reprodu\u00e7\u00e3o)\"},{\"@type\":\"BreadcrumbList\",\"@id\":\"https:\/\/www.gaveanews.com\/index.php\/2023\/08\/11\/jornalista-da-globo-revela-atitude-do-flamengo-com-sampaoli-apos-eliminacao\/#breadcrumb\",\"itemListElement\":[{\"@type\":\"ListItem\",\"position\":1,\"name\":\"Home\",\"item\":\"https:\/\/www.gaveanews.com\/\"},{\"@type\":\"ListItem\",\"position\":2,\"name\":\"Jornalista da Globo revela atitude do Flamengo com Sampaoli ap\u00f3s elimina\u00e7\u00e3o\"}]},{\"@type\":\"WebSite\",\"@id\":\"https:\/\/www.gaveanews.com\/#website\",\"url\":\"https:\/\/www.gaveanews.com\/\",\"name\":\"G\u00e1vea News\",\"description\":\"Veja todas as not\u00edcias sobre o Flamengo: Contrata\u00e7\u00f5es, categorias de base, resultados das partidas, tabela de classifica\u00e7\u00e3o, pr\u00f3ximos jogos!\",\"potentialAction\":[{\"@type\":\"SearchAction\",\"target\":{\"@type\":\"EntryPoint\",\"urlTemplate\":\"https:\/\/www.gaveanews.com\/?s={search_term_string}\"},\"query-input\":{\"@type\":\"PropertyValueSpecification\",\"valueRequired\":true,\"valueName\":\"search_term_string\"}}],\"inLanguage\":\"pt-BR\"},{\"@type\":\"Person\",\"@id\":\"https:\/\/www.gaveanews.com\/#\/schema\/person\/2ec14f73fb96be2caf28f91afb14749d\",\"name\":\"Equipe G\u00e1vea News\",\"image\":{\"@type\":\"ImageObject\",\"inLanguage\":\"pt-BR\",\"@id\":\"https:\/\/www.gaveanews.com\/#\/schema\/person\/image\/\",\"url\":\"https:\/\/secure.gravatar.com\/avatar\/1e1956f1facbffd3f8fa53a326721950116b3b9dc9bd44939c01180fd4a745a9?s=96&d=mm&r=g\",\"contentUrl\":\"https:\/\/secure.gravatar.com\/avatar\/1e1956f1facbffd3f8fa53a326721950116b3b9dc9bd44939c01180fd4a745a9?s=96&d=mm&r=g\",\"caption\":\"Equipe G\u00e1vea News\"}}]}<\/script>\n<!-- \/ Yoast SEO Premium plugin. -->","yoast_head_json":{"title":"Jornalista da Globo revela atitude do Flamengo com Sampaoli ap\u00f3s elimina\u00e7\u00e3o","robots":{"index":"index","follow":"follow","max-snippet":"max-snippet:-1","max-image-preview":"max-image-preview:large","max-video-preview":"max-video-preview:-1"},"canonical":"https:\/\/www.gaveanews.com\/index.php\/2023\/08\/11\/jornalista-da-globo-revela-atitude-do-flamengo-com-sampaoli-apos-eliminacao\/","og_locale":"pt_BR","og_type":"article","og_title":"Jornalista da Globo revela atitude do Flamengo com Sampaoli ap\u00f3s elimina\u00e7\u00e3o","og_description":"A elimina\u00e7\u00e3o para o Olimpia e uma remontada \u00e9pica do time paraguaio nas oitavas de final da Libertadores, foi mais um \u201cduro golpe\u201d para o Flamengo na temporada 2023. Tendo vivenciado pol\u00eamicas recentes no \u201ccaso Pedro\u201d, Jorge Sampaoli foi um dos nomes criticados pela torcida por conta da queda precoce do torneio. Contudo, segundo informa\u00e7\u00f5es [&hellip;]","og_url":"https:\/\/www.gaveanews.com\/index.php\/2023\/08\/11\/jornalista-da-globo-revela-atitude-do-flamengo-com-sampaoli-apos-eliminacao\/","og_site_name":"G\u00e1vea News","article_publisher":"https:\/\/facebook.com\/gaveaNews\/","article_published_time":"2023-08-11T12:43:06+00:00","article_modified_time":"2023-08-11T12:43:09+00:00","og_image":[{"width":1280,"height":670,"url":"https:\/\/www.gaveanews.com\/wp-content\/uploads\/Logomarca-da-Rede-Globo.webp","type":"image\/jpeg"}],"author":"Equipe G\u00e1vea News","twitter_card":"summary_large_image","twitter_misc":{"Escrito por":"Equipe G\u00e1vea News","Est. tempo de leitura":"2 minutos"},"schema":{"@context":"https:\/\/schema.org","@graph":[{"@type":"NewsArticle","@id":"https:\/\/www.gaveanews.com\/index.php\/2023\/08\/11\/jornalista-da-globo-revela-atitude-do-flamengo-com-sampaoli-apos-eliminacao\/#article","isPartOf":{"@id":"https:\/\/www.gaveanews.com\/index.php\/2023\/08\/11\/jornalista-da-globo-revela-atitude-do-flamengo-com-sampaoli-apos-eliminacao\/"},"author":{"name":"Equipe G\u00e1vea News","@id":"https:\/\/www.gaveanews.com\/#\/schema\/person\/2ec14f73fb96be2caf28f91afb14749d"},"headline":"Jornalista da Globo revela atitude do Flamengo com Sampaoli ap\u00f3s elimina\u00e7\u00e3o","datePublished":"2023-08-11T12:43:06+00:00","dateModified":"2023-08-11T12:43:09+00:00","mainEntityOfPage":{"@id":"https:\/\/www.gaveanews.com\/index.php\/2023\/08\/11\/jornalista-da-globo-revela-atitude-do-flamengo-com-sampaoli-apos-eliminacao\/"},"wordCount":255,"commentCount":0,"image":{"@id":"https:\/\/www.gaveanews.com\/index.php\/2023\/08\/11\/jornalista-da-globo-revela-atitude-do-flamengo-com-sampaoli-apos-eliminacao\/#primaryimage"},"thumbnailUrl":"https:\/\/www.gaveanews.com\/wp-content\/uploads\/Logomarca-da-Rede-Globo.webp","articleSection":["Flamengo"],"inLanguage":"pt-BR","potentialAction":[{"@type":"CommentAction","name":"Comment","target":["https:\/\/www.gaveanews.com\/index.php\/2023\/08\/11\/jornalista-da-globo-revela-atitude-do-flamengo-com-sampaoli-apos-eliminacao\/#respond"]}],"copyrightYear":"2023","copyrightHolder":{"@id":"https:\/\/www.gaveanews.com\/#organization"}},{"@type":"WebPage","@id":"https:\/\/www.gaveanews.com\/index.php\/2023\/08\/11\/jornalista-da-globo-revela-atitude-do-flamengo-com-sampaoli-apos-eliminacao\/","url":"https:\/\/www.gaveanews.com\/index.php\/2023\/08\/11\/jornalista-da-globo-revela-atitude-do-flamengo-com-sampaoli-apos-eliminacao\/","name":"Jornalista da Globo revela atitude do Flamengo com Sampaoli ap\u00f3s elimina\u00e7\u00e3o","isPartOf":{"@id":"https:\/\/www.gaveanews.com\/#website"},"primaryImageOfPage":{"@id":"https:\/\/www.gaveanews.com\/index.php\/2023\/08\/11\/jornalista-da-globo-revela-atitude-do-flamengo-com-sampaoli-apos-eliminacao\/#primaryimage"},"image":{"@id":"https:\/\/www.gaveanews.com\/index.php\/2023\/08\/11\/jornalista-da-globo-revela-atitude-do-flamengo-com-sampaoli-apos-eliminacao\/#primaryimage"},"thumbnailUrl":"https:\/\/www.gaveanews.com\/wp-content\/uploads\/Logomarca-da-Rede-Globo.webp","datePublished":"2023-08-11T12:43:06+00:00","dateModified":"2023-08-11T12:43:09+00:00","author":{"@id":"https:\/\/www.gaveanews.com\/#\/schema\/person\/2ec14f73fb96be2caf28f91afb14749d"},"breadcrumb":{"@id":"https:\/\/www.gaveanews.com\/index.php\/2023\/08\/11\/jornalista-da-globo-revela-atitude-do-flamengo-com-sampaoli-apos-eliminacao\/#breadcrumb"},"inLanguage":"pt-BR","potentialAction":[{"@type":"ReadAction","target":["https:\/\/www.gaveanews.com\/index.php\/2023\/08\/11\/jornalista-da-globo-revela-atitude-do-flamengo-com-sampaoli-apos-eliminacao\/"]}]},{"@type":"ImageObject","inLanguage":"pt-BR","@id":"https:\/\/www.gaveanews.com\/index.php\/2023\/08\/11\/jornalista-da-globo-revela-atitude-do-flamengo-com-sampaoli-apos-eliminacao\/#primaryimage","url":"https:\/\/www.gaveanews.com\/wp-content\/uploads\/Logomarca-da-Rede-Globo.webp","contentUrl":"https:\/\/www.gaveanews.com\/wp-content\/uploads\/Logomarca-da-Rede-Globo.webp","width":1280,"height":670,"caption":"Logomarca da Rede Globo (Foto: Reprodu\u00e7\u00e3o)"},{"@type":"BreadcrumbList","@id":"https:\/\/www.gaveanews.com\/index.php\/2023\/08\/11\/jornalista-da-globo-revela-atitude-do-flamengo-com-sampaoli-apos-eliminacao\/#breadcrumb","itemListElement":[{"@type":"ListItem","position":1,"name":"Home","item":"https:\/\/www.gaveanews.com\/"},{"@type":"ListItem","position":2,"name":"Jornalista da Globo revela atitude do Flamengo com Sampaoli ap\u00f3s elimina\u00e7\u00e3o"}]},{"@type":"WebSite","@id":"https:\/\/www.gaveanews.com\/#website","url":"https:\/\/www.gaveanews.com\/","name":"G\u00e1vea News","description":"Veja todas as not\u00edcias sobre o Flamengo: Contrata\u00e7\u00f5es, categorias de base, resultados das partidas, tabela de classifica\u00e7\u00e3o, pr\u00f3ximos jogos!","potentialAction":[{"@type":"SearchAction","target":{"@type":"EntryPoint","urlTemplate":"https:\/\/www.gaveanews.com\/?s={search_term_string}"},"query-input":{"@type":"PropertyValueSpecification","valueRequired":true,"valueName":"search_term_string"}}],"inLanguage":"pt-BR"},{"@type":"Person","@id":"https:\/\/www.gaveanews.com\/#\/schema\/person\/2ec14f73fb96be2caf28f91afb14749d","name":"Equipe G\u00e1vea News","image":{"@type":"ImageObject","inLanguage":"pt-BR","@id":"https:\/\/www.gaveanews.com\/#\/schema\/person\/image\/","url":"https:\/\/secure.gravatar.com\/avatar\/1e1956f1facbffd3f8fa53a326721950116b3b9dc9bd44939c01180fd4a745a9?s=96&d=mm&r=g","contentUrl":"https:\/\/secure.gravatar.com\/avatar\/1e1956f1facbffd3f8fa53a326721950116b3b9dc9bd44939c01180fd4a745a9?s=96&d=mm&r=g","caption":"Equipe G\u00e1vea News"}}]}},"_links":{"self":[{"href":"https:\/\/www.gaveanews.com\/index.php\/wp-json\/wp\/v2\/posts\/104536","targetHints":{"allow":["GET"]}}],"collection":[{"href":"https:\/\/www.gaveanews.com\/index.php\/wp-json\/wp\/v2\/posts"}],"about":[{"href":"https:\/\/www.gaveanews.com\/index.php\/wp-json\/wp\/v2\/types\/post"}],"author":[{"embeddable":true,"href":"https:\/\/www.gaveanews.com\/index.php\/wp-json\/wp\/v2\/users\/1"}],"replies":[{"embeddable":true,"href":"https:\/\/www.gaveanews.com\/index.php\/wp-json\/wp\/v2\/comments?post=104536"}],"version-history":[{"count":0,"href":"https:\/\/www.gaveanews.com\/index.php\/wp-json\/wp\/v2\/posts\/104536\/revisions"}],"wp:featuredmedia":[{"embeddable":true,"href":"https:\/\/www.gaveanews.com\/index.php\/wp-json\/wp\/v2\/media\/96273"}],"wp:attachment":[{"href":"https:\/\/www.gaveanews.com\/index.php\/wp-json\/wp\/v2\/media?parent=104536"}],"wp:term":[{"taxonomy":"category","embeddable":true,"href":"https:\/\/www.gaveanews.com\/index.php\/wp-json\/wp\/v2\/categories?post=104536"},{"taxonomy":"post_tag","embeddable":true,"href":"https:\/\/www.gaveanews.com\/index.php\/wp-json\/wp\/v2\/tags?post=104536"}],"curies":[{"name":"wp","href":"https:\/\/api.w.org\/{rel}","templated":true}]}}