{"id":104542,"date":"2023-08-11T11:28:48","date_gmt":"2023-08-11T14:28:48","guid":{"rendered":"https:\/\/www.gaveanews.com\/?p=104542"},"modified":"2023-08-11T11:28:51","modified_gmt":"2023-08-11T14:28:51","slug":"filipe-luis-aponta-principal-defeito-do-flamengo","status":"publish","type":"post","link":"https:\/\/www.gaveanews.com\/index.php\/2023\/08\/11\/filipe-luis-aponta-principal-defeito-do-flamengo\/","title":{"rendered":"Filipe Lu\u00eds aponta principal defeito do Flamengo"},"content":{"rendered":"\n<p>Por: Let\u00edcia Gerheim<br><br>A derrota para o Olimpia no jogo de volta pelas oitavas de final da Libertadores exp\u00f4s novamente as car\u00eancias da equipe rubro-negra. As falhas cometidas dentro de campo foram reconhecidas pelos jogadores, que lamentaram o resultado e pediram desculpas \u00e0 torcida.<\/p>\n\n\n\n<p>Filipe Lu\u00eds foi um dos atletas que falaram publicamente sobre o duelo e n\u00e3o correu das respostas dif\u00edceis. Para o lateral-esquerdo, a falta de efetividade na fase defensiva \u00e9 um dos grandes defeitos do time na atual temporada.<\/p>\n\n\n\n<p><em>\u2014\u00a0Temos que, pouco a pouco, passo a passo, ser um time mais s\u00f3lido defensivamente. Foram gols de cabe\u00e7a, mas poderiam ter sido de outra forma. Essa \u00e9 a verdade. Quando o Flamengo deixa de ser o Flamengo\u2026 poderia ter sido de outra forma.<\/em><\/p>\n\n\n\n<p>Al\u00e9m das quest\u00f5es t\u00e1ticas, Filipe Lu\u00eds tamb\u00e9m ressaltou o fator mental dos jogadores. O defensor afirmou que a fragilidade psicol\u00f3gica dos atletas torna o time ainda mais exposto em situa\u00e7\u00f5es de perigo, como aconteceu ap\u00f3s o empate no confronto contra o Olimpia.<\/p>\n\n\n\n<p><em>\u2014 Na minha opini\u00e3o esporte de alto rendimento \u00e9 mental, a maior parte dele \u00e9 mental. Quando voc\u00ea n\u00e3o ganha ou voc\u00ea se sente exposto em algum momento dentro de campo voc\u00ea n\u00e3o consegue performar. \u00c9 um problema que nosso time tem esse ano.<\/em><\/p>\n\n\n\n<p>Eliminado da Libertadores, o Flamengo agora tem a Copa do Brasil e o Brasileir\u00e3o a disputar. Seu pr\u00f3ximo compromisso \u00e9 v\u00e1lido pelo campeonato nacional, onde \u00e9 o segundo colocado com 13 pontos a menos que o l\u00edder da tabela.<\/p>\n\n\n\n<p>\u00c0s 18h30 (de Bras\u00edlia) de domingo (13), o Flamengo encontra o S\u00e3o Paulo pela 19\u00aa rodada do Brasileir\u00e3o. O embate acontecer\u00e1 no Maracan\u00e3.<\/p>\n","protected":false},"excerpt":{"rendered":"<p>Por: Let\u00edcia Gerheim A derrota para o Olimpia no jogo de volta pelas oitavas de final da Libertadores exp\u00f4s novamente as car\u00eancias da equipe rubro-negra. As falhas cometidas dentro de campo foram reconhecidas pelos jogadores, que lamentaram o resultado e pediram desculpas \u00e0 torcida. Filipe Lu\u00eds foi um dos atletas que falaram publicamente sobre o [&hellip;]<\/p>\n","protected":false},"author":4,"featured_media":85678,"comment_status":"open","ping_status":"closed","sticky":false,"template":"","format":"standard","meta":{"footnotes":""},"categories":[1],"tags":[],"class_list":["post-104542","post","type-post","status-publish","format-standard","has-post-thumbnail","hentry","category-flamengo"],"yoast_head":"<!-- This site is optimized with the Yoast SEO Premium plugin v24.2 (Yoast SEO v26.9) - https:\/\/yoast.com\/product\/yoast-seo-premium-wordpress\/ -->\n<title>Filipe Lu\u00eds aponta principal defeito do Flamengo<\/title>\n<meta name=\"robots\" content=\"index, follow, max-snippet:-1, max-image-preview:large, max-video-preview:-1\" \/>\n<link rel=\"canonical\" href=\"https:\/\/www.gaveanews.com\/index.php\/2023\/08\/11\/filipe-luis-aponta-principal-defeito-do-flamengo\/\" \/>\n<meta property=\"og:locale\" content=\"pt_BR\" \/>\n<meta property=\"og:type\" content=\"article\" \/>\n<meta property=\"og:title\" content=\"Filipe Lu\u00eds aponta principal defeito do Flamengo\" \/>\n<meta property=\"og:description\" content=\"Por: Let\u00edcia Gerheim A derrota para o Olimpia no jogo de volta pelas oitavas de final da Libertadores exp\u00f4s novamente as car\u00eancias da equipe rubro-negra. As falhas cometidas dentro de campo foram reconhecidas pelos jogadores, que lamentaram o resultado e pediram desculpas \u00e0 torcida. Filipe Lu\u00eds foi um dos atletas que falaram publicamente sobre o [&hellip;]\" \/>\n<meta property=\"og:url\" content=\"https:\/\/www.gaveanews.com\/index.php\/2023\/08\/11\/filipe-luis-aponta-principal-defeito-do-flamengo\/\" \/>\n<meta property=\"og:site_name\" content=\"G\u00e1vea News\" \/>\n<meta property=\"article:publisher\" content=\"https:\/\/facebook.com\/gaveaNews\/\" \/>\n<meta property=\"article:published_time\" content=\"2023-08-11T14:28:48+00:00\" \/>\n<meta property=\"article:modified_time\" content=\"2023-08-11T14:28:51+00:00\" \/>\n<meta property=\"og:image\" content=\"https:\/\/www.gaveanews.com\/wp-content\/uploads\/Filipe-Luis-em-jogo-do-Flamengo-contra-o-Corinthians-pela-Libertadores.webp\" \/>\n\t<meta property=\"og:image:width\" content=\"800\" \/>\n\t<meta property=\"og:image:height\" content=\"533\" \/>\n\t<meta property=\"og:image:type\" content=\"image\/jpeg\" \/>\n<meta name=\"author\" content=\"Let\u00edcia Gerheim\" \/>\n<meta name=\"twitter:card\" content=\"summary_large_image\" \/>\n<meta name=\"twitter:label1\" content=\"Escrito por\" \/>\n\t<meta name=\"twitter:data1\" content=\"Let\u00edcia Gerheim\" \/>\n\t<meta name=\"twitter:label2\" content=\"Est. tempo de leitura\" \/>\n\t<meta name=\"twitter:data2\" content=\"2 minutos\" \/>\n<script type=\"application\/ld+json\" class=\"yoast-schema-graph\">{\"@context\":\"https:\/\/schema.org\",\"@graph\":[{\"@type\":\"NewsArticle\",\"@id\":\"https:\/\/www.gaveanews.com\/index.php\/2023\/08\/11\/filipe-luis-aponta-principal-defeito-do-flamengo\/#article\",\"isPartOf\":{\"@id\":\"https:\/\/www.gaveanews.com\/index.php\/2023\/08\/11\/filipe-luis-aponta-principal-defeito-do-flamengo\/\"},\"author\":{\"name\":\"Let\u00edcia Gerheim\",\"@id\":\"https:\/\/www.gaveanews.com\/#\/schema\/person\/714c67050b836198af2450ba1c142a67\"},\"headline\":\"Filipe Lu\u00eds aponta principal defeito do Flamengo\",\"datePublished\":\"2023-08-11T14:28:48+00:00\",\"dateModified\":\"2023-08-11T14:28:51+00:00\",\"mainEntityOfPage\":{\"@id\":\"https:\/\/www.gaveanews.com\/index.php\/2023\/08\/11\/filipe-luis-aponta-principal-defeito-do-flamengo\/\"},\"wordCount\":295,\"commentCount\":0,\"image\":{\"@id\":\"https:\/\/www.gaveanews.com\/index.php\/2023\/08\/11\/filipe-luis-aponta-principal-defeito-do-flamengo\/#primaryimage\"},\"thumbnailUrl\":\"https:\/\/www.gaveanews.com\/wp-content\/uploads\/Filipe-Luis-em-jogo-do-Flamengo-contra-o-Corinthians-pela-Libertadores.webp\",\"articleSection\":[\"Flamengo\"],\"inLanguage\":\"pt-BR\",\"potentialAction\":[{\"@type\":\"CommentAction\",\"name\":\"Comment\",\"target\":[\"https:\/\/www.gaveanews.com\/index.php\/2023\/08\/11\/filipe-luis-aponta-principal-defeito-do-flamengo\/#respond\"]}],\"copyrightYear\":\"2023\",\"copyrightHolder\":{\"@id\":\"https:\/\/www.gaveanews.com\/#organization\"}},{\"@type\":\"WebPage\",\"@id\":\"https:\/\/www.gaveanews.com\/index.php\/2023\/08\/11\/filipe-luis-aponta-principal-defeito-do-flamengo\/\",\"url\":\"https:\/\/www.gaveanews.com\/index.php\/2023\/08\/11\/filipe-luis-aponta-principal-defeito-do-flamengo\/\",\"name\":\"Filipe Lu\u00eds aponta principal defeito do Flamengo\",\"isPartOf\":{\"@id\":\"https:\/\/www.gaveanews.com\/#website\"},\"primaryImageOfPage\":{\"@id\":\"https:\/\/www.gaveanews.com\/index.php\/2023\/08\/11\/filipe-luis-aponta-principal-defeito-do-flamengo\/#primaryimage\"},\"image\":{\"@id\":\"https:\/\/www.gaveanews.com\/index.php\/2023\/08\/11\/filipe-luis-aponta-principal-defeito-do-flamengo\/#primaryimage\"},\"thumbnailUrl\":\"https:\/\/www.gaveanews.com\/wp-content\/uploads\/Filipe-Luis-em-jogo-do-Flamengo-contra-o-Corinthians-pela-Libertadores.webp\",\"datePublished\":\"2023-08-11T14:28:48+00:00\",\"dateModified\":\"2023-08-11T14:28:51+00:00\",\"author\":{\"@id\":\"https:\/\/www.gaveanews.com\/#\/schema\/person\/714c67050b836198af2450ba1c142a67\"},\"breadcrumb\":{\"@id\":\"https:\/\/www.gaveanews.com\/index.php\/2023\/08\/11\/filipe-luis-aponta-principal-defeito-do-flamengo\/#breadcrumb\"},\"inLanguage\":\"pt-BR\",\"potentialAction\":[{\"@type\":\"ReadAction\",\"target\":[\"https:\/\/www.gaveanews.com\/index.php\/2023\/08\/11\/filipe-luis-aponta-principal-defeito-do-flamengo\/\"]}]},{\"@type\":\"ImageObject\",\"inLanguage\":\"pt-BR\",\"@id\":\"https:\/\/www.gaveanews.com\/index.php\/2023\/08\/11\/filipe-luis-aponta-principal-defeito-do-flamengo\/#primaryimage\",\"url\":\"https:\/\/www.gaveanews.com\/wp-content\/uploads\/Filipe-Luis-em-jogo-do-Flamengo-contra-o-Corinthians-pela-Libertadores.webp\",\"contentUrl\":\"https:\/\/www.gaveanews.com\/wp-content\/uploads\/Filipe-Luis-em-jogo-do-Flamengo-contra-o-Corinthians-pela-Libertadores.webp\",\"width\":800,\"height\":533,\"caption\":\"Filipe Lu\u00eds em jogo do Flamengo contra o Corinthians pela Libertadores (Foto: Marcelo Cortes\/Flamengo)\"},{\"@type\":\"BreadcrumbList\",\"@id\":\"https:\/\/www.gaveanews.com\/index.php\/2023\/08\/11\/filipe-luis-aponta-principal-defeito-do-flamengo\/#breadcrumb\",\"itemListElement\":[{\"@type\":\"ListItem\",\"position\":1,\"name\":\"Home\",\"item\":\"https:\/\/www.gaveanews.com\/\"},{\"@type\":\"ListItem\",\"position\":2,\"name\":\"Filipe Lu\u00eds aponta principal defeito do Flamengo\"}]},{\"@type\":\"WebSite\",\"@id\":\"https:\/\/www.gaveanews.com\/#website\",\"url\":\"https:\/\/www.gaveanews.com\/\",\"name\":\"G\u00e1vea News\",\"description\":\"Veja todas as not\u00edcias sobre o Flamengo: Contrata\u00e7\u00f5es, categorias de base, resultados das partidas, tabela de classifica\u00e7\u00e3o, pr\u00f3ximos jogos!\",\"potentialAction\":[{\"@type\":\"SearchAction\",\"target\":{\"@type\":\"EntryPoint\",\"urlTemplate\":\"https:\/\/www.gaveanews.com\/?s={search_term_string}\"},\"query-input\":{\"@type\":\"PropertyValueSpecification\",\"valueRequired\":true,\"valueName\":\"search_term_string\"}}],\"inLanguage\":\"pt-BR\"},{\"@type\":\"Person\",\"@id\":\"https:\/\/www.gaveanews.com\/#\/schema\/person\/714c67050b836198af2450ba1c142a67\",\"name\":\"Let\u00edcia Gerheim\",\"image\":{\"@type\":\"ImageObject\",\"inLanguage\":\"pt-BR\",\"@id\":\"https:\/\/www.gaveanews.com\/#\/schema\/person\/image\/\",\"url\":\"https:\/\/secure.gravatar.com\/avatar\/60734739c50fcebfbac509e2a826ccd0ff405c019bc73aab9354f19ecad1dcb4?s=96&d=mm&r=g\",\"contentUrl\":\"https:\/\/secure.gravatar.com\/avatar\/60734739c50fcebfbac509e2a826ccd0ff405c019bc73aab9354f19ecad1dcb4?s=96&d=mm&r=g\",\"caption\":\"Let\u00edcia Gerheim\"}}]}<\/script>\n<!-- \/ Yoast SEO Premium plugin. -->","yoast_head_json":{"title":"Filipe Lu\u00eds aponta principal defeito do Flamengo","robots":{"index":"index","follow":"follow","max-snippet":"max-snippet:-1","max-image-preview":"max-image-preview:large","max-video-preview":"max-video-preview:-1"},"canonical":"https:\/\/www.gaveanews.com\/index.php\/2023\/08\/11\/filipe-luis-aponta-principal-defeito-do-flamengo\/","og_locale":"pt_BR","og_type":"article","og_title":"Filipe Lu\u00eds aponta principal defeito do Flamengo","og_description":"Por: Let\u00edcia Gerheim A derrota para o Olimpia no jogo de volta pelas oitavas de final da Libertadores exp\u00f4s novamente as car\u00eancias da equipe rubro-negra. As falhas cometidas dentro de campo foram reconhecidas pelos jogadores, que lamentaram o resultado e pediram desculpas \u00e0 torcida. Filipe Lu\u00eds foi um dos atletas que falaram publicamente sobre o [&hellip;]","og_url":"https:\/\/www.gaveanews.com\/index.php\/2023\/08\/11\/filipe-luis-aponta-principal-defeito-do-flamengo\/","og_site_name":"G\u00e1vea News","article_publisher":"https:\/\/facebook.com\/gaveaNews\/","article_published_time":"2023-08-11T14:28:48+00:00","article_modified_time":"2023-08-11T14:28:51+00:00","og_image":[{"width":800,"height":533,"url":"https:\/\/www.gaveanews.com\/wp-content\/uploads\/Filipe-Luis-em-jogo-do-Flamengo-contra-o-Corinthians-pela-Libertadores.webp","type":"image\/jpeg"}],"author":"Let\u00edcia Gerheim","twitter_card":"summary_large_image","twitter_misc":{"Escrito por":"Let\u00edcia Gerheim","Est. tempo de leitura":"2 minutos"},"schema":{"@context":"https:\/\/schema.org","@graph":[{"@type":"NewsArticle","@id":"https:\/\/www.gaveanews.com\/index.php\/2023\/08\/11\/filipe-luis-aponta-principal-defeito-do-flamengo\/#article","isPartOf":{"@id":"https:\/\/www.gaveanews.com\/index.php\/2023\/08\/11\/filipe-luis-aponta-principal-defeito-do-flamengo\/"},"author":{"name":"Let\u00edcia Gerheim","@id":"https:\/\/www.gaveanews.com\/#\/schema\/person\/714c67050b836198af2450ba1c142a67"},"headline":"Filipe Lu\u00eds aponta principal defeito do Flamengo","datePublished":"2023-08-11T14:28:48+00:00","dateModified":"2023-08-11T14:28:51+00:00","mainEntityOfPage":{"@id":"https:\/\/www.gaveanews.com\/index.php\/2023\/08\/11\/filipe-luis-aponta-principal-defeito-do-flamengo\/"},"wordCount":295,"commentCount":0,"image":{"@id":"https:\/\/www.gaveanews.com\/index.php\/2023\/08\/11\/filipe-luis-aponta-principal-defeito-do-flamengo\/#primaryimage"},"thumbnailUrl":"https:\/\/www.gaveanews.com\/wp-content\/uploads\/Filipe-Luis-em-jogo-do-Flamengo-contra-o-Corinthians-pela-Libertadores.webp","articleSection":["Flamengo"],"inLanguage":"pt-BR","potentialAction":[{"@type":"CommentAction","name":"Comment","target":["https:\/\/www.gaveanews.com\/index.php\/2023\/08\/11\/filipe-luis-aponta-principal-defeito-do-flamengo\/#respond"]}],"copyrightYear":"2023","copyrightHolder":{"@id":"https:\/\/www.gaveanews.com\/#organization"}},{"@type":"WebPage","@id":"https:\/\/www.gaveanews.com\/index.php\/2023\/08\/11\/filipe-luis-aponta-principal-defeito-do-flamengo\/","url":"https:\/\/www.gaveanews.com\/index.php\/2023\/08\/11\/filipe-luis-aponta-principal-defeito-do-flamengo\/","name":"Filipe Lu\u00eds aponta principal defeito do Flamengo","isPartOf":{"@id":"https:\/\/www.gaveanews.com\/#website"},"primaryImageOfPage":{"@id":"https:\/\/www.gaveanews.com\/index.php\/2023\/08\/11\/filipe-luis-aponta-principal-defeito-do-flamengo\/#primaryimage"},"image":{"@id":"https:\/\/www.gaveanews.com\/index.php\/2023\/08\/11\/filipe-luis-aponta-principal-defeito-do-flamengo\/#primaryimage"},"thumbnailUrl":"https:\/\/www.gaveanews.com\/wp-content\/uploads\/Filipe-Luis-em-jogo-do-Flamengo-contra-o-Corinthians-pela-Libertadores.webp","datePublished":"2023-08-11T14:28:48+00:00","dateModified":"2023-08-11T14:28:51+00:00","author":{"@id":"https:\/\/www.gaveanews.com\/#\/schema\/person\/714c67050b836198af2450ba1c142a67"},"breadcrumb":{"@id":"https:\/\/www.gaveanews.com\/index.php\/2023\/08\/11\/filipe-luis-aponta-principal-defeito-do-flamengo\/#breadcrumb"},"inLanguage":"pt-BR","potentialAction":[{"@type":"ReadAction","target":["https:\/\/www.gaveanews.com\/index.php\/2023\/08\/11\/filipe-luis-aponta-principal-defeito-do-flamengo\/"]}]},{"@type":"ImageObject","inLanguage":"pt-BR","@id":"https:\/\/www.gaveanews.com\/index.php\/2023\/08\/11\/filipe-luis-aponta-principal-defeito-do-flamengo\/#primaryimage","url":"https:\/\/www.gaveanews.com\/wp-content\/uploads\/Filipe-Luis-em-jogo-do-Flamengo-contra-o-Corinthians-pela-Libertadores.webp","contentUrl":"https:\/\/www.gaveanews.com\/wp-content\/uploads\/Filipe-Luis-em-jogo-do-Flamengo-contra-o-Corinthians-pela-Libertadores.webp","width":800,"height":533,"caption":"Filipe Lu\u00eds em jogo do Flamengo contra o Corinthians pela Libertadores (Foto: Marcelo Cortes\/Flamengo)"},{"@type":"BreadcrumbList","@id":"https:\/\/www.gaveanews.com\/index.php\/2023\/08\/11\/filipe-luis-aponta-principal-defeito-do-flamengo\/#breadcrumb","itemListElement":[{"@type":"ListItem","position":1,"name":"Home","item":"https:\/\/www.gaveanews.com\/"},{"@type":"ListItem","position":2,"name":"Filipe Lu\u00eds aponta principal defeito do Flamengo"}]},{"@type":"WebSite","@id":"https:\/\/www.gaveanews.com\/#website","url":"https:\/\/www.gaveanews.com\/","name":"G\u00e1vea News","description":"Veja todas as not\u00edcias sobre o Flamengo: Contrata\u00e7\u00f5es, categorias de base, resultados das partidas, tabela de classifica\u00e7\u00e3o, pr\u00f3ximos jogos!","potentialAction":[{"@type":"SearchAction","target":{"@type":"EntryPoint","urlTemplate":"https:\/\/www.gaveanews.com\/?s={search_term_string}"},"query-input":{"@type":"PropertyValueSpecification","valueRequired":true,"valueName":"search_term_string"}}],"inLanguage":"pt-BR"},{"@type":"Person","@id":"https:\/\/www.gaveanews.com\/#\/schema\/person\/714c67050b836198af2450ba1c142a67","name":"Let\u00edcia Gerheim","image":{"@type":"ImageObject","inLanguage":"pt-BR","@id":"https:\/\/www.gaveanews.com\/#\/schema\/person\/image\/","url":"https:\/\/secure.gravatar.com\/avatar\/60734739c50fcebfbac509e2a826ccd0ff405c019bc73aab9354f19ecad1dcb4?s=96&d=mm&r=g","contentUrl":"https:\/\/secure.gravatar.com\/avatar\/60734739c50fcebfbac509e2a826ccd0ff405c019bc73aab9354f19ecad1dcb4?s=96&d=mm&r=g","caption":"Let\u00edcia Gerheim"}}]}},"_links":{"self":[{"href":"https:\/\/www.gaveanews.com\/index.php\/wp-json\/wp\/v2\/posts\/104542","targetHints":{"allow":["GET"]}}],"collection":[{"href":"https:\/\/www.gaveanews.com\/index.php\/wp-json\/wp\/v2\/posts"}],"about":[{"href":"https:\/\/www.gaveanews.com\/index.php\/wp-json\/wp\/v2\/types\/post"}],"author":[{"embeddable":true,"href":"https:\/\/www.gaveanews.com\/index.php\/wp-json\/wp\/v2\/users\/4"}],"replies":[{"embeddable":true,"href":"https:\/\/www.gaveanews.com\/index.php\/wp-json\/wp\/v2\/comments?post=104542"}],"version-history":[{"count":0,"href":"https:\/\/www.gaveanews.com\/index.php\/wp-json\/wp\/v2\/posts\/104542\/revisions"}],"wp:featuredmedia":[{"embeddable":true,"href":"https:\/\/www.gaveanews.com\/index.php\/wp-json\/wp\/v2\/media\/85678"}],"wp:attachment":[{"href":"https:\/\/www.gaveanews.com\/index.php\/wp-json\/wp\/v2\/media?parent=104542"}],"wp:term":[{"taxonomy":"category","embeddable":true,"href":"https:\/\/www.gaveanews.com\/index.php\/wp-json\/wp\/v2\/categories?post=104542"},{"taxonomy":"post_tag","embeddable":true,"href":"https:\/\/www.gaveanews.com\/index.php\/wp-json\/wp\/v2\/tags?post=104542"}],"curies":[{"name":"wp","href":"https:\/\/api.w.org\/{rel}","templated":true}]}}