{"id":104544,"date":"2023-08-11T12:30:30","date_gmt":"2023-08-11T15:30:30","guid":{"rendered":"https:\/\/www.gaveanews.com\/?p=104544"},"modified":"2023-08-11T12:30:31","modified_gmt":"2023-08-11T15:30:31","slug":"eliminacao-na-libertadores-abre-rombo-no-orcamento-do-flamengo-para-2023","status":"publish","type":"post","link":"https:\/\/www.gaveanews.com\/index.php\/2023\/08\/11\/eliminacao-na-libertadores-abre-rombo-no-orcamento-do-flamengo-para-2023\/","title":{"rendered":"Elimina\u00e7\u00e3o na Libertadores abre rombo no or\u00e7amento do Flamengo para 2023"},"content":{"rendered":"\n<p>Por: Let\u00edcia Gerheim<br><br>A elimina\u00e7\u00e3o precoce do Flamengo na Libertadores trouxe diversas implica\u00e7\u00f5es para o clube na temporada. Uma delas \u00e9 a redu\u00e7\u00e3o do lucro com premia\u00e7\u00f5es.<\/p>\n\n\n\n<p>O clube fez o or\u00e7amento da temporada contando com a chegada do time nas semifinais das copas e sendo ao menos vice-campe\u00e3o do Brasileir\u00e3o. A meta, evidentemente, n\u00e3o poder\u00e1 mais ser alcan\u00e7ada.<\/p>\n\n\n\n<p>Com a queda ainda nas oitavas de final, o Fla receber\u00e1 da Conmebol apenas R$ 25 milh\u00f5es, dos R$ 44,5 milh\u00f5es estimados no come\u00e7o da temporada. Tamb\u00e9m h\u00e1 R$ 18,7 milh\u00f5es a serem repassados pela CBF por ter chegado \u00e0s semis da Copa do Brasil.<\/p>\n\n\n\n<p>Outro ponto sens\u00edvel \u00e9 a classifica\u00e7\u00e3o do Brasileir\u00e3o. Atualmente o Flamengo \u00e9 o vice-l\u00edder da tabela, como o esperado pelo clube na meta, mas est\u00e1 empatado em pontua\u00e7\u00e3o com Fluminense, Palmeiras e Bragantino, podendo cair de posi\u00e7\u00e3o a qualquer trope\u00e7o.<\/p>\n\n\n\n<p>A meta do clube \u00e9 de arrecadar R$ 118 milh\u00f5es apenas com premia\u00e7\u00f5es, mas at\u00e9 o momento apenas R$ 43,7 milh\u00f5es est\u00e3o garantidos. Outros R$ 74,3 milh\u00f5es ainda precisam ser conquistados.<\/p>\n\n\n\n<h2 class=\"wp-block-heading\" id=\"h-premiacoes-do-flamengo-em-2023\">Premia\u00e7\u00f5es do Flamengo em 2023:<\/h2>\n\n\n\n<ul class=\"wp-block-list\">\n<li><strong>Libertadores:<\/strong> US$ 5,15 milh\u00f5es (pouco mais de R$ 25 milh\u00f5es)<\/li>\n\n\n\n<li><strong>Copa do Brasil:<\/strong>\u00a0R$ 18,7 milh\u00f5es (at\u00e9 as semifinais)<\/li>\n\n\n\n<li><strong>Vice-l\u00edder do Brasileir\u00e3o:<\/strong> R$ 42,7 milh\u00f5es (ainda n\u00e3o garantida)<\/li>\n<\/ul>\n\n\n\n<p>Dada a dist\u00e2ncia de 13 pontos para o Botafogo no Brasileir\u00e3o e os trope\u00e7os frequentes na competi\u00e7\u00e3o, a esperan\u00e7a do Flamengo est\u00e1 em avan\u00e7ar para a final da Copa do Brasil. O Rubro-Negro garantiu uma boa vantagem sobre o Gr\u00eamio no jogo de ida pelas semifinais e \u00e9 o favorito para rumar \u00e0 decis\u00e3o do torneio.<\/p>\n","protected":false},"excerpt":{"rendered":"<p>Por: Let\u00edcia Gerheim A elimina\u00e7\u00e3o precoce do Flamengo na Libertadores trouxe diversas implica\u00e7\u00f5es para o clube na temporada. Uma delas \u00e9 a redu\u00e7\u00e3o do lucro com premia\u00e7\u00f5es. O clube fez o or\u00e7amento da temporada contando com a chegada do time nas semifinais das copas e sendo ao menos vice-campe\u00e3o do Brasileir\u00e3o. A meta, evidentemente, n\u00e3o [&hellip;]<\/p>\n","protected":false},"author":4,"featured_media":41279,"comment_status":"open","ping_status":"closed","sticky":false,"template":"","format":"standard","meta":{"footnotes":""},"categories":[1],"tags":[],"class_list":["post-104544","post","type-post","status-publish","format-standard","has-post-thumbnail","hentry","category-flamengo"],"yoast_head":"<!-- This site is optimized with the Yoast SEO Premium plugin v24.2 (Yoast SEO v26.9) - https:\/\/yoast.com\/product\/yoast-seo-premium-wordpress\/ -->\n<title>Elimina\u00e7\u00e3o na Libertadores abre rombo no or\u00e7amento do Flamengo para 2023<\/title>\n<meta name=\"robots\" content=\"index, follow, max-snippet:-1, max-image-preview:large, max-video-preview:-1\" \/>\n<link rel=\"canonical\" href=\"https:\/\/www.gaveanews.com\/index.php\/2023\/08\/11\/eliminacao-na-libertadores-abre-rombo-no-orcamento-do-flamengo-para-2023\/\" \/>\n<meta property=\"og:locale\" content=\"pt_BR\" \/>\n<meta property=\"og:type\" content=\"article\" \/>\n<meta property=\"og:title\" content=\"Elimina\u00e7\u00e3o na Libertadores abre rombo no or\u00e7amento do Flamengo para 2023\" \/>\n<meta property=\"og:description\" content=\"Por: Let\u00edcia Gerheim A elimina\u00e7\u00e3o precoce do Flamengo na Libertadores trouxe diversas implica\u00e7\u00f5es para o clube na temporada. Uma delas \u00e9 a redu\u00e7\u00e3o do lucro com premia\u00e7\u00f5es. O clube fez o or\u00e7amento da temporada contando com a chegada do time nas semifinais das copas e sendo ao menos vice-campe\u00e3o do Brasileir\u00e3o. A meta, evidentemente, n\u00e3o [&hellip;]\" \/>\n<meta property=\"og:url\" content=\"https:\/\/www.gaveanews.com\/index.php\/2023\/08\/11\/eliminacao-na-libertadores-abre-rombo-no-orcamento-do-flamengo-para-2023\/\" \/>\n<meta property=\"og:site_name\" content=\"G\u00e1vea News\" \/>\n<meta property=\"article:publisher\" content=\"https:\/\/facebook.com\/gaveaNews\/\" \/>\n<meta property=\"article:published_time\" content=\"2023-08-11T15:30:30+00:00\" \/>\n<meta property=\"article:modified_time\" content=\"2023-08-11T15:30:31+00:00\" \/>\n<meta property=\"og:image\" content=\"https:\/\/www.gaveanews.com\/wp-content\/uploads\/Reinaldo-Belotti-esquerda-Rodolfo-Landim-centro-e-Rodrigo-Dunshee-de-Abranches-direita.webp\" \/>\n\t<meta property=\"og:image:width\" content=\"1920\" \/>\n\t<meta property=\"og:image:height\" content=\"1277\" \/>\n\t<meta property=\"og:image:type\" content=\"image\/jpeg\" \/>\n<meta name=\"author\" content=\"Let\u00edcia Gerheim\" \/>\n<meta name=\"twitter:card\" content=\"summary_large_image\" \/>\n<meta name=\"twitter:label1\" content=\"Escrito por\" \/>\n\t<meta name=\"twitter:data1\" content=\"Let\u00edcia Gerheim\" \/>\n\t<meta name=\"twitter:label2\" content=\"Est. tempo de leitura\" \/>\n\t<meta name=\"twitter:data2\" content=\"2 minutos\" \/>\n<script type=\"application\/ld+json\" class=\"yoast-schema-graph\">{\"@context\":\"https:\/\/schema.org\",\"@graph\":[{\"@type\":\"NewsArticle\",\"@id\":\"https:\/\/www.gaveanews.com\/index.php\/2023\/08\/11\/eliminacao-na-libertadores-abre-rombo-no-orcamento-do-flamengo-para-2023\/#article\",\"isPartOf\":{\"@id\":\"https:\/\/www.gaveanews.com\/index.php\/2023\/08\/11\/eliminacao-na-libertadores-abre-rombo-no-orcamento-do-flamengo-para-2023\/\"},\"author\":{\"name\":\"Let\u00edcia Gerheim\",\"@id\":\"https:\/\/www.gaveanews.com\/#\/schema\/person\/714c67050b836198af2450ba1c142a67\"},\"headline\":\"Elimina\u00e7\u00e3o na Libertadores abre rombo no or\u00e7amento do Flamengo para 2023\",\"datePublished\":\"2023-08-11T15:30:30+00:00\",\"dateModified\":\"2023-08-11T15:30:31+00:00\",\"mainEntityOfPage\":{\"@id\":\"https:\/\/www.gaveanews.com\/index.php\/2023\/08\/11\/eliminacao-na-libertadores-abre-rombo-no-orcamento-do-flamengo-para-2023\/\"},\"wordCount\":301,\"commentCount\":0,\"image\":{\"@id\":\"https:\/\/www.gaveanews.com\/index.php\/2023\/08\/11\/eliminacao-na-libertadores-abre-rombo-no-orcamento-do-flamengo-para-2023\/#primaryimage\"},\"thumbnailUrl\":\"https:\/\/www.gaveanews.com\/wp-content\/uploads\/Reinaldo-Belotti-esquerda-Rodolfo-Landim-centro-e-Rodrigo-Dunshee-de-Abranches-direita.webp\",\"articleSection\":[\"Flamengo\"],\"inLanguage\":\"pt-BR\",\"potentialAction\":[{\"@type\":\"CommentAction\",\"name\":\"Comment\",\"target\":[\"https:\/\/www.gaveanews.com\/index.php\/2023\/08\/11\/eliminacao-na-libertadores-abre-rombo-no-orcamento-do-flamengo-para-2023\/#respond\"]}],\"copyrightYear\":\"2023\",\"copyrightHolder\":{\"@id\":\"https:\/\/www.gaveanews.com\/#organization\"}},{\"@type\":\"WebPage\",\"@id\":\"https:\/\/www.gaveanews.com\/index.php\/2023\/08\/11\/eliminacao-na-libertadores-abre-rombo-no-orcamento-do-flamengo-para-2023\/\",\"url\":\"https:\/\/www.gaveanews.com\/index.php\/2023\/08\/11\/eliminacao-na-libertadores-abre-rombo-no-orcamento-do-flamengo-para-2023\/\",\"name\":\"Elimina\u00e7\u00e3o na Libertadores abre rombo no or\u00e7amento do Flamengo para 2023\",\"isPartOf\":{\"@id\":\"https:\/\/www.gaveanews.com\/#website\"},\"primaryImageOfPage\":{\"@id\":\"https:\/\/www.gaveanews.com\/index.php\/2023\/08\/11\/eliminacao-na-libertadores-abre-rombo-no-orcamento-do-flamengo-para-2023\/#primaryimage\"},\"image\":{\"@id\":\"https:\/\/www.gaveanews.com\/index.php\/2023\/08\/11\/eliminacao-na-libertadores-abre-rombo-no-orcamento-do-flamengo-para-2023\/#primaryimage\"},\"thumbnailUrl\":\"https:\/\/www.gaveanews.com\/wp-content\/uploads\/Reinaldo-Belotti-esquerda-Rodolfo-Landim-centro-e-Rodrigo-Dunshee-de-Abranches-direita.webp\",\"datePublished\":\"2023-08-11T15:30:30+00:00\",\"dateModified\":\"2023-08-11T15:30:31+00:00\",\"author\":{\"@id\":\"https:\/\/www.gaveanews.com\/#\/schema\/person\/714c67050b836198af2450ba1c142a67\"},\"breadcrumb\":{\"@id\":\"https:\/\/www.gaveanews.com\/index.php\/2023\/08\/11\/eliminacao-na-libertadores-abre-rombo-no-orcamento-do-flamengo-para-2023\/#breadcrumb\"},\"inLanguage\":\"pt-BR\",\"potentialAction\":[{\"@type\":\"ReadAction\",\"target\":[\"https:\/\/www.gaveanews.com\/index.php\/2023\/08\/11\/eliminacao-na-libertadores-abre-rombo-no-orcamento-do-flamengo-para-2023\/\"]}]},{\"@type\":\"ImageObject\",\"inLanguage\":\"pt-BR\",\"@id\":\"https:\/\/www.gaveanews.com\/index.php\/2023\/08\/11\/eliminacao-na-libertadores-abre-rombo-no-orcamento-do-flamengo-para-2023\/#primaryimage\",\"url\":\"https:\/\/www.gaveanews.com\/wp-content\/uploads\/Reinaldo-Belotti-esquerda-Rodolfo-Landim-centro-e-Rodrigo-Dunshee-de-Abranches-direita.webp\",\"contentUrl\":\"https:\/\/www.gaveanews.com\/wp-content\/uploads\/Reinaldo-Belotti-esquerda-Rodolfo-Landim-centro-e-Rodrigo-Dunshee-de-Abranches-direita.webp\",\"width\":1920,\"height\":1277,\"caption\":\"Reinaldo Belotti (esquerda), Rodolfo Landim (centro) e Rodrigo Dunshee de Abranches (direita) (Foto: Marcelo Cortes\/Flamengo)\"},{\"@type\":\"BreadcrumbList\",\"@id\":\"https:\/\/www.gaveanews.com\/index.php\/2023\/08\/11\/eliminacao-na-libertadores-abre-rombo-no-orcamento-do-flamengo-para-2023\/#breadcrumb\",\"itemListElement\":[{\"@type\":\"ListItem\",\"position\":1,\"name\":\"Home\",\"item\":\"https:\/\/www.gaveanews.com\/\"},{\"@type\":\"ListItem\",\"position\":2,\"name\":\"Elimina\u00e7\u00e3o na Libertadores abre rombo no or\u00e7amento do Flamengo para 2023\"}]},{\"@type\":\"WebSite\",\"@id\":\"https:\/\/www.gaveanews.com\/#website\",\"url\":\"https:\/\/www.gaveanews.com\/\",\"name\":\"G\u00e1vea News\",\"description\":\"Veja todas as not\u00edcias sobre o Flamengo: Contrata\u00e7\u00f5es, categorias de base, resultados das partidas, tabela de classifica\u00e7\u00e3o, pr\u00f3ximos jogos!\",\"potentialAction\":[{\"@type\":\"SearchAction\",\"target\":{\"@type\":\"EntryPoint\",\"urlTemplate\":\"https:\/\/www.gaveanews.com\/?s={search_term_string}\"},\"query-input\":{\"@type\":\"PropertyValueSpecification\",\"valueRequired\":true,\"valueName\":\"search_term_string\"}}],\"inLanguage\":\"pt-BR\"},{\"@type\":\"Person\",\"@id\":\"https:\/\/www.gaveanews.com\/#\/schema\/person\/714c67050b836198af2450ba1c142a67\",\"name\":\"Let\u00edcia Gerheim\",\"image\":{\"@type\":\"ImageObject\",\"inLanguage\":\"pt-BR\",\"@id\":\"https:\/\/www.gaveanews.com\/#\/schema\/person\/image\/\",\"url\":\"https:\/\/secure.gravatar.com\/avatar\/60734739c50fcebfbac509e2a826ccd0ff405c019bc73aab9354f19ecad1dcb4?s=96&d=mm&r=g\",\"contentUrl\":\"https:\/\/secure.gravatar.com\/avatar\/60734739c50fcebfbac509e2a826ccd0ff405c019bc73aab9354f19ecad1dcb4?s=96&d=mm&r=g\",\"caption\":\"Let\u00edcia Gerheim\"}}]}<\/script>\n<!-- \/ Yoast SEO Premium plugin. -->","yoast_head_json":{"title":"Elimina\u00e7\u00e3o na Libertadores abre rombo no or\u00e7amento do Flamengo para 2023","robots":{"index":"index","follow":"follow","max-snippet":"max-snippet:-1","max-image-preview":"max-image-preview:large","max-video-preview":"max-video-preview:-1"},"canonical":"https:\/\/www.gaveanews.com\/index.php\/2023\/08\/11\/eliminacao-na-libertadores-abre-rombo-no-orcamento-do-flamengo-para-2023\/","og_locale":"pt_BR","og_type":"article","og_title":"Elimina\u00e7\u00e3o na Libertadores abre rombo no or\u00e7amento do Flamengo para 2023","og_description":"Por: Let\u00edcia Gerheim A elimina\u00e7\u00e3o precoce do Flamengo na Libertadores trouxe diversas implica\u00e7\u00f5es para o clube na temporada. Uma delas \u00e9 a redu\u00e7\u00e3o do lucro com premia\u00e7\u00f5es. O clube fez o or\u00e7amento da temporada contando com a chegada do time nas semifinais das copas e sendo ao menos vice-campe\u00e3o do Brasileir\u00e3o. A meta, evidentemente, n\u00e3o [&hellip;]","og_url":"https:\/\/www.gaveanews.com\/index.php\/2023\/08\/11\/eliminacao-na-libertadores-abre-rombo-no-orcamento-do-flamengo-para-2023\/","og_site_name":"G\u00e1vea News","article_publisher":"https:\/\/facebook.com\/gaveaNews\/","article_published_time":"2023-08-11T15:30:30+00:00","article_modified_time":"2023-08-11T15:30:31+00:00","og_image":[{"width":1920,"height":1277,"url":"https:\/\/www.gaveanews.com\/wp-content\/uploads\/Reinaldo-Belotti-esquerda-Rodolfo-Landim-centro-e-Rodrigo-Dunshee-de-Abranches-direita.webp","type":"image\/jpeg"}],"author":"Let\u00edcia Gerheim","twitter_card":"summary_large_image","twitter_misc":{"Escrito por":"Let\u00edcia Gerheim","Est. tempo de leitura":"2 minutos"},"schema":{"@context":"https:\/\/schema.org","@graph":[{"@type":"NewsArticle","@id":"https:\/\/www.gaveanews.com\/index.php\/2023\/08\/11\/eliminacao-na-libertadores-abre-rombo-no-orcamento-do-flamengo-para-2023\/#article","isPartOf":{"@id":"https:\/\/www.gaveanews.com\/index.php\/2023\/08\/11\/eliminacao-na-libertadores-abre-rombo-no-orcamento-do-flamengo-para-2023\/"},"author":{"name":"Let\u00edcia Gerheim","@id":"https:\/\/www.gaveanews.com\/#\/schema\/person\/714c67050b836198af2450ba1c142a67"},"headline":"Elimina\u00e7\u00e3o na Libertadores abre rombo no or\u00e7amento do Flamengo para 2023","datePublished":"2023-08-11T15:30:30+00:00","dateModified":"2023-08-11T15:30:31+00:00","mainEntityOfPage":{"@id":"https:\/\/www.gaveanews.com\/index.php\/2023\/08\/11\/eliminacao-na-libertadores-abre-rombo-no-orcamento-do-flamengo-para-2023\/"},"wordCount":301,"commentCount":0,"image":{"@id":"https:\/\/www.gaveanews.com\/index.php\/2023\/08\/11\/eliminacao-na-libertadores-abre-rombo-no-orcamento-do-flamengo-para-2023\/#primaryimage"},"thumbnailUrl":"https:\/\/www.gaveanews.com\/wp-content\/uploads\/Reinaldo-Belotti-esquerda-Rodolfo-Landim-centro-e-Rodrigo-Dunshee-de-Abranches-direita.webp","articleSection":["Flamengo"],"inLanguage":"pt-BR","potentialAction":[{"@type":"CommentAction","name":"Comment","target":["https:\/\/www.gaveanews.com\/index.php\/2023\/08\/11\/eliminacao-na-libertadores-abre-rombo-no-orcamento-do-flamengo-para-2023\/#respond"]}],"copyrightYear":"2023","copyrightHolder":{"@id":"https:\/\/www.gaveanews.com\/#organization"}},{"@type":"WebPage","@id":"https:\/\/www.gaveanews.com\/index.php\/2023\/08\/11\/eliminacao-na-libertadores-abre-rombo-no-orcamento-do-flamengo-para-2023\/","url":"https:\/\/www.gaveanews.com\/index.php\/2023\/08\/11\/eliminacao-na-libertadores-abre-rombo-no-orcamento-do-flamengo-para-2023\/","name":"Elimina\u00e7\u00e3o na Libertadores abre rombo no or\u00e7amento do Flamengo para 2023","isPartOf":{"@id":"https:\/\/www.gaveanews.com\/#website"},"primaryImageOfPage":{"@id":"https:\/\/www.gaveanews.com\/index.php\/2023\/08\/11\/eliminacao-na-libertadores-abre-rombo-no-orcamento-do-flamengo-para-2023\/#primaryimage"},"image":{"@id":"https:\/\/www.gaveanews.com\/index.php\/2023\/08\/11\/eliminacao-na-libertadores-abre-rombo-no-orcamento-do-flamengo-para-2023\/#primaryimage"},"thumbnailUrl":"https:\/\/www.gaveanews.com\/wp-content\/uploads\/Reinaldo-Belotti-esquerda-Rodolfo-Landim-centro-e-Rodrigo-Dunshee-de-Abranches-direita.webp","datePublished":"2023-08-11T15:30:30+00:00","dateModified":"2023-08-11T15:30:31+00:00","author":{"@id":"https:\/\/www.gaveanews.com\/#\/schema\/person\/714c67050b836198af2450ba1c142a67"},"breadcrumb":{"@id":"https:\/\/www.gaveanews.com\/index.php\/2023\/08\/11\/eliminacao-na-libertadores-abre-rombo-no-orcamento-do-flamengo-para-2023\/#breadcrumb"},"inLanguage":"pt-BR","potentialAction":[{"@type":"ReadAction","target":["https:\/\/www.gaveanews.com\/index.php\/2023\/08\/11\/eliminacao-na-libertadores-abre-rombo-no-orcamento-do-flamengo-para-2023\/"]}]},{"@type":"ImageObject","inLanguage":"pt-BR","@id":"https:\/\/www.gaveanews.com\/index.php\/2023\/08\/11\/eliminacao-na-libertadores-abre-rombo-no-orcamento-do-flamengo-para-2023\/#primaryimage","url":"https:\/\/www.gaveanews.com\/wp-content\/uploads\/Reinaldo-Belotti-esquerda-Rodolfo-Landim-centro-e-Rodrigo-Dunshee-de-Abranches-direita.webp","contentUrl":"https:\/\/www.gaveanews.com\/wp-content\/uploads\/Reinaldo-Belotti-esquerda-Rodolfo-Landim-centro-e-Rodrigo-Dunshee-de-Abranches-direita.webp","width":1920,"height":1277,"caption":"Reinaldo Belotti (esquerda), Rodolfo Landim (centro) e Rodrigo Dunshee de Abranches (direita) (Foto: Marcelo Cortes\/Flamengo)"},{"@type":"BreadcrumbList","@id":"https:\/\/www.gaveanews.com\/index.php\/2023\/08\/11\/eliminacao-na-libertadores-abre-rombo-no-orcamento-do-flamengo-para-2023\/#breadcrumb","itemListElement":[{"@type":"ListItem","position":1,"name":"Home","item":"https:\/\/www.gaveanews.com\/"},{"@type":"ListItem","position":2,"name":"Elimina\u00e7\u00e3o na Libertadores abre rombo no or\u00e7amento do Flamengo para 2023"}]},{"@type":"WebSite","@id":"https:\/\/www.gaveanews.com\/#website","url":"https:\/\/www.gaveanews.com\/","name":"G\u00e1vea News","description":"Veja todas as not\u00edcias sobre o Flamengo: Contrata\u00e7\u00f5es, categorias de base, resultados das partidas, tabela de classifica\u00e7\u00e3o, pr\u00f3ximos jogos!","potentialAction":[{"@type":"SearchAction","target":{"@type":"EntryPoint","urlTemplate":"https:\/\/www.gaveanews.com\/?s={search_term_string}"},"query-input":{"@type":"PropertyValueSpecification","valueRequired":true,"valueName":"search_term_string"}}],"inLanguage":"pt-BR"},{"@type":"Person","@id":"https:\/\/www.gaveanews.com\/#\/schema\/person\/714c67050b836198af2450ba1c142a67","name":"Let\u00edcia Gerheim","image":{"@type":"ImageObject","inLanguage":"pt-BR","@id":"https:\/\/www.gaveanews.com\/#\/schema\/person\/image\/","url":"https:\/\/secure.gravatar.com\/avatar\/60734739c50fcebfbac509e2a826ccd0ff405c019bc73aab9354f19ecad1dcb4?s=96&d=mm&r=g","contentUrl":"https:\/\/secure.gravatar.com\/avatar\/60734739c50fcebfbac509e2a826ccd0ff405c019bc73aab9354f19ecad1dcb4?s=96&d=mm&r=g","caption":"Let\u00edcia Gerheim"}}]}},"_links":{"self":[{"href":"https:\/\/www.gaveanews.com\/index.php\/wp-json\/wp\/v2\/posts\/104544","targetHints":{"allow":["GET"]}}],"collection":[{"href":"https:\/\/www.gaveanews.com\/index.php\/wp-json\/wp\/v2\/posts"}],"about":[{"href":"https:\/\/www.gaveanews.com\/index.php\/wp-json\/wp\/v2\/types\/post"}],"author":[{"embeddable":true,"href":"https:\/\/www.gaveanews.com\/index.php\/wp-json\/wp\/v2\/users\/4"}],"replies":[{"embeddable":true,"href":"https:\/\/www.gaveanews.com\/index.php\/wp-json\/wp\/v2\/comments?post=104544"}],"version-history":[{"count":0,"href":"https:\/\/www.gaveanews.com\/index.php\/wp-json\/wp\/v2\/posts\/104544\/revisions"}],"wp:featuredmedia":[{"embeddable":true,"href":"https:\/\/www.gaveanews.com\/index.php\/wp-json\/wp\/v2\/media\/41279"}],"wp:attachment":[{"href":"https:\/\/www.gaveanews.com\/index.php\/wp-json\/wp\/v2\/media?parent=104544"}],"wp:term":[{"taxonomy":"category","embeddable":true,"href":"https:\/\/www.gaveanews.com\/index.php\/wp-json\/wp\/v2\/categories?post=104544"},{"taxonomy":"post_tag","embeddable":true,"href":"https:\/\/www.gaveanews.com\/index.php\/wp-json\/wp\/v2\/tags?post=104544"}],"curies":[{"name":"wp","href":"https:\/\/api.w.org\/{rel}","templated":true}]}}