{"id":104557,"date":"2023-08-11T14:33:35","date_gmt":"2023-08-11T17:33:35","guid":{"rendered":"https:\/\/www.gaveanews.com\/?p=104557"},"modified":"2023-08-11T14:33:52","modified_gmt":"2023-08-11T17:33:52","slug":"jogador-do-vasco-provoca-flamengo-apos-eliminacao-na-libertadores","status":"publish","type":"post","link":"https:\/\/www.gaveanews.com\/index.php\/2023\/08\/11\/jogador-do-vasco-provoca-flamengo-apos-eliminacao-na-libertadores\/","title":{"rendered":"Jogador do Vasco provoca Flamengo ap\u00f3s elimina\u00e7\u00e3o na Libertadores"},"content":{"rendered":"\n<p>O jogador paraguaio Mat\u00edas Galarza foi \u00e0s redes sociais para celebrar a classifica\u00e7\u00e3o do Ol\u00edmpia \u00e0s quartas de final da Copa Libertadores da Am\u00e9rica e, de quebra, provocar o arquirrival Flamengo &#8211; eliminado ap\u00f3s a derrota por 3 a 1 na noite desta quinta-feira (10). O meio-campista retornou ao Vasco da Gama em 2023.<\/p>\n\n\n\n<p>Mat\u00edas Galarza usou sua conta pessoal no Instagram para compartilhar uma foto de frente para televis\u00e3o, com o placar 3 a 1 \u00e0 mostra. No registro, o meio-campista aparece vestido com a camisa do Olimpia, bastante sorridente e fazendo o sinal de tr\u00eas com a m\u00e3o.<\/p>\n\n\n\n<p><em>\u2014 Tem que respeitar a hist\u00f3ria <\/em>-, escreveu Galarza na legenda do storie.<\/p>\n\n\n<div class=\"wp-block-image\">\n<figure class=\"aligncenter size-large\"><img decoding=\"async\" src=\"https:\/\/lncimg.lance.com.br\/cdn-cgi\/image\/width=750,quality=75,format=webp\/uploads\/2023\/08\/Matias-Galarza.webp\" alt=\"\"\/><\/figure>\n<\/div>\n\n\n<p>Nem mesmo a vantagem m\u00ednima constru\u00edda no jogo de ida, no Maracan\u00e3, e o gol no in\u00edcio da partida foram capazes de garantir classifica\u00e7\u00e3o ao Flamengo na noite desta quinta-feira (10). O atual campe\u00e3o da Am\u00e9rica foi dominado pelo Ol\u00edmpia na etapa final e sofreu a virada por 3 a 1, dando adeus ao sonho do tetra no Rio de Janeiro.<\/p>\n\n\n\n<p>O Ol\u00edmpia, por sua vez, segue vivo na Libertadores da Am\u00e9rica e enfrenta o Fluminense nas quartas de final. O duelos ainda n\u00e3o t\u00eam data confirmada, mas acontecer\u00e3o nas semanas dos dias 23 e 30 de agosto.<\/p>\n\n\n\n<p>Retirado de: Lance<\/p>\n","protected":false},"excerpt":{"rendered":"<p>O jogador paraguaio Mat\u00edas Galarza foi \u00e0s redes sociais para celebrar a classifica\u00e7\u00e3o do Ol\u00edmpia \u00e0s quartas de final da Copa Libertadores da Am\u00e9rica e, de quebra, provocar o arquirrival Flamengo &#8211; eliminado ap\u00f3s a derrota por 3 a 1 na noite desta quinta-feira (10). O meio-campista retornou ao Vasco da Gama em 2023. Mat\u00edas [&hellip;]<\/p>\n","protected":false},"author":1,"featured_media":65813,"comment_status":"open","ping_status":"closed","sticky":false,"template":"","format":"standard","meta":{"footnotes":""},"categories":[1],"tags":[],"class_list":["post-104557","post","type-post","status-publish","format-standard","has-post-thumbnail","hentry","category-flamengo"],"yoast_head":"<!-- This site is optimized with the Yoast SEO Premium plugin v24.2 (Yoast SEO v26.9) - https:\/\/yoast.com\/product\/yoast-seo-premium-wordpress\/ -->\n<title>Jogador do Vasco provoca Flamengo ap\u00f3s elimina\u00e7\u00e3o na Libertadores<\/title>\n<meta name=\"robots\" content=\"index, follow, max-snippet:-1, max-image-preview:large, max-video-preview:-1\" \/>\n<link rel=\"canonical\" href=\"https:\/\/www.gaveanews.com\/index.php\/2023\/08\/11\/jogador-do-vasco-provoca-flamengo-apos-eliminacao-na-libertadores\/\" \/>\n<meta property=\"og:locale\" content=\"pt_BR\" \/>\n<meta property=\"og:type\" content=\"article\" \/>\n<meta property=\"og:title\" content=\"Jogador do Vasco provoca Flamengo ap\u00f3s elimina\u00e7\u00e3o na Libertadores\" \/>\n<meta property=\"og:description\" content=\"O jogador paraguaio Mat\u00edas Galarza foi \u00e0s redes sociais para celebrar a classifica\u00e7\u00e3o do Ol\u00edmpia \u00e0s quartas de final da Copa Libertadores da Am\u00e9rica e, de quebra, provocar o arquirrival Flamengo &#8211; eliminado ap\u00f3s a derrota por 3 a 1 na noite desta quinta-feira (10). O meio-campista retornou ao Vasco da Gama em 2023. Mat\u00edas [&hellip;]\" \/>\n<meta property=\"og:url\" content=\"https:\/\/www.gaveanews.com\/index.php\/2023\/08\/11\/jogador-do-vasco-provoca-flamengo-apos-eliminacao-na-libertadores\/\" \/>\n<meta property=\"og:site_name\" content=\"G\u00e1vea News\" \/>\n<meta property=\"article:publisher\" content=\"https:\/\/facebook.com\/gaveaNews\/\" \/>\n<meta property=\"article:published_time\" content=\"2023-08-11T17:33:35+00:00\" \/>\n<meta property=\"article:modified_time\" content=\"2023-08-11T17:33:52+00:00\" \/>\n<meta property=\"og:image\" content=\"https:\/\/www.gaveanews.com\/wp-content\/uploads\/Gabigol-em-acao-pelo-Flamengo-durante-a-partida-contra-o-Olimpia-pela-Copa-Libertadores-da-temporada-de-2021.webp\" \/>\n\t<meta property=\"og:image:width\" content=\"799\" \/>\n\t<meta property=\"og:image:height\" content=\"533\" \/>\n\t<meta property=\"og:image:type\" content=\"image\/jpeg\" \/>\n<meta name=\"author\" content=\"Equipe G\u00e1vea News\" \/>\n<meta name=\"twitter:card\" content=\"summary_large_image\" \/>\n<meta name=\"twitter:label1\" content=\"Escrito por\" \/>\n\t<meta name=\"twitter:data1\" content=\"Equipe G\u00e1vea News\" \/>\n\t<meta name=\"twitter:label2\" content=\"Est. tempo de leitura\" \/>\n\t<meta name=\"twitter:data2\" content=\"2 minutos\" \/>\n<script type=\"application\/ld+json\" class=\"yoast-schema-graph\">{\"@context\":\"https:\/\/schema.org\",\"@graph\":[{\"@type\":\"NewsArticle\",\"@id\":\"https:\/\/www.gaveanews.com\/index.php\/2023\/08\/11\/jogador-do-vasco-provoca-flamengo-apos-eliminacao-na-libertadores\/#article\",\"isPartOf\":{\"@id\":\"https:\/\/www.gaveanews.com\/index.php\/2023\/08\/11\/jogador-do-vasco-provoca-flamengo-apos-eliminacao-na-libertadores\/\"},\"author\":{\"name\":\"Equipe G\u00e1vea News\",\"@id\":\"https:\/\/www.gaveanews.com\/#\/schema\/person\/2ec14f73fb96be2caf28f91afb14749d\"},\"headline\":\"Jogador do Vasco provoca Flamengo ap\u00f3s elimina\u00e7\u00e3o na Libertadores\",\"datePublished\":\"2023-08-11T17:33:35+00:00\",\"dateModified\":\"2023-08-11T17:33:52+00:00\",\"mainEntityOfPage\":{\"@id\":\"https:\/\/www.gaveanews.com\/index.php\/2023\/08\/11\/jogador-do-vasco-provoca-flamengo-apos-eliminacao-na-libertadores\/\"},\"wordCount\":234,\"commentCount\":0,\"image\":{\"@id\":\"https:\/\/www.gaveanews.com\/index.php\/2023\/08\/11\/jogador-do-vasco-provoca-flamengo-apos-eliminacao-na-libertadores\/#primaryimage\"},\"thumbnailUrl\":\"https:\/\/www.gaveanews.com\/wp-content\/uploads\/Gabigol-em-acao-pelo-Flamengo-durante-a-partida-contra-o-Olimpia-pela-Copa-Libertadores-da-temporada-de-2021.webp\",\"articleSection\":[\"Flamengo\"],\"inLanguage\":\"pt-BR\",\"potentialAction\":[{\"@type\":\"CommentAction\",\"name\":\"Comment\",\"target\":[\"https:\/\/www.gaveanews.com\/index.php\/2023\/08\/11\/jogador-do-vasco-provoca-flamengo-apos-eliminacao-na-libertadores\/#respond\"]}],\"copyrightYear\":\"2023\",\"copyrightHolder\":{\"@id\":\"https:\/\/www.gaveanews.com\/#organization\"}},{\"@type\":\"WebPage\",\"@id\":\"https:\/\/www.gaveanews.com\/index.php\/2023\/08\/11\/jogador-do-vasco-provoca-flamengo-apos-eliminacao-na-libertadores\/\",\"url\":\"https:\/\/www.gaveanews.com\/index.php\/2023\/08\/11\/jogador-do-vasco-provoca-flamengo-apos-eliminacao-na-libertadores\/\",\"name\":\"Jogador do Vasco provoca Flamengo ap\u00f3s elimina\u00e7\u00e3o na Libertadores\",\"isPartOf\":{\"@id\":\"https:\/\/www.gaveanews.com\/#website\"},\"primaryImageOfPage\":{\"@id\":\"https:\/\/www.gaveanews.com\/index.php\/2023\/08\/11\/jogador-do-vasco-provoca-flamengo-apos-eliminacao-na-libertadores\/#primaryimage\"},\"image\":{\"@id\":\"https:\/\/www.gaveanews.com\/index.php\/2023\/08\/11\/jogador-do-vasco-provoca-flamengo-apos-eliminacao-na-libertadores\/#primaryimage\"},\"thumbnailUrl\":\"https:\/\/www.gaveanews.com\/wp-content\/uploads\/Gabigol-em-acao-pelo-Flamengo-durante-a-partida-contra-o-Olimpia-pela-Copa-Libertadores-da-temporada-de-2021.webp\",\"datePublished\":\"2023-08-11T17:33:35+00:00\",\"dateModified\":\"2023-08-11T17:33:52+00:00\",\"author\":{\"@id\":\"https:\/\/www.gaveanews.com\/#\/schema\/person\/2ec14f73fb96be2caf28f91afb14749d\"},\"breadcrumb\":{\"@id\":\"https:\/\/www.gaveanews.com\/index.php\/2023\/08\/11\/jogador-do-vasco-provoca-flamengo-apos-eliminacao-na-libertadores\/#breadcrumb\"},\"inLanguage\":\"pt-BR\",\"potentialAction\":[{\"@type\":\"ReadAction\",\"target\":[\"https:\/\/www.gaveanews.com\/index.php\/2023\/08\/11\/jogador-do-vasco-provoca-flamengo-apos-eliminacao-na-libertadores\/\"]}]},{\"@type\":\"ImageObject\",\"inLanguage\":\"pt-BR\",\"@id\":\"https:\/\/www.gaveanews.com\/index.php\/2023\/08\/11\/jogador-do-vasco-provoca-flamengo-apos-eliminacao-na-libertadores\/#primaryimage\",\"url\":\"https:\/\/www.gaveanews.com\/wp-content\/uploads\/Gabigol-em-acao-pelo-Flamengo-durante-a-partida-contra-o-Olimpia-pela-Copa-Libertadores-da-temporada-de-2021.webp\",\"contentUrl\":\"https:\/\/www.gaveanews.com\/wp-content\/uploads\/Gabigol-em-acao-pelo-Flamengo-durante-a-partida-contra-o-Olimpia-pela-Copa-Libertadores-da-temporada-de-2021.webp\",\"width\":799,\"height\":533,\"caption\":\"Gabigol em a\u00e7\u00e3o pelo Flamengo durante a partida contra o Olimpia pela Copa Libertadores da temporada de 2021 (Foto: Alexandre Vidal\/Flamengo)\"},{\"@type\":\"BreadcrumbList\",\"@id\":\"https:\/\/www.gaveanews.com\/index.php\/2023\/08\/11\/jogador-do-vasco-provoca-flamengo-apos-eliminacao-na-libertadores\/#breadcrumb\",\"itemListElement\":[{\"@type\":\"ListItem\",\"position\":1,\"name\":\"Home\",\"item\":\"https:\/\/www.gaveanews.com\/\"},{\"@type\":\"ListItem\",\"position\":2,\"name\":\"Jogador do Vasco provoca Flamengo ap\u00f3s elimina\u00e7\u00e3o na Libertadores\"}]},{\"@type\":\"WebSite\",\"@id\":\"https:\/\/www.gaveanews.com\/#website\",\"url\":\"https:\/\/www.gaveanews.com\/\",\"name\":\"G\u00e1vea News\",\"description\":\"Veja todas as not\u00edcias sobre o Flamengo: Contrata\u00e7\u00f5es, categorias de base, resultados das partidas, tabela de classifica\u00e7\u00e3o, pr\u00f3ximos jogos!\",\"potentialAction\":[{\"@type\":\"SearchAction\",\"target\":{\"@type\":\"EntryPoint\",\"urlTemplate\":\"https:\/\/www.gaveanews.com\/?s={search_term_string}\"},\"query-input\":{\"@type\":\"PropertyValueSpecification\",\"valueRequired\":true,\"valueName\":\"search_term_string\"}}],\"inLanguage\":\"pt-BR\"},{\"@type\":\"Person\",\"@id\":\"https:\/\/www.gaveanews.com\/#\/schema\/person\/2ec14f73fb96be2caf28f91afb14749d\",\"name\":\"Equipe G\u00e1vea News\",\"image\":{\"@type\":\"ImageObject\",\"inLanguage\":\"pt-BR\",\"@id\":\"https:\/\/www.gaveanews.com\/#\/schema\/person\/image\/\",\"url\":\"https:\/\/secure.gravatar.com\/avatar\/1e1956f1facbffd3f8fa53a326721950116b3b9dc9bd44939c01180fd4a745a9?s=96&d=mm&r=g\",\"contentUrl\":\"https:\/\/secure.gravatar.com\/avatar\/1e1956f1facbffd3f8fa53a326721950116b3b9dc9bd44939c01180fd4a745a9?s=96&d=mm&r=g\",\"caption\":\"Equipe G\u00e1vea News\"}}]}<\/script>\n<!-- \/ Yoast SEO Premium plugin. -->","yoast_head_json":{"title":"Jogador do Vasco provoca Flamengo ap\u00f3s elimina\u00e7\u00e3o na Libertadores","robots":{"index":"index","follow":"follow","max-snippet":"max-snippet:-1","max-image-preview":"max-image-preview:large","max-video-preview":"max-video-preview:-1"},"canonical":"https:\/\/www.gaveanews.com\/index.php\/2023\/08\/11\/jogador-do-vasco-provoca-flamengo-apos-eliminacao-na-libertadores\/","og_locale":"pt_BR","og_type":"article","og_title":"Jogador do Vasco provoca Flamengo ap\u00f3s elimina\u00e7\u00e3o na Libertadores","og_description":"O jogador paraguaio Mat\u00edas Galarza foi \u00e0s redes sociais para celebrar a classifica\u00e7\u00e3o do Ol\u00edmpia \u00e0s quartas de final da Copa Libertadores da Am\u00e9rica e, de quebra, provocar o arquirrival Flamengo &#8211; eliminado ap\u00f3s a derrota por 3 a 1 na noite desta quinta-feira (10). O meio-campista retornou ao Vasco da Gama em 2023. Mat\u00edas [&hellip;]","og_url":"https:\/\/www.gaveanews.com\/index.php\/2023\/08\/11\/jogador-do-vasco-provoca-flamengo-apos-eliminacao-na-libertadores\/","og_site_name":"G\u00e1vea News","article_publisher":"https:\/\/facebook.com\/gaveaNews\/","article_published_time":"2023-08-11T17:33:35+00:00","article_modified_time":"2023-08-11T17:33:52+00:00","og_image":[{"width":799,"height":533,"url":"https:\/\/www.gaveanews.com\/wp-content\/uploads\/Gabigol-em-acao-pelo-Flamengo-durante-a-partida-contra-o-Olimpia-pela-Copa-Libertadores-da-temporada-de-2021.webp","type":"image\/jpeg"}],"author":"Equipe G\u00e1vea News","twitter_card":"summary_large_image","twitter_misc":{"Escrito por":"Equipe G\u00e1vea News","Est. tempo de leitura":"2 minutos"},"schema":{"@context":"https:\/\/schema.org","@graph":[{"@type":"NewsArticle","@id":"https:\/\/www.gaveanews.com\/index.php\/2023\/08\/11\/jogador-do-vasco-provoca-flamengo-apos-eliminacao-na-libertadores\/#article","isPartOf":{"@id":"https:\/\/www.gaveanews.com\/index.php\/2023\/08\/11\/jogador-do-vasco-provoca-flamengo-apos-eliminacao-na-libertadores\/"},"author":{"name":"Equipe G\u00e1vea News","@id":"https:\/\/www.gaveanews.com\/#\/schema\/person\/2ec14f73fb96be2caf28f91afb14749d"},"headline":"Jogador do Vasco provoca Flamengo ap\u00f3s elimina\u00e7\u00e3o na Libertadores","datePublished":"2023-08-11T17:33:35+00:00","dateModified":"2023-08-11T17:33:52+00:00","mainEntityOfPage":{"@id":"https:\/\/www.gaveanews.com\/index.php\/2023\/08\/11\/jogador-do-vasco-provoca-flamengo-apos-eliminacao-na-libertadores\/"},"wordCount":234,"commentCount":0,"image":{"@id":"https:\/\/www.gaveanews.com\/index.php\/2023\/08\/11\/jogador-do-vasco-provoca-flamengo-apos-eliminacao-na-libertadores\/#primaryimage"},"thumbnailUrl":"https:\/\/www.gaveanews.com\/wp-content\/uploads\/Gabigol-em-acao-pelo-Flamengo-durante-a-partida-contra-o-Olimpia-pela-Copa-Libertadores-da-temporada-de-2021.webp","articleSection":["Flamengo"],"inLanguage":"pt-BR","potentialAction":[{"@type":"CommentAction","name":"Comment","target":["https:\/\/www.gaveanews.com\/index.php\/2023\/08\/11\/jogador-do-vasco-provoca-flamengo-apos-eliminacao-na-libertadores\/#respond"]}],"copyrightYear":"2023","copyrightHolder":{"@id":"https:\/\/www.gaveanews.com\/#organization"}},{"@type":"WebPage","@id":"https:\/\/www.gaveanews.com\/index.php\/2023\/08\/11\/jogador-do-vasco-provoca-flamengo-apos-eliminacao-na-libertadores\/","url":"https:\/\/www.gaveanews.com\/index.php\/2023\/08\/11\/jogador-do-vasco-provoca-flamengo-apos-eliminacao-na-libertadores\/","name":"Jogador do Vasco provoca Flamengo ap\u00f3s elimina\u00e7\u00e3o na Libertadores","isPartOf":{"@id":"https:\/\/www.gaveanews.com\/#website"},"primaryImageOfPage":{"@id":"https:\/\/www.gaveanews.com\/index.php\/2023\/08\/11\/jogador-do-vasco-provoca-flamengo-apos-eliminacao-na-libertadores\/#primaryimage"},"image":{"@id":"https:\/\/www.gaveanews.com\/index.php\/2023\/08\/11\/jogador-do-vasco-provoca-flamengo-apos-eliminacao-na-libertadores\/#primaryimage"},"thumbnailUrl":"https:\/\/www.gaveanews.com\/wp-content\/uploads\/Gabigol-em-acao-pelo-Flamengo-durante-a-partida-contra-o-Olimpia-pela-Copa-Libertadores-da-temporada-de-2021.webp","datePublished":"2023-08-11T17:33:35+00:00","dateModified":"2023-08-11T17:33:52+00:00","author":{"@id":"https:\/\/www.gaveanews.com\/#\/schema\/person\/2ec14f73fb96be2caf28f91afb14749d"},"breadcrumb":{"@id":"https:\/\/www.gaveanews.com\/index.php\/2023\/08\/11\/jogador-do-vasco-provoca-flamengo-apos-eliminacao-na-libertadores\/#breadcrumb"},"inLanguage":"pt-BR","potentialAction":[{"@type":"ReadAction","target":["https:\/\/www.gaveanews.com\/index.php\/2023\/08\/11\/jogador-do-vasco-provoca-flamengo-apos-eliminacao-na-libertadores\/"]}]},{"@type":"ImageObject","inLanguage":"pt-BR","@id":"https:\/\/www.gaveanews.com\/index.php\/2023\/08\/11\/jogador-do-vasco-provoca-flamengo-apos-eliminacao-na-libertadores\/#primaryimage","url":"https:\/\/www.gaveanews.com\/wp-content\/uploads\/Gabigol-em-acao-pelo-Flamengo-durante-a-partida-contra-o-Olimpia-pela-Copa-Libertadores-da-temporada-de-2021.webp","contentUrl":"https:\/\/www.gaveanews.com\/wp-content\/uploads\/Gabigol-em-acao-pelo-Flamengo-durante-a-partida-contra-o-Olimpia-pela-Copa-Libertadores-da-temporada-de-2021.webp","width":799,"height":533,"caption":"Gabigol em a\u00e7\u00e3o pelo Flamengo durante a partida contra o Olimpia pela Copa Libertadores da temporada de 2021 (Foto: Alexandre Vidal\/Flamengo)"},{"@type":"BreadcrumbList","@id":"https:\/\/www.gaveanews.com\/index.php\/2023\/08\/11\/jogador-do-vasco-provoca-flamengo-apos-eliminacao-na-libertadores\/#breadcrumb","itemListElement":[{"@type":"ListItem","position":1,"name":"Home","item":"https:\/\/www.gaveanews.com\/"},{"@type":"ListItem","position":2,"name":"Jogador do Vasco provoca Flamengo ap\u00f3s elimina\u00e7\u00e3o na Libertadores"}]},{"@type":"WebSite","@id":"https:\/\/www.gaveanews.com\/#website","url":"https:\/\/www.gaveanews.com\/","name":"G\u00e1vea News","description":"Veja todas as not\u00edcias sobre o Flamengo: Contrata\u00e7\u00f5es, categorias de base, resultados das partidas, tabela de classifica\u00e7\u00e3o, pr\u00f3ximos jogos!","potentialAction":[{"@type":"SearchAction","target":{"@type":"EntryPoint","urlTemplate":"https:\/\/www.gaveanews.com\/?s={search_term_string}"},"query-input":{"@type":"PropertyValueSpecification","valueRequired":true,"valueName":"search_term_string"}}],"inLanguage":"pt-BR"},{"@type":"Person","@id":"https:\/\/www.gaveanews.com\/#\/schema\/person\/2ec14f73fb96be2caf28f91afb14749d","name":"Equipe G\u00e1vea News","image":{"@type":"ImageObject","inLanguage":"pt-BR","@id":"https:\/\/www.gaveanews.com\/#\/schema\/person\/image\/","url":"https:\/\/secure.gravatar.com\/avatar\/1e1956f1facbffd3f8fa53a326721950116b3b9dc9bd44939c01180fd4a745a9?s=96&d=mm&r=g","contentUrl":"https:\/\/secure.gravatar.com\/avatar\/1e1956f1facbffd3f8fa53a326721950116b3b9dc9bd44939c01180fd4a745a9?s=96&d=mm&r=g","caption":"Equipe G\u00e1vea News"}}]}},"_links":{"self":[{"href":"https:\/\/www.gaveanews.com\/index.php\/wp-json\/wp\/v2\/posts\/104557","targetHints":{"allow":["GET"]}}],"collection":[{"href":"https:\/\/www.gaveanews.com\/index.php\/wp-json\/wp\/v2\/posts"}],"about":[{"href":"https:\/\/www.gaveanews.com\/index.php\/wp-json\/wp\/v2\/types\/post"}],"author":[{"embeddable":true,"href":"https:\/\/www.gaveanews.com\/index.php\/wp-json\/wp\/v2\/users\/1"}],"replies":[{"embeddable":true,"href":"https:\/\/www.gaveanews.com\/index.php\/wp-json\/wp\/v2\/comments?post=104557"}],"version-history":[{"count":0,"href":"https:\/\/www.gaveanews.com\/index.php\/wp-json\/wp\/v2\/posts\/104557\/revisions"}],"wp:featuredmedia":[{"embeddable":true,"href":"https:\/\/www.gaveanews.com\/index.php\/wp-json\/wp\/v2\/media\/65813"}],"wp:attachment":[{"href":"https:\/\/www.gaveanews.com\/index.php\/wp-json\/wp\/v2\/media?parent=104557"}],"wp:term":[{"taxonomy":"category","embeddable":true,"href":"https:\/\/www.gaveanews.com\/index.php\/wp-json\/wp\/v2\/categories?post=104557"},{"taxonomy":"post_tag","embeddable":true,"href":"https:\/\/www.gaveanews.com\/index.php\/wp-json\/wp\/v2\/tags?post=104557"}],"curies":[{"name":"wp","href":"https:\/\/api.w.org\/{rel}","templated":true}]}}