{"id":104568,"date":"2023-08-11T16:35:48","date_gmt":"2023-08-11T19:35:48","guid":{"rendered":"https:\/\/www.gaveanews.com\/?p=104568"},"modified":"2023-08-11T16:35:50","modified_gmt":"2023-08-11T19:35:50","slug":"jornalista-se-desespera-apos-eliminacao-do-flamengo-virei-chacota","status":"publish","type":"post","link":"https:\/\/www.gaveanews.com\/index.php\/2023\/08\/11\/jornalista-se-desespera-apos-eliminacao-do-flamengo-virei-chacota\/","title":{"rendered":"Jornalista se desespera ap\u00f3s elimina\u00e7\u00e3o do Flamengo: &#8220;Virei chacota&#8221;"},"content":{"rendered":"\n<p>O Olimpia tirou o Flamengo da Libertadores, ao derrotar o Rubro-Negro por 3 a 1 nesta quinta (10), no Defensores del Chaco. Logo ap\u00f3s a partida em Assun\u00e7\u00e3o, o perfil nas redes sociais do clube paraguaio tornou p\u00fablico o v\u00eddeo utilizado para motivar os jogadores no vesti\u00e1rio, minutos antes da partida de ontem (10).<\/p>\n\n\n\n<p>Ent\u00e3o, no come\u00e7o do v\u00eddeo motivacional, aparece Thiago Asmar, o Pilhado, no momento do sorteio para defini\u00e7\u00e3o dos confrontos das oitavas-de-final pela Conmebol. Assim, o jornalista celebrou, na ocasi\u00e3o, o fato do Olimpia ser o advers\u00e1rio do time carioca. \u201cFlamengo j\u00e1 nas quartas da Libertadores\u201d, tentou antecipar.<\/p>\n\n\n\n<p>Nesta sexta-feira (11), Pilhado se manifestou no programa Bate Pronto, da Jovem Pan, ao ser utilizado na prele\u00e7\u00e3o do Olimpia. \u201cEu virei chacota porque eu acreditei nesse Flamengo\u201d, reclamou o comentarista. \u201cEu virei uma chacota paraguaia\u201d, completou.<\/p>\n\n\n\n<p>Mesmo assim, Pilhado afirmou que n\u00e3o se arrepende e faria tudo de novo. \u201cTodo mundo j\u00e1 considerava certa essa classifica\u00e7\u00e3o\u201d, justificou. Thiago Asmar seguiu repercutindo. \u201cEu sou piada por causa de uma piada de atua\u00e7\u00e3o do Flamengo\u201d.<\/p>\n\n\n\n<p>Retirado de: Torcedores <\/p>\n","protected":false},"excerpt":{"rendered":"<p>O Olimpia tirou o Flamengo da Libertadores, ao derrotar o Rubro-Negro por 3 a 1 nesta quinta (10), no Defensores del Chaco. Logo ap\u00f3s a partida em Assun\u00e7\u00e3o, o perfil nas redes sociais do clube paraguaio tornou p\u00fablico o v\u00eddeo utilizado para motivar os jogadores no vesti\u00e1rio, minutos antes da partida de ontem (10). Ent\u00e3o, [&hellip;]<\/p>\n","protected":false},"author":1,"featured_media":66408,"comment_status":"open","ping_status":"closed","sticky":false,"template":"","format":"standard","meta":{"footnotes":""},"categories":[1],"tags":[],"class_list":["post-104568","post","type-post","status-publish","format-standard","has-post-thumbnail","hentry","category-flamengo"],"yoast_head":"<!-- This site is optimized with the Yoast SEO Premium plugin v24.2 (Yoast SEO v26.9) - https:\/\/yoast.com\/product\/yoast-seo-premium-wordpress\/ -->\n<title>Jornalista se desespera ap\u00f3s elimina\u00e7\u00e3o do Flamengo: &quot;Virei chacota&quot;<\/title>\n<meta name=\"robots\" content=\"index, follow, max-snippet:-1, max-image-preview:large, max-video-preview:-1\" \/>\n<link rel=\"canonical\" href=\"https:\/\/www.gaveanews.com\/index.php\/2023\/08\/11\/jornalista-se-desespera-apos-eliminacao-do-flamengo-virei-chacota\/\" \/>\n<meta property=\"og:locale\" content=\"pt_BR\" \/>\n<meta property=\"og:type\" content=\"article\" \/>\n<meta property=\"og:title\" content=\"Jornalista se desespera ap\u00f3s elimina\u00e7\u00e3o do Flamengo: &quot;Virei chacota&quot;\" \/>\n<meta property=\"og:description\" content=\"O Olimpia tirou o Flamengo da Libertadores, ao derrotar o Rubro-Negro por 3 a 1 nesta quinta (10), no Defensores del Chaco. Logo ap\u00f3s a partida em Assun\u00e7\u00e3o, o perfil nas redes sociais do clube paraguaio tornou p\u00fablico o v\u00eddeo utilizado para motivar os jogadores no vesti\u00e1rio, minutos antes da partida de ontem (10). Ent\u00e3o, [&hellip;]\" \/>\n<meta property=\"og:url\" content=\"https:\/\/www.gaveanews.com\/index.php\/2023\/08\/11\/jornalista-se-desespera-apos-eliminacao-do-flamengo-virei-chacota\/\" \/>\n<meta property=\"og:site_name\" content=\"G\u00e1vea News\" \/>\n<meta property=\"article:publisher\" content=\"https:\/\/facebook.com\/gaveaNews\/\" \/>\n<meta property=\"article:published_time\" content=\"2023-08-11T19:35:48+00:00\" \/>\n<meta property=\"article:modified_time\" content=\"2023-08-11T19:35:50+00:00\" \/>\n<meta property=\"og:image\" content=\"https:\/\/www.gaveanews.com\/wp-content\/uploads\/Leo-Pereira-em-acao-pelo-Flamengo-contra-o-Olimpia-na-Copa-Libertadores-2021.webp\" \/>\n\t<meta property=\"og:image:width\" content=\"799\" \/>\n\t<meta property=\"og:image:height\" content=\"533\" \/>\n\t<meta property=\"og:image:type\" content=\"image\/jpeg\" \/>\n<meta name=\"author\" content=\"Equipe G\u00e1vea News\" \/>\n<meta name=\"twitter:card\" content=\"summary_large_image\" \/>\n<meta name=\"twitter:label1\" content=\"Escrito por\" \/>\n\t<meta name=\"twitter:data1\" content=\"Equipe G\u00e1vea News\" \/>\n\t<meta name=\"twitter:label2\" content=\"Est. tempo de leitura\" \/>\n\t<meta name=\"twitter:data2\" content=\"1 minuto\" \/>\n<script type=\"application\/ld+json\" class=\"yoast-schema-graph\">{\"@context\":\"https:\/\/schema.org\",\"@graph\":[{\"@type\":\"NewsArticle\",\"@id\":\"https:\/\/www.gaveanews.com\/index.php\/2023\/08\/11\/jornalista-se-desespera-apos-eliminacao-do-flamengo-virei-chacota\/#article\",\"isPartOf\":{\"@id\":\"https:\/\/www.gaveanews.com\/index.php\/2023\/08\/11\/jornalista-se-desespera-apos-eliminacao-do-flamengo-virei-chacota\/\"},\"author\":{\"name\":\"Equipe G\u00e1vea News\",\"@id\":\"https:\/\/www.gaveanews.com\/#\/schema\/person\/2ec14f73fb96be2caf28f91afb14749d\"},\"headline\":\"Jornalista se desespera ap\u00f3s elimina\u00e7\u00e3o do Flamengo: &#8220;Virei chacota&#8221;\",\"datePublished\":\"2023-08-11T19:35:48+00:00\",\"dateModified\":\"2023-08-11T19:35:50+00:00\",\"mainEntityOfPage\":{\"@id\":\"https:\/\/www.gaveanews.com\/index.php\/2023\/08\/11\/jornalista-se-desespera-apos-eliminacao-do-flamengo-virei-chacota\/\"},\"wordCount\":199,\"commentCount\":0,\"image\":{\"@id\":\"https:\/\/www.gaveanews.com\/index.php\/2023\/08\/11\/jornalista-se-desespera-apos-eliminacao-do-flamengo-virei-chacota\/#primaryimage\"},\"thumbnailUrl\":\"https:\/\/www.gaveanews.com\/wp-content\/uploads\/Leo-Pereira-em-acao-pelo-Flamengo-contra-o-Olimpia-na-Copa-Libertadores-2021.webp\",\"articleSection\":[\"Flamengo\"],\"inLanguage\":\"pt-BR\",\"potentialAction\":[{\"@type\":\"CommentAction\",\"name\":\"Comment\",\"target\":[\"https:\/\/www.gaveanews.com\/index.php\/2023\/08\/11\/jornalista-se-desespera-apos-eliminacao-do-flamengo-virei-chacota\/#respond\"]}],\"copyrightYear\":\"2023\",\"copyrightHolder\":{\"@id\":\"https:\/\/www.gaveanews.com\/#organization\"}},{\"@type\":\"WebPage\",\"@id\":\"https:\/\/www.gaveanews.com\/index.php\/2023\/08\/11\/jornalista-se-desespera-apos-eliminacao-do-flamengo-virei-chacota\/\",\"url\":\"https:\/\/www.gaveanews.com\/index.php\/2023\/08\/11\/jornalista-se-desespera-apos-eliminacao-do-flamengo-virei-chacota\/\",\"name\":\"Jornalista se desespera ap\u00f3s elimina\u00e7\u00e3o do Flamengo: \\\"Virei chacota\\\"\",\"isPartOf\":{\"@id\":\"https:\/\/www.gaveanews.com\/#website\"},\"primaryImageOfPage\":{\"@id\":\"https:\/\/www.gaveanews.com\/index.php\/2023\/08\/11\/jornalista-se-desespera-apos-eliminacao-do-flamengo-virei-chacota\/#primaryimage\"},\"image\":{\"@id\":\"https:\/\/www.gaveanews.com\/index.php\/2023\/08\/11\/jornalista-se-desespera-apos-eliminacao-do-flamengo-virei-chacota\/#primaryimage\"},\"thumbnailUrl\":\"https:\/\/www.gaveanews.com\/wp-content\/uploads\/Leo-Pereira-em-acao-pelo-Flamengo-contra-o-Olimpia-na-Copa-Libertadores-2021.webp\",\"datePublished\":\"2023-08-11T19:35:48+00:00\",\"dateModified\":\"2023-08-11T19:35:50+00:00\",\"author\":{\"@id\":\"https:\/\/www.gaveanews.com\/#\/schema\/person\/2ec14f73fb96be2caf28f91afb14749d\"},\"breadcrumb\":{\"@id\":\"https:\/\/www.gaveanews.com\/index.php\/2023\/08\/11\/jornalista-se-desespera-apos-eliminacao-do-flamengo-virei-chacota\/#breadcrumb\"},\"inLanguage\":\"pt-BR\",\"potentialAction\":[{\"@type\":\"ReadAction\",\"target\":[\"https:\/\/www.gaveanews.com\/index.php\/2023\/08\/11\/jornalista-se-desespera-apos-eliminacao-do-flamengo-virei-chacota\/\"]}]},{\"@type\":\"ImageObject\",\"inLanguage\":\"pt-BR\",\"@id\":\"https:\/\/www.gaveanews.com\/index.php\/2023\/08\/11\/jornalista-se-desespera-apos-eliminacao-do-flamengo-virei-chacota\/#primaryimage\",\"url\":\"https:\/\/www.gaveanews.com\/wp-content\/uploads\/Leo-Pereira-em-acao-pelo-Flamengo-contra-o-Olimpia-na-Copa-Libertadores-2021.webp\",\"contentUrl\":\"https:\/\/www.gaveanews.com\/wp-content\/uploads\/Leo-Pereira-em-acao-pelo-Flamengo-contra-o-Olimpia-na-Copa-Libertadores-2021.webp\",\"width\":799,\"height\":533,\"caption\":\"L\u00e9o Pereira em a\u00e7\u00e3o pelo Flamengo contra o Olimpia na Copa Libertadores 2021 (Foto: Alexandre Vidal\/Flamengo)\"},{\"@type\":\"BreadcrumbList\",\"@id\":\"https:\/\/www.gaveanews.com\/index.php\/2023\/08\/11\/jornalista-se-desespera-apos-eliminacao-do-flamengo-virei-chacota\/#breadcrumb\",\"itemListElement\":[{\"@type\":\"ListItem\",\"position\":1,\"name\":\"Home\",\"item\":\"https:\/\/www.gaveanews.com\/\"},{\"@type\":\"ListItem\",\"position\":2,\"name\":\"Jornalista se desespera ap\u00f3s elimina\u00e7\u00e3o do Flamengo: &#8220;Virei chacota&#8221;\"}]},{\"@type\":\"WebSite\",\"@id\":\"https:\/\/www.gaveanews.com\/#website\",\"url\":\"https:\/\/www.gaveanews.com\/\",\"name\":\"G\u00e1vea News\",\"description\":\"Veja todas as not\u00edcias sobre o Flamengo: Contrata\u00e7\u00f5es, categorias de base, resultados das partidas, tabela de classifica\u00e7\u00e3o, pr\u00f3ximos jogos!\",\"potentialAction\":[{\"@type\":\"SearchAction\",\"target\":{\"@type\":\"EntryPoint\",\"urlTemplate\":\"https:\/\/www.gaveanews.com\/?s={search_term_string}\"},\"query-input\":{\"@type\":\"PropertyValueSpecification\",\"valueRequired\":true,\"valueName\":\"search_term_string\"}}],\"inLanguage\":\"pt-BR\"},{\"@type\":\"Person\",\"@id\":\"https:\/\/www.gaveanews.com\/#\/schema\/person\/2ec14f73fb96be2caf28f91afb14749d\",\"name\":\"Equipe G\u00e1vea News\",\"image\":{\"@type\":\"ImageObject\",\"inLanguage\":\"pt-BR\",\"@id\":\"https:\/\/www.gaveanews.com\/#\/schema\/person\/image\/\",\"url\":\"https:\/\/secure.gravatar.com\/avatar\/1e1956f1facbffd3f8fa53a326721950116b3b9dc9bd44939c01180fd4a745a9?s=96&d=mm&r=g\",\"contentUrl\":\"https:\/\/secure.gravatar.com\/avatar\/1e1956f1facbffd3f8fa53a326721950116b3b9dc9bd44939c01180fd4a745a9?s=96&d=mm&r=g\",\"caption\":\"Equipe G\u00e1vea News\"}}]}<\/script>\n<!-- \/ Yoast SEO Premium plugin. -->","yoast_head_json":{"title":"Jornalista se desespera ap\u00f3s elimina\u00e7\u00e3o do Flamengo: \"Virei chacota\"","robots":{"index":"index","follow":"follow","max-snippet":"max-snippet:-1","max-image-preview":"max-image-preview:large","max-video-preview":"max-video-preview:-1"},"canonical":"https:\/\/www.gaveanews.com\/index.php\/2023\/08\/11\/jornalista-se-desespera-apos-eliminacao-do-flamengo-virei-chacota\/","og_locale":"pt_BR","og_type":"article","og_title":"Jornalista se desespera ap\u00f3s elimina\u00e7\u00e3o do Flamengo: \"Virei chacota\"","og_description":"O Olimpia tirou o Flamengo da Libertadores, ao derrotar o Rubro-Negro por 3 a 1 nesta quinta (10), no Defensores del Chaco. Logo ap\u00f3s a partida em Assun\u00e7\u00e3o, o perfil nas redes sociais do clube paraguaio tornou p\u00fablico o v\u00eddeo utilizado para motivar os jogadores no vesti\u00e1rio, minutos antes da partida de ontem (10). Ent\u00e3o, [&hellip;]","og_url":"https:\/\/www.gaveanews.com\/index.php\/2023\/08\/11\/jornalista-se-desespera-apos-eliminacao-do-flamengo-virei-chacota\/","og_site_name":"G\u00e1vea News","article_publisher":"https:\/\/facebook.com\/gaveaNews\/","article_published_time":"2023-08-11T19:35:48+00:00","article_modified_time":"2023-08-11T19:35:50+00:00","og_image":[{"width":799,"height":533,"url":"https:\/\/www.gaveanews.com\/wp-content\/uploads\/Leo-Pereira-em-acao-pelo-Flamengo-contra-o-Olimpia-na-Copa-Libertadores-2021.webp","type":"image\/jpeg"}],"author":"Equipe G\u00e1vea News","twitter_card":"summary_large_image","twitter_misc":{"Escrito por":"Equipe G\u00e1vea News","Est. tempo de leitura":"1 minuto"},"schema":{"@context":"https:\/\/schema.org","@graph":[{"@type":"NewsArticle","@id":"https:\/\/www.gaveanews.com\/index.php\/2023\/08\/11\/jornalista-se-desespera-apos-eliminacao-do-flamengo-virei-chacota\/#article","isPartOf":{"@id":"https:\/\/www.gaveanews.com\/index.php\/2023\/08\/11\/jornalista-se-desespera-apos-eliminacao-do-flamengo-virei-chacota\/"},"author":{"name":"Equipe G\u00e1vea News","@id":"https:\/\/www.gaveanews.com\/#\/schema\/person\/2ec14f73fb96be2caf28f91afb14749d"},"headline":"Jornalista se desespera ap\u00f3s elimina\u00e7\u00e3o do Flamengo: &#8220;Virei chacota&#8221;","datePublished":"2023-08-11T19:35:48+00:00","dateModified":"2023-08-11T19:35:50+00:00","mainEntityOfPage":{"@id":"https:\/\/www.gaveanews.com\/index.php\/2023\/08\/11\/jornalista-se-desespera-apos-eliminacao-do-flamengo-virei-chacota\/"},"wordCount":199,"commentCount":0,"image":{"@id":"https:\/\/www.gaveanews.com\/index.php\/2023\/08\/11\/jornalista-se-desespera-apos-eliminacao-do-flamengo-virei-chacota\/#primaryimage"},"thumbnailUrl":"https:\/\/www.gaveanews.com\/wp-content\/uploads\/Leo-Pereira-em-acao-pelo-Flamengo-contra-o-Olimpia-na-Copa-Libertadores-2021.webp","articleSection":["Flamengo"],"inLanguage":"pt-BR","potentialAction":[{"@type":"CommentAction","name":"Comment","target":["https:\/\/www.gaveanews.com\/index.php\/2023\/08\/11\/jornalista-se-desespera-apos-eliminacao-do-flamengo-virei-chacota\/#respond"]}],"copyrightYear":"2023","copyrightHolder":{"@id":"https:\/\/www.gaveanews.com\/#organization"}},{"@type":"WebPage","@id":"https:\/\/www.gaveanews.com\/index.php\/2023\/08\/11\/jornalista-se-desespera-apos-eliminacao-do-flamengo-virei-chacota\/","url":"https:\/\/www.gaveanews.com\/index.php\/2023\/08\/11\/jornalista-se-desespera-apos-eliminacao-do-flamengo-virei-chacota\/","name":"Jornalista se desespera ap\u00f3s elimina\u00e7\u00e3o do Flamengo: \"Virei chacota\"","isPartOf":{"@id":"https:\/\/www.gaveanews.com\/#website"},"primaryImageOfPage":{"@id":"https:\/\/www.gaveanews.com\/index.php\/2023\/08\/11\/jornalista-se-desespera-apos-eliminacao-do-flamengo-virei-chacota\/#primaryimage"},"image":{"@id":"https:\/\/www.gaveanews.com\/index.php\/2023\/08\/11\/jornalista-se-desespera-apos-eliminacao-do-flamengo-virei-chacota\/#primaryimage"},"thumbnailUrl":"https:\/\/www.gaveanews.com\/wp-content\/uploads\/Leo-Pereira-em-acao-pelo-Flamengo-contra-o-Olimpia-na-Copa-Libertadores-2021.webp","datePublished":"2023-08-11T19:35:48+00:00","dateModified":"2023-08-11T19:35:50+00:00","author":{"@id":"https:\/\/www.gaveanews.com\/#\/schema\/person\/2ec14f73fb96be2caf28f91afb14749d"},"breadcrumb":{"@id":"https:\/\/www.gaveanews.com\/index.php\/2023\/08\/11\/jornalista-se-desespera-apos-eliminacao-do-flamengo-virei-chacota\/#breadcrumb"},"inLanguage":"pt-BR","potentialAction":[{"@type":"ReadAction","target":["https:\/\/www.gaveanews.com\/index.php\/2023\/08\/11\/jornalista-se-desespera-apos-eliminacao-do-flamengo-virei-chacota\/"]}]},{"@type":"ImageObject","inLanguage":"pt-BR","@id":"https:\/\/www.gaveanews.com\/index.php\/2023\/08\/11\/jornalista-se-desespera-apos-eliminacao-do-flamengo-virei-chacota\/#primaryimage","url":"https:\/\/www.gaveanews.com\/wp-content\/uploads\/Leo-Pereira-em-acao-pelo-Flamengo-contra-o-Olimpia-na-Copa-Libertadores-2021.webp","contentUrl":"https:\/\/www.gaveanews.com\/wp-content\/uploads\/Leo-Pereira-em-acao-pelo-Flamengo-contra-o-Olimpia-na-Copa-Libertadores-2021.webp","width":799,"height":533,"caption":"L\u00e9o Pereira em a\u00e7\u00e3o pelo Flamengo contra o Olimpia na Copa Libertadores 2021 (Foto: Alexandre Vidal\/Flamengo)"},{"@type":"BreadcrumbList","@id":"https:\/\/www.gaveanews.com\/index.php\/2023\/08\/11\/jornalista-se-desespera-apos-eliminacao-do-flamengo-virei-chacota\/#breadcrumb","itemListElement":[{"@type":"ListItem","position":1,"name":"Home","item":"https:\/\/www.gaveanews.com\/"},{"@type":"ListItem","position":2,"name":"Jornalista se desespera ap\u00f3s elimina\u00e7\u00e3o do Flamengo: &#8220;Virei chacota&#8221;"}]},{"@type":"WebSite","@id":"https:\/\/www.gaveanews.com\/#website","url":"https:\/\/www.gaveanews.com\/","name":"G\u00e1vea News","description":"Veja todas as not\u00edcias sobre o Flamengo: Contrata\u00e7\u00f5es, categorias de base, resultados das partidas, tabela de classifica\u00e7\u00e3o, pr\u00f3ximos jogos!","potentialAction":[{"@type":"SearchAction","target":{"@type":"EntryPoint","urlTemplate":"https:\/\/www.gaveanews.com\/?s={search_term_string}"},"query-input":{"@type":"PropertyValueSpecification","valueRequired":true,"valueName":"search_term_string"}}],"inLanguage":"pt-BR"},{"@type":"Person","@id":"https:\/\/www.gaveanews.com\/#\/schema\/person\/2ec14f73fb96be2caf28f91afb14749d","name":"Equipe G\u00e1vea News","image":{"@type":"ImageObject","inLanguage":"pt-BR","@id":"https:\/\/www.gaveanews.com\/#\/schema\/person\/image\/","url":"https:\/\/secure.gravatar.com\/avatar\/1e1956f1facbffd3f8fa53a326721950116b3b9dc9bd44939c01180fd4a745a9?s=96&d=mm&r=g","contentUrl":"https:\/\/secure.gravatar.com\/avatar\/1e1956f1facbffd3f8fa53a326721950116b3b9dc9bd44939c01180fd4a745a9?s=96&d=mm&r=g","caption":"Equipe G\u00e1vea News"}}]}},"_links":{"self":[{"href":"https:\/\/www.gaveanews.com\/index.php\/wp-json\/wp\/v2\/posts\/104568","targetHints":{"allow":["GET"]}}],"collection":[{"href":"https:\/\/www.gaveanews.com\/index.php\/wp-json\/wp\/v2\/posts"}],"about":[{"href":"https:\/\/www.gaveanews.com\/index.php\/wp-json\/wp\/v2\/types\/post"}],"author":[{"embeddable":true,"href":"https:\/\/www.gaveanews.com\/index.php\/wp-json\/wp\/v2\/users\/1"}],"replies":[{"embeddable":true,"href":"https:\/\/www.gaveanews.com\/index.php\/wp-json\/wp\/v2\/comments?post=104568"}],"version-history":[{"count":0,"href":"https:\/\/www.gaveanews.com\/index.php\/wp-json\/wp\/v2\/posts\/104568\/revisions"}],"wp:featuredmedia":[{"embeddable":true,"href":"https:\/\/www.gaveanews.com\/index.php\/wp-json\/wp\/v2\/media\/66408"}],"wp:attachment":[{"href":"https:\/\/www.gaveanews.com\/index.php\/wp-json\/wp\/v2\/media?parent=104568"}],"wp:term":[{"taxonomy":"category","embeddable":true,"href":"https:\/\/www.gaveanews.com\/index.php\/wp-json\/wp\/v2\/categories?post=104568"},{"taxonomy":"post_tag","embeddable":true,"href":"https:\/\/www.gaveanews.com\/index.php\/wp-json\/wp\/v2\/tags?post=104568"}],"curies":[{"name":"wp","href":"https:\/\/api.w.org\/{rel}","templated":true}]}}