{"id":104575,"date":"2023-08-11T17:36:25","date_gmt":"2023-08-11T20:36:25","guid":{"rendered":"https:\/\/www.gaveanews.com\/?p=104575"},"modified":"2023-08-11T17:36:28","modified_gmt":"2023-08-11T20:36:28","slug":"o-flamengo-vai-precisar-vender-jogadores-por-conta-da-eliminacao-da-libertadores","status":"publish","type":"post","link":"https:\/\/www.gaveanews.com\/index.php\/2023\/08\/11\/o-flamengo-vai-precisar-vender-jogadores-por-conta-da-eliminacao-da-libertadores\/","title":{"rendered":"O Flamengo vai precisar vender jogadores por conta da elimina\u00e7\u00e3o da Libertadores?"},"content":{"rendered":"\n<p>Eliminado de maneira vexat\u00f3ria da Libertadores, o Flamengo agora enfrenta uma decis\u00e3o fora de campo: \u00e9 hora de vender jogadores do elenco? Com mercados aquecidos, especialmente o da Ar\u00e1bia Saudita, e janelas abertas no exterior, o Rubro-Negro v\u00ea com naturalidade o ass\u00e9dio a alguns de seus destaques. <\/p>\n\n\n\n<p>Mesmo fora da Libertadores, a ideia de momento da diretoria \u00e9 manter o elenco intacto, mas uma proposta interessante para as tr\u00eas partes envolvidas pode mudar o panorama.<\/p>\n\n\n\n<p>Com dinheiro sobrando, os clubes sauditas tiraram nos \u00faltimos meses jogadores importantes at\u00e9 de pot\u00eancias europeias, como, por exemplo, Benzema, ex-Real Madrid; Mahrez, ex-Manchester City; e Man\u00e9, ex-Bayern de Munique. Equipes do pa\u00eds do Oriente M\u00e9dio tamb\u00e9m voltaram suas aten\u00e7\u00f5es ao Flamengo.<\/p>\n\n\n\n<p>Nas \u00faltimas semanas, times da \u00c1rabia Saudita procuraram alguns jogadores do elenco rubro-negro. No entanto, com o clube em boa sa\u00fade financeira, o Flamengo s\u00f3 pretende se desfazer de jogadores em caso de excelentes propostas.<\/p>\n\n\n\n<p>Como o Flamengo remunera bem seus jogadores e ainda est\u00e1 vivo em duas competi\u00e7\u00f5es, sobretudo na Copa do Brasil, a diretoria n\u00e3o quer vender ningu\u00e9m no momento. Claro que existem casos de jogadores insatisfeitos ou de atletas que visam a independ\u00eancia financeira.<\/p>\n\n\n\n<p>A maior proposta recebida pelo Rubro-Negro vinda da Ar\u00e1bia Saudita foi por Pedro. No in\u00edcio de julho, antes do soco que o atacante levou do ex-preparador f\u00edsico Pablo Fern\u00e1ndez, o Al Hilal ofereceu 30 milh\u00f5es de euros (R$ 160 milh\u00f5es) e um sal\u00e1rio seis vezes superior ao que o camisa 9 recebe na G\u00e1vea.<\/p>\n\n\n\n<p>\u00c0 \u00e9poca, a proposta n\u00e3o agradou ao atacante. Hoje, insatisfeito com a pouca utiliza\u00e7\u00e3o e com o relacionamento com a comiss\u00e3o t\u00e9cnica, Pedro quer sair. A prioridade \u00e9 a Europa, mas o mercado saudita n\u00e3o est\u00e1 descartado, especialmente depois de o atacante nem ser utilizado no jogo que decretou a elimina\u00e7\u00e3o rubro-negra da Libertadores.<\/p>\n\n\n\n<p>L\u00e9o Pereira tamb\u00e9m foi alvo de proposta vultosa: o Al-Nassr se mostrou disposto a pagar 15 milh\u00f5es de euros (R$ 80 milh\u00f5es) e ofereceu inicialmente 12 milh\u00f5es de euros (R$ 64 milh\u00f5es). A diretoria do Flamengo avisou a intermedi\u00e1rios que n\u00e3o tem a inten\u00e7\u00e3o de perder o atleta.<\/p>\n\n\n\n<p>Arrascaeta tamb\u00e9m recebeu muitas sondagens sauditas, mas \u00e9 considerado um jogador inegoci\u00e1vel. A sa\u00edda s\u00f3 se daria caso o \u00eddolo pedisse e a proposta atingisse a multa de 50 milh\u00f5es de euros (R$ 267 milh\u00f5es). Ayrton Lucas mais recentemente recebeu consulta na ordem de 20 milh\u00f5es de euros (R$ 106 milh\u00f5es), mas a resposta foi a mesma: o Rubro-Negro nem abre conversas. E por qu\u00ea?<\/p>\n\n\n\n<h2 class=\"wp-block-heading\" id=\"h-meta-de-vendas-batida-atenua-eliminacao-precoce-dentro-do-orcamento\">Meta de vendas batida atenua elimina\u00e7\u00e3o precoce dentro do or\u00e7amento<\/h2>\n\n\n\n<p>Com faturamento anual superior a R$ 1 bilh\u00e3o, o\u00a0Flamengo\u00a0tinha como meta or\u00e7ament\u00e1ria a arrecada\u00e7\u00e3o de R$ 61,4 milh\u00f5es com transfer\u00eancias. Bateu a meta somente com a venda de Jo\u00e3o Gomes ao Wolverhampton, em janeiro, quando o negociou por R$ 103,8 milh\u00f5es.<\/p>\n\n\n\n<p>Na semana passada, outros R$ 100 milh\u00f5es foram garantidos com a transfer\u00eancia de Matheus Fran\u00e7a para o Crystal Palace, e, caso o atleta atinja metas previstas em contratos, outros R$ 25 milh\u00f5es entrar\u00e3o.<\/p>\n\n\n\n<p>Independentemente de vendas significativas, o Flamengo v\u00ea entrar dinheiro em seus cofres pelos modelos de negocia\u00e7\u00e3o de contratos. Mant\u00e9m percentuais, negocia cl\u00e1usulas de mais-valia (valor a ser recebido em cima do lucro de uma venda futura por parte do clube comprador). Com esses dois casos, cerca de R$ 30 milh\u00f5es entrar\u00e3o por conta das transfer\u00eancias de Vini\u00e7\u00e3o do Grupo City para o Sheffield United (R$ 21,6 milh\u00f5es) e de Natan do Bragantino para o Napoli (R$ 6,4 milh\u00f5es).<\/p>\n\n\n\n<p>Tais ganhos, fora outras negocia\u00e7\u00f5es menos significativas, permitiram ao Flamengo n\u00e3o sofrer tanto economicamente com a queda precoce na Libertadores. No or\u00e7amento, o clube estipulou como meta no m\u00ednimo a disputa de uma das semifinais da competi\u00e7\u00e3o. Caso atingisse tal objetivo, entrariam mais R$ 20 milh\u00f5es.<\/p>\n\n\n\n<p>Com a Copa do Brasil como objetivo mais fact\u00edvel &#8211; inclusive a meta or\u00e7ament\u00e1ria j\u00e1 foi atingida com a chegada \u00e0 semifinal -, o Flamengo pretende manter o maior n\u00famero de pe\u00e7as-chave no elenco. Uma nova queda, por\u00e9m, abre mais horizontes para vendas, j\u00e1 que a janela saudita s\u00f3 fecha em 20 de setembro.<\/p>\n\n\n\n<p>Retirado de: Globo Esporte<\/p>\n","protected":false},"excerpt":{"rendered":"<p>Eliminado de maneira vexat\u00f3ria da Libertadores, o Flamengo agora enfrenta uma decis\u00e3o fora de campo: \u00e9 hora de vender jogadores do elenco? Com mercados aquecidos, especialmente o da Ar\u00e1bia Saudita, e janelas abertas no exterior, o Rubro-Negro v\u00ea com naturalidade o ass\u00e9dio a alguns de seus destaques. Mesmo fora da Libertadores, a ideia de momento [&hellip;]<\/p>\n","protected":false},"author":1,"featured_media":78521,"comment_status":"open","ping_status":"closed","sticky":false,"template":"","format":"standard","meta":{"footnotes":""},"categories":[1],"tags":[],"class_list":["post-104575","post","type-post","status-publish","format-standard","has-post-thumbnail","hentry","category-flamengo"],"yoast_head":"<!-- This site is optimized with the Yoast SEO Premium plugin v24.2 (Yoast SEO v26.9) - https:\/\/yoast.com\/product\/yoast-seo-premium-wordpress\/ -->\n<title>O Flamengo vai precisar vender jogadores por conta da elimina\u00e7\u00e3o da Libertadores?<\/title>\n<meta name=\"robots\" content=\"index, follow, max-snippet:-1, max-image-preview:large, max-video-preview:-1\" \/>\n<link rel=\"canonical\" href=\"https:\/\/www.gaveanews.com\/index.php\/2023\/08\/11\/o-flamengo-vai-precisar-vender-jogadores-por-conta-da-eliminacao-da-libertadores\/\" \/>\n<meta property=\"og:locale\" content=\"pt_BR\" \/>\n<meta property=\"og:type\" content=\"article\" \/>\n<meta property=\"og:title\" content=\"O Flamengo vai precisar vender jogadores por conta da elimina\u00e7\u00e3o da Libertadores?\" \/>\n<meta property=\"og:description\" content=\"Eliminado de maneira vexat\u00f3ria da Libertadores, o Flamengo agora enfrenta uma decis\u00e3o fora de campo: \u00e9 hora de vender jogadores do elenco? Com mercados aquecidos, especialmente o da Ar\u00e1bia Saudita, e janelas abertas no exterior, o Rubro-Negro v\u00ea com naturalidade o ass\u00e9dio a alguns de seus destaques. Mesmo fora da Libertadores, a ideia de momento [&hellip;]\" \/>\n<meta property=\"og:url\" content=\"https:\/\/www.gaveanews.com\/index.php\/2023\/08\/11\/o-flamengo-vai-precisar-vender-jogadores-por-conta-da-eliminacao-da-libertadores\/\" \/>\n<meta property=\"og:site_name\" content=\"G\u00e1vea News\" \/>\n<meta property=\"article:publisher\" content=\"https:\/\/facebook.com\/gaveaNews\/\" \/>\n<meta property=\"article:published_time\" content=\"2023-08-11T20:36:25+00:00\" \/>\n<meta property=\"article:modified_time\" content=\"2023-08-11T20:36:28+00:00\" \/>\n<meta property=\"og:image\" content=\"https:\/\/www.gaveanews.com\/wp-content\/uploads\/Marcos-Braz-em-entrevista-coletiva-do-Flamengo-no-Ninho-do-Urubu.webp\" \/>\n\t<meta property=\"og:image:width\" content=\"799\" \/>\n\t<meta property=\"og:image:height\" content=\"533\" \/>\n\t<meta property=\"og:image:type\" content=\"image\/jpeg\" \/>\n<meta name=\"author\" content=\"Equipe G\u00e1vea News\" \/>\n<meta name=\"twitter:card\" content=\"summary_large_image\" \/>\n<meta name=\"twitter:label1\" content=\"Escrito por\" \/>\n\t<meta name=\"twitter:data1\" content=\"Equipe G\u00e1vea News\" \/>\n\t<meta name=\"twitter:label2\" content=\"Est. tempo de leitura\" \/>\n\t<meta name=\"twitter:data2\" content=\"4 minutos\" \/>\n<script type=\"application\/ld+json\" class=\"yoast-schema-graph\">{\"@context\":\"https:\/\/schema.org\",\"@graph\":[{\"@type\":\"NewsArticle\",\"@id\":\"https:\/\/www.gaveanews.com\/index.php\/2023\/08\/11\/o-flamengo-vai-precisar-vender-jogadores-por-conta-da-eliminacao-da-libertadores\/#article\",\"isPartOf\":{\"@id\":\"https:\/\/www.gaveanews.com\/index.php\/2023\/08\/11\/o-flamengo-vai-precisar-vender-jogadores-por-conta-da-eliminacao-da-libertadores\/\"},\"author\":{\"name\":\"Equipe G\u00e1vea News\",\"@id\":\"https:\/\/www.gaveanews.com\/#\/schema\/person\/2ec14f73fb96be2caf28f91afb14749d\"},\"headline\":\"O Flamengo vai precisar vender jogadores por conta da elimina\u00e7\u00e3o da Libertadores?\",\"datePublished\":\"2023-08-11T20:36:25+00:00\",\"dateModified\":\"2023-08-11T20:36:28+00:00\",\"mainEntityOfPage\":{\"@id\":\"https:\/\/www.gaveanews.com\/index.php\/2023\/08\/11\/o-flamengo-vai-precisar-vender-jogadores-por-conta-da-eliminacao-da-libertadores\/\"},\"wordCount\":750,\"commentCount\":0,\"image\":{\"@id\":\"https:\/\/www.gaveanews.com\/index.php\/2023\/08\/11\/o-flamengo-vai-precisar-vender-jogadores-por-conta-da-eliminacao-da-libertadores\/#primaryimage\"},\"thumbnailUrl\":\"https:\/\/www.gaveanews.com\/wp-content\/uploads\/Marcos-Braz-em-entrevista-coletiva-do-Flamengo-no-Ninho-do-Urubu.webp\",\"articleSection\":[\"Flamengo\"],\"inLanguage\":\"pt-BR\",\"potentialAction\":[{\"@type\":\"CommentAction\",\"name\":\"Comment\",\"target\":[\"https:\/\/www.gaveanews.com\/index.php\/2023\/08\/11\/o-flamengo-vai-precisar-vender-jogadores-por-conta-da-eliminacao-da-libertadores\/#respond\"]}],\"copyrightYear\":\"2023\",\"copyrightHolder\":{\"@id\":\"https:\/\/www.gaveanews.com\/#organization\"}},{\"@type\":\"WebPage\",\"@id\":\"https:\/\/www.gaveanews.com\/index.php\/2023\/08\/11\/o-flamengo-vai-precisar-vender-jogadores-por-conta-da-eliminacao-da-libertadores\/\",\"url\":\"https:\/\/www.gaveanews.com\/index.php\/2023\/08\/11\/o-flamengo-vai-precisar-vender-jogadores-por-conta-da-eliminacao-da-libertadores\/\",\"name\":\"O Flamengo vai precisar vender jogadores por conta da elimina\u00e7\u00e3o da Libertadores?\",\"isPartOf\":{\"@id\":\"https:\/\/www.gaveanews.com\/#website\"},\"primaryImageOfPage\":{\"@id\":\"https:\/\/www.gaveanews.com\/index.php\/2023\/08\/11\/o-flamengo-vai-precisar-vender-jogadores-por-conta-da-eliminacao-da-libertadores\/#primaryimage\"},\"image\":{\"@id\":\"https:\/\/www.gaveanews.com\/index.php\/2023\/08\/11\/o-flamengo-vai-precisar-vender-jogadores-por-conta-da-eliminacao-da-libertadores\/#primaryimage\"},\"thumbnailUrl\":\"https:\/\/www.gaveanews.com\/wp-content\/uploads\/Marcos-Braz-em-entrevista-coletiva-do-Flamengo-no-Ninho-do-Urubu.webp\",\"datePublished\":\"2023-08-11T20:36:25+00:00\",\"dateModified\":\"2023-08-11T20:36:28+00:00\",\"author\":{\"@id\":\"https:\/\/www.gaveanews.com\/#\/schema\/person\/2ec14f73fb96be2caf28f91afb14749d\"},\"breadcrumb\":{\"@id\":\"https:\/\/www.gaveanews.com\/index.php\/2023\/08\/11\/o-flamengo-vai-precisar-vender-jogadores-por-conta-da-eliminacao-da-libertadores\/#breadcrumb\"},\"inLanguage\":\"pt-BR\",\"potentialAction\":[{\"@type\":\"ReadAction\",\"target\":[\"https:\/\/www.gaveanews.com\/index.php\/2023\/08\/11\/o-flamengo-vai-precisar-vender-jogadores-por-conta-da-eliminacao-da-libertadores\/\"]}]},{\"@type\":\"ImageObject\",\"inLanguage\":\"pt-BR\",\"@id\":\"https:\/\/www.gaveanews.com\/index.php\/2023\/08\/11\/o-flamengo-vai-precisar-vender-jogadores-por-conta-da-eliminacao-da-libertadores\/#primaryimage\",\"url\":\"https:\/\/www.gaveanews.com\/wp-content\/uploads\/Marcos-Braz-em-entrevista-coletiva-do-Flamengo-no-Ninho-do-Urubu.webp\",\"contentUrl\":\"https:\/\/www.gaveanews.com\/wp-content\/uploads\/Marcos-Braz-em-entrevista-coletiva-do-Flamengo-no-Ninho-do-Urubu.webp\",\"width\":799,\"height\":533,\"caption\":\"Marcos Braz em entrevista coletiva do Flamengo no Ninho do Urubu (Foto: Gilvan de Souza\/Flamengo)\"},{\"@type\":\"BreadcrumbList\",\"@id\":\"https:\/\/www.gaveanews.com\/index.php\/2023\/08\/11\/o-flamengo-vai-precisar-vender-jogadores-por-conta-da-eliminacao-da-libertadores\/#breadcrumb\",\"itemListElement\":[{\"@type\":\"ListItem\",\"position\":1,\"name\":\"Home\",\"item\":\"https:\/\/www.gaveanews.com\/\"},{\"@type\":\"ListItem\",\"position\":2,\"name\":\"O Flamengo vai precisar vender jogadores por conta da elimina\u00e7\u00e3o da Libertadores?\"}]},{\"@type\":\"WebSite\",\"@id\":\"https:\/\/www.gaveanews.com\/#website\",\"url\":\"https:\/\/www.gaveanews.com\/\",\"name\":\"G\u00e1vea News\",\"description\":\"Veja todas as not\u00edcias sobre o Flamengo: Contrata\u00e7\u00f5es, categorias de base, resultados das partidas, tabela de classifica\u00e7\u00e3o, pr\u00f3ximos jogos!\",\"potentialAction\":[{\"@type\":\"SearchAction\",\"target\":{\"@type\":\"EntryPoint\",\"urlTemplate\":\"https:\/\/www.gaveanews.com\/?s={search_term_string}\"},\"query-input\":{\"@type\":\"PropertyValueSpecification\",\"valueRequired\":true,\"valueName\":\"search_term_string\"}}],\"inLanguage\":\"pt-BR\"},{\"@type\":\"Person\",\"@id\":\"https:\/\/www.gaveanews.com\/#\/schema\/person\/2ec14f73fb96be2caf28f91afb14749d\",\"name\":\"Equipe G\u00e1vea News\",\"image\":{\"@type\":\"ImageObject\",\"inLanguage\":\"pt-BR\",\"@id\":\"https:\/\/www.gaveanews.com\/#\/schema\/person\/image\/\",\"url\":\"https:\/\/secure.gravatar.com\/avatar\/1e1956f1facbffd3f8fa53a326721950116b3b9dc9bd44939c01180fd4a745a9?s=96&d=mm&r=g\",\"contentUrl\":\"https:\/\/secure.gravatar.com\/avatar\/1e1956f1facbffd3f8fa53a326721950116b3b9dc9bd44939c01180fd4a745a9?s=96&d=mm&r=g\",\"caption\":\"Equipe G\u00e1vea News\"}}]}<\/script>\n<!-- \/ Yoast SEO Premium plugin. -->","yoast_head_json":{"title":"O Flamengo vai precisar vender jogadores por conta da elimina\u00e7\u00e3o da Libertadores?","robots":{"index":"index","follow":"follow","max-snippet":"max-snippet:-1","max-image-preview":"max-image-preview:large","max-video-preview":"max-video-preview:-1"},"canonical":"https:\/\/www.gaveanews.com\/index.php\/2023\/08\/11\/o-flamengo-vai-precisar-vender-jogadores-por-conta-da-eliminacao-da-libertadores\/","og_locale":"pt_BR","og_type":"article","og_title":"O Flamengo vai precisar vender jogadores por conta da elimina\u00e7\u00e3o da Libertadores?","og_description":"Eliminado de maneira vexat\u00f3ria da Libertadores, o Flamengo agora enfrenta uma decis\u00e3o fora de campo: \u00e9 hora de vender jogadores do elenco? Com mercados aquecidos, especialmente o da Ar\u00e1bia Saudita, e janelas abertas no exterior, o Rubro-Negro v\u00ea com naturalidade o ass\u00e9dio a alguns de seus destaques. Mesmo fora da Libertadores, a ideia de momento [&hellip;]","og_url":"https:\/\/www.gaveanews.com\/index.php\/2023\/08\/11\/o-flamengo-vai-precisar-vender-jogadores-por-conta-da-eliminacao-da-libertadores\/","og_site_name":"G\u00e1vea News","article_publisher":"https:\/\/facebook.com\/gaveaNews\/","article_published_time":"2023-08-11T20:36:25+00:00","article_modified_time":"2023-08-11T20:36:28+00:00","og_image":[{"width":799,"height":533,"url":"https:\/\/www.gaveanews.com\/wp-content\/uploads\/Marcos-Braz-em-entrevista-coletiva-do-Flamengo-no-Ninho-do-Urubu.webp","type":"image\/jpeg"}],"author":"Equipe G\u00e1vea News","twitter_card":"summary_large_image","twitter_misc":{"Escrito por":"Equipe G\u00e1vea News","Est. tempo de leitura":"4 minutos"},"schema":{"@context":"https:\/\/schema.org","@graph":[{"@type":"NewsArticle","@id":"https:\/\/www.gaveanews.com\/index.php\/2023\/08\/11\/o-flamengo-vai-precisar-vender-jogadores-por-conta-da-eliminacao-da-libertadores\/#article","isPartOf":{"@id":"https:\/\/www.gaveanews.com\/index.php\/2023\/08\/11\/o-flamengo-vai-precisar-vender-jogadores-por-conta-da-eliminacao-da-libertadores\/"},"author":{"name":"Equipe G\u00e1vea News","@id":"https:\/\/www.gaveanews.com\/#\/schema\/person\/2ec14f73fb96be2caf28f91afb14749d"},"headline":"O Flamengo vai precisar vender jogadores por conta da elimina\u00e7\u00e3o da Libertadores?","datePublished":"2023-08-11T20:36:25+00:00","dateModified":"2023-08-11T20:36:28+00:00","mainEntityOfPage":{"@id":"https:\/\/www.gaveanews.com\/index.php\/2023\/08\/11\/o-flamengo-vai-precisar-vender-jogadores-por-conta-da-eliminacao-da-libertadores\/"},"wordCount":750,"commentCount":0,"image":{"@id":"https:\/\/www.gaveanews.com\/index.php\/2023\/08\/11\/o-flamengo-vai-precisar-vender-jogadores-por-conta-da-eliminacao-da-libertadores\/#primaryimage"},"thumbnailUrl":"https:\/\/www.gaveanews.com\/wp-content\/uploads\/Marcos-Braz-em-entrevista-coletiva-do-Flamengo-no-Ninho-do-Urubu.webp","articleSection":["Flamengo"],"inLanguage":"pt-BR","potentialAction":[{"@type":"CommentAction","name":"Comment","target":["https:\/\/www.gaveanews.com\/index.php\/2023\/08\/11\/o-flamengo-vai-precisar-vender-jogadores-por-conta-da-eliminacao-da-libertadores\/#respond"]}],"copyrightYear":"2023","copyrightHolder":{"@id":"https:\/\/www.gaveanews.com\/#organization"}},{"@type":"WebPage","@id":"https:\/\/www.gaveanews.com\/index.php\/2023\/08\/11\/o-flamengo-vai-precisar-vender-jogadores-por-conta-da-eliminacao-da-libertadores\/","url":"https:\/\/www.gaveanews.com\/index.php\/2023\/08\/11\/o-flamengo-vai-precisar-vender-jogadores-por-conta-da-eliminacao-da-libertadores\/","name":"O Flamengo vai precisar vender jogadores por conta da elimina\u00e7\u00e3o da Libertadores?","isPartOf":{"@id":"https:\/\/www.gaveanews.com\/#website"},"primaryImageOfPage":{"@id":"https:\/\/www.gaveanews.com\/index.php\/2023\/08\/11\/o-flamengo-vai-precisar-vender-jogadores-por-conta-da-eliminacao-da-libertadores\/#primaryimage"},"image":{"@id":"https:\/\/www.gaveanews.com\/index.php\/2023\/08\/11\/o-flamengo-vai-precisar-vender-jogadores-por-conta-da-eliminacao-da-libertadores\/#primaryimage"},"thumbnailUrl":"https:\/\/www.gaveanews.com\/wp-content\/uploads\/Marcos-Braz-em-entrevista-coletiva-do-Flamengo-no-Ninho-do-Urubu.webp","datePublished":"2023-08-11T20:36:25+00:00","dateModified":"2023-08-11T20:36:28+00:00","author":{"@id":"https:\/\/www.gaveanews.com\/#\/schema\/person\/2ec14f73fb96be2caf28f91afb14749d"},"breadcrumb":{"@id":"https:\/\/www.gaveanews.com\/index.php\/2023\/08\/11\/o-flamengo-vai-precisar-vender-jogadores-por-conta-da-eliminacao-da-libertadores\/#breadcrumb"},"inLanguage":"pt-BR","potentialAction":[{"@type":"ReadAction","target":["https:\/\/www.gaveanews.com\/index.php\/2023\/08\/11\/o-flamengo-vai-precisar-vender-jogadores-por-conta-da-eliminacao-da-libertadores\/"]}]},{"@type":"ImageObject","inLanguage":"pt-BR","@id":"https:\/\/www.gaveanews.com\/index.php\/2023\/08\/11\/o-flamengo-vai-precisar-vender-jogadores-por-conta-da-eliminacao-da-libertadores\/#primaryimage","url":"https:\/\/www.gaveanews.com\/wp-content\/uploads\/Marcos-Braz-em-entrevista-coletiva-do-Flamengo-no-Ninho-do-Urubu.webp","contentUrl":"https:\/\/www.gaveanews.com\/wp-content\/uploads\/Marcos-Braz-em-entrevista-coletiva-do-Flamengo-no-Ninho-do-Urubu.webp","width":799,"height":533,"caption":"Marcos Braz em entrevista coletiva do Flamengo no Ninho do Urubu (Foto: Gilvan de Souza\/Flamengo)"},{"@type":"BreadcrumbList","@id":"https:\/\/www.gaveanews.com\/index.php\/2023\/08\/11\/o-flamengo-vai-precisar-vender-jogadores-por-conta-da-eliminacao-da-libertadores\/#breadcrumb","itemListElement":[{"@type":"ListItem","position":1,"name":"Home","item":"https:\/\/www.gaveanews.com\/"},{"@type":"ListItem","position":2,"name":"O Flamengo vai precisar vender jogadores por conta da elimina\u00e7\u00e3o da Libertadores?"}]},{"@type":"WebSite","@id":"https:\/\/www.gaveanews.com\/#website","url":"https:\/\/www.gaveanews.com\/","name":"G\u00e1vea News","description":"Veja todas as not\u00edcias sobre o Flamengo: Contrata\u00e7\u00f5es, categorias de base, resultados das partidas, tabela de classifica\u00e7\u00e3o, pr\u00f3ximos jogos!","potentialAction":[{"@type":"SearchAction","target":{"@type":"EntryPoint","urlTemplate":"https:\/\/www.gaveanews.com\/?s={search_term_string}"},"query-input":{"@type":"PropertyValueSpecification","valueRequired":true,"valueName":"search_term_string"}}],"inLanguage":"pt-BR"},{"@type":"Person","@id":"https:\/\/www.gaveanews.com\/#\/schema\/person\/2ec14f73fb96be2caf28f91afb14749d","name":"Equipe G\u00e1vea News","image":{"@type":"ImageObject","inLanguage":"pt-BR","@id":"https:\/\/www.gaveanews.com\/#\/schema\/person\/image\/","url":"https:\/\/secure.gravatar.com\/avatar\/1e1956f1facbffd3f8fa53a326721950116b3b9dc9bd44939c01180fd4a745a9?s=96&d=mm&r=g","contentUrl":"https:\/\/secure.gravatar.com\/avatar\/1e1956f1facbffd3f8fa53a326721950116b3b9dc9bd44939c01180fd4a745a9?s=96&d=mm&r=g","caption":"Equipe G\u00e1vea News"}}]}},"_links":{"self":[{"href":"https:\/\/www.gaveanews.com\/index.php\/wp-json\/wp\/v2\/posts\/104575","targetHints":{"allow":["GET"]}}],"collection":[{"href":"https:\/\/www.gaveanews.com\/index.php\/wp-json\/wp\/v2\/posts"}],"about":[{"href":"https:\/\/www.gaveanews.com\/index.php\/wp-json\/wp\/v2\/types\/post"}],"author":[{"embeddable":true,"href":"https:\/\/www.gaveanews.com\/index.php\/wp-json\/wp\/v2\/users\/1"}],"replies":[{"embeddable":true,"href":"https:\/\/www.gaveanews.com\/index.php\/wp-json\/wp\/v2\/comments?post=104575"}],"version-history":[{"count":0,"href":"https:\/\/www.gaveanews.com\/index.php\/wp-json\/wp\/v2\/posts\/104575\/revisions"}],"wp:featuredmedia":[{"embeddable":true,"href":"https:\/\/www.gaveanews.com\/index.php\/wp-json\/wp\/v2\/media\/78521"}],"wp:attachment":[{"href":"https:\/\/www.gaveanews.com\/index.php\/wp-json\/wp\/v2\/media?parent=104575"}],"wp:term":[{"taxonomy":"category","embeddable":true,"href":"https:\/\/www.gaveanews.com\/index.php\/wp-json\/wp\/v2\/categories?post=104575"},{"taxonomy":"post_tag","embeddable":true,"href":"https:\/\/www.gaveanews.com\/index.php\/wp-json\/wp\/v2\/tags?post=104575"}],"curies":[{"name":"wp","href":"https:\/\/api.w.org\/{rel}","templated":true}]}}