{"id":104586,"date":"2023-08-11T19:43:18","date_gmt":"2023-08-11T22:43:18","guid":{"rendered":"https:\/\/www.gaveanews.com\/?p=104586"},"modified":"2024-04-06T23:56:20","modified_gmt":"2024-04-07T02:56:20","slug":"video-rodolfo-landim-foge-da-torcida-do-flamengo-e-esconde-se-no-aeroporto","status":"publish","type":"post","link":"https:\/\/www.gaveanews.com\/index.php\/2023\/08\/11\/video-rodolfo-landim-foge-da-torcida-do-flamengo-e-esconde-se-no-aeroporto\/","title":{"rendered":"V\u00eddeo: Rodolfo Landim foge da torcida do Flamengo e esconde-se no aeroporto"},"content":{"rendered":"\n<p>Ap\u00f3s a elimina\u00e7\u00e3o vexat\u00f3ria e precoce na Copa Libertadores da Am\u00e9rica, o Flamengo desembarcou sob protestos no Rio de Janeiro. Rubro-Negros foram ao aeroporto do Gale\u00e3o e xingaram jogadores e dirigentes. Em meio \u00e0s manifesta\u00e7\u00f5es, o presidente Rodolfo Landim se esquivou da torcida, e deixou o local amparado pelos seguran\u00e7as.<\/p>\n\n\n\n<p>Rodolfo Landim estava na parte restrita do sagu\u00e3o, ainda no desembarque, quando viu a movimenta\u00e7\u00e3o de rubro-negros. O presidente, ent\u00e3o, escolheu n\u00e3o deixar a \u00e1rea reservada naquele momento, e aguardou a dispers\u00e3o de torcedores. S\u00f3 depois que os protestos sa\u00edram da parte principal do aeroporto que o dirigente deixou o Gale\u00e3o, acompanhado de seguran\u00e7as do clube.<\/p>\n\n\n\n<figure class=\"wp-block-embed is-type-rich is-provider-twitter wp-block-embed-twitter\"><div class=\"wp-block-embed__wrapper\">\n<blockquote class=\"twitter-tweet\" data-width=\"550\" data-dnt=\"true\"><p lang=\"pt\" dir=\"ltr\">Presidente do <a href=\"https:\/\/twitter.com\/hashtag\/Flamengo?src=hash&amp;ref_src=twsrc%5Etfw\">#Flamengo<\/a>, Rodolfo Landim se escondeu de protestos de torcedores em desembarque: <a href=\"https:\/\/t.co\/PdklOwuhvS\">pic.twitter.com\/PdklOwuhvS<\/a><\/p>&mdash; G\u00e1vea News (@GaveaNews_) <a href=\"https:\/\/twitter.com\/GaveaNews_\/status\/1690131666302320640?ref_src=twsrc%5Etfw\">August 11, 2023<\/a><\/blockquote><script async src=\"https:\/\/platform.twitter.com\/widgets.js\" charset=\"utf-8\"><\/script>\n<\/div><\/figure>\n\n\n\n<p>Presidente do Flamengo, Rodolfo Landim foi um dos alvos de torcedores ap\u00f3s a elimina\u00e7\u00e3o na Copa Libertadores. Entre os gritos entoados pelos rubro-negros estavam: &#8216;Landim, vai se fu\u2026, o meu Flamengo n\u00e3o precisa de voc\u00ea&#8217;.<\/p>\n\n\n\n<p>Al\u00e9m de Landim, Marcos Braz e Bruno Spindel, vice-presidente de futebol do Flamengo e diretor executivo da pasta, tamb\u00e9m foram xingados. Do lado dos jogadores, cobran\u00e7as duras foram feitas a David Luiz, Filipe Lu\u00eds, Pedro e Gabigol.<\/p>\n\n\n\n<p>Retirado de: Lance<\/p>\n","protected":false},"excerpt":{"rendered":"<p>Ap\u00f3s a elimina\u00e7\u00e3o vexat\u00f3ria e precoce na Copa Libertadores da Am\u00e9rica, o Flamengo desembarcou sob protestos no Rio de Janeiro. Rubro-Negros foram ao aeroporto do Gale\u00e3o e xingaram jogadores e dirigentes. Em meio \u00e0s manifesta\u00e7\u00f5es, o presidente Rodolfo Landim se esquivou da torcida, e deixou o local amparado pelos seguran\u00e7as. Rodolfo Landim estava na parte [&hellip;]<\/p>\n","protected":false},"author":1,"featured_media":64406,"comment_status":"open","ping_status":"closed","sticky":false,"template":"","format":"standard","meta":{"footnotes":""},"categories":[40],"tags":[172],"class_list":["post-104586","post","type-post","status-publish","format-standard","has-post-thumbnail","hentry","category-video","tag-luiz-rodolfo-landim-machado"],"yoast_head":"<!-- This site is optimized with the Yoast SEO Premium plugin v24.2 (Yoast SEO v26.9) - https:\/\/yoast.com\/product\/yoast-seo-premium-wordpress\/ -->\n<title>V\u00eddeo: Rodolfo Landim foge da torcida do Flamengo e esconde-se no aeroporto<\/title>\n<meta name=\"robots\" content=\"index, follow, max-snippet:-1, max-image-preview:large, max-video-preview:-1\" \/>\n<link rel=\"canonical\" href=\"https:\/\/www.gaveanews.com\/index.php\/2023\/08\/11\/video-rodolfo-landim-foge-da-torcida-do-flamengo-e-esconde-se-no-aeroporto\/\" \/>\n<meta property=\"og:locale\" content=\"pt_BR\" \/>\n<meta property=\"og:type\" content=\"article\" \/>\n<meta property=\"og:title\" content=\"V\u00eddeo: Rodolfo Landim foge da torcida do Flamengo e esconde-se no aeroporto\" \/>\n<meta property=\"og:description\" content=\"Ap\u00f3s a elimina\u00e7\u00e3o vexat\u00f3ria e precoce na Copa Libertadores da Am\u00e9rica, o Flamengo desembarcou sob protestos no Rio de Janeiro. Rubro-Negros foram ao aeroporto do Gale\u00e3o e xingaram jogadores e dirigentes. Em meio \u00e0s manifesta\u00e7\u00f5es, o presidente Rodolfo Landim se esquivou da torcida, e deixou o local amparado pelos seguran\u00e7as. Rodolfo Landim estava na parte [&hellip;]\" \/>\n<meta property=\"og:url\" content=\"https:\/\/www.gaveanews.com\/index.php\/2023\/08\/11\/video-rodolfo-landim-foge-da-torcida-do-flamengo-e-esconde-se-no-aeroporto\/\" \/>\n<meta property=\"og:site_name\" content=\"G\u00e1vea News\" \/>\n<meta property=\"article:publisher\" content=\"https:\/\/facebook.com\/gaveaNews\/\" \/>\n<meta property=\"article:published_time\" content=\"2023-08-11T22:43:18+00:00\" \/>\n<meta property=\"article:modified_time\" content=\"2024-04-07T02:56:20+00:00\" \/>\n<meta property=\"og:image\" content=\"https:\/\/www.gaveanews.com\/wp-content\/uploads\/Rodolfo-Landim-em-entrevista-coletiva-no-Ninho-do-Urubu.webp\" \/>\n\t<meta property=\"og:image:width\" content=\"799\" \/>\n\t<meta property=\"og:image:height\" content=\"532\" \/>\n\t<meta property=\"og:image:type\" content=\"image\/jpeg\" \/>\n<meta name=\"author\" content=\"Equipe G\u00e1vea News\" \/>\n<meta name=\"twitter:card\" content=\"summary_large_image\" \/>\n<meta name=\"twitter:label1\" content=\"Escrito por\" \/>\n\t<meta name=\"twitter:data1\" content=\"Equipe G\u00e1vea News\" \/>\n\t<meta name=\"twitter:label2\" content=\"Est. tempo de leitura\" \/>\n\t<meta name=\"twitter:data2\" content=\"2 minutos\" \/>\n<script type=\"application\/ld+json\" class=\"yoast-schema-graph\">{\"@context\":\"https:\/\/schema.org\",\"@graph\":[{\"@type\":\"NewsArticle\",\"@id\":\"https:\/\/www.gaveanews.com\/index.php\/2023\/08\/11\/video-rodolfo-landim-foge-da-torcida-do-flamengo-e-esconde-se-no-aeroporto\/#article\",\"isPartOf\":{\"@id\":\"https:\/\/www.gaveanews.com\/index.php\/2023\/08\/11\/video-rodolfo-landim-foge-da-torcida-do-flamengo-e-esconde-se-no-aeroporto\/\"},\"author\":{\"name\":\"Equipe G\u00e1vea News\",\"@id\":\"https:\/\/www.gaveanews.com\/#\/schema\/person\/2ec14f73fb96be2caf28f91afb14749d\"},\"headline\":\"V\u00eddeo: Rodolfo Landim foge da torcida do Flamengo e esconde-se no aeroporto\",\"datePublished\":\"2023-08-11T22:43:18+00:00\",\"dateModified\":\"2024-04-07T02:56:20+00:00\",\"mainEntityOfPage\":{\"@id\":\"https:\/\/www.gaveanews.com\/index.php\/2023\/08\/11\/video-rodolfo-landim-foge-da-torcida-do-flamengo-e-esconde-se-no-aeroporto\/\"},\"wordCount\":221,\"commentCount\":0,\"image\":{\"@id\":\"https:\/\/www.gaveanews.com\/index.php\/2023\/08\/11\/video-rodolfo-landim-foge-da-torcida-do-flamengo-e-esconde-se-no-aeroporto\/#primaryimage\"},\"thumbnailUrl\":\"https:\/\/www.gaveanews.com\/wp-content\/uploads\/Rodolfo-Landim-em-entrevista-coletiva-no-Ninho-do-Urubu.webp\",\"keywords\":[\"Luiz Rodolfo Landim Machado\"],\"articleSection\":[\"V\u00eddeos\"],\"inLanguage\":\"pt-BR\",\"potentialAction\":[{\"@type\":\"CommentAction\",\"name\":\"Comment\",\"target\":[\"https:\/\/www.gaveanews.com\/index.php\/2023\/08\/11\/video-rodolfo-landim-foge-da-torcida-do-flamengo-e-esconde-se-no-aeroporto\/#respond\"]}],\"copyrightYear\":\"2023\",\"copyrightHolder\":{\"@id\":\"https:\/\/www.gaveanews.com\/#organization\"}},{\"@type\":\"WebPage\",\"@id\":\"https:\/\/www.gaveanews.com\/index.php\/2023\/08\/11\/video-rodolfo-landim-foge-da-torcida-do-flamengo-e-esconde-se-no-aeroporto\/\",\"url\":\"https:\/\/www.gaveanews.com\/index.php\/2023\/08\/11\/video-rodolfo-landim-foge-da-torcida-do-flamengo-e-esconde-se-no-aeroporto\/\",\"name\":\"V\u00eddeo: Rodolfo Landim foge da torcida do Flamengo e esconde-se no aeroporto\",\"isPartOf\":{\"@id\":\"https:\/\/www.gaveanews.com\/#website\"},\"primaryImageOfPage\":{\"@id\":\"https:\/\/www.gaveanews.com\/index.php\/2023\/08\/11\/video-rodolfo-landim-foge-da-torcida-do-flamengo-e-esconde-se-no-aeroporto\/#primaryimage\"},\"image\":{\"@id\":\"https:\/\/www.gaveanews.com\/index.php\/2023\/08\/11\/video-rodolfo-landim-foge-da-torcida-do-flamengo-e-esconde-se-no-aeroporto\/#primaryimage\"},\"thumbnailUrl\":\"https:\/\/www.gaveanews.com\/wp-content\/uploads\/Rodolfo-Landim-em-entrevista-coletiva-no-Ninho-do-Urubu.webp\",\"datePublished\":\"2023-08-11T22:43:18+00:00\",\"dateModified\":\"2024-04-07T02:56:20+00:00\",\"author\":{\"@id\":\"https:\/\/www.gaveanews.com\/#\/schema\/person\/2ec14f73fb96be2caf28f91afb14749d\"},\"breadcrumb\":{\"@id\":\"https:\/\/www.gaveanews.com\/index.php\/2023\/08\/11\/video-rodolfo-landim-foge-da-torcida-do-flamengo-e-esconde-se-no-aeroporto\/#breadcrumb\"},\"inLanguage\":\"pt-BR\",\"potentialAction\":[{\"@type\":\"ReadAction\",\"target\":[\"https:\/\/www.gaveanews.com\/index.php\/2023\/08\/11\/video-rodolfo-landim-foge-da-torcida-do-flamengo-e-esconde-se-no-aeroporto\/\"]}]},{\"@type\":\"ImageObject\",\"inLanguage\":\"pt-BR\",\"@id\":\"https:\/\/www.gaveanews.com\/index.php\/2023\/08\/11\/video-rodolfo-landim-foge-da-torcida-do-flamengo-e-esconde-se-no-aeroporto\/#primaryimage\",\"url\":\"https:\/\/www.gaveanews.com\/wp-content\/uploads\/Rodolfo-Landim-em-entrevista-coletiva-no-Ninho-do-Urubu.webp\",\"contentUrl\":\"https:\/\/www.gaveanews.com\/wp-content\/uploads\/Rodolfo-Landim-em-entrevista-coletiva-no-Ninho-do-Urubu.webp\",\"width\":799,\"height\":532,\"caption\":\"Rodolfo Landim em entrevista coletiva no Ninho do Urubu (Foto: Alexandre Vidal\/Flamengo)\"},{\"@type\":\"BreadcrumbList\",\"@id\":\"https:\/\/www.gaveanews.com\/index.php\/2023\/08\/11\/video-rodolfo-landim-foge-da-torcida-do-flamengo-e-esconde-se-no-aeroporto\/#breadcrumb\",\"itemListElement\":[{\"@type\":\"ListItem\",\"position\":1,\"name\":\"Home\",\"item\":\"https:\/\/www.gaveanews.com\/\"},{\"@type\":\"ListItem\",\"position\":2,\"name\":\"V\u00eddeo: Rodolfo Landim foge da torcida do Flamengo e esconde-se no aeroporto\"}]},{\"@type\":\"WebSite\",\"@id\":\"https:\/\/www.gaveanews.com\/#website\",\"url\":\"https:\/\/www.gaveanews.com\/\",\"name\":\"G\u00e1vea News\",\"description\":\"Veja todas as not\u00edcias sobre o Flamengo: Contrata\u00e7\u00f5es, categorias de base, resultados das partidas, tabela de classifica\u00e7\u00e3o, pr\u00f3ximos jogos!\",\"potentialAction\":[{\"@type\":\"SearchAction\",\"target\":{\"@type\":\"EntryPoint\",\"urlTemplate\":\"https:\/\/www.gaveanews.com\/?s={search_term_string}\"},\"query-input\":{\"@type\":\"PropertyValueSpecification\",\"valueRequired\":true,\"valueName\":\"search_term_string\"}}],\"inLanguage\":\"pt-BR\"},{\"@type\":\"Person\",\"@id\":\"https:\/\/www.gaveanews.com\/#\/schema\/person\/2ec14f73fb96be2caf28f91afb14749d\",\"name\":\"Equipe G\u00e1vea News\",\"image\":{\"@type\":\"ImageObject\",\"inLanguage\":\"pt-BR\",\"@id\":\"https:\/\/www.gaveanews.com\/#\/schema\/person\/image\/\",\"url\":\"https:\/\/secure.gravatar.com\/avatar\/1e1956f1facbffd3f8fa53a326721950116b3b9dc9bd44939c01180fd4a745a9?s=96&d=mm&r=g\",\"contentUrl\":\"https:\/\/secure.gravatar.com\/avatar\/1e1956f1facbffd3f8fa53a326721950116b3b9dc9bd44939c01180fd4a745a9?s=96&d=mm&r=g\",\"caption\":\"Equipe G\u00e1vea News\"}}]}<\/script>\n<!-- \/ Yoast SEO Premium plugin. -->","yoast_head_json":{"title":"V\u00eddeo: Rodolfo Landim foge da torcida do Flamengo e esconde-se no aeroporto","robots":{"index":"index","follow":"follow","max-snippet":"max-snippet:-1","max-image-preview":"max-image-preview:large","max-video-preview":"max-video-preview:-1"},"canonical":"https:\/\/www.gaveanews.com\/index.php\/2023\/08\/11\/video-rodolfo-landim-foge-da-torcida-do-flamengo-e-esconde-se-no-aeroporto\/","og_locale":"pt_BR","og_type":"article","og_title":"V\u00eddeo: Rodolfo Landim foge da torcida do Flamengo e esconde-se no aeroporto","og_description":"Ap\u00f3s a elimina\u00e7\u00e3o vexat\u00f3ria e precoce na Copa Libertadores da Am\u00e9rica, o Flamengo desembarcou sob protestos no Rio de Janeiro. Rubro-Negros foram ao aeroporto do Gale\u00e3o e xingaram jogadores e dirigentes. Em meio \u00e0s manifesta\u00e7\u00f5es, o presidente Rodolfo Landim se esquivou da torcida, e deixou o local amparado pelos seguran\u00e7as. Rodolfo Landim estava na parte [&hellip;]","og_url":"https:\/\/www.gaveanews.com\/index.php\/2023\/08\/11\/video-rodolfo-landim-foge-da-torcida-do-flamengo-e-esconde-se-no-aeroporto\/","og_site_name":"G\u00e1vea News","article_publisher":"https:\/\/facebook.com\/gaveaNews\/","article_published_time":"2023-08-11T22:43:18+00:00","article_modified_time":"2024-04-07T02:56:20+00:00","og_image":[{"width":799,"height":532,"url":"https:\/\/www.gaveanews.com\/wp-content\/uploads\/Rodolfo-Landim-em-entrevista-coletiva-no-Ninho-do-Urubu.webp","type":"image\/jpeg"}],"author":"Equipe G\u00e1vea News","twitter_card":"summary_large_image","twitter_misc":{"Escrito por":"Equipe G\u00e1vea News","Est. tempo de leitura":"2 minutos"},"schema":{"@context":"https:\/\/schema.org","@graph":[{"@type":"NewsArticle","@id":"https:\/\/www.gaveanews.com\/index.php\/2023\/08\/11\/video-rodolfo-landim-foge-da-torcida-do-flamengo-e-esconde-se-no-aeroporto\/#article","isPartOf":{"@id":"https:\/\/www.gaveanews.com\/index.php\/2023\/08\/11\/video-rodolfo-landim-foge-da-torcida-do-flamengo-e-esconde-se-no-aeroporto\/"},"author":{"name":"Equipe G\u00e1vea News","@id":"https:\/\/www.gaveanews.com\/#\/schema\/person\/2ec14f73fb96be2caf28f91afb14749d"},"headline":"V\u00eddeo: Rodolfo Landim foge da torcida do Flamengo e esconde-se no aeroporto","datePublished":"2023-08-11T22:43:18+00:00","dateModified":"2024-04-07T02:56:20+00:00","mainEntityOfPage":{"@id":"https:\/\/www.gaveanews.com\/index.php\/2023\/08\/11\/video-rodolfo-landim-foge-da-torcida-do-flamengo-e-esconde-se-no-aeroporto\/"},"wordCount":221,"commentCount":0,"image":{"@id":"https:\/\/www.gaveanews.com\/index.php\/2023\/08\/11\/video-rodolfo-landim-foge-da-torcida-do-flamengo-e-esconde-se-no-aeroporto\/#primaryimage"},"thumbnailUrl":"https:\/\/www.gaveanews.com\/wp-content\/uploads\/Rodolfo-Landim-em-entrevista-coletiva-no-Ninho-do-Urubu.webp","keywords":["Luiz Rodolfo Landim Machado"],"articleSection":["V\u00eddeos"],"inLanguage":"pt-BR","potentialAction":[{"@type":"CommentAction","name":"Comment","target":["https:\/\/www.gaveanews.com\/index.php\/2023\/08\/11\/video-rodolfo-landim-foge-da-torcida-do-flamengo-e-esconde-se-no-aeroporto\/#respond"]}],"copyrightYear":"2023","copyrightHolder":{"@id":"https:\/\/www.gaveanews.com\/#organization"}},{"@type":"WebPage","@id":"https:\/\/www.gaveanews.com\/index.php\/2023\/08\/11\/video-rodolfo-landim-foge-da-torcida-do-flamengo-e-esconde-se-no-aeroporto\/","url":"https:\/\/www.gaveanews.com\/index.php\/2023\/08\/11\/video-rodolfo-landim-foge-da-torcida-do-flamengo-e-esconde-se-no-aeroporto\/","name":"V\u00eddeo: Rodolfo Landim foge da torcida do Flamengo e esconde-se no aeroporto","isPartOf":{"@id":"https:\/\/www.gaveanews.com\/#website"},"primaryImageOfPage":{"@id":"https:\/\/www.gaveanews.com\/index.php\/2023\/08\/11\/video-rodolfo-landim-foge-da-torcida-do-flamengo-e-esconde-se-no-aeroporto\/#primaryimage"},"image":{"@id":"https:\/\/www.gaveanews.com\/index.php\/2023\/08\/11\/video-rodolfo-landim-foge-da-torcida-do-flamengo-e-esconde-se-no-aeroporto\/#primaryimage"},"thumbnailUrl":"https:\/\/www.gaveanews.com\/wp-content\/uploads\/Rodolfo-Landim-em-entrevista-coletiva-no-Ninho-do-Urubu.webp","datePublished":"2023-08-11T22:43:18+00:00","dateModified":"2024-04-07T02:56:20+00:00","author":{"@id":"https:\/\/www.gaveanews.com\/#\/schema\/person\/2ec14f73fb96be2caf28f91afb14749d"},"breadcrumb":{"@id":"https:\/\/www.gaveanews.com\/index.php\/2023\/08\/11\/video-rodolfo-landim-foge-da-torcida-do-flamengo-e-esconde-se-no-aeroporto\/#breadcrumb"},"inLanguage":"pt-BR","potentialAction":[{"@type":"ReadAction","target":["https:\/\/www.gaveanews.com\/index.php\/2023\/08\/11\/video-rodolfo-landim-foge-da-torcida-do-flamengo-e-esconde-se-no-aeroporto\/"]}]},{"@type":"ImageObject","inLanguage":"pt-BR","@id":"https:\/\/www.gaveanews.com\/index.php\/2023\/08\/11\/video-rodolfo-landim-foge-da-torcida-do-flamengo-e-esconde-se-no-aeroporto\/#primaryimage","url":"https:\/\/www.gaveanews.com\/wp-content\/uploads\/Rodolfo-Landim-em-entrevista-coletiva-no-Ninho-do-Urubu.webp","contentUrl":"https:\/\/www.gaveanews.com\/wp-content\/uploads\/Rodolfo-Landim-em-entrevista-coletiva-no-Ninho-do-Urubu.webp","width":799,"height":532,"caption":"Rodolfo Landim em entrevista coletiva no Ninho do Urubu (Foto: Alexandre Vidal\/Flamengo)"},{"@type":"BreadcrumbList","@id":"https:\/\/www.gaveanews.com\/index.php\/2023\/08\/11\/video-rodolfo-landim-foge-da-torcida-do-flamengo-e-esconde-se-no-aeroporto\/#breadcrumb","itemListElement":[{"@type":"ListItem","position":1,"name":"Home","item":"https:\/\/www.gaveanews.com\/"},{"@type":"ListItem","position":2,"name":"V\u00eddeo: Rodolfo Landim foge da torcida do Flamengo e esconde-se no aeroporto"}]},{"@type":"WebSite","@id":"https:\/\/www.gaveanews.com\/#website","url":"https:\/\/www.gaveanews.com\/","name":"G\u00e1vea News","description":"Veja todas as not\u00edcias sobre o Flamengo: Contrata\u00e7\u00f5es, categorias de base, resultados das partidas, tabela de classifica\u00e7\u00e3o, pr\u00f3ximos jogos!","potentialAction":[{"@type":"SearchAction","target":{"@type":"EntryPoint","urlTemplate":"https:\/\/www.gaveanews.com\/?s={search_term_string}"},"query-input":{"@type":"PropertyValueSpecification","valueRequired":true,"valueName":"search_term_string"}}],"inLanguage":"pt-BR"},{"@type":"Person","@id":"https:\/\/www.gaveanews.com\/#\/schema\/person\/2ec14f73fb96be2caf28f91afb14749d","name":"Equipe G\u00e1vea News","image":{"@type":"ImageObject","inLanguage":"pt-BR","@id":"https:\/\/www.gaveanews.com\/#\/schema\/person\/image\/","url":"https:\/\/secure.gravatar.com\/avatar\/1e1956f1facbffd3f8fa53a326721950116b3b9dc9bd44939c01180fd4a745a9?s=96&d=mm&r=g","contentUrl":"https:\/\/secure.gravatar.com\/avatar\/1e1956f1facbffd3f8fa53a326721950116b3b9dc9bd44939c01180fd4a745a9?s=96&d=mm&r=g","caption":"Equipe G\u00e1vea News"}}]}},"_links":{"self":[{"href":"https:\/\/www.gaveanews.com\/index.php\/wp-json\/wp\/v2\/posts\/104586","targetHints":{"allow":["GET"]}}],"collection":[{"href":"https:\/\/www.gaveanews.com\/index.php\/wp-json\/wp\/v2\/posts"}],"about":[{"href":"https:\/\/www.gaveanews.com\/index.php\/wp-json\/wp\/v2\/types\/post"}],"author":[{"embeddable":true,"href":"https:\/\/www.gaveanews.com\/index.php\/wp-json\/wp\/v2\/users\/1"}],"replies":[{"embeddable":true,"href":"https:\/\/www.gaveanews.com\/index.php\/wp-json\/wp\/v2\/comments?post=104586"}],"version-history":[{"count":1,"href":"https:\/\/www.gaveanews.com\/index.php\/wp-json\/wp\/v2\/posts\/104586\/revisions"}],"predecessor-version":[{"id":135391,"href":"https:\/\/www.gaveanews.com\/index.php\/wp-json\/wp\/v2\/posts\/104586\/revisions\/135391"}],"wp:featuredmedia":[{"embeddable":true,"href":"https:\/\/www.gaveanews.com\/index.php\/wp-json\/wp\/v2\/media\/64406"}],"wp:attachment":[{"href":"https:\/\/www.gaveanews.com\/index.php\/wp-json\/wp\/v2\/media?parent=104586"}],"wp:term":[{"taxonomy":"category","embeddable":true,"href":"https:\/\/www.gaveanews.com\/index.php\/wp-json\/wp\/v2\/categories?post=104586"},{"taxonomy":"post_tag","embeddable":true,"href":"https:\/\/www.gaveanews.com\/index.php\/wp-json\/wp\/v2\/tags?post=104586"}],"curies":[{"name":"wp","href":"https:\/\/api.w.org\/{rel}","templated":true}]}}