{"id":104593,"date":"2023-08-11T20:14:13","date_gmt":"2023-08-11T23:14:13","guid":{"rendered":"https:\/\/www.gaveanews.com\/?p=104593"},"modified":"2023-08-11T20:14:13","modified_gmt":"2023-08-11T23:14:13","slug":"jornalista-justifica-vazamento-de-nome-para-substituir-sampaoli-no-flamengo-ele-e-pessimo","status":"publish","type":"post","link":"https:\/\/www.gaveanews.com\/index.php\/2023\/08\/11\/jornalista-justifica-vazamento-de-nome-para-substituir-sampaoli-no-flamengo-ele-e-pessimo\/","title":{"rendered":"Jornalista justifica \u201cvazamento\u201d de nome para substituir Sampaoli no Flamengo: \u201cEle \u00e9 p\u00e9ssimo\u201d"},"content":{"rendered":"\n<p>Apesar de reprovar o trabalho de Sampaoli no Flamengo, Renato Maur\u00edcio Prado n\u00e3o concorda com uma substitui\u00e7\u00e3o envolvendo Rog\u00e9rio Ceni. Como o nome do treinador vazou como poss\u00edvel plano A para assumir o cargo, houve uma dedu\u00e7\u00e3o que o cen\u00e1rio ocorreu para que o argentino ganhasse \u201crespaldo\u201d para ser mantido pela diretoria.<\/p>\n\n\n\n<p>Diante disso, RMP comparou a hip\u00f3tese de Ceni voltar ao Flamengo com o retorno de Dunga ao comando do Brasil. Mesmo com o t\u00edtulo brasileiro alcan\u00e7ado pelo t\u00e9cnico, o jornalista apontou um grande retrocesso caso o profissional ganhe mais uma oportunidade.<\/p>\n\n\n\n<p>\u201cEu n\u00e3o acredito nessa possibilidade. \u00c9 mais uma coisa que vazam porque sabem que h\u00e1 muita resist\u00eancia ao Ceni e dizem assim: \u2018Melhor deixar o Sampaoli que trazer o Ceni de volta\u2019. A volta do Ceni ao Flamengo, depois do trabalho rid\u00edculo que ele fez, sendo campe\u00e3o gra\u00e7as ao Internacional, seria equivalente a volta do Dunga para a sele\u00e7\u00e3o. Apareceu o Gilmar Rinaldi com o Dunga. Se o Ceni voltar, \u00e9 a mesma sensa\u00e7\u00e3o, \u00e9 inadmiss\u00edvel.\u201d, disse em live no YouTube.<\/p>\n\n\n\n<p>\u201cEle ficou um ano e tr\u00eas meses e fez um trabalho de merd*. O Ceni \u00e9 p\u00e9ssimo. Tem boas ideias, mas \u00e9 incapaz de colocar elas em pr\u00e1tica. Seria uma estupidez maior ainda trazer o Ceni de volta.\u201d, completou.<\/p>\n\n\n\n<p>Na sequ\u00eancia, RMP aconselhou que o substituto de Sampaoli n\u00e3o seja adepto do jogo posicional. Por\u00e9m, apesar da elimina\u00e7\u00e3o na Libertadores, a gest\u00e3o de Rodolfo Landim deve optar por manter o argentino, que vem sendo criticado pelas escolhas no momento de escalar e realizar altera\u00e7\u00f5es na equipe.<\/p>\n\n\n\n<p>\u201cDesde que n\u00e3o seja um t\u00e9cnico posicional, a chance de melhorar \u00e9 grande. Teve op\u00e7\u00f5es de t\u00e9cnicos que estavam dando sopa e o Flamengo n\u00e3o foi (atr\u00e1s)\u201d, afirmou.<\/p>\n\n\n\n<p>Retirado de: Torcedores<\/p>\n","protected":false},"excerpt":{"rendered":"<p>Apesar de reprovar o trabalho de Sampaoli no Flamengo, Renato Maur\u00edcio Prado n\u00e3o concorda com uma substitui\u00e7\u00e3o envolvendo Rog\u00e9rio Ceni. Como o nome do treinador vazou como poss\u00edvel plano A para assumir o cargo, houve uma dedu\u00e7\u00e3o que o cen\u00e1rio ocorreu para que o argentino ganhasse \u201crespaldo\u201d para ser mantido pela diretoria. Diante disso, RMP [&hellip;]<\/p>\n","protected":false},"author":1,"featured_media":97686,"comment_status":"open","ping_status":"","sticky":false,"template":"","format":"standard","meta":{"footnotes":""},"categories":[1],"tags":[],"class_list":["post-104593","post","type-post","status-publish","format-standard","has-post-thumbnail","hentry","category-flamengo"],"yoast_head":"<!-- This site is optimized with the Yoast SEO Premium plugin v24.2 (Yoast SEO v26.9) - https:\/\/yoast.com\/product\/yoast-seo-premium-wordpress\/ -->\n<title>Jornalista justifica \u201cvazamento\u201d de nome para substituir Sampaoli no Flamengo: \u201cEle \u00e9 p\u00e9ssimo\u201d<\/title>\n<meta name=\"robots\" content=\"index, follow, max-snippet:-1, max-image-preview:large, max-video-preview:-1\" \/>\n<link rel=\"canonical\" href=\"https:\/\/www.gaveanews.com\/index.php\/2023\/08\/11\/jornalista-justifica-vazamento-de-nome-para-substituir-sampaoli-no-flamengo-ele-e-pessimo\/\" \/>\n<meta property=\"og:locale\" content=\"pt_BR\" \/>\n<meta property=\"og:type\" content=\"article\" \/>\n<meta property=\"og:title\" content=\"Jornalista justifica \u201cvazamento\u201d de nome para substituir Sampaoli no Flamengo: \u201cEle \u00e9 p\u00e9ssimo\u201d\" \/>\n<meta property=\"og:description\" content=\"Apesar de reprovar o trabalho de Sampaoli no Flamengo, Renato Maur\u00edcio Prado n\u00e3o concorda com uma substitui\u00e7\u00e3o envolvendo Rog\u00e9rio Ceni. Como o nome do treinador vazou como poss\u00edvel plano A para assumir o cargo, houve uma dedu\u00e7\u00e3o que o cen\u00e1rio ocorreu para que o argentino ganhasse \u201crespaldo\u201d para ser mantido pela diretoria. Diante disso, RMP [&hellip;]\" \/>\n<meta property=\"og:url\" content=\"https:\/\/www.gaveanews.com\/index.php\/2023\/08\/11\/jornalista-justifica-vazamento-de-nome-para-substituir-sampaoli-no-flamengo-ele-e-pessimo\/\" \/>\n<meta property=\"og:site_name\" content=\"G\u00e1vea News\" \/>\n<meta property=\"article:publisher\" content=\"https:\/\/facebook.com\/gaveaNews\/\" \/>\n<meta property=\"article:published_time\" content=\"2023-08-11T23:14:13+00:00\" \/>\n<meta property=\"og:image\" content=\"https:\/\/www.gaveanews.com\/wp-content\/uploads\/Jorge-Sampaoli-durante-o-jogo-entre-Flamengo-e-Internacional-pela-segunda-rodada-do-Brasileirao-de-2023.webp\" \/>\n\t<meta property=\"og:image:width\" content=\"1200\" \/>\n\t<meta property=\"og:image:height\" content=\"750\" \/>\n\t<meta property=\"og:image:type\" content=\"image\/webp\" \/>\n<meta name=\"author\" content=\"Equipe G\u00e1vea News\" \/>\n<meta name=\"twitter:card\" content=\"summary_large_image\" \/>\n<meta name=\"twitter:label1\" content=\"Escrito por\" \/>\n\t<meta name=\"twitter:data1\" content=\"Equipe G\u00e1vea News\" \/>\n\t<meta name=\"twitter:label2\" content=\"Est. tempo de leitura\" \/>\n\t<meta name=\"twitter:data2\" content=\"2 minutos\" \/>\n<script type=\"application\/ld+json\" class=\"yoast-schema-graph\">{\"@context\":\"https:\/\/schema.org\",\"@graph\":[{\"@type\":\"NewsArticle\",\"@id\":\"https:\/\/www.gaveanews.com\/index.php\/2023\/08\/11\/jornalista-justifica-vazamento-de-nome-para-substituir-sampaoli-no-flamengo-ele-e-pessimo\/#article\",\"isPartOf\":{\"@id\":\"https:\/\/www.gaveanews.com\/index.php\/2023\/08\/11\/jornalista-justifica-vazamento-de-nome-para-substituir-sampaoli-no-flamengo-ele-e-pessimo\/\"},\"author\":{\"name\":\"Equipe G\u00e1vea News\",\"@id\":\"https:\/\/www.gaveanews.com\/#\/schema\/person\/2ec14f73fb96be2caf28f91afb14749d\"},\"headline\":\"Jornalista justifica \u201cvazamento\u201d de nome para substituir Sampaoli no Flamengo: \u201cEle \u00e9 p\u00e9ssimo\u201d\",\"datePublished\":\"2023-08-11T23:14:13+00:00\",\"mainEntityOfPage\":{\"@id\":\"https:\/\/www.gaveanews.com\/index.php\/2023\/08\/11\/jornalista-justifica-vazamento-de-nome-para-substituir-sampaoli-no-flamengo-ele-e-pessimo\/\"},\"wordCount\":332,\"commentCount\":0,\"image\":{\"@id\":\"https:\/\/www.gaveanews.com\/index.php\/2023\/08\/11\/jornalista-justifica-vazamento-de-nome-para-substituir-sampaoli-no-flamengo-ele-e-pessimo\/#primaryimage\"},\"thumbnailUrl\":\"https:\/\/www.gaveanews.com\/wp-content\/uploads\/Jorge-Sampaoli-durante-o-jogo-entre-Flamengo-e-Internacional-pela-segunda-rodada-do-Brasileirao-de-2023.webp\",\"articleSection\":[\"Flamengo\"],\"inLanguage\":\"pt-BR\",\"potentialAction\":[{\"@type\":\"CommentAction\",\"name\":\"Comment\",\"target\":[\"https:\/\/www.gaveanews.com\/index.php\/2023\/08\/11\/jornalista-justifica-vazamento-de-nome-para-substituir-sampaoli-no-flamengo-ele-e-pessimo\/#respond\"]}],\"copyrightYear\":\"2023\",\"copyrightHolder\":{\"@id\":\"https:\/\/www.gaveanews.com\/#organization\"}},{\"@type\":\"WebPage\",\"@id\":\"https:\/\/www.gaveanews.com\/index.php\/2023\/08\/11\/jornalista-justifica-vazamento-de-nome-para-substituir-sampaoli-no-flamengo-ele-e-pessimo\/\",\"url\":\"https:\/\/www.gaveanews.com\/index.php\/2023\/08\/11\/jornalista-justifica-vazamento-de-nome-para-substituir-sampaoli-no-flamengo-ele-e-pessimo\/\",\"name\":\"Jornalista justifica \u201cvazamento\u201d de nome para substituir Sampaoli no Flamengo: \u201cEle \u00e9 p\u00e9ssimo\u201d\",\"isPartOf\":{\"@id\":\"https:\/\/www.gaveanews.com\/#website\"},\"primaryImageOfPage\":{\"@id\":\"https:\/\/www.gaveanews.com\/index.php\/2023\/08\/11\/jornalista-justifica-vazamento-de-nome-para-substituir-sampaoli-no-flamengo-ele-e-pessimo\/#primaryimage\"},\"image\":{\"@id\":\"https:\/\/www.gaveanews.com\/index.php\/2023\/08\/11\/jornalista-justifica-vazamento-de-nome-para-substituir-sampaoli-no-flamengo-ele-e-pessimo\/#primaryimage\"},\"thumbnailUrl\":\"https:\/\/www.gaveanews.com\/wp-content\/uploads\/Jorge-Sampaoli-durante-o-jogo-entre-Flamengo-e-Internacional-pela-segunda-rodada-do-Brasileirao-de-2023.webp\",\"datePublished\":\"2023-08-11T23:14:13+00:00\",\"author\":{\"@id\":\"https:\/\/www.gaveanews.com\/#\/schema\/person\/2ec14f73fb96be2caf28f91afb14749d\"},\"breadcrumb\":{\"@id\":\"https:\/\/www.gaveanews.com\/index.php\/2023\/08\/11\/jornalista-justifica-vazamento-de-nome-para-substituir-sampaoli-no-flamengo-ele-e-pessimo\/#breadcrumb\"},\"inLanguage\":\"pt-BR\",\"potentialAction\":[{\"@type\":\"ReadAction\",\"target\":[\"https:\/\/www.gaveanews.com\/index.php\/2023\/08\/11\/jornalista-justifica-vazamento-de-nome-para-substituir-sampaoli-no-flamengo-ele-e-pessimo\/\"]}]},{\"@type\":\"ImageObject\",\"inLanguage\":\"pt-BR\",\"@id\":\"https:\/\/www.gaveanews.com\/index.php\/2023\/08\/11\/jornalista-justifica-vazamento-de-nome-para-substituir-sampaoli-no-flamengo-ele-e-pessimo\/#primaryimage\",\"url\":\"https:\/\/www.gaveanews.com\/wp-content\/uploads\/Jorge-Sampaoli-durante-o-jogo-entre-Flamengo-e-Internacional-pela-segunda-rodada-do-Brasileirao-de-2023.webp\",\"contentUrl\":\"https:\/\/www.gaveanews.com\/wp-content\/uploads\/Jorge-Sampaoli-durante-o-jogo-entre-Flamengo-e-Internacional-pela-segunda-rodada-do-Brasileirao-de-2023.webp\",\"width\":1200,\"height\":750,\"caption\":\"Jorge Sampaoli durante o jogo entre Flamengo e Internacional pela segunda rodada do Brasileir\u00e3o de 2023 (Foto: Gilvan de Souza\/Flamengo)\"},{\"@type\":\"BreadcrumbList\",\"@id\":\"https:\/\/www.gaveanews.com\/index.php\/2023\/08\/11\/jornalista-justifica-vazamento-de-nome-para-substituir-sampaoli-no-flamengo-ele-e-pessimo\/#breadcrumb\",\"itemListElement\":[{\"@type\":\"ListItem\",\"position\":1,\"name\":\"Home\",\"item\":\"https:\/\/www.gaveanews.com\/\"},{\"@type\":\"ListItem\",\"position\":2,\"name\":\"Jornalista justifica \u201cvazamento\u201d de nome para substituir Sampaoli no Flamengo: \u201cEle \u00e9 p\u00e9ssimo\u201d\"}]},{\"@type\":\"WebSite\",\"@id\":\"https:\/\/www.gaveanews.com\/#website\",\"url\":\"https:\/\/www.gaveanews.com\/\",\"name\":\"G\u00e1vea News\",\"description\":\"Veja todas as not\u00edcias sobre o Flamengo: Contrata\u00e7\u00f5es, categorias de base, resultados das partidas, tabela de classifica\u00e7\u00e3o, pr\u00f3ximos jogos!\",\"potentialAction\":[{\"@type\":\"SearchAction\",\"target\":{\"@type\":\"EntryPoint\",\"urlTemplate\":\"https:\/\/www.gaveanews.com\/?s={search_term_string}\"},\"query-input\":{\"@type\":\"PropertyValueSpecification\",\"valueRequired\":true,\"valueName\":\"search_term_string\"}}],\"inLanguage\":\"pt-BR\"},{\"@type\":\"Person\",\"@id\":\"https:\/\/www.gaveanews.com\/#\/schema\/person\/2ec14f73fb96be2caf28f91afb14749d\",\"name\":\"Equipe G\u00e1vea News\",\"image\":{\"@type\":\"ImageObject\",\"inLanguage\":\"pt-BR\",\"@id\":\"https:\/\/www.gaveanews.com\/#\/schema\/person\/image\/\",\"url\":\"https:\/\/secure.gravatar.com\/avatar\/1e1956f1facbffd3f8fa53a326721950116b3b9dc9bd44939c01180fd4a745a9?s=96&d=mm&r=g\",\"contentUrl\":\"https:\/\/secure.gravatar.com\/avatar\/1e1956f1facbffd3f8fa53a326721950116b3b9dc9bd44939c01180fd4a745a9?s=96&d=mm&r=g\",\"caption\":\"Equipe G\u00e1vea News\"}}]}<\/script>\n<!-- \/ Yoast SEO Premium plugin. -->","yoast_head_json":{"title":"Jornalista justifica \u201cvazamento\u201d de nome para substituir Sampaoli no Flamengo: \u201cEle \u00e9 p\u00e9ssimo\u201d","robots":{"index":"index","follow":"follow","max-snippet":"max-snippet:-1","max-image-preview":"max-image-preview:large","max-video-preview":"max-video-preview:-1"},"canonical":"https:\/\/www.gaveanews.com\/index.php\/2023\/08\/11\/jornalista-justifica-vazamento-de-nome-para-substituir-sampaoli-no-flamengo-ele-e-pessimo\/","og_locale":"pt_BR","og_type":"article","og_title":"Jornalista justifica \u201cvazamento\u201d de nome para substituir Sampaoli no Flamengo: \u201cEle \u00e9 p\u00e9ssimo\u201d","og_description":"Apesar de reprovar o trabalho de Sampaoli no Flamengo, Renato Maur\u00edcio Prado n\u00e3o concorda com uma substitui\u00e7\u00e3o envolvendo Rog\u00e9rio Ceni. Como o nome do treinador vazou como poss\u00edvel plano A para assumir o cargo, houve uma dedu\u00e7\u00e3o que o cen\u00e1rio ocorreu para que o argentino ganhasse \u201crespaldo\u201d para ser mantido pela diretoria. Diante disso, RMP [&hellip;]","og_url":"https:\/\/www.gaveanews.com\/index.php\/2023\/08\/11\/jornalista-justifica-vazamento-de-nome-para-substituir-sampaoli-no-flamengo-ele-e-pessimo\/","og_site_name":"G\u00e1vea News","article_publisher":"https:\/\/facebook.com\/gaveaNews\/","article_published_time":"2023-08-11T23:14:13+00:00","og_image":[{"width":1200,"height":750,"url":"https:\/\/www.gaveanews.com\/wp-content\/uploads\/Jorge-Sampaoli-durante-o-jogo-entre-Flamengo-e-Internacional-pela-segunda-rodada-do-Brasileirao-de-2023.webp","type":"image\/webp"}],"author":"Equipe G\u00e1vea News","twitter_card":"summary_large_image","twitter_misc":{"Escrito por":"Equipe G\u00e1vea News","Est. tempo de leitura":"2 minutos"},"schema":{"@context":"https:\/\/schema.org","@graph":[{"@type":"NewsArticle","@id":"https:\/\/www.gaveanews.com\/index.php\/2023\/08\/11\/jornalista-justifica-vazamento-de-nome-para-substituir-sampaoli-no-flamengo-ele-e-pessimo\/#article","isPartOf":{"@id":"https:\/\/www.gaveanews.com\/index.php\/2023\/08\/11\/jornalista-justifica-vazamento-de-nome-para-substituir-sampaoli-no-flamengo-ele-e-pessimo\/"},"author":{"name":"Equipe G\u00e1vea News","@id":"https:\/\/www.gaveanews.com\/#\/schema\/person\/2ec14f73fb96be2caf28f91afb14749d"},"headline":"Jornalista justifica \u201cvazamento\u201d de nome para substituir Sampaoli no Flamengo: \u201cEle \u00e9 p\u00e9ssimo\u201d","datePublished":"2023-08-11T23:14:13+00:00","mainEntityOfPage":{"@id":"https:\/\/www.gaveanews.com\/index.php\/2023\/08\/11\/jornalista-justifica-vazamento-de-nome-para-substituir-sampaoli-no-flamengo-ele-e-pessimo\/"},"wordCount":332,"commentCount":0,"image":{"@id":"https:\/\/www.gaveanews.com\/index.php\/2023\/08\/11\/jornalista-justifica-vazamento-de-nome-para-substituir-sampaoli-no-flamengo-ele-e-pessimo\/#primaryimage"},"thumbnailUrl":"https:\/\/www.gaveanews.com\/wp-content\/uploads\/Jorge-Sampaoli-durante-o-jogo-entre-Flamengo-e-Internacional-pela-segunda-rodada-do-Brasileirao-de-2023.webp","articleSection":["Flamengo"],"inLanguage":"pt-BR","potentialAction":[{"@type":"CommentAction","name":"Comment","target":["https:\/\/www.gaveanews.com\/index.php\/2023\/08\/11\/jornalista-justifica-vazamento-de-nome-para-substituir-sampaoli-no-flamengo-ele-e-pessimo\/#respond"]}],"copyrightYear":"2023","copyrightHolder":{"@id":"https:\/\/www.gaveanews.com\/#organization"}},{"@type":"WebPage","@id":"https:\/\/www.gaveanews.com\/index.php\/2023\/08\/11\/jornalista-justifica-vazamento-de-nome-para-substituir-sampaoli-no-flamengo-ele-e-pessimo\/","url":"https:\/\/www.gaveanews.com\/index.php\/2023\/08\/11\/jornalista-justifica-vazamento-de-nome-para-substituir-sampaoli-no-flamengo-ele-e-pessimo\/","name":"Jornalista justifica \u201cvazamento\u201d de nome para substituir Sampaoli no Flamengo: \u201cEle \u00e9 p\u00e9ssimo\u201d","isPartOf":{"@id":"https:\/\/www.gaveanews.com\/#website"},"primaryImageOfPage":{"@id":"https:\/\/www.gaveanews.com\/index.php\/2023\/08\/11\/jornalista-justifica-vazamento-de-nome-para-substituir-sampaoli-no-flamengo-ele-e-pessimo\/#primaryimage"},"image":{"@id":"https:\/\/www.gaveanews.com\/index.php\/2023\/08\/11\/jornalista-justifica-vazamento-de-nome-para-substituir-sampaoli-no-flamengo-ele-e-pessimo\/#primaryimage"},"thumbnailUrl":"https:\/\/www.gaveanews.com\/wp-content\/uploads\/Jorge-Sampaoli-durante-o-jogo-entre-Flamengo-e-Internacional-pela-segunda-rodada-do-Brasileirao-de-2023.webp","datePublished":"2023-08-11T23:14:13+00:00","author":{"@id":"https:\/\/www.gaveanews.com\/#\/schema\/person\/2ec14f73fb96be2caf28f91afb14749d"},"breadcrumb":{"@id":"https:\/\/www.gaveanews.com\/index.php\/2023\/08\/11\/jornalista-justifica-vazamento-de-nome-para-substituir-sampaoli-no-flamengo-ele-e-pessimo\/#breadcrumb"},"inLanguage":"pt-BR","potentialAction":[{"@type":"ReadAction","target":["https:\/\/www.gaveanews.com\/index.php\/2023\/08\/11\/jornalista-justifica-vazamento-de-nome-para-substituir-sampaoli-no-flamengo-ele-e-pessimo\/"]}]},{"@type":"ImageObject","inLanguage":"pt-BR","@id":"https:\/\/www.gaveanews.com\/index.php\/2023\/08\/11\/jornalista-justifica-vazamento-de-nome-para-substituir-sampaoli-no-flamengo-ele-e-pessimo\/#primaryimage","url":"https:\/\/www.gaveanews.com\/wp-content\/uploads\/Jorge-Sampaoli-durante-o-jogo-entre-Flamengo-e-Internacional-pela-segunda-rodada-do-Brasileirao-de-2023.webp","contentUrl":"https:\/\/www.gaveanews.com\/wp-content\/uploads\/Jorge-Sampaoli-durante-o-jogo-entre-Flamengo-e-Internacional-pela-segunda-rodada-do-Brasileirao-de-2023.webp","width":1200,"height":750,"caption":"Jorge Sampaoli durante o jogo entre Flamengo e Internacional pela segunda rodada do Brasileir\u00e3o de 2023 (Foto: Gilvan de Souza\/Flamengo)"},{"@type":"BreadcrumbList","@id":"https:\/\/www.gaveanews.com\/index.php\/2023\/08\/11\/jornalista-justifica-vazamento-de-nome-para-substituir-sampaoli-no-flamengo-ele-e-pessimo\/#breadcrumb","itemListElement":[{"@type":"ListItem","position":1,"name":"Home","item":"https:\/\/www.gaveanews.com\/"},{"@type":"ListItem","position":2,"name":"Jornalista justifica \u201cvazamento\u201d de nome para substituir Sampaoli no Flamengo: \u201cEle \u00e9 p\u00e9ssimo\u201d"}]},{"@type":"WebSite","@id":"https:\/\/www.gaveanews.com\/#website","url":"https:\/\/www.gaveanews.com\/","name":"G\u00e1vea News","description":"Veja todas as not\u00edcias sobre o Flamengo: Contrata\u00e7\u00f5es, categorias de base, resultados das partidas, tabela de classifica\u00e7\u00e3o, pr\u00f3ximos jogos!","potentialAction":[{"@type":"SearchAction","target":{"@type":"EntryPoint","urlTemplate":"https:\/\/www.gaveanews.com\/?s={search_term_string}"},"query-input":{"@type":"PropertyValueSpecification","valueRequired":true,"valueName":"search_term_string"}}],"inLanguage":"pt-BR"},{"@type":"Person","@id":"https:\/\/www.gaveanews.com\/#\/schema\/person\/2ec14f73fb96be2caf28f91afb14749d","name":"Equipe G\u00e1vea News","image":{"@type":"ImageObject","inLanguage":"pt-BR","@id":"https:\/\/www.gaveanews.com\/#\/schema\/person\/image\/","url":"https:\/\/secure.gravatar.com\/avatar\/1e1956f1facbffd3f8fa53a326721950116b3b9dc9bd44939c01180fd4a745a9?s=96&d=mm&r=g","contentUrl":"https:\/\/secure.gravatar.com\/avatar\/1e1956f1facbffd3f8fa53a326721950116b3b9dc9bd44939c01180fd4a745a9?s=96&d=mm&r=g","caption":"Equipe G\u00e1vea News"}}]}},"_links":{"self":[{"href":"https:\/\/www.gaveanews.com\/index.php\/wp-json\/wp\/v2\/posts\/104593","targetHints":{"allow":["GET"]}}],"collection":[{"href":"https:\/\/www.gaveanews.com\/index.php\/wp-json\/wp\/v2\/posts"}],"about":[{"href":"https:\/\/www.gaveanews.com\/index.php\/wp-json\/wp\/v2\/types\/post"}],"author":[{"embeddable":true,"href":"https:\/\/www.gaveanews.com\/index.php\/wp-json\/wp\/v2\/users\/1"}],"replies":[{"embeddable":true,"href":"https:\/\/www.gaveanews.com\/index.php\/wp-json\/wp\/v2\/comments?post=104593"}],"version-history":[{"count":0,"href":"https:\/\/www.gaveanews.com\/index.php\/wp-json\/wp\/v2\/posts\/104593\/revisions"}],"wp:featuredmedia":[{"embeddable":true,"href":"https:\/\/www.gaveanews.com\/index.php\/wp-json\/wp\/v2\/media\/97686"}],"wp:attachment":[{"href":"https:\/\/www.gaveanews.com\/index.php\/wp-json\/wp\/v2\/media?parent=104593"}],"wp:term":[{"taxonomy":"category","embeddable":true,"href":"https:\/\/www.gaveanews.com\/index.php\/wp-json\/wp\/v2\/categories?post=104593"},{"taxonomy":"post_tag","embeddable":true,"href":"https:\/\/www.gaveanews.com\/index.php\/wp-json\/wp\/v2\/tags?post=104593"}],"curies":[{"name":"wp","href":"https:\/\/api.w.org\/{rel}","templated":true}]}}