{"id":104596,"date":"2023-08-11T20:15:26","date_gmt":"2023-08-11T23:15:26","guid":{"rendered":"https:\/\/www.gaveanews.com\/?p=104596"},"modified":"2023-08-11T20:15:29","modified_gmt":"2023-08-11T23:15:29","slug":"torcedores-do-flamengo-pedem-a-demissao-de-sampaoli-apos-queda-para-o-olimpia","status":"publish","type":"post","link":"https:\/\/www.gaveanews.com\/index.php\/2023\/08\/11\/torcedores-do-flamengo-pedem-a-demissao-de-sampaoli-apos-queda-para-o-olimpia\/","title":{"rendered":"Torcedores do Flamengo pedem a demiss\u00e3o de Sampaoli ap\u00f3s queda para o Olimpia"},"content":{"rendered":"\n<p>Ap\u00f3s desembarcar no Brasil e ver fortes protestos no aeroporto do Gale\u00e3o, no Rio de Janeiro, na madrugada desta sexta-feira (11), depois da derrota por 3 a 1 para o Olimpia, que culminou na queda do Flamengo nas oitavas de final da Libertadores, o t\u00e9cnico Jorge Sampaoli teve de ler muitas reclama\u00e7\u00f5es de torcedores nas redes sociais.<\/p>\n\n\n\n<p>Por meio do Twitter, diversos f\u00e3s rubro-negros se mostraram descontentes com o treinador argentino e chegaram a fazer uma campanha pela demiss\u00e3o de Sampaoli. <\/p>\n\n\n\n<p>Veja abaixo:<\/p>\n\n\n\n<figure class=\"wp-block-embed is-type-rich is-provider-twitter wp-block-embed-twitter\"><div class=\"wp-block-embed__wrapper\">\n<blockquote class=\"twitter-tweet\" data-width=\"550\" data-dnt=\"true\"><p lang=\"qht\" dir=\"ltr\"><a href=\"https:\/\/twitter.com\/hashtag\/FORASAMPAOLI?src=hash&amp;ref_src=twsrc%5Etfw\">#FORASAMPAOLI<\/a><\/p>&mdash; Luiz Augusto\u1d9c\u02b3\u1da0 \u00b9\u2078\u2079\u2075\ud83d\udd34\u26ab\ud83c\udde7\ud83c\uddf7\ud83c\udf0a (@LuizB1808) <a href=\"https:\/\/twitter.com\/LuizB1808\/status\/1690052268895207424?ref_src=twsrc%5Etfw\">August 11, 2023<\/a><\/blockquote><script async src=\"https:\/\/platform.twitter.com\/widgets.js\" charset=\"utf-8\"><\/script>\n<\/div><\/figure>\n\n\n\n<figure class=\"wp-block-embed is-type-rich is-provider-twitter wp-block-embed-twitter\"><div class=\"wp-block-embed__wrapper\">\n<blockquote class=\"twitter-tweet\" data-width=\"550\" data-dnt=\"true\"><p lang=\"pt\" dir=\"ltr\">Domingo a torcida do Flamengo tem que gritar:Dorival,Dorival,Dorival e <a href=\"https:\/\/twitter.com\/hashtag\/ForaSampaoli?src=hash&amp;ref_src=twsrc%5Etfw\">#ForaSampaoli<\/a> \ud83d\ude21\ud83e\udd2e\ud83e\udd11<\/p>&mdash; Elias de Oliveira (@Eliasde50563350) <a href=\"https:\/\/twitter.com\/Eliasde50563350\/status\/1690051390033272847?ref_src=twsrc%5Etfw\">August 11, 2023<\/a><\/blockquote><script async src=\"https:\/\/platform.twitter.com\/widgets.js\" charset=\"utf-8\"><\/script>\n<\/div><\/figure>\n\n\n\n<figure class=\"wp-block-embed is-type-rich is-provider-twitter wp-block-embed-twitter\"><div class=\"wp-block-embed__wrapper\">\n<blockquote class=\"twitter-tweet\" data-width=\"550\" data-dnt=\"true\"><p lang=\"pt\" dir=\"ltr\">Fora Landim<br>Fora Marcos Braz<br>Fora Bruno Spindel <br>Fora Juan<br>Fora Fabinho Soldado<br>Fora Sampaoli<\/p>&mdash; Thiago Felix (@mxth33) <a href=\"https:\/\/twitter.com\/mxth33\/status\/1690048498316517377?ref_src=twsrc%5Etfw\">August 11, 2023<\/a><\/blockquote><script async src=\"https:\/\/platform.twitter.com\/widgets.js\" charset=\"utf-8\"><\/script>\n<\/div><\/figure>\n\n\n\n<figure class=\"wp-block-embed is-type-rich is-provider-twitter wp-block-embed-twitter\"><div class=\"wp-block-embed__wrapper\">\nhttps:\/\/twitter.com\/mengo_crf_\/status\/1690041523910455300\n<\/div><\/figure>\n\n\n\n<figure class=\"wp-block-embed is-type-rich is-provider-twitter wp-block-embed-twitter\"><div class=\"wp-block-embed__wrapper\">\n<blockquote class=\"twitter-tweet\" data-width=\"550\" data-dnt=\"true\"><p lang=\"pt\" dir=\"ltr\">Al\u00f4 diretoria mda esse t\u00e9cnico embora sampaoli \u00e9 maluco fora sampaoli fora sampaoli \ud83d\ude21<\/p>&mdash; Ruth Maria  (@ruthmariap1010) <a href=\"https:\/\/twitter.com\/ruthmariap1010\/status\/1690038583741100043?ref_src=twsrc%5Etfw\">August 11, 2023<\/a><\/blockquote><script async src=\"https:\/\/platform.twitter.com\/widgets.js\" charset=\"utf-8\"><\/script>\n<\/div><\/figure>\n\n\n\n<p>Retirado de: TNT Sports<\/p>\n","protected":false},"excerpt":{"rendered":"<p>Ap\u00f3s desembarcar no Brasil e ver fortes protestos no aeroporto do Gale\u00e3o, no Rio de Janeiro, na madrugada desta sexta-feira (11), depois da derrota por 3 a 1 para o Olimpia, que culminou na queda do Flamengo nas oitavas de final da Libertadores, o t\u00e9cnico Jorge Sampaoli teve de ler muitas reclama\u00e7\u00f5es de torcedores nas [&hellip;]<\/p>\n","protected":false},"author":1,"featured_media":97377,"comment_status":"open","ping_status":"closed","sticky":false,"template":"","format":"standard","meta":{"footnotes":""},"categories":[1],"tags":[],"class_list":["post-104596","post","type-post","status-publish","format-standard","has-post-thumbnail","hentry","category-flamengo"],"yoast_head":"<!-- This site is optimized with the Yoast SEO Premium plugin v24.2 (Yoast SEO v26.9) - https:\/\/yoast.com\/product\/yoast-seo-premium-wordpress\/ -->\n<title>Torcedores do Flamengo pedem a demiss\u00e3o de Sampaoli ap\u00f3s queda para o Olimpia<\/title>\n<meta name=\"robots\" content=\"index, follow, max-snippet:-1, max-image-preview:large, max-video-preview:-1\" \/>\n<link rel=\"canonical\" href=\"https:\/\/www.gaveanews.com\/index.php\/2023\/08\/11\/torcedores-do-flamengo-pedem-a-demissao-de-sampaoli-apos-queda-para-o-olimpia\/\" \/>\n<meta property=\"og:locale\" content=\"pt_BR\" \/>\n<meta property=\"og:type\" content=\"article\" \/>\n<meta property=\"og:title\" content=\"Torcedores do Flamengo pedem a demiss\u00e3o de Sampaoli ap\u00f3s queda para o Olimpia\" \/>\n<meta property=\"og:description\" content=\"Ap\u00f3s desembarcar no Brasil e ver fortes protestos no aeroporto do Gale\u00e3o, no Rio de Janeiro, na madrugada desta sexta-feira (11), depois da derrota por 3 a 1 para o Olimpia, que culminou na queda do Flamengo nas oitavas de final da Libertadores, o t\u00e9cnico Jorge Sampaoli teve de ler muitas reclama\u00e7\u00f5es de torcedores nas [&hellip;]\" \/>\n<meta property=\"og:url\" content=\"https:\/\/www.gaveanews.com\/index.php\/2023\/08\/11\/torcedores-do-flamengo-pedem-a-demissao-de-sampaoli-apos-queda-para-o-olimpia\/\" \/>\n<meta property=\"og:site_name\" content=\"G\u00e1vea News\" \/>\n<meta property=\"article:publisher\" content=\"https:\/\/facebook.com\/gaveaNews\/\" \/>\n<meta property=\"article:published_time\" content=\"2023-08-11T23:15:26+00:00\" \/>\n<meta property=\"article:modified_time\" content=\"2023-08-11T23:15:29+00:00\" \/>\n<meta property=\"og:image\" content=\"https:\/\/www.gaveanews.com\/wp-content\/uploads\/jorge-sampaoli-treino-flamengo.webp\" \/>\n\t<meta property=\"og:image:width\" content=\"900\" \/>\n\t<meta property=\"og:image:height\" content=\"600\" \/>\n\t<meta property=\"og:image:type\" content=\"image\/jpeg\" \/>\n<meta name=\"author\" content=\"Equipe G\u00e1vea News\" \/>\n<meta name=\"twitter:card\" content=\"summary_large_image\" \/>\n<meta name=\"twitter:label1\" content=\"Escrito por\" \/>\n\t<meta name=\"twitter:data1\" content=\"Equipe G\u00e1vea News\" \/>\n\t<meta name=\"twitter:label2\" content=\"Est. tempo de leitura\" \/>\n\t<meta name=\"twitter:data2\" content=\"1 minuto\" \/>\n<script type=\"application\/ld+json\" class=\"yoast-schema-graph\">{\"@context\":\"https:\/\/schema.org\",\"@graph\":[{\"@type\":\"NewsArticle\",\"@id\":\"https:\/\/www.gaveanews.com\/index.php\/2023\/08\/11\/torcedores-do-flamengo-pedem-a-demissao-de-sampaoli-apos-queda-para-o-olimpia\/#article\",\"isPartOf\":{\"@id\":\"https:\/\/www.gaveanews.com\/index.php\/2023\/08\/11\/torcedores-do-flamengo-pedem-a-demissao-de-sampaoli-apos-queda-para-o-olimpia\/\"},\"author\":{\"name\":\"Equipe G\u00e1vea News\",\"@id\":\"https:\/\/www.gaveanews.com\/#\/schema\/person\/2ec14f73fb96be2caf28f91afb14749d\"},\"headline\":\"Torcedores do Flamengo pedem a demiss\u00e3o de Sampaoli ap\u00f3s queda para o Olimpia\",\"datePublished\":\"2023-08-11T23:15:26+00:00\",\"dateModified\":\"2023-08-11T23:15:29+00:00\",\"mainEntityOfPage\":{\"@id\":\"https:\/\/www.gaveanews.com\/index.php\/2023\/08\/11\/torcedores-do-flamengo-pedem-a-demissao-de-sampaoli-apos-queda-para-o-olimpia\/\"},\"wordCount\":131,\"commentCount\":0,\"image\":{\"@id\":\"https:\/\/www.gaveanews.com\/index.php\/2023\/08\/11\/torcedores-do-flamengo-pedem-a-demissao-de-sampaoli-apos-queda-para-o-olimpia\/#primaryimage\"},\"thumbnailUrl\":\"https:\/\/www.gaveanews.com\/wp-content\/uploads\/jorge-sampaoli-treino-flamengo.webp\",\"articleSection\":[\"Flamengo\"],\"inLanguage\":\"pt-BR\",\"potentialAction\":[{\"@type\":\"CommentAction\",\"name\":\"Comment\",\"target\":[\"https:\/\/www.gaveanews.com\/index.php\/2023\/08\/11\/torcedores-do-flamengo-pedem-a-demissao-de-sampaoli-apos-queda-para-o-olimpia\/#respond\"]}],\"copyrightYear\":\"2023\",\"copyrightHolder\":{\"@id\":\"https:\/\/www.gaveanews.com\/#organization\"}},{\"@type\":\"WebPage\",\"@id\":\"https:\/\/www.gaveanews.com\/index.php\/2023\/08\/11\/torcedores-do-flamengo-pedem-a-demissao-de-sampaoli-apos-queda-para-o-olimpia\/\",\"url\":\"https:\/\/www.gaveanews.com\/index.php\/2023\/08\/11\/torcedores-do-flamengo-pedem-a-demissao-de-sampaoli-apos-queda-para-o-olimpia\/\",\"name\":\"Torcedores do Flamengo pedem a demiss\u00e3o de Sampaoli ap\u00f3s queda para o Olimpia\",\"isPartOf\":{\"@id\":\"https:\/\/www.gaveanews.com\/#website\"},\"primaryImageOfPage\":{\"@id\":\"https:\/\/www.gaveanews.com\/index.php\/2023\/08\/11\/torcedores-do-flamengo-pedem-a-demissao-de-sampaoli-apos-queda-para-o-olimpia\/#primaryimage\"},\"image\":{\"@id\":\"https:\/\/www.gaveanews.com\/index.php\/2023\/08\/11\/torcedores-do-flamengo-pedem-a-demissao-de-sampaoli-apos-queda-para-o-olimpia\/#primaryimage\"},\"thumbnailUrl\":\"https:\/\/www.gaveanews.com\/wp-content\/uploads\/jorge-sampaoli-treino-flamengo.webp\",\"datePublished\":\"2023-08-11T23:15:26+00:00\",\"dateModified\":\"2023-08-11T23:15:29+00:00\",\"author\":{\"@id\":\"https:\/\/www.gaveanews.com\/#\/schema\/person\/2ec14f73fb96be2caf28f91afb14749d\"},\"breadcrumb\":{\"@id\":\"https:\/\/www.gaveanews.com\/index.php\/2023\/08\/11\/torcedores-do-flamengo-pedem-a-demissao-de-sampaoli-apos-queda-para-o-olimpia\/#breadcrumb\"},\"inLanguage\":\"pt-BR\",\"potentialAction\":[{\"@type\":\"ReadAction\",\"target\":[\"https:\/\/www.gaveanews.com\/index.php\/2023\/08\/11\/torcedores-do-flamengo-pedem-a-demissao-de-sampaoli-apos-queda-para-o-olimpia\/\"]}]},{\"@type\":\"ImageObject\",\"inLanguage\":\"pt-BR\",\"@id\":\"https:\/\/www.gaveanews.com\/index.php\/2023\/08\/11\/torcedores-do-flamengo-pedem-a-demissao-de-sampaoli-apos-queda-para-o-olimpia\/#primaryimage\",\"url\":\"https:\/\/www.gaveanews.com\/wp-content\/uploads\/jorge-sampaoli-treino-flamengo.webp\",\"contentUrl\":\"https:\/\/www.gaveanews.com\/wp-content\/uploads\/jorge-sampaoli-treino-flamengo.webp\",\"width\":900,\"height\":600,\"caption\":\"Jorge Sampaoli em treino do Flamengo (Foto: Gilvan de Souza\/Flamengo)\"},{\"@type\":\"BreadcrumbList\",\"@id\":\"https:\/\/www.gaveanews.com\/index.php\/2023\/08\/11\/torcedores-do-flamengo-pedem-a-demissao-de-sampaoli-apos-queda-para-o-olimpia\/#breadcrumb\",\"itemListElement\":[{\"@type\":\"ListItem\",\"position\":1,\"name\":\"Home\",\"item\":\"https:\/\/www.gaveanews.com\/\"},{\"@type\":\"ListItem\",\"position\":2,\"name\":\"Torcedores do Flamengo pedem a demiss\u00e3o de Sampaoli ap\u00f3s queda para o Olimpia\"}]},{\"@type\":\"WebSite\",\"@id\":\"https:\/\/www.gaveanews.com\/#website\",\"url\":\"https:\/\/www.gaveanews.com\/\",\"name\":\"G\u00e1vea News\",\"description\":\"Veja todas as not\u00edcias sobre o Flamengo: Contrata\u00e7\u00f5es, categorias de base, resultados das partidas, tabela de classifica\u00e7\u00e3o, pr\u00f3ximos jogos!\",\"potentialAction\":[{\"@type\":\"SearchAction\",\"target\":{\"@type\":\"EntryPoint\",\"urlTemplate\":\"https:\/\/www.gaveanews.com\/?s={search_term_string}\"},\"query-input\":{\"@type\":\"PropertyValueSpecification\",\"valueRequired\":true,\"valueName\":\"search_term_string\"}}],\"inLanguage\":\"pt-BR\"},{\"@type\":\"Person\",\"@id\":\"https:\/\/www.gaveanews.com\/#\/schema\/person\/2ec14f73fb96be2caf28f91afb14749d\",\"name\":\"Equipe G\u00e1vea News\",\"image\":{\"@type\":\"ImageObject\",\"inLanguage\":\"pt-BR\",\"@id\":\"https:\/\/www.gaveanews.com\/#\/schema\/person\/image\/\",\"url\":\"https:\/\/secure.gravatar.com\/avatar\/1e1956f1facbffd3f8fa53a326721950116b3b9dc9bd44939c01180fd4a745a9?s=96&d=mm&r=g\",\"contentUrl\":\"https:\/\/secure.gravatar.com\/avatar\/1e1956f1facbffd3f8fa53a326721950116b3b9dc9bd44939c01180fd4a745a9?s=96&d=mm&r=g\",\"caption\":\"Equipe G\u00e1vea News\"}}]}<\/script>\n<!-- \/ Yoast SEO Premium plugin. -->","yoast_head_json":{"title":"Torcedores do Flamengo pedem a demiss\u00e3o de Sampaoli ap\u00f3s queda para o Olimpia","robots":{"index":"index","follow":"follow","max-snippet":"max-snippet:-1","max-image-preview":"max-image-preview:large","max-video-preview":"max-video-preview:-1"},"canonical":"https:\/\/www.gaveanews.com\/index.php\/2023\/08\/11\/torcedores-do-flamengo-pedem-a-demissao-de-sampaoli-apos-queda-para-o-olimpia\/","og_locale":"pt_BR","og_type":"article","og_title":"Torcedores do Flamengo pedem a demiss\u00e3o de Sampaoli ap\u00f3s queda para o Olimpia","og_description":"Ap\u00f3s desembarcar no Brasil e ver fortes protestos no aeroporto do Gale\u00e3o, no Rio de Janeiro, na madrugada desta sexta-feira (11), depois da derrota por 3 a 1 para o Olimpia, que culminou na queda do Flamengo nas oitavas de final da Libertadores, o t\u00e9cnico Jorge Sampaoli teve de ler muitas reclama\u00e7\u00f5es de torcedores nas [&hellip;]","og_url":"https:\/\/www.gaveanews.com\/index.php\/2023\/08\/11\/torcedores-do-flamengo-pedem-a-demissao-de-sampaoli-apos-queda-para-o-olimpia\/","og_site_name":"G\u00e1vea News","article_publisher":"https:\/\/facebook.com\/gaveaNews\/","article_published_time":"2023-08-11T23:15:26+00:00","article_modified_time":"2023-08-11T23:15:29+00:00","og_image":[{"width":900,"height":600,"url":"https:\/\/www.gaveanews.com\/wp-content\/uploads\/jorge-sampaoli-treino-flamengo.webp","type":"image\/jpeg"}],"author":"Equipe G\u00e1vea News","twitter_card":"summary_large_image","twitter_misc":{"Escrito por":"Equipe G\u00e1vea News","Est. tempo de leitura":"1 minuto"},"schema":{"@context":"https:\/\/schema.org","@graph":[{"@type":"NewsArticle","@id":"https:\/\/www.gaveanews.com\/index.php\/2023\/08\/11\/torcedores-do-flamengo-pedem-a-demissao-de-sampaoli-apos-queda-para-o-olimpia\/#article","isPartOf":{"@id":"https:\/\/www.gaveanews.com\/index.php\/2023\/08\/11\/torcedores-do-flamengo-pedem-a-demissao-de-sampaoli-apos-queda-para-o-olimpia\/"},"author":{"name":"Equipe G\u00e1vea News","@id":"https:\/\/www.gaveanews.com\/#\/schema\/person\/2ec14f73fb96be2caf28f91afb14749d"},"headline":"Torcedores do Flamengo pedem a demiss\u00e3o de Sampaoli ap\u00f3s queda para o Olimpia","datePublished":"2023-08-11T23:15:26+00:00","dateModified":"2023-08-11T23:15:29+00:00","mainEntityOfPage":{"@id":"https:\/\/www.gaveanews.com\/index.php\/2023\/08\/11\/torcedores-do-flamengo-pedem-a-demissao-de-sampaoli-apos-queda-para-o-olimpia\/"},"wordCount":131,"commentCount":0,"image":{"@id":"https:\/\/www.gaveanews.com\/index.php\/2023\/08\/11\/torcedores-do-flamengo-pedem-a-demissao-de-sampaoli-apos-queda-para-o-olimpia\/#primaryimage"},"thumbnailUrl":"https:\/\/www.gaveanews.com\/wp-content\/uploads\/jorge-sampaoli-treino-flamengo.webp","articleSection":["Flamengo"],"inLanguage":"pt-BR","potentialAction":[{"@type":"CommentAction","name":"Comment","target":["https:\/\/www.gaveanews.com\/index.php\/2023\/08\/11\/torcedores-do-flamengo-pedem-a-demissao-de-sampaoli-apos-queda-para-o-olimpia\/#respond"]}],"copyrightYear":"2023","copyrightHolder":{"@id":"https:\/\/www.gaveanews.com\/#organization"}},{"@type":"WebPage","@id":"https:\/\/www.gaveanews.com\/index.php\/2023\/08\/11\/torcedores-do-flamengo-pedem-a-demissao-de-sampaoli-apos-queda-para-o-olimpia\/","url":"https:\/\/www.gaveanews.com\/index.php\/2023\/08\/11\/torcedores-do-flamengo-pedem-a-demissao-de-sampaoli-apos-queda-para-o-olimpia\/","name":"Torcedores do Flamengo pedem a demiss\u00e3o de Sampaoli ap\u00f3s queda para o Olimpia","isPartOf":{"@id":"https:\/\/www.gaveanews.com\/#website"},"primaryImageOfPage":{"@id":"https:\/\/www.gaveanews.com\/index.php\/2023\/08\/11\/torcedores-do-flamengo-pedem-a-demissao-de-sampaoli-apos-queda-para-o-olimpia\/#primaryimage"},"image":{"@id":"https:\/\/www.gaveanews.com\/index.php\/2023\/08\/11\/torcedores-do-flamengo-pedem-a-demissao-de-sampaoli-apos-queda-para-o-olimpia\/#primaryimage"},"thumbnailUrl":"https:\/\/www.gaveanews.com\/wp-content\/uploads\/jorge-sampaoli-treino-flamengo.webp","datePublished":"2023-08-11T23:15:26+00:00","dateModified":"2023-08-11T23:15:29+00:00","author":{"@id":"https:\/\/www.gaveanews.com\/#\/schema\/person\/2ec14f73fb96be2caf28f91afb14749d"},"breadcrumb":{"@id":"https:\/\/www.gaveanews.com\/index.php\/2023\/08\/11\/torcedores-do-flamengo-pedem-a-demissao-de-sampaoli-apos-queda-para-o-olimpia\/#breadcrumb"},"inLanguage":"pt-BR","potentialAction":[{"@type":"ReadAction","target":["https:\/\/www.gaveanews.com\/index.php\/2023\/08\/11\/torcedores-do-flamengo-pedem-a-demissao-de-sampaoli-apos-queda-para-o-olimpia\/"]}]},{"@type":"ImageObject","inLanguage":"pt-BR","@id":"https:\/\/www.gaveanews.com\/index.php\/2023\/08\/11\/torcedores-do-flamengo-pedem-a-demissao-de-sampaoli-apos-queda-para-o-olimpia\/#primaryimage","url":"https:\/\/www.gaveanews.com\/wp-content\/uploads\/jorge-sampaoli-treino-flamengo.webp","contentUrl":"https:\/\/www.gaveanews.com\/wp-content\/uploads\/jorge-sampaoli-treino-flamengo.webp","width":900,"height":600,"caption":"Jorge Sampaoli em treino do Flamengo (Foto: Gilvan de Souza\/Flamengo)"},{"@type":"BreadcrumbList","@id":"https:\/\/www.gaveanews.com\/index.php\/2023\/08\/11\/torcedores-do-flamengo-pedem-a-demissao-de-sampaoli-apos-queda-para-o-olimpia\/#breadcrumb","itemListElement":[{"@type":"ListItem","position":1,"name":"Home","item":"https:\/\/www.gaveanews.com\/"},{"@type":"ListItem","position":2,"name":"Torcedores do Flamengo pedem a demiss\u00e3o de Sampaoli ap\u00f3s queda para o Olimpia"}]},{"@type":"WebSite","@id":"https:\/\/www.gaveanews.com\/#website","url":"https:\/\/www.gaveanews.com\/","name":"G\u00e1vea News","description":"Veja todas as not\u00edcias sobre o Flamengo: Contrata\u00e7\u00f5es, categorias de base, resultados das partidas, tabela de classifica\u00e7\u00e3o, pr\u00f3ximos jogos!","potentialAction":[{"@type":"SearchAction","target":{"@type":"EntryPoint","urlTemplate":"https:\/\/www.gaveanews.com\/?s={search_term_string}"},"query-input":{"@type":"PropertyValueSpecification","valueRequired":true,"valueName":"search_term_string"}}],"inLanguage":"pt-BR"},{"@type":"Person","@id":"https:\/\/www.gaveanews.com\/#\/schema\/person\/2ec14f73fb96be2caf28f91afb14749d","name":"Equipe G\u00e1vea News","image":{"@type":"ImageObject","inLanguage":"pt-BR","@id":"https:\/\/www.gaveanews.com\/#\/schema\/person\/image\/","url":"https:\/\/secure.gravatar.com\/avatar\/1e1956f1facbffd3f8fa53a326721950116b3b9dc9bd44939c01180fd4a745a9?s=96&d=mm&r=g","contentUrl":"https:\/\/secure.gravatar.com\/avatar\/1e1956f1facbffd3f8fa53a326721950116b3b9dc9bd44939c01180fd4a745a9?s=96&d=mm&r=g","caption":"Equipe G\u00e1vea News"}}]}},"_links":{"self":[{"href":"https:\/\/www.gaveanews.com\/index.php\/wp-json\/wp\/v2\/posts\/104596","targetHints":{"allow":["GET"]}}],"collection":[{"href":"https:\/\/www.gaveanews.com\/index.php\/wp-json\/wp\/v2\/posts"}],"about":[{"href":"https:\/\/www.gaveanews.com\/index.php\/wp-json\/wp\/v2\/types\/post"}],"author":[{"embeddable":true,"href":"https:\/\/www.gaveanews.com\/index.php\/wp-json\/wp\/v2\/users\/1"}],"replies":[{"embeddable":true,"href":"https:\/\/www.gaveanews.com\/index.php\/wp-json\/wp\/v2\/comments?post=104596"}],"version-history":[{"count":0,"href":"https:\/\/www.gaveanews.com\/index.php\/wp-json\/wp\/v2\/posts\/104596\/revisions"}],"wp:featuredmedia":[{"embeddable":true,"href":"https:\/\/www.gaveanews.com\/index.php\/wp-json\/wp\/v2\/media\/97377"}],"wp:attachment":[{"href":"https:\/\/www.gaveanews.com\/index.php\/wp-json\/wp\/v2\/media?parent=104596"}],"wp:term":[{"taxonomy":"category","embeddable":true,"href":"https:\/\/www.gaveanews.com\/index.php\/wp-json\/wp\/v2\/categories?post=104596"},{"taxonomy":"post_tag","embeddable":true,"href":"https:\/\/www.gaveanews.com\/index.php\/wp-json\/wp\/v2\/tags?post=104596"}],"curies":[{"name":"wp","href":"https:\/\/api.w.org\/{rel}","templated":true}]}}