{"id":104613,"date":"2023-08-12T13:35:52","date_gmt":"2023-08-12T16:35:52","guid":{"rendered":"https:\/\/www.gaveanews.com\/?p=104613"},"modified":"2023-08-12T13:35:54","modified_gmt":"2023-08-12T16:35:54","slug":"gabigol-do-flamengo-e-denunciado-entenda","status":"publish","type":"post","link":"https:\/\/www.gaveanews.com\/index.php\/2023\/08\/12\/gabigol-do-flamengo-e-denunciado-entenda\/","title":{"rendered":"Gabigol, do Flamengo, \u00e9 denunciado; entenda"},"content":{"rendered":"\n<p>A declara\u00e7\u00e3o de Gabigol, do Flamengo, sobre um suposto \u201croubo muito grande\u201d na elimina\u00e7\u00e3o da equipe na Libertadores resultou em uma rea\u00e7\u00e3o por parte da Conmebol, que abriu uma investiga\u00e7\u00e3o contra o jogador. A entidade denunciou o atacante no artigo 19 do C\u00f3digo Disciplinar, que trata sobre manipula\u00e7\u00e3o de partidas ou competi\u00e7\u00f5es. No entanto, a extens\u00e3o da puni\u00e7\u00e3o n\u00e3o foi especificada neste caso.<\/p>\n\n\n\n<p>Gabigol fez a declara\u00e7\u00e3o ap\u00f3s a elimina\u00e7\u00e3o do Flamengo da Libertadores, criticando a arbitragem e sugerindo erros e decis\u00f5es question\u00e1veis durante o jogo. A Conmebol ficou incomodada com a fala do jogador e considerou que ela poderia prejudicar a imagem e a integridade da competi\u00e7\u00e3o.<\/p>\n\n\n\n<p>No entanto, a entidade n\u00e3o compreendeu exatamente a que o jogador se referia em sua declara\u00e7\u00e3o, pois ele n\u00e3o especificou detalhes ou situa\u00e7\u00f5es concretas de suposto \u201croubo\u201d. A Conmebol destacou que essa fala afeta a competi\u00e7\u00e3o como um todo, inclusive os t\u00edtulos conquistados pelo pr\u00f3prio Flamengo nos \u00faltimos anos. A investiga\u00e7\u00e3o ser\u00e1 conduzida pelos \u00f3rg\u00e3os competentes da Conmebol, e a puni\u00e7\u00e3o, caso aplicada, depender\u00e1 das circunst\u00e2ncias e do teor das declara\u00e7\u00f5es de Gabigol.<\/p>\n\n\n\n<p>Confira a fala do camisa 10 do Flamengo: <\/p>\n\n\n\n<figure class=\"wp-block-embed is-type-video is-provider-youtube wp-block-embed-youtube wp-embed-aspect-16-9 wp-has-aspect-ratio\"><div class=\"wp-block-embed__wrapper\">\n<iframe loading=\"lazy\" title=\"GABIGOL MANDA RECADO PARA A TORCIDA DO FLAMENGO AP\u00d3S A ELIMINA\u00c7\u00c3O NA LIBERTADORES!\" width=\"640\" height=\"360\" src=\"https:\/\/www.youtube.com\/embed\/YGeHjYr51O8?feature=oembed\" frameborder=\"0\" allow=\"accelerometer; autoplay; clipboard-write; encrypted-media; gyroscope; picture-in-picture; web-share\" referrerpolicy=\"strict-origin-when-cross-origin\" allowfullscreen><\/iframe>\n<\/div><\/figure>\n\n\n\n<p>\u201c\u00c9 ruim falar porque, quando perde, parece que voc\u00ea est\u00e1 chorando. Mas o juiz inverteu faltas, expulsou nosso treinador, a Conmebol \u00e9 aqui do lado. S\u00e3o muitas coisas que acontecem na Libertadores e voc\u00eas sabem, porque est\u00e3o aqui fora do campo. Faltas investidas, falta no Wesley no 3\u00b0 gol. Falar sobre isso parece que \u00e9 choro. Acho que foram muitos erros nossos, mas creio eu que foi um roubo muito grande\u201d.<\/p>\n\n\n\n<p>Retirado de: <\/p>\n","protected":false},"excerpt":{"rendered":"<p>A declara\u00e7\u00e3o de Gabigol, do Flamengo, sobre um suposto \u201croubo muito grande\u201d na elimina\u00e7\u00e3o da equipe na Libertadores resultou em uma rea\u00e7\u00e3o por parte da Conmebol, que abriu uma investiga\u00e7\u00e3o contra o jogador. A entidade denunciou o atacante no artigo 19 do C\u00f3digo Disciplinar, que trata sobre manipula\u00e7\u00e3o de partidas ou competi\u00e7\u00f5es. No entanto, a [&hellip;]<\/p>\n","protected":false},"author":1,"featured_media":101520,"comment_status":"open","ping_status":"closed","sticky":false,"template":"","format":"standard","meta":{"footnotes":""},"categories":[1],"tags":[],"class_list":["post-104613","post","type-post","status-publish","format-standard","has-post-thumbnail","hentry","category-flamengo"],"yoast_head":"<!-- This site is optimized with the Yoast SEO Premium plugin v24.2 (Yoast SEO v26.9) - https:\/\/yoast.com\/product\/yoast-seo-premium-wordpress\/ -->\n<title>Gabigol, do Flamengo, \u00e9 denunciado; entenda<\/title>\n<meta name=\"robots\" content=\"index, follow, max-snippet:-1, max-image-preview:large, max-video-preview:-1\" \/>\n<link rel=\"canonical\" href=\"https:\/\/www.gaveanews.com\/index.php\/2023\/08\/12\/gabigol-do-flamengo-e-denunciado-entenda\/\" \/>\n<meta property=\"og:locale\" content=\"pt_BR\" \/>\n<meta property=\"og:type\" content=\"article\" \/>\n<meta property=\"og:title\" content=\"Gabigol, do Flamengo, \u00e9 denunciado; entenda\" \/>\n<meta property=\"og:description\" content=\"A declara\u00e7\u00e3o de Gabigol, do Flamengo, sobre um suposto \u201croubo muito grande\u201d na elimina\u00e7\u00e3o da equipe na Libertadores resultou em uma rea\u00e7\u00e3o por parte da Conmebol, que abriu uma investiga\u00e7\u00e3o contra o jogador. A entidade denunciou o atacante no artigo 19 do C\u00f3digo Disciplinar, que trata sobre manipula\u00e7\u00e3o de partidas ou competi\u00e7\u00f5es. No entanto, a [&hellip;]\" \/>\n<meta property=\"og:url\" content=\"https:\/\/www.gaveanews.com\/index.php\/2023\/08\/12\/gabigol-do-flamengo-e-denunciado-entenda\/\" \/>\n<meta property=\"og:site_name\" content=\"G\u00e1vea News\" \/>\n<meta property=\"article:publisher\" content=\"https:\/\/facebook.com\/gaveaNews\/\" \/>\n<meta property=\"article:published_time\" content=\"2023-08-12T16:35:52+00:00\" \/>\n<meta property=\"article:modified_time\" content=\"2023-08-12T16:35:54+00:00\" \/>\n<meta property=\"og:image\" content=\"https:\/\/www.gaveanews.com\/wp-content\/uploads\/gabigol-flamengo-aucas.webp\" \/>\n\t<meta property=\"og:image:width\" content=\"900\" \/>\n\t<meta property=\"og:image:height\" content=\"597\" \/>\n\t<meta property=\"og:image:type\" content=\"image\/jpeg\" \/>\n<meta name=\"author\" content=\"Equipe G\u00e1vea News\" \/>\n<meta name=\"twitter:card\" content=\"summary_large_image\" \/>\n<meta name=\"twitter:label1\" content=\"Escrito por\" \/>\n\t<meta name=\"twitter:data1\" content=\"Equipe G\u00e1vea News\" \/>\n\t<meta name=\"twitter:label2\" content=\"Est. tempo de leitura\" \/>\n\t<meta name=\"twitter:data2\" content=\"2 minutos\" \/>\n<script type=\"application\/ld+json\" class=\"yoast-schema-graph\">{\"@context\":\"https:\/\/schema.org\",\"@graph\":[{\"@type\":\"NewsArticle\",\"@id\":\"https:\/\/www.gaveanews.com\/index.php\/2023\/08\/12\/gabigol-do-flamengo-e-denunciado-entenda\/#article\",\"isPartOf\":{\"@id\":\"https:\/\/www.gaveanews.com\/index.php\/2023\/08\/12\/gabigol-do-flamengo-e-denunciado-entenda\/\"},\"author\":{\"name\":\"Equipe G\u00e1vea News\",\"@id\":\"https:\/\/www.gaveanews.com\/#\/schema\/person\/2ec14f73fb96be2caf28f91afb14749d\"},\"headline\":\"Gabigol, do Flamengo, \u00e9 denunciado; entenda\",\"datePublished\":\"2023-08-12T16:35:52+00:00\",\"dateModified\":\"2023-08-12T16:35:54+00:00\",\"mainEntityOfPage\":{\"@id\":\"https:\/\/www.gaveanews.com\/index.php\/2023\/08\/12\/gabigol-do-flamengo-e-denunciado-entenda\/\"},\"wordCount\":311,\"commentCount\":0,\"image\":{\"@id\":\"https:\/\/www.gaveanews.com\/index.php\/2023\/08\/12\/gabigol-do-flamengo-e-denunciado-entenda\/#primaryimage\"},\"thumbnailUrl\":\"https:\/\/www.gaveanews.com\/wp-content\/uploads\/gabigol-flamengo-aucas.webp\",\"articleSection\":[\"Flamengo\"],\"inLanguage\":\"pt-BR\",\"potentialAction\":[{\"@type\":\"CommentAction\",\"name\":\"Comment\",\"target\":[\"https:\/\/www.gaveanews.com\/index.php\/2023\/08\/12\/gabigol-do-flamengo-e-denunciado-entenda\/#respond\"]}],\"copyrightYear\":\"2023\",\"copyrightHolder\":{\"@id\":\"https:\/\/www.gaveanews.com\/#organization\"}},{\"@type\":\"WebPage\",\"@id\":\"https:\/\/www.gaveanews.com\/index.php\/2023\/08\/12\/gabigol-do-flamengo-e-denunciado-entenda\/\",\"url\":\"https:\/\/www.gaveanews.com\/index.php\/2023\/08\/12\/gabigol-do-flamengo-e-denunciado-entenda\/\",\"name\":\"Gabigol, do Flamengo, \u00e9 denunciado; entenda\",\"isPartOf\":{\"@id\":\"https:\/\/www.gaveanews.com\/#website\"},\"primaryImageOfPage\":{\"@id\":\"https:\/\/www.gaveanews.com\/index.php\/2023\/08\/12\/gabigol-do-flamengo-e-denunciado-entenda\/#primaryimage\"},\"image\":{\"@id\":\"https:\/\/www.gaveanews.com\/index.php\/2023\/08\/12\/gabigol-do-flamengo-e-denunciado-entenda\/#primaryimage\"},\"thumbnailUrl\":\"https:\/\/www.gaveanews.com\/wp-content\/uploads\/gabigol-flamengo-aucas.webp\",\"datePublished\":\"2023-08-12T16:35:52+00:00\",\"dateModified\":\"2023-08-12T16:35:54+00:00\",\"author\":{\"@id\":\"https:\/\/www.gaveanews.com\/#\/schema\/person\/2ec14f73fb96be2caf28f91afb14749d\"},\"breadcrumb\":{\"@id\":\"https:\/\/www.gaveanews.com\/index.php\/2023\/08\/12\/gabigol-do-flamengo-e-denunciado-entenda\/#breadcrumb\"},\"inLanguage\":\"pt-BR\",\"potentialAction\":[{\"@type\":\"ReadAction\",\"target\":[\"https:\/\/www.gaveanews.com\/index.php\/2023\/08\/12\/gabigol-do-flamengo-e-denunciado-entenda\/\"]}]},{\"@type\":\"ImageObject\",\"inLanguage\":\"pt-BR\",\"@id\":\"https:\/\/www.gaveanews.com\/index.php\/2023\/08\/12\/gabigol-do-flamengo-e-denunciado-entenda\/#primaryimage\",\"url\":\"https:\/\/www.gaveanews.com\/wp-content\/uploads\/gabigol-flamengo-aucas.webp\",\"contentUrl\":\"https:\/\/www.gaveanews.com\/wp-content\/uploads\/gabigol-flamengo-aucas.webp\",\"width\":900,\"height\":597,\"caption\":\"Gabigol em a\u00e7\u00e3o pelo Flamengo contra o Aucas (Foto: Divulga\u00e7\u00e3o\/Flamengo)\"},{\"@type\":\"BreadcrumbList\",\"@id\":\"https:\/\/www.gaveanews.com\/index.php\/2023\/08\/12\/gabigol-do-flamengo-e-denunciado-entenda\/#breadcrumb\",\"itemListElement\":[{\"@type\":\"ListItem\",\"position\":1,\"name\":\"Home\",\"item\":\"https:\/\/www.gaveanews.com\/\"},{\"@type\":\"ListItem\",\"position\":2,\"name\":\"Gabigol, do Flamengo, \u00e9 denunciado; entenda\"}]},{\"@type\":\"WebSite\",\"@id\":\"https:\/\/www.gaveanews.com\/#website\",\"url\":\"https:\/\/www.gaveanews.com\/\",\"name\":\"G\u00e1vea News\",\"description\":\"Veja todas as not\u00edcias sobre o Flamengo: Contrata\u00e7\u00f5es, categorias de base, resultados das partidas, tabela de classifica\u00e7\u00e3o, pr\u00f3ximos jogos!\",\"potentialAction\":[{\"@type\":\"SearchAction\",\"target\":{\"@type\":\"EntryPoint\",\"urlTemplate\":\"https:\/\/www.gaveanews.com\/?s={search_term_string}\"},\"query-input\":{\"@type\":\"PropertyValueSpecification\",\"valueRequired\":true,\"valueName\":\"search_term_string\"}}],\"inLanguage\":\"pt-BR\"},{\"@type\":\"Person\",\"@id\":\"https:\/\/www.gaveanews.com\/#\/schema\/person\/2ec14f73fb96be2caf28f91afb14749d\",\"name\":\"Equipe G\u00e1vea News\",\"image\":{\"@type\":\"ImageObject\",\"inLanguage\":\"pt-BR\",\"@id\":\"https:\/\/www.gaveanews.com\/#\/schema\/person\/image\/\",\"url\":\"https:\/\/secure.gravatar.com\/avatar\/1e1956f1facbffd3f8fa53a326721950116b3b9dc9bd44939c01180fd4a745a9?s=96&d=mm&r=g\",\"contentUrl\":\"https:\/\/secure.gravatar.com\/avatar\/1e1956f1facbffd3f8fa53a326721950116b3b9dc9bd44939c01180fd4a745a9?s=96&d=mm&r=g\",\"caption\":\"Equipe G\u00e1vea News\"}}]}<\/script>\n<!-- \/ Yoast SEO Premium plugin. -->","yoast_head_json":{"title":"Gabigol, do Flamengo, \u00e9 denunciado; entenda","robots":{"index":"index","follow":"follow","max-snippet":"max-snippet:-1","max-image-preview":"max-image-preview:large","max-video-preview":"max-video-preview:-1"},"canonical":"https:\/\/www.gaveanews.com\/index.php\/2023\/08\/12\/gabigol-do-flamengo-e-denunciado-entenda\/","og_locale":"pt_BR","og_type":"article","og_title":"Gabigol, do Flamengo, \u00e9 denunciado; entenda","og_description":"A declara\u00e7\u00e3o de Gabigol, do Flamengo, sobre um suposto \u201croubo muito grande\u201d na elimina\u00e7\u00e3o da equipe na Libertadores resultou em uma rea\u00e7\u00e3o por parte da Conmebol, que abriu uma investiga\u00e7\u00e3o contra o jogador. A entidade denunciou o atacante no artigo 19 do C\u00f3digo Disciplinar, que trata sobre manipula\u00e7\u00e3o de partidas ou competi\u00e7\u00f5es. No entanto, a [&hellip;]","og_url":"https:\/\/www.gaveanews.com\/index.php\/2023\/08\/12\/gabigol-do-flamengo-e-denunciado-entenda\/","og_site_name":"G\u00e1vea News","article_publisher":"https:\/\/facebook.com\/gaveaNews\/","article_published_time":"2023-08-12T16:35:52+00:00","article_modified_time":"2023-08-12T16:35:54+00:00","og_image":[{"width":900,"height":597,"url":"https:\/\/www.gaveanews.com\/wp-content\/uploads\/gabigol-flamengo-aucas.webp","type":"image\/jpeg"}],"author":"Equipe G\u00e1vea News","twitter_card":"summary_large_image","twitter_misc":{"Escrito por":"Equipe G\u00e1vea News","Est. tempo de leitura":"2 minutos"},"schema":{"@context":"https:\/\/schema.org","@graph":[{"@type":"NewsArticle","@id":"https:\/\/www.gaveanews.com\/index.php\/2023\/08\/12\/gabigol-do-flamengo-e-denunciado-entenda\/#article","isPartOf":{"@id":"https:\/\/www.gaveanews.com\/index.php\/2023\/08\/12\/gabigol-do-flamengo-e-denunciado-entenda\/"},"author":{"name":"Equipe G\u00e1vea News","@id":"https:\/\/www.gaveanews.com\/#\/schema\/person\/2ec14f73fb96be2caf28f91afb14749d"},"headline":"Gabigol, do Flamengo, \u00e9 denunciado; entenda","datePublished":"2023-08-12T16:35:52+00:00","dateModified":"2023-08-12T16:35:54+00:00","mainEntityOfPage":{"@id":"https:\/\/www.gaveanews.com\/index.php\/2023\/08\/12\/gabigol-do-flamengo-e-denunciado-entenda\/"},"wordCount":311,"commentCount":0,"image":{"@id":"https:\/\/www.gaveanews.com\/index.php\/2023\/08\/12\/gabigol-do-flamengo-e-denunciado-entenda\/#primaryimage"},"thumbnailUrl":"https:\/\/www.gaveanews.com\/wp-content\/uploads\/gabigol-flamengo-aucas.webp","articleSection":["Flamengo"],"inLanguage":"pt-BR","potentialAction":[{"@type":"CommentAction","name":"Comment","target":["https:\/\/www.gaveanews.com\/index.php\/2023\/08\/12\/gabigol-do-flamengo-e-denunciado-entenda\/#respond"]}],"copyrightYear":"2023","copyrightHolder":{"@id":"https:\/\/www.gaveanews.com\/#organization"}},{"@type":"WebPage","@id":"https:\/\/www.gaveanews.com\/index.php\/2023\/08\/12\/gabigol-do-flamengo-e-denunciado-entenda\/","url":"https:\/\/www.gaveanews.com\/index.php\/2023\/08\/12\/gabigol-do-flamengo-e-denunciado-entenda\/","name":"Gabigol, do Flamengo, \u00e9 denunciado; entenda","isPartOf":{"@id":"https:\/\/www.gaveanews.com\/#website"},"primaryImageOfPage":{"@id":"https:\/\/www.gaveanews.com\/index.php\/2023\/08\/12\/gabigol-do-flamengo-e-denunciado-entenda\/#primaryimage"},"image":{"@id":"https:\/\/www.gaveanews.com\/index.php\/2023\/08\/12\/gabigol-do-flamengo-e-denunciado-entenda\/#primaryimage"},"thumbnailUrl":"https:\/\/www.gaveanews.com\/wp-content\/uploads\/gabigol-flamengo-aucas.webp","datePublished":"2023-08-12T16:35:52+00:00","dateModified":"2023-08-12T16:35:54+00:00","author":{"@id":"https:\/\/www.gaveanews.com\/#\/schema\/person\/2ec14f73fb96be2caf28f91afb14749d"},"breadcrumb":{"@id":"https:\/\/www.gaveanews.com\/index.php\/2023\/08\/12\/gabigol-do-flamengo-e-denunciado-entenda\/#breadcrumb"},"inLanguage":"pt-BR","potentialAction":[{"@type":"ReadAction","target":["https:\/\/www.gaveanews.com\/index.php\/2023\/08\/12\/gabigol-do-flamengo-e-denunciado-entenda\/"]}]},{"@type":"ImageObject","inLanguage":"pt-BR","@id":"https:\/\/www.gaveanews.com\/index.php\/2023\/08\/12\/gabigol-do-flamengo-e-denunciado-entenda\/#primaryimage","url":"https:\/\/www.gaveanews.com\/wp-content\/uploads\/gabigol-flamengo-aucas.webp","contentUrl":"https:\/\/www.gaveanews.com\/wp-content\/uploads\/gabigol-flamengo-aucas.webp","width":900,"height":597,"caption":"Gabigol em a\u00e7\u00e3o pelo Flamengo contra o Aucas (Foto: Divulga\u00e7\u00e3o\/Flamengo)"},{"@type":"BreadcrumbList","@id":"https:\/\/www.gaveanews.com\/index.php\/2023\/08\/12\/gabigol-do-flamengo-e-denunciado-entenda\/#breadcrumb","itemListElement":[{"@type":"ListItem","position":1,"name":"Home","item":"https:\/\/www.gaveanews.com\/"},{"@type":"ListItem","position":2,"name":"Gabigol, do Flamengo, \u00e9 denunciado; entenda"}]},{"@type":"WebSite","@id":"https:\/\/www.gaveanews.com\/#website","url":"https:\/\/www.gaveanews.com\/","name":"G\u00e1vea News","description":"Veja todas as not\u00edcias sobre o Flamengo: Contrata\u00e7\u00f5es, categorias de base, resultados das partidas, tabela de classifica\u00e7\u00e3o, pr\u00f3ximos jogos!","potentialAction":[{"@type":"SearchAction","target":{"@type":"EntryPoint","urlTemplate":"https:\/\/www.gaveanews.com\/?s={search_term_string}"},"query-input":{"@type":"PropertyValueSpecification","valueRequired":true,"valueName":"search_term_string"}}],"inLanguage":"pt-BR"},{"@type":"Person","@id":"https:\/\/www.gaveanews.com\/#\/schema\/person\/2ec14f73fb96be2caf28f91afb14749d","name":"Equipe G\u00e1vea News","image":{"@type":"ImageObject","inLanguage":"pt-BR","@id":"https:\/\/www.gaveanews.com\/#\/schema\/person\/image\/","url":"https:\/\/secure.gravatar.com\/avatar\/1e1956f1facbffd3f8fa53a326721950116b3b9dc9bd44939c01180fd4a745a9?s=96&d=mm&r=g","contentUrl":"https:\/\/secure.gravatar.com\/avatar\/1e1956f1facbffd3f8fa53a326721950116b3b9dc9bd44939c01180fd4a745a9?s=96&d=mm&r=g","caption":"Equipe G\u00e1vea News"}}]}},"_links":{"self":[{"href":"https:\/\/www.gaveanews.com\/index.php\/wp-json\/wp\/v2\/posts\/104613","targetHints":{"allow":["GET"]}}],"collection":[{"href":"https:\/\/www.gaveanews.com\/index.php\/wp-json\/wp\/v2\/posts"}],"about":[{"href":"https:\/\/www.gaveanews.com\/index.php\/wp-json\/wp\/v2\/types\/post"}],"author":[{"embeddable":true,"href":"https:\/\/www.gaveanews.com\/index.php\/wp-json\/wp\/v2\/users\/1"}],"replies":[{"embeddable":true,"href":"https:\/\/www.gaveanews.com\/index.php\/wp-json\/wp\/v2\/comments?post=104613"}],"version-history":[{"count":0,"href":"https:\/\/www.gaveanews.com\/index.php\/wp-json\/wp\/v2\/posts\/104613\/revisions"}],"wp:featuredmedia":[{"embeddable":true,"href":"https:\/\/www.gaveanews.com\/index.php\/wp-json\/wp\/v2\/media\/101520"}],"wp:attachment":[{"href":"https:\/\/www.gaveanews.com\/index.php\/wp-json\/wp\/v2\/media?parent=104613"}],"wp:term":[{"taxonomy":"category","embeddable":true,"href":"https:\/\/www.gaveanews.com\/index.php\/wp-json\/wp\/v2\/categories?post=104613"},{"taxonomy":"post_tag","embeddable":true,"href":"https:\/\/www.gaveanews.com\/index.php\/wp-json\/wp\/v2\/tags?post=104613"}],"curies":[{"name":"wp","href":"https:\/\/api.w.org\/{rel}","templated":true}]}}