{"id":104624,"date":"2023-08-12T16:04:17","date_gmt":"2023-08-12T19:04:17","guid":{"rendered":"https:\/\/www.gaveanews.com\/?p=104624"},"modified":"2023-08-12T16:04:20","modified_gmt":"2023-08-12T19:04:20","slug":"atitude-de-jorge-sampaoli-gera-desconforto-nos-bastidores-do-flamengo","status":"publish","type":"post","link":"https:\/\/www.gaveanews.com\/index.php\/2023\/08\/12\/atitude-de-jorge-sampaoli-gera-desconforto-nos-bastidores-do-flamengo\/","title":{"rendered":"Atitude de Jorge Sampaoli gera desconforto nos bastidores do Flamengo"},"content":{"rendered":"\n<p>Dono de uma conduta bastante controversa, Jorge Sampaoli n\u00e3o \u00e9 unanimidade no Flamengo. Al\u00e9m do comportamento avaliado como frio e de pouco paternalismo, o argentino n\u00e3o deixa de ser questionado entre os cartolas do clube. Segundo o jornalista Ven\u00ea Casagrande, o comportamento de dar import\u00e2ncia apenas ao grupo que disputa a titularidade e \u201cesquecer\u201d os demais atletas vem chamando aten\u00e7\u00e3o nos bastidores. <\/p>\n\n\n\n<p>Na sequ\u00eancia, relatou-se que Sampaoli n\u00e3o deixa de pedir refor\u00e7os aos dirigentes. Por\u00e9m, existe a vis\u00e3o que o t\u00e9cnico j\u00e1 possui um elenco de extrema qualidade em m\u00e3os, mas ainda n\u00e3o encontrou o time apontado como titular. <\/p>\n\n\n\n<p>\u201cEssa pessoa da diretoria do Flamengo disse o seguinte: \u2018O Sampaoli \u00e9 muito esquisito. Ele gosta e d\u00e1 aten\u00e7\u00e3o aos jogadores que s\u00e3o titulares e entram em todos os jogos. N\u00e3o d\u00e1 aten\u00e7\u00e3o ao restante. Ele j\u00e1 disse que quer 18 jogadores muito bons e o resto meninos entrem, caso necess\u00e1rio. Vive pedindo contrata\u00e7\u00f5es, mas ele nunca teve um elenco como esse. N\u00e3o consegue formar um time, apesar do elenco\u2019.\u201d, contou Ven\u00ea em seu canal no YouTube. <\/p>\n\n\n\n<p>Antes da bola rolar para Flamengo x S\u00e3o Paulo, Sampaoli vem optando por manter o mist\u00e9rio absoluto. Sendo assim, os jogadores n\u00e3o sabem quais nomes est\u00e3o cotados para come\u00e7ar jogando, tendo em vista que o comandante s\u00f3 libera a escala\u00e7\u00e3o durante as prele\u00e7\u00f5es, decis\u00e3o que \u00e9 reprovada por parte do elenco. <\/p>\n\n\n\n<p>\u201cEle n\u00e3o esbo\u00e7ou nenhum time titular (contra o S\u00e3o Paulo). Isso \u00e9 algo que chama muita aten\u00e7\u00e3o internamente. Muitos jogadores n\u00e3o gostam de saber apenas na prele\u00e7\u00e3o.\u201c, relatou o jornalista. <\/p>\n","protected":false},"excerpt":{"rendered":"<p>Dono de uma conduta bastante controversa, Jorge Sampaoli n\u00e3o \u00e9 unanimidade no Flamengo. Al\u00e9m do comportamento avaliado como frio e de pouco paternalismo, o argentino n\u00e3o deixa de ser questionado entre os cartolas do clube. Segundo o jornalista Ven\u00ea Casagrande, o comportamento de dar import\u00e2ncia apenas ao grupo que disputa a titularidade e \u201cesquecer\u201d os [&hellip;]<\/p>\n","protected":false},"author":1,"featured_media":102035,"comment_status":"open","ping_status":"closed","sticky":false,"template":"","format":"standard","meta":{"footnotes":""},"categories":[1],"tags":[],"class_list":["post-104624","post","type-post","status-publish","format-standard","has-post-thumbnail","hentry","category-flamengo"],"yoast_head":"<!-- This site is optimized with the Yoast SEO Premium plugin v24.2 (Yoast SEO v26.9) - https:\/\/yoast.com\/product\/yoast-seo-premium-wordpress\/ -->\n<title>Atitude de Jorge Sampaoli gera desconforto nos bastidores do Flamengo<\/title>\n<meta name=\"robots\" content=\"index, follow, max-snippet:-1, max-image-preview:large, max-video-preview:-1\" \/>\n<link rel=\"canonical\" href=\"https:\/\/www.gaveanews.com\/index.php\/2023\/08\/12\/atitude-de-jorge-sampaoli-gera-desconforto-nos-bastidores-do-flamengo\/\" \/>\n<meta property=\"og:locale\" content=\"pt_BR\" \/>\n<meta property=\"og:type\" content=\"article\" \/>\n<meta property=\"og:title\" content=\"Atitude de Jorge Sampaoli gera desconforto nos bastidores do Flamengo\" \/>\n<meta property=\"og:description\" content=\"Dono de uma conduta bastante controversa, Jorge Sampaoli n\u00e3o \u00e9 unanimidade no Flamengo. Al\u00e9m do comportamento avaliado como frio e de pouco paternalismo, o argentino n\u00e3o deixa de ser questionado entre os cartolas do clube. Segundo o jornalista Ven\u00ea Casagrande, o comportamento de dar import\u00e2ncia apenas ao grupo que disputa a titularidade e \u201cesquecer\u201d os [&hellip;]\" \/>\n<meta property=\"og:url\" content=\"https:\/\/www.gaveanews.com\/index.php\/2023\/08\/12\/atitude-de-jorge-sampaoli-gera-desconforto-nos-bastidores-do-flamengo\/\" \/>\n<meta property=\"og:site_name\" content=\"G\u00e1vea News\" \/>\n<meta property=\"article:publisher\" content=\"https:\/\/facebook.com\/gaveaNews\/\" \/>\n<meta property=\"article:published_time\" content=\"2023-08-12T19:04:17+00:00\" \/>\n<meta property=\"article:modified_time\" content=\"2023-08-12T19:04:20+00:00\" \/>\n<meta property=\"og:image\" content=\"https:\/\/www.gaveanews.com\/wp-content\/uploads\/sampaoli-coletiva-flamengo.webp\" \/>\n\t<meta property=\"og:image:width\" content=\"876\" \/>\n\t<meta property=\"og:image:height\" content=\"484\" \/>\n\t<meta property=\"og:image:type\" content=\"image\/webp\" \/>\n<meta name=\"author\" content=\"Equipe G\u00e1vea News\" \/>\n<meta name=\"twitter:card\" content=\"summary_large_image\" \/>\n<meta name=\"twitter:label1\" content=\"Escrito por\" \/>\n\t<meta name=\"twitter:data1\" content=\"Equipe G\u00e1vea News\" \/>\n\t<meta name=\"twitter:label2\" content=\"Est. tempo de leitura\" \/>\n\t<meta name=\"twitter:data2\" content=\"2 minutos\" \/>\n<script type=\"application\/ld+json\" class=\"yoast-schema-graph\">{\"@context\":\"https:\/\/schema.org\",\"@graph\":[{\"@type\":\"NewsArticle\",\"@id\":\"https:\/\/www.gaveanews.com\/index.php\/2023\/08\/12\/atitude-de-jorge-sampaoli-gera-desconforto-nos-bastidores-do-flamengo\/#article\",\"isPartOf\":{\"@id\":\"https:\/\/www.gaveanews.com\/index.php\/2023\/08\/12\/atitude-de-jorge-sampaoli-gera-desconforto-nos-bastidores-do-flamengo\/\"},\"author\":{\"name\":\"Equipe G\u00e1vea News\",\"@id\":\"https:\/\/www.gaveanews.com\/#\/schema\/person\/2ec14f73fb96be2caf28f91afb14749d\"},\"headline\":\"Atitude de Jorge Sampaoli gera desconforto nos bastidores do Flamengo\",\"datePublished\":\"2023-08-12T19:04:17+00:00\",\"dateModified\":\"2023-08-12T19:04:20+00:00\",\"mainEntityOfPage\":{\"@id\":\"https:\/\/www.gaveanews.com\/index.php\/2023\/08\/12\/atitude-de-jorge-sampaoli-gera-desconforto-nos-bastidores-do-flamengo\/\"},\"wordCount\":296,\"commentCount\":0,\"image\":{\"@id\":\"https:\/\/www.gaveanews.com\/index.php\/2023\/08\/12\/atitude-de-jorge-sampaoli-gera-desconforto-nos-bastidores-do-flamengo\/#primaryimage\"},\"thumbnailUrl\":\"https:\/\/www.gaveanews.com\/wp-content\/uploads\/sampaoli-coletiva-flamengo.webp\",\"articleSection\":[\"Flamengo\"],\"inLanguage\":\"pt-BR\",\"potentialAction\":[{\"@type\":\"CommentAction\",\"name\":\"Comment\",\"target\":[\"https:\/\/www.gaveanews.com\/index.php\/2023\/08\/12\/atitude-de-jorge-sampaoli-gera-desconforto-nos-bastidores-do-flamengo\/#respond\"]}],\"copyrightYear\":\"2023\",\"copyrightHolder\":{\"@id\":\"https:\/\/www.gaveanews.com\/#organization\"}},{\"@type\":\"WebPage\",\"@id\":\"https:\/\/www.gaveanews.com\/index.php\/2023\/08\/12\/atitude-de-jorge-sampaoli-gera-desconforto-nos-bastidores-do-flamengo\/\",\"url\":\"https:\/\/www.gaveanews.com\/index.php\/2023\/08\/12\/atitude-de-jorge-sampaoli-gera-desconforto-nos-bastidores-do-flamengo\/\",\"name\":\"Atitude de Jorge Sampaoli gera desconforto nos bastidores do Flamengo\",\"isPartOf\":{\"@id\":\"https:\/\/www.gaveanews.com\/#website\"},\"primaryImageOfPage\":{\"@id\":\"https:\/\/www.gaveanews.com\/index.php\/2023\/08\/12\/atitude-de-jorge-sampaoli-gera-desconforto-nos-bastidores-do-flamengo\/#primaryimage\"},\"image\":{\"@id\":\"https:\/\/www.gaveanews.com\/index.php\/2023\/08\/12\/atitude-de-jorge-sampaoli-gera-desconforto-nos-bastidores-do-flamengo\/#primaryimage\"},\"thumbnailUrl\":\"https:\/\/www.gaveanews.com\/wp-content\/uploads\/sampaoli-coletiva-flamengo.webp\",\"datePublished\":\"2023-08-12T19:04:17+00:00\",\"dateModified\":\"2023-08-12T19:04:20+00:00\",\"author\":{\"@id\":\"https:\/\/www.gaveanews.com\/#\/schema\/person\/2ec14f73fb96be2caf28f91afb14749d\"},\"breadcrumb\":{\"@id\":\"https:\/\/www.gaveanews.com\/index.php\/2023\/08\/12\/atitude-de-jorge-sampaoli-gera-desconforto-nos-bastidores-do-flamengo\/#breadcrumb\"},\"inLanguage\":\"pt-BR\",\"potentialAction\":[{\"@type\":\"ReadAction\",\"target\":[\"https:\/\/www.gaveanews.com\/index.php\/2023\/08\/12\/atitude-de-jorge-sampaoli-gera-desconforto-nos-bastidores-do-flamengo\/\"]}]},{\"@type\":\"ImageObject\",\"inLanguage\":\"pt-BR\",\"@id\":\"https:\/\/www.gaveanews.com\/index.php\/2023\/08\/12\/atitude-de-jorge-sampaoli-gera-desconforto-nos-bastidores-do-flamengo\/#primaryimage\",\"url\":\"https:\/\/www.gaveanews.com\/wp-content\/uploads\/sampaoli-coletiva-flamengo.webp\",\"contentUrl\":\"https:\/\/www.gaveanews.com\/wp-content\/uploads\/sampaoli-coletiva-flamengo.webp\",\"width\":876,\"height\":484,\"caption\":\"Sampaoli em entrevista coletiva do Flamengo (Foto: Gilvan de Souza\/Flamengo)\"},{\"@type\":\"BreadcrumbList\",\"@id\":\"https:\/\/www.gaveanews.com\/index.php\/2023\/08\/12\/atitude-de-jorge-sampaoli-gera-desconforto-nos-bastidores-do-flamengo\/#breadcrumb\",\"itemListElement\":[{\"@type\":\"ListItem\",\"position\":1,\"name\":\"Home\",\"item\":\"https:\/\/www.gaveanews.com\/\"},{\"@type\":\"ListItem\",\"position\":2,\"name\":\"Atitude de Jorge Sampaoli gera desconforto nos bastidores do Flamengo\"}]},{\"@type\":\"WebSite\",\"@id\":\"https:\/\/www.gaveanews.com\/#website\",\"url\":\"https:\/\/www.gaveanews.com\/\",\"name\":\"G\u00e1vea News\",\"description\":\"Veja todas as not\u00edcias sobre o Flamengo: Contrata\u00e7\u00f5es, categorias de base, resultados das partidas, tabela de classifica\u00e7\u00e3o, pr\u00f3ximos jogos!\",\"potentialAction\":[{\"@type\":\"SearchAction\",\"target\":{\"@type\":\"EntryPoint\",\"urlTemplate\":\"https:\/\/www.gaveanews.com\/?s={search_term_string}\"},\"query-input\":{\"@type\":\"PropertyValueSpecification\",\"valueRequired\":true,\"valueName\":\"search_term_string\"}}],\"inLanguage\":\"pt-BR\"},{\"@type\":\"Person\",\"@id\":\"https:\/\/www.gaveanews.com\/#\/schema\/person\/2ec14f73fb96be2caf28f91afb14749d\",\"name\":\"Equipe G\u00e1vea News\",\"image\":{\"@type\":\"ImageObject\",\"inLanguage\":\"pt-BR\",\"@id\":\"https:\/\/www.gaveanews.com\/#\/schema\/person\/image\/\",\"url\":\"https:\/\/secure.gravatar.com\/avatar\/1e1956f1facbffd3f8fa53a326721950116b3b9dc9bd44939c01180fd4a745a9?s=96&d=mm&r=g\",\"contentUrl\":\"https:\/\/secure.gravatar.com\/avatar\/1e1956f1facbffd3f8fa53a326721950116b3b9dc9bd44939c01180fd4a745a9?s=96&d=mm&r=g\",\"caption\":\"Equipe G\u00e1vea News\"}}]}<\/script>\n<!-- \/ Yoast SEO Premium plugin. -->","yoast_head_json":{"title":"Atitude de Jorge Sampaoli gera desconforto nos bastidores do Flamengo","robots":{"index":"index","follow":"follow","max-snippet":"max-snippet:-1","max-image-preview":"max-image-preview:large","max-video-preview":"max-video-preview:-1"},"canonical":"https:\/\/www.gaveanews.com\/index.php\/2023\/08\/12\/atitude-de-jorge-sampaoli-gera-desconforto-nos-bastidores-do-flamengo\/","og_locale":"pt_BR","og_type":"article","og_title":"Atitude de Jorge Sampaoli gera desconforto nos bastidores do Flamengo","og_description":"Dono de uma conduta bastante controversa, Jorge Sampaoli n\u00e3o \u00e9 unanimidade no Flamengo. Al\u00e9m do comportamento avaliado como frio e de pouco paternalismo, o argentino n\u00e3o deixa de ser questionado entre os cartolas do clube. Segundo o jornalista Ven\u00ea Casagrande, o comportamento de dar import\u00e2ncia apenas ao grupo que disputa a titularidade e \u201cesquecer\u201d os [&hellip;]","og_url":"https:\/\/www.gaveanews.com\/index.php\/2023\/08\/12\/atitude-de-jorge-sampaoli-gera-desconforto-nos-bastidores-do-flamengo\/","og_site_name":"G\u00e1vea News","article_publisher":"https:\/\/facebook.com\/gaveaNews\/","article_published_time":"2023-08-12T19:04:17+00:00","article_modified_time":"2023-08-12T19:04:20+00:00","og_image":[{"width":876,"height":484,"url":"https:\/\/www.gaveanews.com\/wp-content\/uploads\/sampaoli-coletiva-flamengo.webp","type":"image\/webp"}],"author":"Equipe G\u00e1vea News","twitter_card":"summary_large_image","twitter_misc":{"Escrito por":"Equipe G\u00e1vea News","Est. tempo de leitura":"2 minutos"},"schema":{"@context":"https:\/\/schema.org","@graph":[{"@type":"NewsArticle","@id":"https:\/\/www.gaveanews.com\/index.php\/2023\/08\/12\/atitude-de-jorge-sampaoli-gera-desconforto-nos-bastidores-do-flamengo\/#article","isPartOf":{"@id":"https:\/\/www.gaveanews.com\/index.php\/2023\/08\/12\/atitude-de-jorge-sampaoli-gera-desconforto-nos-bastidores-do-flamengo\/"},"author":{"name":"Equipe G\u00e1vea News","@id":"https:\/\/www.gaveanews.com\/#\/schema\/person\/2ec14f73fb96be2caf28f91afb14749d"},"headline":"Atitude de Jorge Sampaoli gera desconforto nos bastidores do Flamengo","datePublished":"2023-08-12T19:04:17+00:00","dateModified":"2023-08-12T19:04:20+00:00","mainEntityOfPage":{"@id":"https:\/\/www.gaveanews.com\/index.php\/2023\/08\/12\/atitude-de-jorge-sampaoli-gera-desconforto-nos-bastidores-do-flamengo\/"},"wordCount":296,"commentCount":0,"image":{"@id":"https:\/\/www.gaveanews.com\/index.php\/2023\/08\/12\/atitude-de-jorge-sampaoli-gera-desconforto-nos-bastidores-do-flamengo\/#primaryimage"},"thumbnailUrl":"https:\/\/www.gaveanews.com\/wp-content\/uploads\/sampaoli-coletiva-flamengo.webp","articleSection":["Flamengo"],"inLanguage":"pt-BR","potentialAction":[{"@type":"CommentAction","name":"Comment","target":["https:\/\/www.gaveanews.com\/index.php\/2023\/08\/12\/atitude-de-jorge-sampaoli-gera-desconforto-nos-bastidores-do-flamengo\/#respond"]}],"copyrightYear":"2023","copyrightHolder":{"@id":"https:\/\/www.gaveanews.com\/#organization"}},{"@type":"WebPage","@id":"https:\/\/www.gaveanews.com\/index.php\/2023\/08\/12\/atitude-de-jorge-sampaoli-gera-desconforto-nos-bastidores-do-flamengo\/","url":"https:\/\/www.gaveanews.com\/index.php\/2023\/08\/12\/atitude-de-jorge-sampaoli-gera-desconforto-nos-bastidores-do-flamengo\/","name":"Atitude de Jorge Sampaoli gera desconforto nos bastidores do Flamengo","isPartOf":{"@id":"https:\/\/www.gaveanews.com\/#website"},"primaryImageOfPage":{"@id":"https:\/\/www.gaveanews.com\/index.php\/2023\/08\/12\/atitude-de-jorge-sampaoli-gera-desconforto-nos-bastidores-do-flamengo\/#primaryimage"},"image":{"@id":"https:\/\/www.gaveanews.com\/index.php\/2023\/08\/12\/atitude-de-jorge-sampaoli-gera-desconforto-nos-bastidores-do-flamengo\/#primaryimage"},"thumbnailUrl":"https:\/\/www.gaveanews.com\/wp-content\/uploads\/sampaoli-coletiva-flamengo.webp","datePublished":"2023-08-12T19:04:17+00:00","dateModified":"2023-08-12T19:04:20+00:00","author":{"@id":"https:\/\/www.gaveanews.com\/#\/schema\/person\/2ec14f73fb96be2caf28f91afb14749d"},"breadcrumb":{"@id":"https:\/\/www.gaveanews.com\/index.php\/2023\/08\/12\/atitude-de-jorge-sampaoli-gera-desconforto-nos-bastidores-do-flamengo\/#breadcrumb"},"inLanguage":"pt-BR","potentialAction":[{"@type":"ReadAction","target":["https:\/\/www.gaveanews.com\/index.php\/2023\/08\/12\/atitude-de-jorge-sampaoli-gera-desconforto-nos-bastidores-do-flamengo\/"]}]},{"@type":"ImageObject","inLanguage":"pt-BR","@id":"https:\/\/www.gaveanews.com\/index.php\/2023\/08\/12\/atitude-de-jorge-sampaoli-gera-desconforto-nos-bastidores-do-flamengo\/#primaryimage","url":"https:\/\/www.gaveanews.com\/wp-content\/uploads\/sampaoli-coletiva-flamengo.webp","contentUrl":"https:\/\/www.gaveanews.com\/wp-content\/uploads\/sampaoli-coletiva-flamengo.webp","width":876,"height":484,"caption":"Sampaoli em entrevista coletiva do Flamengo (Foto: Gilvan de Souza\/Flamengo)"},{"@type":"BreadcrumbList","@id":"https:\/\/www.gaveanews.com\/index.php\/2023\/08\/12\/atitude-de-jorge-sampaoli-gera-desconforto-nos-bastidores-do-flamengo\/#breadcrumb","itemListElement":[{"@type":"ListItem","position":1,"name":"Home","item":"https:\/\/www.gaveanews.com\/"},{"@type":"ListItem","position":2,"name":"Atitude de Jorge Sampaoli gera desconforto nos bastidores do Flamengo"}]},{"@type":"WebSite","@id":"https:\/\/www.gaveanews.com\/#website","url":"https:\/\/www.gaveanews.com\/","name":"G\u00e1vea News","description":"Veja todas as not\u00edcias sobre o Flamengo: Contrata\u00e7\u00f5es, categorias de base, resultados das partidas, tabela de classifica\u00e7\u00e3o, pr\u00f3ximos jogos!","potentialAction":[{"@type":"SearchAction","target":{"@type":"EntryPoint","urlTemplate":"https:\/\/www.gaveanews.com\/?s={search_term_string}"},"query-input":{"@type":"PropertyValueSpecification","valueRequired":true,"valueName":"search_term_string"}}],"inLanguage":"pt-BR"},{"@type":"Person","@id":"https:\/\/www.gaveanews.com\/#\/schema\/person\/2ec14f73fb96be2caf28f91afb14749d","name":"Equipe G\u00e1vea News","image":{"@type":"ImageObject","inLanguage":"pt-BR","@id":"https:\/\/www.gaveanews.com\/#\/schema\/person\/image\/","url":"https:\/\/secure.gravatar.com\/avatar\/1e1956f1facbffd3f8fa53a326721950116b3b9dc9bd44939c01180fd4a745a9?s=96&d=mm&r=g","contentUrl":"https:\/\/secure.gravatar.com\/avatar\/1e1956f1facbffd3f8fa53a326721950116b3b9dc9bd44939c01180fd4a745a9?s=96&d=mm&r=g","caption":"Equipe G\u00e1vea News"}}]}},"_links":{"self":[{"href":"https:\/\/www.gaveanews.com\/index.php\/wp-json\/wp\/v2\/posts\/104624","targetHints":{"allow":["GET"]}}],"collection":[{"href":"https:\/\/www.gaveanews.com\/index.php\/wp-json\/wp\/v2\/posts"}],"about":[{"href":"https:\/\/www.gaveanews.com\/index.php\/wp-json\/wp\/v2\/types\/post"}],"author":[{"embeddable":true,"href":"https:\/\/www.gaveanews.com\/index.php\/wp-json\/wp\/v2\/users\/1"}],"replies":[{"embeddable":true,"href":"https:\/\/www.gaveanews.com\/index.php\/wp-json\/wp\/v2\/comments?post=104624"}],"version-history":[{"count":0,"href":"https:\/\/www.gaveanews.com\/index.php\/wp-json\/wp\/v2\/posts\/104624\/revisions"}],"wp:featuredmedia":[{"embeddable":true,"href":"https:\/\/www.gaveanews.com\/index.php\/wp-json\/wp\/v2\/media\/102035"}],"wp:attachment":[{"href":"https:\/\/www.gaveanews.com\/index.php\/wp-json\/wp\/v2\/media?parent=104624"}],"wp:term":[{"taxonomy":"category","embeddable":true,"href":"https:\/\/www.gaveanews.com\/index.php\/wp-json\/wp\/v2\/categories?post=104624"},{"taxonomy":"post_tag","embeddable":true,"href":"https:\/\/www.gaveanews.com\/index.php\/wp-json\/wp\/v2\/tags?post=104624"}],"curies":[{"name":"wp","href":"https:\/\/api.w.org\/{rel}","templated":true}]}}