{"id":104632,"date":"2023-08-13T10:13:16","date_gmt":"2023-08-13T13:13:16","guid":{"rendered":"https:\/\/www.gaveanews.com\/?p=104632"},"modified":"2023-08-13T10:13:19","modified_gmt":"2023-08-13T13:13:19","slug":"gerson-e-jorge-sampaoli-do-flamengo-ajudaram-o-vasco-a-se-reforcar","status":"publish","type":"post","link":"https:\/\/www.gaveanews.com\/index.php\/2023\/08\/13\/gerson-e-jorge-sampaoli-do-flamengo-ajudaram-o-vasco-a-se-reforcar\/","title":{"rendered":"Gerson e Jorge Sampaoli, do Flamengo, ajudaram o Vasco a se refor\u00e7ar"},"content":{"rendered":"\n<p>O jogador franc\u00eas Dimitri Payet deve ser o novo refor\u00e7o do Vasco para a temporada 2023, e segundo o jornal franc\u00eas &#8216;L&#8217;\u00c9quipe&#8217; deste domingo (13), dois rivais podem ter dado uma &#8216;m\u00e3ozinha&#8217; para que o atleta de 36 anos aceitasse jogar no Brasil. Jorge Sampaoli e Gerson, do Flamengo, trabalharam com Payet no Olympique de Marseille, t\u00eam uma boa rela\u00e7\u00e3o com aquele que deve ser o novo camisa 10 vasca\u00edno e teriam &#8216;convencido&#8217; o franc\u00eas a jogar e morar no Rio de Janeiro.<\/p>\n\n\n\n<p>Em 2021, quando ainda treinava o time franc\u00eas, Sampaoli, atual t\u00e9cnico do Flamengo, afirmou que Payet era &#8220;um dos melhores jogadores&#8221; com quem j\u00e1 havia trabalhado.<\/p>\n\n\n\n<p>Ainda de acordo com o di\u00e1rio esportivo franc\u00eas, contribu\u00edram para o sucesso das negocia\u00e7\u00f5es as v\u00e1rias viagens do empres\u00e1rio T\u00falio de Melo a Marselha para fechar a transfer\u00eancia do lateral-esquerdo Renan Lodi. T\u00falio, ex-atacante de outro time franc\u00eas, o Lille, teria aproveitado as estadias na Fran\u00e7a para convencer Payet.<\/p>\n\n\n\n<p>O jogador de 36 anos teria recusado propostas da Ar\u00e1bia Saudita e da Turquia, por n\u00e3o estar interessado em jogar nesses pa\u00edses. Dinheiro n\u00e3o seria a quest\u00e3o mais importante para o jogador, que recebeu uma &#8220;bela quantia&#8221;, segundo o L&#8217;\u00c9quipe, na rescis\u00e3o de contrato com o Olympique.<\/p>\n\n\n\n<p>A ida para a Am\u00e9rica Latina, relembra ainda o jornal franc\u00eas, tem um precedente bem-sucedido para jogadores franceses &#8211; a contrata\u00e7\u00e3o de Andr\u00e9-Pierre Gignac pelo Tigres, do M\u00e9xico, em 2015. Gignac tamb\u00e9m foi companheiro de equipe de Payet no Olympique de Marselha.<\/p>\n\n\n\n<p>Retirado de: Lance<\/p>\n","protected":false},"excerpt":{"rendered":"<p>O jogador franc\u00eas Dimitri Payet deve ser o novo refor\u00e7o do Vasco para a temporada 2023, e segundo o jornal franc\u00eas &#8216;L&#8217;\u00c9quipe&#8217; deste domingo (13), dois rivais podem ter dado uma &#8216;m\u00e3ozinha&#8217; para que o atleta de 36 anos aceitasse jogar no Brasil. Jorge Sampaoli e Gerson, do Flamengo, trabalharam com Payet no Olympique de [&hellip;]<\/p>\n","protected":false},"author":1,"featured_media":59663,"comment_status":"open","ping_status":"closed","sticky":false,"template":"","format":"standard","meta":{"footnotes":""},"categories":[48],"tags":[],"class_list":["post-104632","post","type-post","status-publish","format-standard","has-post-thumbnail","hentry","category-negociacoes"],"yoast_head":"<!-- This site is optimized with the Yoast SEO Premium plugin v24.2 (Yoast SEO v26.9) - https:\/\/yoast.com\/product\/yoast-seo-premium-wordpress\/ -->\n<title>Gerson e Jorge Sampaoli, do Flamengo, ajudaram o Vasco a se refor\u00e7ar<\/title>\n<meta name=\"robots\" content=\"index, follow, max-snippet:-1, max-image-preview:large, max-video-preview:-1\" \/>\n<link rel=\"canonical\" href=\"https:\/\/www.gaveanews.com\/index.php\/2023\/08\/13\/gerson-e-jorge-sampaoli-do-flamengo-ajudaram-o-vasco-a-se-reforcar\/\" \/>\n<meta property=\"og:locale\" content=\"pt_BR\" \/>\n<meta property=\"og:type\" content=\"article\" \/>\n<meta property=\"og:title\" content=\"Gerson e Jorge Sampaoli, do Flamengo, ajudaram o Vasco a se refor\u00e7ar\" \/>\n<meta property=\"og:description\" content=\"O jogador franc\u00eas Dimitri Payet deve ser o novo refor\u00e7o do Vasco para a temporada 2023, e segundo o jornal franc\u00eas &#8216;L&#8217;\u00c9quipe&#8217; deste domingo (13), dois rivais podem ter dado uma &#8216;m\u00e3ozinha&#8217; para que o atleta de 36 anos aceitasse jogar no Brasil. Jorge Sampaoli e Gerson, do Flamengo, trabalharam com Payet no Olympique de [&hellip;]\" \/>\n<meta property=\"og:url\" content=\"https:\/\/www.gaveanews.com\/index.php\/2023\/08\/13\/gerson-e-jorge-sampaoli-do-flamengo-ajudaram-o-vasco-a-se-reforcar\/\" \/>\n<meta property=\"og:site_name\" content=\"G\u00e1vea News\" \/>\n<meta property=\"article:publisher\" content=\"https:\/\/facebook.com\/gaveaNews\/\" \/>\n<meta property=\"article:published_time\" content=\"2023-08-13T13:13:16+00:00\" \/>\n<meta property=\"article:modified_time\" content=\"2023-08-13T13:13:19+00:00\" \/>\n<meta property=\"og:image\" content=\"https:\/\/www.gaveanews.com\/wp-content\/uploads\/Gerson-em-acao-pelo-Flamengo-durante-o-jogo-contra-o-Velez-na-Copa-Libertadores-da-America-de-2021.webp\" \/>\n\t<meta property=\"og:image:width\" content=\"800\" \/>\n\t<meta property=\"og:image:height\" content=\"533\" \/>\n\t<meta property=\"og:image:type\" content=\"image\/jpeg\" \/>\n<meta name=\"author\" content=\"Equipe G\u00e1vea News\" \/>\n<meta name=\"twitter:card\" content=\"summary_large_image\" \/>\n<meta name=\"twitter:label1\" content=\"Escrito por\" \/>\n\t<meta name=\"twitter:data1\" content=\"Equipe G\u00e1vea News\" \/>\n\t<meta name=\"twitter:label2\" content=\"Est. tempo de leitura\" \/>\n\t<meta name=\"twitter:data2\" content=\"2 minutos\" \/>\n<script type=\"application\/ld+json\" class=\"yoast-schema-graph\">{\"@context\":\"https:\/\/schema.org\",\"@graph\":[{\"@type\":\"NewsArticle\",\"@id\":\"https:\/\/www.gaveanews.com\/index.php\/2023\/08\/13\/gerson-e-jorge-sampaoli-do-flamengo-ajudaram-o-vasco-a-se-reforcar\/#article\",\"isPartOf\":{\"@id\":\"https:\/\/www.gaveanews.com\/index.php\/2023\/08\/13\/gerson-e-jorge-sampaoli-do-flamengo-ajudaram-o-vasco-a-se-reforcar\/\"},\"author\":{\"name\":\"Equipe G\u00e1vea News\",\"@id\":\"https:\/\/www.gaveanews.com\/#\/schema\/person\/2ec14f73fb96be2caf28f91afb14749d\"},\"headline\":\"Gerson e Jorge Sampaoli, do Flamengo, ajudaram o Vasco a se refor\u00e7ar\",\"datePublished\":\"2023-08-13T13:13:16+00:00\",\"dateModified\":\"2023-08-13T13:13:19+00:00\",\"mainEntityOfPage\":{\"@id\":\"https:\/\/www.gaveanews.com\/index.php\/2023\/08\/13\/gerson-e-jorge-sampaoli-do-flamengo-ajudaram-o-vasco-a-se-reforcar\/\"},\"wordCount\":291,\"commentCount\":0,\"image\":{\"@id\":\"https:\/\/www.gaveanews.com\/index.php\/2023\/08\/13\/gerson-e-jorge-sampaoli-do-flamengo-ajudaram-o-vasco-a-se-reforcar\/#primaryimage\"},\"thumbnailUrl\":\"https:\/\/www.gaveanews.com\/wp-content\/uploads\/Gerson-em-acao-pelo-Flamengo-durante-o-jogo-contra-o-Velez-na-Copa-Libertadores-da-America-de-2021.webp\",\"articleSection\":[\"Negocia\u00e7\u00f5es\"],\"inLanguage\":\"pt-BR\",\"potentialAction\":[{\"@type\":\"CommentAction\",\"name\":\"Comment\",\"target\":[\"https:\/\/www.gaveanews.com\/index.php\/2023\/08\/13\/gerson-e-jorge-sampaoli-do-flamengo-ajudaram-o-vasco-a-se-reforcar\/#respond\"]}],\"copyrightYear\":\"2023\",\"copyrightHolder\":{\"@id\":\"https:\/\/www.gaveanews.com\/#organization\"}},{\"@type\":\"WebPage\",\"@id\":\"https:\/\/www.gaveanews.com\/index.php\/2023\/08\/13\/gerson-e-jorge-sampaoli-do-flamengo-ajudaram-o-vasco-a-se-reforcar\/\",\"url\":\"https:\/\/www.gaveanews.com\/index.php\/2023\/08\/13\/gerson-e-jorge-sampaoli-do-flamengo-ajudaram-o-vasco-a-se-reforcar\/\",\"name\":\"Gerson e Jorge Sampaoli, do Flamengo, ajudaram o Vasco a se refor\u00e7ar\",\"isPartOf\":{\"@id\":\"https:\/\/www.gaveanews.com\/#website\"},\"primaryImageOfPage\":{\"@id\":\"https:\/\/www.gaveanews.com\/index.php\/2023\/08\/13\/gerson-e-jorge-sampaoli-do-flamengo-ajudaram-o-vasco-a-se-reforcar\/#primaryimage\"},\"image\":{\"@id\":\"https:\/\/www.gaveanews.com\/index.php\/2023\/08\/13\/gerson-e-jorge-sampaoli-do-flamengo-ajudaram-o-vasco-a-se-reforcar\/#primaryimage\"},\"thumbnailUrl\":\"https:\/\/www.gaveanews.com\/wp-content\/uploads\/Gerson-em-acao-pelo-Flamengo-durante-o-jogo-contra-o-Velez-na-Copa-Libertadores-da-America-de-2021.webp\",\"datePublished\":\"2023-08-13T13:13:16+00:00\",\"dateModified\":\"2023-08-13T13:13:19+00:00\",\"author\":{\"@id\":\"https:\/\/www.gaveanews.com\/#\/schema\/person\/2ec14f73fb96be2caf28f91afb14749d\"},\"breadcrumb\":{\"@id\":\"https:\/\/www.gaveanews.com\/index.php\/2023\/08\/13\/gerson-e-jorge-sampaoli-do-flamengo-ajudaram-o-vasco-a-se-reforcar\/#breadcrumb\"},\"inLanguage\":\"pt-BR\",\"potentialAction\":[{\"@type\":\"ReadAction\",\"target\":[\"https:\/\/www.gaveanews.com\/index.php\/2023\/08\/13\/gerson-e-jorge-sampaoli-do-flamengo-ajudaram-o-vasco-a-se-reforcar\/\"]}]},{\"@type\":\"ImageObject\",\"inLanguage\":\"pt-BR\",\"@id\":\"https:\/\/www.gaveanews.com\/index.php\/2023\/08\/13\/gerson-e-jorge-sampaoli-do-flamengo-ajudaram-o-vasco-a-se-reforcar\/#primaryimage\",\"url\":\"https:\/\/www.gaveanews.com\/wp-content\/uploads\/Gerson-em-acao-pelo-Flamengo-durante-o-jogo-contra-o-Velez-na-Copa-Libertadores-da-America-de-2021.webp\",\"contentUrl\":\"https:\/\/www.gaveanews.com\/wp-content\/uploads\/Gerson-em-acao-pelo-Flamengo-durante-o-jogo-contra-o-Velez-na-Copa-Libertadores-da-America-de-2021.webp\",\"width\":800,\"height\":533,\"caption\":\"Gerson em a\u00e7\u00e3o pelo Flamengo durante o jogo contra o Velez na Copa Libertadores da Am\u00e9rica de 2021 (Foto: Marcelo Cortes \/Flamengo)\"},{\"@type\":\"BreadcrumbList\",\"@id\":\"https:\/\/www.gaveanews.com\/index.php\/2023\/08\/13\/gerson-e-jorge-sampaoli-do-flamengo-ajudaram-o-vasco-a-se-reforcar\/#breadcrumb\",\"itemListElement\":[{\"@type\":\"ListItem\",\"position\":1,\"name\":\"Home\",\"item\":\"https:\/\/www.gaveanews.com\/\"},{\"@type\":\"ListItem\",\"position\":2,\"name\":\"Gerson e Jorge Sampaoli, do Flamengo, ajudaram o Vasco a se refor\u00e7ar\"}]},{\"@type\":\"WebSite\",\"@id\":\"https:\/\/www.gaveanews.com\/#website\",\"url\":\"https:\/\/www.gaveanews.com\/\",\"name\":\"G\u00e1vea News\",\"description\":\"Veja todas as not\u00edcias sobre o Flamengo: Contrata\u00e7\u00f5es, categorias de base, resultados das partidas, tabela de classifica\u00e7\u00e3o, pr\u00f3ximos jogos!\",\"potentialAction\":[{\"@type\":\"SearchAction\",\"target\":{\"@type\":\"EntryPoint\",\"urlTemplate\":\"https:\/\/www.gaveanews.com\/?s={search_term_string}\"},\"query-input\":{\"@type\":\"PropertyValueSpecification\",\"valueRequired\":true,\"valueName\":\"search_term_string\"}}],\"inLanguage\":\"pt-BR\"},{\"@type\":\"Person\",\"@id\":\"https:\/\/www.gaveanews.com\/#\/schema\/person\/2ec14f73fb96be2caf28f91afb14749d\",\"name\":\"Equipe G\u00e1vea News\",\"image\":{\"@type\":\"ImageObject\",\"inLanguage\":\"pt-BR\",\"@id\":\"https:\/\/www.gaveanews.com\/#\/schema\/person\/image\/\",\"url\":\"https:\/\/secure.gravatar.com\/avatar\/1e1956f1facbffd3f8fa53a326721950116b3b9dc9bd44939c01180fd4a745a9?s=96&d=mm&r=g\",\"contentUrl\":\"https:\/\/secure.gravatar.com\/avatar\/1e1956f1facbffd3f8fa53a326721950116b3b9dc9bd44939c01180fd4a745a9?s=96&d=mm&r=g\",\"caption\":\"Equipe G\u00e1vea News\"}}]}<\/script>\n<!-- \/ Yoast SEO Premium plugin. -->","yoast_head_json":{"title":"Gerson e Jorge Sampaoli, do Flamengo, ajudaram o Vasco a se refor\u00e7ar","robots":{"index":"index","follow":"follow","max-snippet":"max-snippet:-1","max-image-preview":"max-image-preview:large","max-video-preview":"max-video-preview:-1"},"canonical":"https:\/\/www.gaveanews.com\/index.php\/2023\/08\/13\/gerson-e-jorge-sampaoli-do-flamengo-ajudaram-o-vasco-a-se-reforcar\/","og_locale":"pt_BR","og_type":"article","og_title":"Gerson e Jorge Sampaoli, do Flamengo, ajudaram o Vasco a se refor\u00e7ar","og_description":"O jogador franc\u00eas Dimitri Payet deve ser o novo refor\u00e7o do Vasco para a temporada 2023, e segundo o jornal franc\u00eas &#8216;L&#8217;\u00c9quipe&#8217; deste domingo (13), dois rivais podem ter dado uma &#8216;m\u00e3ozinha&#8217; para que o atleta de 36 anos aceitasse jogar no Brasil. Jorge Sampaoli e Gerson, do Flamengo, trabalharam com Payet no Olympique de [&hellip;]","og_url":"https:\/\/www.gaveanews.com\/index.php\/2023\/08\/13\/gerson-e-jorge-sampaoli-do-flamengo-ajudaram-o-vasco-a-se-reforcar\/","og_site_name":"G\u00e1vea News","article_publisher":"https:\/\/facebook.com\/gaveaNews\/","article_published_time":"2023-08-13T13:13:16+00:00","article_modified_time":"2023-08-13T13:13:19+00:00","og_image":[{"width":800,"height":533,"url":"https:\/\/www.gaveanews.com\/wp-content\/uploads\/Gerson-em-acao-pelo-Flamengo-durante-o-jogo-contra-o-Velez-na-Copa-Libertadores-da-America-de-2021.webp","type":"image\/jpeg"}],"author":"Equipe G\u00e1vea News","twitter_card":"summary_large_image","twitter_misc":{"Escrito por":"Equipe G\u00e1vea News","Est. tempo de leitura":"2 minutos"},"schema":{"@context":"https:\/\/schema.org","@graph":[{"@type":"NewsArticle","@id":"https:\/\/www.gaveanews.com\/index.php\/2023\/08\/13\/gerson-e-jorge-sampaoli-do-flamengo-ajudaram-o-vasco-a-se-reforcar\/#article","isPartOf":{"@id":"https:\/\/www.gaveanews.com\/index.php\/2023\/08\/13\/gerson-e-jorge-sampaoli-do-flamengo-ajudaram-o-vasco-a-se-reforcar\/"},"author":{"name":"Equipe G\u00e1vea News","@id":"https:\/\/www.gaveanews.com\/#\/schema\/person\/2ec14f73fb96be2caf28f91afb14749d"},"headline":"Gerson e Jorge Sampaoli, do Flamengo, ajudaram o Vasco a se refor\u00e7ar","datePublished":"2023-08-13T13:13:16+00:00","dateModified":"2023-08-13T13:13:19+00:00","mainEntityOfPage":{"@id":"https:\/\/www.gaveanews.com\/index.php\/2023\/08\/13\/gerson-e-jorge-sampaoli-do-flamengo-ajudaram-o-vasco-a-se-reforcar\/"},"wordCount":291,"commentCount":0,"image":{"@id":"https:\/\/www.gaveanews.com\/index.php\/2023\/08\/13\/gerson-e-jorge-sampaoli-do-flamengo-ajudaram-o-vasco-a-se-reforcar\/#primaryimage"},"thumbnailUrl":"https:\/\/www.gaveanews.com\/wp-content\/uploads\/Gerson-em-acao-pelo-Flamengo-durante-o-jogo-contra-o-Velez-na-Copa-Libertadores-da-America-de-2021.webp","articleSection":["Negocia\u00e7\u00f5es"],"inLanguage":"pt-BR","potentialAction":[{"@type":"CommentAction","name":"Comment","target":["https:\/\/www.gaveanews.com\/index.php\/2023\/08\/13\/gerson-e-jorge-sampaoli-do-flamengo-ajudaram-o-vasco-a-se-reforcar\/#respond"]}],"copyrightYear":"2023","copyrightHolder":{"@id":"https:\/\/www.gaveanews.com\/#organization"}},{"@type":"WebPage","@id":"https:\/\/www.gaveanews.com\/index.php\/2023\/08\/13\/gerson-e-jorge-sampaoli-do-flamengo-ajudaram-o-vasco-a-se-reforcar\/","url":"https:\/\/www.gaveanews.com\/index.php\/2023\/08\/13\/gerson-e-jorge-sampaoli-do-flamengo-ajudaram-o-vasco-a-se-reforcar\/","name":"Gerson e Jorge Sampaoli, do Flamengo, ajudaram o Vasco a se refor\u00e7ar","isPartOf":{"@id":"https:\/\/www.gaveanews.com\/#website"},"primaryImageOfPage":{"@id":"https:\/\/www.gaveanews.com\/index.php\/2023\/08\/13\/gerson-e-jorge-sampaoli-do-flamengo-ajudaram-o-vasco-a-se-reforcar\/#primaryimage"},"image":{"@id":"https:\/\/www.gaveanews.com\/index.php\/2023\/08\/13\/gerson-e-jorge-sampaoli-do-flamengo-ajudaram-o-vasco-a-se-reforcar\/#primaryimage"},"thumbnailUrl":"https:\/\/www.gaveanews.com\/wp-content\/uploads\/Gerson-em-acao-pelo-Flamengo-durante-o-jogo-contra-o-Velez-na-Copa-Libertadores-da-America-de-2021.webp","datePublished":"2023-08-13T13:13:16+00:00","dateModified":"2023-08-13T13:13:19+00:00","author":{"@id":"https:\/\/www.gaveanews.com\/#\/schema\/person\/2ec14f73fb96be2caf28f91afb14749d"},"breadcrumb":{"@id":"https:\/\/www.gaveanews.com\/index.php\/2023\/08\/13\/gerson-e-jorge-sampaoli-do-flamengo-ajudaram-o-vasco-a-se-reforcar\/#breadcrumb"},"inLanguage":"pt-BR","potentialAction":[{"@type":"ReadAction","target":["https:\/\/www.gaveanews.com\/index.php\/2023\/08\/13\/gerson-e-jorge-sampaoli-do-flamengo-ajudaram-o-vasco-a-se-reforcar\/"]}]},{"@type":"ImageObject","inLanguage":"pt-BR","@id":"https:\/\/www.gaveanews.com\/index.php\/2023\/08\/13\/gerson-e-jorge-sampaoli-do-flamengo-ajudaram-o-vasco-a-se-reforcar\/#primaryimage","url":"https:\/\/www.gaveanews.com\/wp-content\/uploads\/Gerson-em-acao-pelo-Flamengo-durante-o-jogo-contra-o-Velez-na-Copa-Libertadores-da-America-de-2021.webp","contentUrl":"https:\/\/www.gaveanews.com\/wp-content\/uploads\/Gerson-em-acao-pelo-Flamengo-durante-o-jogo-contra-o-Velez-na-Copa-Libertadores-da-America-de-2021.webp","width":800,"height":533,"caption":"Gerson em a\u00e7\u00e3o pelo Flamengo durante o jogo contra o Velez na Copa Libertadores da Am\u00e9rica de 2021 (Foto: Marcelo Cortes \/Flamengo)"},{"@type":"BreadcrumbList","@id":"https:\/\/www.gaveanews.com\/index.php\/2023\/08\/13\/gerson-e-jorge-sampaoli-do-flamengo-ajudaram-o-vasco-a-se-reforcar\/#breadcrumb","itemListElement":[{"@type":"ListItem","position":1,"name":"Home","item":"https:\/\/www.gaveanews.com\/"},{"@type":"ListItem","position":2,"name":"Gerson e Jorge Sampaoli, do Flamengo, ajudaram o Vasco a se refor\u00e7ar"}]},{"@type":"WebSite","@id":"https:\/\/www.gaveanews.com\/#website","url":"https:\/\/www.gaveanews.com\/","name":"G\u00e1vea News","description":"Veja todas as not\u00edcias sobre o Flamengo: Contrata\u00e7\u00f5es, categorias de base, resultados das partidas, tabela de classifica\u00e7\u00e3o, pr\u00f3ximos jogos!","potentialAction":[{"@type":"SearchAction","target":{"@type":"EntryPoint","urlTemplate":"https:\/\/www.gaveanews.com\/?s={search_term_string}"},"query-input":{"@type":"PropertyValueSpecification","valueRequired":true,"valueName":"search_term_string"}}],"inLanguage":"pt-BR"},{"@type":"Person","@id":"https:\/\/www.gaveanews.com\/#\/schema\/person\/2ec14f73fb96be2caf28f91afb14749d","name":"Equipe G\u00e1vea News","image":{"@type":"ImageObject","inLanguage":"pt-BR","@id":"https:\/\/www.gaveanews.com\/#\/schema\/person\/image\/","url":"https:\/\/secure.gravatar.com\/avatar\/1e1956f1facbffd3f8fa53a326721950116b3b9dc9bd44939c01180fd4a745a9?s=96&d=mm&r=g","contentUrl":"https:\/\/secure.gravatar.com\/avatar\/1e1956f1facbffd3f8fa53a326721950116b3b9dc9bd44939c01180fd4a745a9?s=96&d=mm&r=g","caption":"Equipe G\u00e1vea News"}}]}},"_links":{"self":[{"href":"https:\/\/www.gaveanews.com\/index.php\/wp-json\/wp\/v2\/posts\/104632","targetHints":{"allow":["GET"]}}],"collection":[{"href":"https:\/\/www.gaveanews.com\/index.php\/wp-json\/wp\/v2\/posts"}],"about":[{"href":"https:\/\/www.gaveanews.com\/index.php\/wp-json\/wp\/v2\/types\/post"}],"author":[{"embeddable":true,"href":"https:\/\/www.gaveanews.com\/index.php\/wp-json\/wp\/v2\/users\/1"}],"replies":[{"embeddable":true,"href":"https:\/\/www.gaveanews.com\/index.php\/wp-json\/wp\/v2\/comments?post=104632"}],"version-history":[{"count":0,"href":"https:\/\/www.gaveanews.com\/index.php\/wp-json\/wp\/v2\/posts\/104632\/revisions"}],"wp:featuredmedia":[{"embeddable":true,"href":"https:\/\/www.gaveanews.com\/index.php\/wp-json\/wp\/v2\/media\/59663"}],"wp:attachment":[{"href":"https:\/\/www.gaveanews.com\/index.php\/wp-json\/wp\/v2\/media?parent=104632"}],"wp:term":[{"taxonomy":"category","embeddable":true,"href":"https:\/\/www.gaveanews.com\/index.php\/wp-json\/wp\/v2\/categories?post=104632"},{"taxonomy":"post_tag","embeddable":true,"href":"https:\/\/www.gaveanews.com\/index.php\/wp-json\/wp\/v2\/tags?post=104632"}],"curies":[{"name":"wp","href":"https:\/\/api.w.org\/{rel}","templated":true}]}}