{"id":104643,"date":"2023-08-13T14:19:16","date_gmt":"2023-08-13T17:19:16","guid":{"rendered":"https:\/\/www.gaveanews.com\/?p=104643"},"modified":"2023-08-13T14:19:19","modified_gmt":"2023-08-13T17:19:19","slug":"apresentador-aponta-principal-culpado-pela-crise-no-flamengo-e-cobra-demissao","status":"publish","type":"post","link":"https:\/\/www.gaveanews.com\/index.php\/2023\/08\/13\/apresentador-aponta-principal-culpado-pela-crise-no-flamengo-e-cobra-demissao\/","title":{"rendered":"Apresentador aponta principal culpado pela crise no Flamengo e cobra demiss\u00e3o"},"content":{"rendered":"\n<p>Eliminado de forma precoce da Libertadores, o Flamengo tende a viver dias intensos de muitas cobran\u00e7as da torcida. Neste s\u00e1bado (12), por exemplo, os muros do CT Ninho do Urubu amanheceram pichados com mensagens direcionadas ao elenco, comiss\u00e3o t\u00e9cnica e a diretoria. Para o ex-jogador Neto, que comanda Os Donos da Bola, da Band, est\u00e1 muito claro quem \u00e9 o principal respons\u00e1vel pela crise no clube carioca.<\/p>\n\n\n\n<p>\u201cO culpado \u00e9 o Jorge Sampaoli. \u00c9 ele quem precisa ser mandado embora\u201d, esbravejou o apresentador na \u00faltima sexta-feira.<\/p>\n\n\n\n<p>Apesar dos protestos da torcida, o treinador argentino foi mantido no cargo. Segundo o site GOAL, a decis\u00e3o final partiu do presidente Rodolfo Landim, que tamb\u00e9m foi um dos grandes entusiastas da contra\u00e7\u00e3o do profissional que assumiu o lugar de Vitor Pereira. Ainda assim, Sampaoli n\u00e3o \u00e9 unanimidade no clube e muito menos entre os jogadores.<\/p>\n\n\n\n<p>\u201cRecebi uma mensagem de uma pessoa que vive o dia a dia do Ninho do Urubu que disse o seguinte: \u2018O Sampaoli perdeu mais da metade do elenco\u2019. Mais da metade do elenco n\u00e3o confia no Sampaoli. Isso que vai pesar nos pr\u00f3ximos dias, mais do que os resultados e a elimina\u00e7\u00e3o pesada na Libertadores.\u201d, disse Eric Faria no Sele\u00e7\u00e3o SporTV.<\/p>\n\n\n\n<p>Caso o Flamengo opte pela demiss\u00e3o de Sampaoli, que possui contrato vigente at\u00e9 dezembro de 2024, o preju\u00edzo financeiro ser\u00e1 grande. A multa rescis\u00f3ria \u00e9 de 3 milh\u00f5es de euros (cerca de 16 milh\u00f5es de reais).<\/p>\n\n\n\n<p>Retirado de: Torcedores<\/p>\n","protected":false},"excerpt":{"rendered":"<p>Eliminado de forma precoce da Libertadores, o Flamengo tende a viver dias intensos de muitas cobran\u00e7as da torcida. Neste s\u00e1bado (12), por exemplo, os muros do CT Ninho do Urubu amanheceram pichados com mensagens direcionadas ao elenco, comiss\u00e3o t\u00e9cnica e a diretoria. Para o ex-jogador Neto, que comanda Os Donos da Bola, da Band, est\u00e1 [&hellip;]<\/p>\n","protected":false},"author":1,"featured_media":97554,"comment_status":"open","ping_status":"closed","sticky":false,"template":"","format":"standard","meta":{"footnotes":""},"categories":[1],"tags":[],"class_list":["post-104643","post","type-post","status-publish","format-standard","has-post-thumbnail","hentry","category-flamengo"],"yoast_head":"<!-- This site is optimized with the Yoast SEO Premium plugin v24.2 (Yoast SEO v26.9) - https:\/\/yoast.com\/product\/yoast-seo-premium-wordpress\/ -->\n<title>Apresentador aponta principal culpado pela crise no Flamengo e cobra demiss\u00e3o<\/title>\n<meta name=\"robots\" content=\"index, follow, max-snippet:-1, max-image-preview:large, max-video-preview:-1\" \/>\n<link rel=\"canonical\" href=\"https:\/\/www.gaveanews.com\/index.php\/2023\/08\/13\/apresentador-aponta-principal-culpado-pela-crise-no-flamengo-e-cobra-demissao\/\" \/>\n<meta property=\"og:locale\" content=\"pt_BR\" \/>\n<meta property=\"og:type\" content=\"article\" \/>\n<meta property=\"og:title\" content=\"Apresentador aponta principal culpado pela crise no Flamengo e cobra demiss\u00e3o\" \/>\n<meta property=\"og:description\" content=\"Eliminado de forma precoce da Libertadores, o Flamengo tende a viver dias intensos de muitas cobran\u00e7as da torcida. Neste s\u00e1bado (12), por exemplo, os muros do CT Ninho do Urubu amanheceram pichados com mensagens direcionadas ao elenco, comiss\u00e3o t\u00e9cnica e a diretoria. Para o ex-jogador Neto, que comanda Os Donos da Bola, da Band, est\u00e1 [&hellip;]\" \/>\n<meta property=\"og:url\" content=\"https:\/\/www.gaveanews.com\/index.php\/2023\/08\/13\/apresentador-aponta-principal-culpado-pela-crise-no-flamengo-e-cobra-demissao\/\" \/>\n<meta property=\"og:site_name\" content=\"G\u00e1vea News\" \/>\n<meta property=\"article:publisher\" content=\"https:\/\/facebook.com\/gaveaNews\/\" \/>\n<meta property=\"article:published_time\" content=\"2023-08-13T17:19:16+00:00\" \/>\n<meta property=\"article:modified_time\" content=\"2023-08-13T17:19:19+00:00\" \/>\n<meta property=\"og:image\" content=\"https:\/\/www.gaveanews.com\/wp-content\/uploads\/jorge-sampaoli-flamengo-maracana-libertadores.webp\" \/>\n\t<meta property=\"og:image:width\" content=\"900\" \/>\n\t<meta property=\"og:image:height\" content=\"599\" \/>\n\t<meta property=\"og:image:type\" content=\"image\/jpeg\" \/>\n<meta name=\"author\" content=\"Equipe G\u00e1vea News\" \/>\n<meta name=\"twitter:card\" content=\"summary_large_image\" \/>\n<meta name=\"twitter:label1\" content=\"Escrito por\" \/>\n\t<meta name=\"twitter:data1\" content=\"Equipe G\u00e1vea News\" \/>\n\t<meta name=\"twitter:label2\" content=\"Est. tempo de leitura\" \/>\n\t<meta name=\"twitter:data2\" content=\"2 minutos\" \/>\n<script type=\"application\/ld+json\" class=\"yoast-schema-graph\">{\"@context\":\"https:\/\/schema.org\",\"@graph\":[{\"@type\":\"NewsArticle\",\"@id\":\"https:\/\/www.gaveanews.com\/index.php\/2023\/08\/13\/apresentador-aponta-principal-culpado-pela-crise-no-flamengo-e-cobra-demissao\/#article\",\"isPartOf\":{\"@id\":\"https:\/\/www.gaveanews.com\/index.php\/2023\/08\/13\/apresentador-aponta-principal-culpado-pela-crise-no-flamengo-e-cobra-demissao\/\"},\"author\":{\"name\":\"Equipe G\u00e1vea News\",\"@id\":\"https:\/\/www.gaveanews.com\/#\/schema\/person\/2ec14f73fb96be2caf28f91afb14749d\"},\"headline\":\"Apresentador aponta principal culpado pela crise no Flamengo e cobra demiss\u00e3o\",\"datePublished\":\"2023-08-13T17:19:16+00:00\",\"dateModified\":\"2023-08-13T17:19:19+00:00\",\"mainEntityOfPage\":{\"@id\":\"https:\/\/www.gaveanews.com\/index.php\/2023\/08\/13\/apresentador-aponta-principal-culpado-pela-crise-no-flamengo-e-cobra-demissao\/\"},\"wordCount\":263,\"commentCount\":0,\"image\":{\"@id\":\"https:\/\/www.gaveanews.com\/index.php\/2023\/08\/13\/apresentador-aponta-principal-culpado-pela-crise-no-flamengo-e-cobra-demissao\/#primaryimage\"},\"thumbnailUrl\":\"https:\/\/www.gaveanews.com\/wp-content\/uploads\/jorge-sampaoli-flamengo-maracana-libertadores.webp\",\"articleSection\":[\"Flamengo\"],\"inLanguage\":\"pt-BR\",\"potentialAction\":[{\"@type\":\"CommentAction\",\"name\":\"Comment\",\"target\":[\"https:\/\/www.gaveanews.com\/index.php\/2023\/08\/13\/apresentador-aponta-principal-culpado-pela-crise-no-flamengo-e-cobra-demissao\/#respond\"]}],\"copyrightYear\":\"2023\",\"copyrightHolder\":{\"@id\":\"https:\/\/www.gaveanews.com\/#organization\"}},{\"@type\":\"WebPage\",\"@id\":\"https:\/\/www.gaveanews.com\/index.php\/2023\/08\/13\/apresentador-aponta-principal-culpado-pela-crise-no-flamengo-e-cobra-demissao\/\",\"url\":\"https:\/\/www.gaveanews.com\/index.php\/2023\/08\/13\/apresentador-aponta-principal-culpado-pela-crise-no-flamengo-e-cobra-demissao\/\",\"name\":\"Apresentador aponta principal culpado pela crise no Flamengo e cobra demiss\u00e3o\",\"isPartOf\":{\"@id\":\"https:\/\/www.gaveanews.com\/#website\"},\"primaryImageOfPage\":{\"@id\":\"https:\/\/www.gaveanews.com\/index.php\/2023\/08\/13\/apresentador-aponta-principal-culpado-pela-crise-no-flamengo-e-cobra-demissao\/#primaryimage\"},\"image\":{\"@id\":\"https:\/\/www.gaveanews.com\/index.php\/2023\/08\/13\/apresentador-aponta-principal-culpado-pela-crise-no-flamengo-e-cobra-demissao\/#primaryimage\"},\"thumbnailUrl\":\"https:\/\/www.gaveanews.com\/wp-content\/uploads\/jorge-sampaoli-flamengo-maracana-libertadores.webp\",\"datePublished\":\"2023-08-13T17:19:16+00:00\",\"dateModified\":\"2023-08-13T17:19:19+00:00\",\"author\":{\"@id\":\"https:\/\/www.gaveanews.com\/#\/schema\/person\/2ec14f73fb96be2caf28f91afb14749d\"},\"breadcrumb\":{\"@id\":\"https:\/\/www.gaveanews.com\/index.php\/2023\/08\/13\/apresentador-aponta-principal-culpado-pela-crise-no-flamengo-e-cobra-demissao\/#breadcrumb\"},\"inLanguage\":\"pt-BR\",\"potentialAction\":[{\"@type\":\"ReadAction\",\"target\":[\"https:\/\/www.gaveanews.com\/index.php\/2023\/08\/13\/apresentador-aponta-principal-culpado-pela-crise-no-flamengo-e-cobra-demissao\/\"]}]},{\"@type\":\"ImageObject\",\"inLanguage\":\"pt-BR\",\"@id\":\"https:\/\/www.gaveanews.com\/index.php\/2023\/08\/13\/apresentador-aponta-principal-culpado-pela-crise-no-flamengo-e-cobra-demissao\/#primaryimage\",\"url\":\"https:\/\/www.gaveanews.com\/wp-content\/uploads\/jorge-sampaoli-flamengo-maracana-libertadores.webp\",\"contentUrl\":\"https:\/\/www.gaveanews.com\/wp-content\/uploads\/jorge-sampaoli-flamengo-maracana-libertadores.webp\",\"width\":900,\"height\":599,\"caption\":\"Sampaoli comanda o Flamengo no Maracan\u00e3 (Foto: Marcelo Cortes\/Flamengo)\"},{\"@type\":\"BreadcrumbList\",\"@id\":\"https:\/\/www.gaveanews.com\/index.php\/2023\/08\/13\/apresentador-aponta-principal-culpado-pela-crise-no-flamengo-e-cobra-demissao\/#breadcrumb\",\"itemListElement\":[{\"@type\":\"ListItem\",\"position\":1,\"name\":\"Home\",\"item\":\"https:\/\/www.gaveanews.com\/\"},{\"@type\":\"ListItem\",\"position\":2,\"name\":\"Apresentador aponta principal culpado pela crise no Flamengo e cobra demiss\u00e3o\"}]},{\"@type\":\"WebSite\",\"@id\":\"https:\/\/www.gaveanews.com\/#website\",\"url\":\"https:\/\/www.gaveanews.com\/\",\"name\":\"G\u00e1vea News\",\"description\":\"Veja todas as not\u00edcias sobre o Flamengo: Contrata\u00e7\u00f5es, categorias de base, resultados das partidas, tabela de classifica\u00e7\u00e3o, pr\u00f3ximos jogos!\",\"potentialAction\":[{\"@type\":\"SearchAction\",\"target\":{\"@type\":\"EntryPoint\",\"urlTemplate\":\"https:\/\/www.gaveanews.com\/?s={search_term_string}\"},\"query-input\":{\"@type\":\"PropertyValueSpecification\",\"valueRequired\":true,\"valueName\":\"search_term_string\"}}],\"inLanguage\":\"pt-BR\"},{\"@type\":\"Person\",\"@id\":\"https:\/\/www.gaveanews.com\/#\/schema\/person\/2ec14f73fb96be2caf28f91afb14749d\",\"name\":\"Equipe G\u00e1vea News\",\"image\":{\"@type\":\"ImageObject\",\"inLanguage\":\"pt-BR\",\"@id\":\"https:\/\/www.gaveanews.com\/#\/schema\/person\/image\/\",\"url\":\"https:\/\/secure.gravatar.com\/avatar\/1e1956f1facbffd3f8fa53a326721950116b3b9dc9bd44939c01180fd4a745a9?s=96&d=mm&r=g\",\"contentUrl\":\"https:\/\/secure.gravatar.com\/avatar\/1e1956f1facbffd3f8fa53a326721950116b3b9dc9bd44939c01180fd4a745a9?s=96&d=mm&r=g\",\"caption\":\"Equipe G\u00e1vea News\"}}]}<\/script>\n<!-- \/ Yoast SEO Premium plugin. -->","yoast_head_json":{"title":"Apresentador aponta principal culpado pela crise no Flamengo e cobra demiss\u00e3o","robots":{"index":"index","follow":"follow","max-snippet":"max-snippet:-1","max-image-preview":"max-image-preview:large","max-video-preview":"max-video-preview:-1"},"canonical":"https:\/\/www.gaveanews.com\/index.php\/2023\/08\/13\/apresentador-aponta-principal-culpado-pela-crise-no-flamengo-e-cobra-demissao\/","og_locale":"pt_BR","og_type":"article","og_title":"Apresentador aponta principal culpado pela crise no Flamengo e cobra demiss\u00e3o","og_description":"Eliminado de forma precoce da Libertadores, o Flamengo tende a viver dias intensos de muitas cobran\u00e7as da torcida. Neste s\u00e1bado (12), por exemplo, os muros do CT Ninho do Urubu amanheceram pichados com mensagens direcionadas ao elenco, comiss\u00e3o t\u00e9cnica e a diretoria. Para o ex-jogador Neto, que comanda Os Donos da Bola, da Band, est\u00e1 [&hellip;]","og_url":"https:\/\/www.gaveanews.com\/index.php\/2023\/08\/13\/apresentador-aponta-principal-culpado-pela-crise-no-flamengo-e-cobra-demissao\/","og_site_name":"G\u00e1vea News","article_publisher":"https:\/\/facebook.com\/gaveaNews\/","article_published_time":"2023-08-13T17:19:16+00:00","article_modified_time":"2023-08-13T17:19:19+00:00","og_image":[{"width":900,"height":599,"url":"https:\/\/www.gaveanews.com\/wp-content\/uploads\/jorge-sampaoli-flamengo-maracana-libertadores.webp","type":"image\/jpeg"}],"author":"Equipe G\u00e1vea News","twitter_card":"summary_large_image","twitter_misc":{"Escrito por":"Equipe G\u00e1vea News","Est. tempo de leitura":"2 minutos"},"schema":{"@context":"https:\/\/schema.org","@graph":[{"@type":"NewsArticle","@id":"https:\/\/www.gaveanews.com\/index.php\/2023\/08\/13\/apresentador-aponta-principal-culpado-pela-crise-no-flamengo-e-cobra-demissao\/#article","isPartOf":{"@id":"https:\/\/www.gaveanews.com\/index.php\/2023\/08\/13\/apresentador-aponta-principal-culpado-pela-crise-no-flamengo-e-cobra-demissao\/"},"author":{"name":"Equipe G\u00e1vea News","@id":"https:\/\/www.gaveanews.com\/#\/schema\/person\/2ec14f73fb96be2caf28f91afb14749d"},"headline":"Apresentador aponta principal culpado pela crise no Flamengo e cobra demiss\u00e3o","datePublished":"2023-08-13T17:19:16+00:00","dateModified":"2023-08-13T17:19:19+00:00","mainEntityOfPage":{"@id":"https:\/\/www.gaveanews.com\/index.php\/2023\/08\/13\/apresentador-aponta-principal-culpado-pela-crise-no-flamengo-e-cobra-demissao\/"},"wordCount":263,"commentCount":0,"image":{"@id":"https:\/\/www.gaveanews.com\/index.php\/2023\/08\/13\/apresentador-aponta-principal-culpado-pela-crise-no-flamengo-e-cobra-demissao\/#primaryimage"},"thumbnailUrl":"https:\/\/www.gaveanews.com\/wp-content\/uploads\/jorge-sampaoli-flamengo-maracana-libertadores.webp","articleSection":["Flamengo"],"inLanguage":"pt-BR","potentialAction":[{"@type":"CommentAction","name":"Comment","target":["https:\/\/www.gaveanews.com\/index.php\/2023\/08\/13\/apresentador-aponta-principal-culpado-pela-crise-no-flamengo-e-cobra-demissao\/#respond"]}],"copyrightYear":"2023","copyrightHolder":{"@id":"https:\/\/www.gaveanews.com\/#organization"}},{"@type":"WebPage","@id":"https:\/\/www.gaveanews.com\/index.php\/2023\/08\/13\/apresentador-aponta-principal-culpado-pela-crise-no-flamengo-e-cobra-demissao\/","url":"https:\/\/www.gaveanews.com\/index.php\/2023\/08\/13\/apresentador-aponta-principal-culpado-pela-crise-no-flamengo-e-cobra-demissao\/","name":"Apresentador aponta principal culpado pela crise no Flamengo e cobra demiss\u00e3o","isPartOf":{"@id":"https:\/\/www.gaveanews.com\/#website"},"primaryImageOfPage":{"@id":"https:\/\/www.gaveanews.com\/index.php\/2023\/08\/13\/apresentador-aponta-principal-culpado-pela-crise-no-flamengo-e-cobra-demissao\/#primaryimage"},"image":{"@id":"https:\/\/www.gaveanews.com\/index.php\/2023\/08\/13\/apresentador-aponta-principal-culpado-pela-crise-no-flamengo-e-cobra-demissao\/#primaryimage"},"thumbnailUrl":"https:\/\/www.gaveanews.com\/wp-content\/uploads\/jorge-sampaoli-flamengo-maracana-libertadores.webp","datePublished":"2023-08-13T17:19:16+00:00","dateModified":"2023-08-13T17:19:19+00:00","author":{"@id":"https:\/\/www.gaveanews.com\/#\/schema\/person\/2ec14f73fb96be2caf28f91afb14749d"},"breadcrumb":{"@id":"https:\/\/www.gaveanews.com\/index.php\/2023\/08\/13\/apresentador-aponta-principal-culpado-pela-crise-no-flamengo-e-cobra-demissao\/#breadcrumb"},"inLanguage":"pt-BR","potentialAction":[{"@type":"ReadAction","target":["https:\/\/www.gaveanews.com\/index.php\/2023\/08\/13\/apresentador-aponta-principal-culpado-pela-crise-no-flamengo-e-cobra-demissao\/"]}]},{"@type":"ImageObject","inLanguage":"pt-BR","@id":"https:\/\/www.gaveanews.com\/index.php\/2023\/08\/13\/apresentador-aponta-principal-culpado-pela-crise-no-flamengo-e-cobra-demissao\/#primaryimage","url":"https:\/\/www.gaveanews.com\/wp-content\/uploads\/jorge-sampaoli-flamengo-maracana-libertadores.webp","contentUrl":"https:\/\/www.gaveanews.com\/wp-content\/uploads\/jorge-sampaoli-flamengo-maracana-libertadores.webp","width":900,"height":599,"caption":"Sampaoli comanda o Flamengo no Maracan\u00e3 (Foto: Marcelo Cortes\/Flamengo)"},{"@type":"BreadcrumbList","@id":"https:\/\/www.gaveanews.com\/index.php\/2023\/08\/13\/apresentador-aponta-principal-culpado-pela-crise-no-flamengo-e-cobra-demissao\/#breadcrumb","itemListElement":[{"@type":"ListItem","position":1,"name":"Home","item":"https:\/\/www.gaveanews.com\/"},{"@type":"ListItem","position":2,"name":"Apresentador aponta principal culpado pela crise no Flamengo e cobra demiss\u00e3o"}]},{"@type":"WebSite","@id":"https:\/\/www.gaveanews.com\/#website","url":"https:\/\/www.gaveanews.com\/","name":"G\u00e1vea News","description":"Veja todas as not\u00edcias sobre o Flamengo: Contrata\u00e7\u00f5es, categorias de base, resultados das partidas, tabela de classifica\u00e7\u00e3o, pr\u00f3ximos jogos!","potentialAction":[{"@type":"SearchAction","target":{"@type":"EntryPoint","urlTemplate":"https:\/\/www.gaveanews.com\/?s={search_term_string}"},"query-input":{"@type":"PropertyValueSpecification","valueRequired":true,"valueName":"search_term_string"}}],"inLanguage":"pt-BR"},{"@type":"Person","@id":"https:\/\/www.gaveanews.com\/#\/schema\/person\/2ec14f73fb96be2caf28f91afb14749d","name":"Equipe G\u00e1vea News","image":{"@type":"ImageObject","inLanguage":"pt-BR","@id":"https:\/\/www.gaveanews.com\/#\/schema\/person\/image\/","url":"https:\/\/secure.gravatar.com\/avatar\/1e1956f1facbffd3f8fa53a326721950116b3b9dc9bd44939c01180fd4a745a9?s=96&d=mm&r=g","contentUrl":"https:\/\/secure.gravatar.com\/avatar\/1e1956f1facbffd3f8fa53a326721950116b3b9dc9bd44939c01180fd4a745a9?s=96&d=mm&r=g","caption":"Equipe G\u00e1vea News"}}]}},"_links":{"self":[{"href":"https:\/\/www.gaveanews.com\/index.php\/wp-json\/wp\/v2\/posts\/104643","targetHints":{"allow":["GET"]}}],"collection":[{"href":"https:\/\/www.gaveanews.com\/index.php\/wp-json\/wp\/v2\/posts"}],"about":[{"href":"https:\/\/www.gaveanews.com\/index.php\/wp-json\/wp\/v2\/types\/post"}],"author":[{"embeddable":true,"href":"https:\/\/www.gaveanews.com\/index.php\/wp-json\/wp\/v2\/users\/1"}],"replies":[{"embeddable":true,"href":"https:\/\/www.gaveanews.com\/index.php\/wp-json\/wp\/v2\/comments?post=104643"}],"version-history":[{"count":0,"href":"https:\/\/www.gaveanews.com\/index.php\/wp-json\/wp\/v2\/posts\/104643\/revisions"}],"wp:featuredmedia":[{"embeddable":true,"href":"https:\/\/www.gaveanews.com\/index.php\/wp-json\/wp\/v2\/media\/97554"}],"wp:attachment":[{"href":"https:\/\/www.gaveanews.com\/index.php\/wp-json\/wp\/v2\/media?parent=104643"}],"wp:term":[{"taxonomy":"category","embeddable":true,"href":"https:\/\/www.gaveanews.com\/index.php\/wp-json\/wp\/v2\/categories?post=104643"},{"taxonomy":"post_tag","embeddable":true,"href":"https:\/\/www.gaveanews.com\/index.php\/wp-json\/wp\/v2\/tags?post=104643"}],"curies":[{"name":"wp","href":"https:\/\/api.w.org\/{rel}","templated":true}]}}