{"id":104666,"date":"2023-08-14T08:16:36","date_gmt":"2023-08-14T11:16:36","guid":{"rendered":"https:\/\/www.gaveanews.com\/?p=104666"},"modified":"2023-08-14T08:16:38","modified_gmt":"2023-08-14T11:16:38","slug":"ex-arbitros-analisam-penalti-marcado-para-o-flamengo-contra-o-sao-paulo","status":"publish","type":"post","link":"https:\/\/www.gaveanews.com\/index.php\/2023\/08\/14\/ex-arbitros-analisam-penalti-marcado-para-o-flamengo-contra-o-sao-paulo\/","title":{"rendered":"Ex-\u00e1rbitros analisam p\u00eanalti marcado para o Flamengo contra o S\u00e3o Paulo"},"content":{"rendered":"\n<p>O final da partida entre Flamengo e S\u00e3o Paulo, pelo Campeonato Brasileiro, ficou marcado por um lance pol\u00eamico envolvendo Luiz Ara\u00fajo e Michel Ara\u00fajo. Na jogada, o \u00e1rbitro Rafael Rodrigo Klein marcou p\u00eanalti do meio-campista no atacante rubro-negro, fato que culminou com o empate dos cariocas j\u00e1 nos acr\u00e9scimos ap\u00f3s gol de Pedro. O UOL ouviu ex-ju\u00edzes sobre a jogada. E a\u00ed, foi ou n\u00e3o foi?<\/p>\n\n\n\n<h2 class=\"wp-block-heading\" id=\"h-foi-penalti\">Foi p\u00eanalti?<\/h2>\n\n\n\n<p><strong>Nadine Basttos: <\/strong>&#8220;O p\u00eanalti foi bem marcado. O Michael Ara\u00fajo foi imprudente e cometeu a falta no Luiz Ara\u00fajo. A d\u00favida era a posi\u00e7\u00e3o do Luiz Ara\u00fajo no in\u00edcio da jogada, mas que foi revisada pelo VAR como posi\u00e7\u00e3o legal&#8221;.<\/p>\n\n\n\n<p><strong>Guilherme Ceretta:<\/strong> &#8220;Se isso \u00e9 p\u00eanalti, vou parar de apitar futebol. \u00c9 um absurdo. N\u00e3o foi nada. Nem se fosse fora da \u00e1rea eu marcaria infra\u00e7\u00e3o. Infelizmente, um p\u00eanalti desse ajuda a ofuscar a p\u00e9ssima atua\u00e7\u00e3o de uma equipe. O lance do impedimento tamb\u00e9m \u00e9 absurdo. Deixar na m\u00e3o de seres humanos sem qualifica\u00e7\u00e3o uma tecnologia desse porte \u00e9 mesma coisa que comprar uma Ferrari sem ter carta para dirigir&#8221;.<\/p>\n\n\n\n<p><strong>Jo\u00e3o Paulo Ara\u00fajo: <\/strong>&#8220;O jogador do S\u00e3o Paulo foi totalmente imprudente e fora de prop\u00f3sito. A bola continuou na dire\u00e7\u00e3o do Flamengo, o Michel Ara\u00fajo n\u00e3o tocou nem na bola, mas sim no joelho do advers\u00e1rio. P\u00eanalti clar\u00edssimo que o \u00e1rbitro marcou na hora, \u00e9 indiscut\u00edvel. O jogador do S\u00e3o Paulo foi muito ing\u00eanuo, at\u00e9 porque o jogador do Flamengo estava praticamente saindo da \u00e1rea com a bola. P\u00eanalti leg\u00edtimo e muito bem marcado&#8221;.<\/p>\n\n\n\n<p><strong>Alfredo Loebeling:<\/strong> &#8220;O p\u00eanalti \u00e9 claro. Sem querer tamb\u00e9m \u00e9 p\u00eanalti. N\u00e3o tenho d\u00favida que marcaria a penalidade. O que fiquei bastante na d\u00favida foi em rela\u00e7\u00e3o ao impedimento com a coloca\u00e7\u00e3o da c\u00e2mera. O p\u00eanalti, em si, \u00e9 bem marcado&#8221;.<\/p>\n\n\n\n<p><strong>Emidio Marques:<\/strong> &#8220;O lance \u00e9 claro: em nenhum momento o jogador do S\u00e3o Paulo visa atingir a bola. Com imprud\u00eancia, ainda que de maneira sutil, ele comete falta no seu advers\u00e1rio. A\u00e7\u00e3o ocorrida dentro da \u00e1rea e portanto, na minha opini\u00e3o, o p\u00eanalti \u00e9 bem marcado&#8221;.<\/p>\n\n\n\n<p><strong>Ulisses Tavares:<\/strong> &#8220;O impedimento foi checado pelo VAR e, com as linhas tra\u00e7adas, n\u00e3o houve impedimento. Quanto ao p\u00eanalti, visto pela televis\u00e3o, foi bem marcado: o atleta do S\u00e3o Paulo foi um tanto quanto imprudente, derrubando o jogador do Flamengo em jogada que, possivelmente, nada aconteceria, pois o mesmo estava cercado por outros jogadores do S\u00e3o Paulo&#8221;.<\/p>\n\n\n\n<h2 class=\"wp-block-heading\" id=\"h-lance-polemico\">Lance pol\u00eamico<\/h2>\n\n\n\n<p>A jogada ocorreu aos 47 minutos do 2\u00b0 tempo, quando Luiz Ara\u00fajo recebeu passe na ponta direita do ataque flamenguista.<\/p>\n\n\n\n<p>O atacante partiu em dire\u00e7\u00e3o ao meio e, j\u00e1 dentro da \u00e1rea, foi bloqueado por Michel Ara\u00fajo, que tentava desarmar o advers\u00e1rio.<\/p>\n\n\n\n<p>O \u00e1rbitro Rafael Rodrigo Klein marcou a infra\u00e7\u00e3o e o lance foi analisado pelo VAR \u2014 inclusive um poss\u00edvel impedimento de Luiz Ara\u00fajo na origem do passe.<\/p>\n\n\n\n<p>Os respons\u00e1veis pelo v\u00eddeo consideraram a posi\u00e7\u00e3o do flamenguista como legal e corroboraram a decis\u00e3o de Klein sobre o p\u00eanalti.<\/p>\n\n\n\n<p>Na cobran\u00e7a, Pedro superou Jandrei e garantiu o empate do time mandante, que havia tomado um gol de Lucas ainda no 1\u00b0 tempo.<\/p>\n\n\n\n<p>Retirado de: Uol<\/p>\n","protected":false},"excerpt":{"rendered":"<p>O final da partida entre Flamengo e S\u00e3o Paulo, pelo Campeonato Brasileiro, ficou marcado por um lance pol\u00eamico envolvendo Luiz Ara\u00fajo e Michel Ara\u00fajo. Na jogada, o \u00e1rbitro Rafael Rodrigo Klein marcou p\u00eanalti do meio-campista no atacante rubro-negro, fato que culminou com o empate dos cariocas j\u00e1 nos acr\u00e9scimos ap\u00f3s gol de Pedro. O UOL [&hellip;]<\/p>\n","protected":false},"author":6,"featured_media":87392,"comment_status":"open","ping_status":"closed","sticky":false,"template":"","format":"standard","meta":{"footnotes":""},"categories":[1],"tags":[],"class_list":["post-104666","post","type-post","status-publish","format-standard","has-post-thumbnail","hentry","category-flamengo"],"yoast_head":"<!-- This site is optimized with the Yoast SEO Premium plugin v24.2 (Yoast SEO v26.9) - https:\/\/yoast.com\/product\/yoast-seo-premium-wordpress\/ -->\n<title>Ex-\u00e1rbitros analisam p\u00eanalti marcado para o Flamengo contra o S\u00e3o Paulo<\/title>\n<meta name=\"robots\" content=\"index, follow, max-snippet:-1, max-image-preview:large, max-video-preview:-1\" \/>\n<link rel=\"canonical\" href=\"https:\/\/www.gaveanews.com\/index.php\/2023\/08\/14\/ex-arbitros-analisam-penalti-marcado-para-o-flamengo-contra-o-sao-paulo\/\" \/>\n<meta property=\"og:locale\" content=\"pt_BR\" \/>\n<meta property=\"og:type\" content=\"article\" \/>\n<meta property=\"og:title\" content=\"Ex-\u00e1rbitros analisam p\u00eanalti marcado para o Flamengo contra o S\u00e3o Paulo\" \/>\n<meta property=\"og:description\" content=\"O final da partida entre Flamengo e S\u00e3o Paulo, pelo Campeonato Brasileiro, ficou marcado por um lance pol\u00eamico envolvendo Luiz Ara\u00fajo e Michel Ara\u00fajo. Na jogada, o \u00e1rbitro Rafael Rodrigo Klein marcou p\u00eanalti do meio-campista no atacante rubro-negro, fato que culminou com o empate dos cariocas j\u00e1 nos acr\u00e9scimos ap\u00f3s gol de Pedro. O UOL [&hellip;]\" \/>\n<meta property=\"og:url\" content=\"https:\/\/www.gaveanews.com\/index.php\/2023\/08\/14\/ex-arbitros-analisam-penalti-marcado-para-o-flamengo-contra-o-sao-paulo\/\" \/>\n<meta property=\"og:site_name\" content=\"G\u00e1vea News\" \/>\n<meta property=\"article:publisher\" content=\"https:\/\/facebook.com\/gaveaNews\/\" \/>\n<meta property=\"article:published_time\" content=\"2023-08-14T11:16:36+00:00\" \/>\n<meta property=\"article:modified_time\" content=\"2023-08-14T11:16:38+00:00\" \/>\n<meta property=\"og:image\" content=\"https:\/\/www.gaveanews.com\/wp-content\/uploads\/Arrascaeta-em-acao-pelo-Flamengo-durante-o-jogo-contra-o-Sao-Paulo-pela-Copa-do-Brasil-de-2022.webp\" \/>\n\t<meta property=\"og:image:width\" content=\"800\" \/>\n\t<meta property=\"og:image:height\" content=\"533\" \/>\n\t<meta property=\"og:image:type\" content=\"image\/jpeg\" \/>\n<meta name=\"author\" content=\"Leonardo Ant\u00f4nio\" \/>\n<meta name=\"twitter:card\" content=\"summary_large_image\" \/>\n<meta name=\"twitter:label1\" content=\"Escrito por\" \/>\n\t<meta name=\"twitter:data1\" content=\"Leonardo Ant\u00f4nio\" \/>\n\t<meta name=\"twitter:label2\" content=\"Est. tempo de leitura\" \/>\n\t<meta name=\"twitter:data2\" content=\"3 minutos\" \/>\n<script type=\"application\/ld+json\" class=\"yoast-schema-graph\">{\"@context\":\"https:\/\/schema.org\",\"@graph\":[{\"@type\":\"NewsArticle\",\"@id\":\"https:\/\/www.gaveanews.com\/index.php\/2023\/08\/14\/ex-arbitros-analisam-penalti-marcado-para-o-flamengo-contra-o-sao-paulo\/#article\",\"isPartOf\":{\"@id\":\"https:\/\/www.gaveanews.com\/index.php\/2023\/08\/14\/ex-arbitros-analisam-penalti-marcado-para-o-flamengo-contra-o-sao-paulo\/\"},\"author\":{\"name\":\"Leonardo Ant\u00f4nio\",\"@id\":\"https:\/\/www.gaveanews.com\/#\/schema\/person\/2d29802e96a726e735077717fb5c6f20\"},\"headline\":\"Ex-\u00e1rbitros analisam p\u00eanalti marcado para o Flamengo contra o S\u00e3o Paulo\",\"datePublished\":\"2023-08-14T11:16:36+00:00\",\"dateModified\":\"2023-08-14T11:16:38+00:00\",\"mainEntityOfPage\":{\"@id\":\"https:\/\/www.gaveanews.com\/index.php\/2023\/08\/14\/ex-arbitros-analisam-penalti-marcado-para-o-flamengo-contra-o-sao-paulo\/\"},\"wordCount\":591,\"commentCount\":0,\"image\":{\"@id\":\"https:\/\/www.gaveanews.com\/index.php\/2023\/08\/14\/ex-arbitros-analisam-penalti-marcado-para-o-flamengo-contra-o-sao-paulo\/#primaryimage\"},\"thumbnailUrl\":\"https:\/\/www.gaveanews.com\/wp-content\/uploads\/Arrascaeta-em-acao-pelo-Flamengo-durante-o-jogo-contra-o-Sao-Paulo-pela-Copa-do-Brasil-de-2022.webp\",\"articleSection\":[\"Flamengo\"],\"inLanguage\":\"pt-BR\",\"potentialAction\":[{\"@type\":\"CommentAction\",\"name\":\"Comment\",\"target\":[\"https:\/\/www.gaveanews.com\/index.php\/2023\/08\/14\/ex-arbitros-analisam-penalti-marcado-para-o-flamengo-contra-o-sao-paulo\/#respond\"]}],\"copyrightYear\":\"2023\",\"copyrightHolder\":{\"@id\":\"https:\/\/www.gaveanews.com\/#organization\"}},{\"@type\":\"WebPage\",\"@id\":\"https:\/\/www.gaveanews.com\/index.php\/2023\/08\/14\/ex-arbitros-analisam-penalti-marcado-para-o-flamengo-contra-o-sao-paulo\/\",\"url\":\"https:\/\/www.gaveanews.com\/index.php\/2023\/08\/14\/ex-arbitros-analisam-penalti-marcado-para-o-flamengo-contra-o-sao-paulo\/\",\"name\":\"Ex-\u00e1rbitros analisam p\u00eanalti marcado para o Flamengo contra o S\u00e3o Paulo\",\"isPartOf\":{\"@id\":\"https:\/\/www.gaveanews.com\/#website\"},\"primaryImageOfPage\":{\"@id\":\"https:\/\/www.gaveanews.com\/index.php\/2023\/08\/14\/ex-arbitros-analisam-penalti-marcado-para-o-flamengo-contra-o-sao-paulo\/#primaryimage\"},\"image\":{\"@id\":\"https:\/\/www.gaveanews.com\/index.php\/2023\/08\/14\/ex-arbitros-analisam-penalti-marcado-para-o-flamengo-contra-o-sao-paulo\/#primaryimage\"},\"thumbnailUrl\":\"https:\/\/www.gaveanews.com\/wp-content\/uploads\/Arrascaeta-em-acao-pelo-Flamengo-durante-o-jogo-contra-o-Sao-Paulo-pela-Copa-do-Brasil-de-2022.webp\",\"datePublished\":\"2023-08-14T11:16:36+00:00\",\"dateModified\":\"2023-08-14T11:16:38+00:00\",\"author\":{\"@id\":\"https:\/\/www.gaveanews.com\/#\/schema\/person\/2d29802e96a726e735077717fb5c6f20\"},\"breadcrumb\":{\"@id\":\"https:\/\/www.gaveanews.com\/index.php\/2023\/08\/14\/ex-arbitros-analisam-penalti-marcado-para-o-flamengo-contra-o-sao-paulo\/#breadcrumb\"},\"inLanguage\":\"pt-BR\",\"potentialAction\":[{\"@type\":\"ReadAction\",\"target\":[\"https:\/\/www.gaveanews.com\/index.php\/2023\/08\/14\/ex-arbitros-analisam-penalti-marcado-para-o-flamengo-contra-o-sao-paulo\/\"]}]},{\"@type\":\"ImageObject\",\"inLanguage\":\"pt-BR\",\"@id\":\"https:\/\/www.gaveanews.com\/index.php\/2023\/08\/14\/ex-arbitros-analisam-penalti-marcado-para-o-flamengo-contra-o-sao-paulo\/#primaryimage\",\"url\":\"https:\/\/www.gaveanews.com\/wp-content\/uploads\/Arrascaeta-em-acao-pelo-Flamengo-durante-o-jogo-contra-o-Sao-Paulo-pela-Copa-do-Brasil-de-2022.webp\",\"contentUrl\":\"https:\/\/www.gaveanews.com\/wp-content\/uploads\/Arrascaeta-em-acao-pelo-Flamengo-durante-o-jogo-contra-o-Sao-Paulo-pela-Copa-do-Brasil-de-2022.webp\",\"width\":800,\"height\":533,\"caption\":\"Arrascaeta em a\u00e7\u00e3o pelo Flamengo durante o jogo contra o S\u00e3o Paulo pela Copa do Brasil (Foto: Reprodu\u00e7\u00e3o\/Flamengo)\"},{\"@type\":\"BreadcrumbList\",\"@id\":\"https:\/\/www.gaveanews.com\/index.php\/2023\/08\/14\/ex-arbitros-analisam-penalti-marcado-para-o-flamengo-contra-o-sao-paulo\/#breadcrumb\",\"itemListElement\":[{\"@type\":\"ListItem\",\"position\":1,\"name\":\"Home\",\"item\":\"https:\/\/www.gaveanews.com\/\"},{\"@type\":\"ListItem\",\"position\":2,\"name\":\"Ex-\u00e1rbitros analisam p\u00eanalti marcado para o Flamengo contra o S\u00e3o Paulo\"}]},{\"@type\":\"WebSite\",\"@id\":\"https:\/\/www.gaveanews.com\/#website\",\"url\":\"https:\/\/www.gaveanews.com\/\",\"name\":\"G\u00e1vea News\",\"description\":\"Veja todas as not\u00edcias sobre o Flamengo: Contrata\u00e7\u00f5es, categorias de base, resultados das partidas, tabela de classifica\u00e7\u00e3o, pr\u00f3ximos jogos!\",\"potentialAction\":[{\"@type\":\"SearchAction\",\"target\":{\"@type\":\"EntryPoint\",\"urlTemplate\":\"https:\/\/www.gaveanews.com\/?s={search_term_string}\"},\"query-input\":{\"@type\":\"PropertyValueSpecification\",\"valueRequired\":true,\"valueName\":\"search_term_string\"}}],\"inLanguage\":\"pt-BR\"},{\"@type\":\"Person\",\"@id\":\"https:\/\/www.gaveanews.com\/#\/schema\/person\/2d29802e96a726e735077717fb5c6f20\",\"name\":\"Leonardo Ant\u00f4nio\",\"image\":{\"@type\":\"ImageObject\",\"inLanguage\":\"pt-BR\",\"@id\":\"https:\/\/www.gaveanews.com\/#\/schema\/person\/image\/\",\"url\":\"https:\/\/secure.gravatar.com\/avatar\/b9ffc9ff64af5c915e7cb1824991ab1b4aa29b902a6a9a83be9d1c8ba449fce8?s=96&d=mm&r=g\",\"contentUrl\":\"https:\/\/secure.gravatar.com\/avatar\/b9ffc9ff64af5c915e7cb1824991ab1b4aa29b902a6a9a83be9d1c8ba449fce8?s=96&d=mm&r=g\",\"caption\":\"Leonardo Ant\u00f4nio\"}}]}<\/script>\n<!-- \/ Yoast SEO Premium plugin. -->","yoast_head_json":{"title":"Ex-\u00e1rbitros analisam p\u00eanalti marcado para o Flamengo contra o S\u00e3o Paulo","robots":{"index":"index","follow":"follow","max-snippet":"max-snippet:-1","max-image-preview":"max-image-preview:large","max-video-preview":"max-video-preview:-1"},"canonical":"https:\/\/www.gaveanews.com\/index.php\/2023\/08\/14\/ex-arbitros-analisam-penalti-marcado-para-o-flamengo-contra-o-sao-paulo\/","og_locale":"pt_BR","og_type":"article","og_title":"Ex-\u00e1rbitros analisam p\u00eanalti marcado para o Flamengo contra o S\u00e3o Paulo","og_description":"O final da partida entre Flamengo e S\u00e3o Paulo, pelo Campeonato Brasileiro, ficou marcado por um lance pol\u00eamico envolvendo Luiz Ara\u00fajo e Michel Ara\u00fajo. Na jogada, o \u00e1rbitro Rafael Rodrigo Klein marcou p\u00eanalti do meio-campista no atacante rubro-negro, fato que culminou com o empate dos cariocas j\u00e1 nos acr\u00e9scimos ap\u00f3s gol de Pedro. O UOL [&hellip;]","og_url":"https:\/\/www.gaveanews.com\/index.php\/2023\/08\/14\/ex-arbitros-analisam-penalti-marcado-para-o-flamengo-contra-o-sao-paulo\/","og_site_name":"G\u00e1vea News","article_publisher":"https:\/\/facebook.com\/gaveaNews\/","article_published_time":"2023-08-14T11:16:36+00:00","article_modified_time":"2023-08-14T11:16:38+00:00","og_image":[{"width":800,"height":533,"url":"https:\/\/www.gaveanews.com\/wp-content\/uploads\/Arrascaeta-em-acao-pelo-Flamengo-durante-o-jogo-contra-o-Sao-Paulo-pela-Copa-do-Brasil-de-2022.webp","type":"image\/jpeg"}],"author":"Leonardo Ant\u00f4nio","twitter_card":"summary_large_image","twitter_misc":{"Escrito por":"Leonardo Ant\u00f4nio","Est. tempo de leitura":"3 minutos"},"schema":{"@context":"https:\/\/schema.org","@graph":[{"@type":"NewsArticle","@id":"https:\/\/www.gaveanews.com\/index.php\/2023\/08\/14\/ex-arbitros-analisam-penalti-marcado-para-o-flamengo-contra-o-sao-paulo\/#article","isPartOf":{"@id":"https:\/\/www.gaveanews.com\/index.php\/2023\/08\/14\/ex-arbitros-analisam-penalti-marcado-para-o-flamengo-contra-o-sao-paulo\/"},"author":{"name":"Leonardo Ant\u00f4nio","@id":"https:\/\/www.gaveanews.com\/#\/schema\/person\/2d29802e96a726e735077717fb5c6f20"},"headline":"Ex-\u00e1rbitros analisam p\u00eanalti marcado para o Flamengo contra o S\u00e3o Paulo","datePublished":"2023-08-14T11:16:36+00:00","dateModified":"2023-08-14T11:16:38+00:00","mainEntityOfPage":{"@id":"https:\/\/www.gaveanews.com\/index.php\/2023\/08\/14\/ex-arbitros-analisam-penalti-marcado-para-o-flamengo-contra-o-sao-paulo\/"},"wordCount":591,"commentCount":0,"image":{"@id":"https:\/\/www.gaveanews.com\/index.php\/2023\/08\/14\/ex-arbitros-analisam-penalti-marcado-para-o-flamengo-contra-o-sao-paulo\/#primaryimage"},"thumbnailUrl":"https:\/\/www.gaveanews.com\/wp-content\/uploads\/Arrascaeta-em-acao-pelo-Flamengo-durante-o-jogo-contra-o-Sao-Paulo-pela-Copa-do-Brasil-de-2022.webp","articleSection":["Flamengo"],"inLanguage":"pt-BR","potentialAction":[{"@type":"CommentAction","name":"Comment","target":["https:\/\/www.gaveanews.com\/index.php\/2023\/08\/14\/ex-arbitros-analisam-penalti-marcado-para-o-flamengo-contra-o-sao-paulo\/#respond"]}],"copyrightYear":"2023","copyrightHolder":{"@id":"https:\/\/www.gaveanews.com\/#organization"}},{"@type":"WebPage","@id":"https:\/\/www.gaveanews.com\/index.php\/2023\/08\/14\/ex-arbitros-analisam-penalti-marcado-para-o-flamengo-contra-o-sao-paulo\/","url":"https:\/\/www.gaveanews.com\/index.php\/2023\/08\/14\/ex-arbitros-analisam-penalti-marcado-para-o-flamengo-contra-o-sao-paulo\/","name":"Ex-\u00e1rbitros analisam p\u00eanalti marcado para o Flamengo contra o S\u00e3o Paulo","isPartOf":{"@id":"https:\/\/www.gaveanews.com\/#website"},"primaryImageOfPage":{"@id":"https:\/\/www.gaveanews.com\/index.php\/2023\/08\/14\/ex-arbitros-analisam-penalti-marcado-para-o-flamengo-contra-o-sao-paulo\/#primaryimage"},"image":{"@id":"https:\/\/www.gaveanews.com\/index.php\/2023\/08\/14\/ex-arbitros-analisam-penalti-marcado-para-o-flamengo-contra-o-sao-paulo\/#primaryimage"},"thumbnailUrl":"https:\/\/www.gaveanews.com\/wp-content\/uploads\/Arrascaeta-em-acao-pelo-Flamengo-durante-o-jogo-contra-o-Sao-Paulo-pela-Copa-do-Brasil-de-2022.webp","datePublished":"2023-08-14T11:16:36+00:00","dateModified":"2023-08-14T11:16:38+00:00","author":{"@id":"https:\/\/www.gaveanews.com\/#\/schema\/person\/2d29802e96a726e735077717fb5c6f20"},"breadcrumb":{"@id":"https:\/\/www.gaveanews.com\/index.php\/2023\/08\/14\/ex-arbitros-analisam-penalti-marcado-para-o-flamengo-contra-o-sao-paulo\/#breadcrumb"},"inLanguage":"pt-BR","potentialAction":[{"@type":"ReadAction","target":["https:\/\/www.gaveanews.com\/index.php\/2023\/08\/14\/ex-arbitros-analisam-penalti-marcado-para-o-flamengo-contra-o-sao-paulo\/"]}]},{"@type":"ImageObject","inLanguage":"pt-BR","@id":"https:\/\/www.gaveanews.com\/index.php\/2023\/08\/14\/ex-arbitros-analisam-penalti-marcado-para-o-flamengo-contra-o-sao-paulo\/#primaryimage","url":"https:\/\/www.gaveanews.com\/wp-content\/uploads\/Arrascaeta-em-acao-pelo-Flamengo-durante-o-jogo-contra-o-Sao-Paulo-pela-Copa-do-Brasil-de-2022.webp","contentUrl":"https:\/\/www.gaveanews.com\/wp-content\/uploads\/Arrascaeta-em-acao-pelo-Flamengo-durante-o-jogo-contra-o-Sao-Paulo-pela-Copa-do-Brasil-de-2022.webp","width":800,"height":533,"caption":"Arrascaeta em a\u00e7\u00e3o pelo Flamengo durante o jogo contra o S\u00e3o Paulo pela Copa do Brasil (Foto: Reprodu\u00e7\u00e3o\/Flamengo)"},{"@type":"BreadcrumbList","@id":"https:\/\/www.gaveanews.com\/index.php\/2023\/08\/14\/ex-arbitros-analisam-penalti-marcado-para-o-flamengo-contra-o-sao-paulo\/#breadcrumb","itemListElement":[{"@type":"ListItem","position":1,"name":"Home","item":"https:\/\/www.gaveanews.com\/"},{"@type":"ListItem","position":2,"name":"Ex-\u00e1rbitros analisam p\u00eanalti marcado para o Flamengo contra o S\u00e3o Paulo"}]},{"@type":"WebSite","@id":"https:\/\/www.gaveanews.com\/#website","url":"https:\/\/www.gaveanews.com\/","name":"G\u00e1vea News","description":"Veja todas as not\u00edcias sobre o Flamengo: Contrata\u00e7\u00f5es, categorias de base, resultados das partidas, tabela de classifica\u00e7\u00e3o, pr\u00f3ximos jogos!","potentialAction":[{"@type":"SearchAction","target":{"@type":"EntryPoint","urlTemplate":"https:\/\/www.gaveanews.com\/?s={search_term_string}"},"query-input":{"@type":"PropertyValueSpecification","valueRequired":true,"valueName":"search_term_string"}}],"inLanguage":"pt-BR"},{"@type":"Person","@id":"https:\/\/www.gaveanews.com\/#\/schema\/person\/2d29802e96a726e735077717fb5c6f20","name":"Leonardo Ant\u00f4nio","image":{"@type":"ImageObject","inLanguage":"pt-BR","@id":"https:\/\/www.gaveanews.com\/#\/schema\/person\/image\/","url":"https:\/\/secure.gravatar.com\/avatar\/b9ffc9ff64af5c915e7cb1824991ab1b4aa29b902a6a9a83be9d1c8ba449fce8?s=96&d=mm&r=g","contentUrl":"https:\/\/secure.gravatar.com\/avatar\/b9ffc9ff64af5c915e7cb1824991ab1b4aa29b902a6a9a83be9d1c8ba449fce8?s=96&d=mm&r=g","caption":"Leonardo Ant\u00f4nio"}}]}},"_links":{"self":[{"href":"https:\/\/www.gaveanews.com\/index.php\/wp-json\/wp\/v2\/posts\/104666","targetHints":{"allow":["GET"]}}],"collection":[{"href":"https:\/\/www.gaveanews.com\/index.php\/wp-json\/wp\/v2\/posts"}],"about":[{"href":"https:\/\/www.gaveanews.com\/index.php\/wp-json\/wp\/v2\/types\/post"}],"author":[{"embeddable":true,"href":"https:\/\/www.gaveanews.com\/index.php\/wp-json\/wp\/v2\/users\/6"}],"replies":[{"embeddable":true,"href":"https:\/\/www.gaveanews.com\/index.php\/wp-json\/wp\/v2\/comments?post=104666"}],"version-history":[{"count":0,"href":"https:\/\/www.gaveanews.com\/index.php\/wp-json\/wp\/v2\/posts\/104666\/revisions"}],"wp:featuredmedia":[{"embeddable":true,"href":"https:\/\/www.gaveanews.com\/index.php\/wp-json\/wp\/v2\/media\/87392"}],"wp:attachment":[{"href":"https:\/\/www.gaveanews.com\/index.php\/wp-json\/wp\/v2\/media?parent=104666"}],"wp:term":[{"taxonomy":"category","embeddable":true,"href":"https:\/\/www.gaveanews.com\/index.php\/wp-json\/wp\/v2\/categories?post=104666"},{"taxonomy":"post_tag","embeddable":true,"href":"https:\/\/www.gaveanews.com\/index.php\/wp-json\/wp\/v2\/tags?post=104666"}],"curies":[{"name":"wp","href":"https:\/\/api.w.org\/{rel}","templated":true}]}}