{"id":104671,"date":"2023-08-14T09:29:21","date_gmt":"2023-08-14T12:29:21","guid":{"rendered":"https:\/\/www.gaveanews.com\/?p=104671"},"modified":"2023-08-14T09:29:23","modified_gmt":"2023-08-14T12:29:23","slug":"dorival-junior-e-sincero-sobre-jogador-do-flamengo-quem-sabe-um-dia","status":"publish","type":"post","link":"https:\/\/www.gaveanews.com\/index.php\/2023\/08\/14\/dorival-junior-e-sincero-sobre-jogador-do-flamengo-quem-sabe-um-dia\/","title":{"rendered":"Dorival J\u00fanior \u00e9 sincero sobre jogador do Flamengo: &#8220;Quem sabe um dia&#8221;"},"content":{"rendered":"\n<p>Como esperado, Dorival J\u00fanior foi abra\u00e7ado por todos os jogadores do Flamengo antes da partida contra o S\u00e3o Paulo, neste domingo, pela 19\u00aa rodada do Brasileir\u00e3o. Sob o seu comando, em 2022, foram campe\u00f5es da Copa do Brasil e Libertadores e, com isso, uma rela\u00e7\u00e3o muito pr\u00f3xima foi constru\u00edda ao longo da temporada passada.<\/p>\n\n\n\n<p>O clima amistoso de Dorival n\u00e3o \u00e9 apenas com atletas, mas tamb\u00e9m com seus familiares. Ap\u00f3s a partida, o t\u00e9cnico deu ind\u00edcios que gostaria futuramente contar com Everton Ribeiro no S\u00e3o Paulo. Ao menos o filho do meia ele j\u00e1 est\u00e1 tentando convencer a trocar o manto rubro-negro pelo tricolor.<\/p>\n\n\n\n<p>\u201c<em>Foi um ambiente que constru\u00edmos no ano passado, isso foi fortalecido pela presen\u00e7a de todos os familiares. Tivemos momentos muito importantes, mas tamb\u00e9m negativos. Quando eu aqui cheguei n\u00e3o era favor\u00e1vel e mesmo assim a presen\u00e7a de todos ali foi importante para que pud\u00e9ssemos repaginar tudo aquilo que vinha acontecendo. \u00c9 natural que houve uma aproxima\u00e7\u00e3o muito grande, sempre um carinho especial. Eles viram e mexem mandam uma mensagem. \u00c9 muito legal tudo isso\u201d<\/em>, disse Dorival.<\/p>\n\n\n\n<p><em>Acompanho o Tot\u00f3i (filho do Everton Ribeiro) h\u00e1 um bom tempo, j\u00e1 falei pra ele ir aprendendo o hino do S\u00e3o Paulo, quem sabe um dia\u2026\u201d<\/em>, completou.<\/p>\n\n\n\n<blockquote class=\"twitter-tweet\"><p lang=\"pt\" dir=\"ltr\">&quot;Acompanho o Tot\u00f3i (filho do Everton Ribeiro) h\u00e1 um bom tempo, j\u00e1 falei pra ele ir aprendendo o hino do S\u00e3o Paulo, quem sabe um dia&#8230;&quot; &#8211; Dorival Junior <a href=\"https:\/\/t.co\/kLgHnAbRH7\">pic.twitter.com\/kLgHnAbRH7<\/a><\/p>&mdash; spfcpics (@spfcpics) <a href=\"https:\/\/twitter.com\/spfcpics\/status\/1690911190472429569?ref_src=twsrc%5Etfw\">August 14, 2023<\/a><\/blockquote> <script async src=\"https:\/\/platform.twitter.com\/widgets.js\" charset=\"utf-8\"><\/script>\n\n\n\n<p>De fato, as chances s\u00e3o reais de Everton Ribeiro deixar o Flamengo ao final deste ano. Seu contrato termina em dezembro e, at\u00e9 o momento, n\u00e3o h\u00e1 nenhuma conversa entre as partes que possam indicar uma renova\u00e7\u00e3o contratual. Al\u00e9m do S\u00e3o Paulo, h\u00e1 outros clubes da S\u00e9rie A que acompanham o desenrolar da situa\u00e7\u00e3o.<\/p>\n\n\n\n<h2 class=\"wp-block-heading\" id=\"h-everton-ribeiro-fica-no-flamengo\">Everton Ribeiro fica no Flamengo?<\/h2>\n\n\n\n<p>Ao menos esta \u00e9 a vontade do capit\u00e3o rubro-negro. Recentemente, o meia falou sobre o futuro e disse que o seu desejo \u00e9 de renovar o v\u00ednculo e permanecer atuando pela equipe carioca. Neste momento, ele j\u00e1 pode assinar um pr\u00e9-contrato com qualquer outra equipe de forma gratuita.<\/p>\n\n\n\n<p>&#8220;<em>At\u00e9 agora n\u00e3o conversamos sobre isso, mas quando for a hora, meus empres\u00e1rios e representantes v\u00e3o ver o que \u00e9 melhor para todo mundo. Sou muito identificado com o Flamengo, espero continuar marcando a hist\u00f3ria, ganhando t\u00edtulos. Na hora certa vamos ver isso para todos ficarmos felizes\u201d<\/em>, disse em entrevista ao \u2018ge\u2019.<\/p>\n\n\n\n<p>Retirado de: Torcedores<\/p>\n","protected":false},"excerpt":{"rendered":"<p>Como esperado, Dorival J\u00fanior foi abra\u00e7ado por todos os jogadores do Flamengo antes da partida contra o S\u00e3o Paulo, neste domingo, pela 19\u00aa rodada do Brasileir\u00e3o. Sob o seu comando, em 2022, foram campe\u00f5es da Copa do Brasil e Libertadores e, com isso, uma rela\u00e7\u00e3o muito pr\u00f3xima foi constru\u00edda ao longo da temporada passada. O [&hellip;]<\/p>\n","protected":false},"author":6,"featured_media":85208,"comment_status":"open","ping_status":"closed","sticky":false,"template":"","format":"standard","meta":{"footnotes":""},"categories":[1],"tags":[],"class_list":["post-104671","post","type-post","status-publish","format-standard","has-post-thumbnail","hentry","category-flamengo"],"yoast_head":"<!-- This site is optimized with the Yoast SEO Premium plugin v24.2 (Yoast SEO v26.9) - https:\/\/yoast.com\/product\/yoast-seo-premium-wordpress\/ -->\n<title>Dorival J\u00fanior \u00e9 sincero sobre jogador do Flamengo: &quot;Quem sabe um dia&quot;<\/title>\n<meta name=\"robots\" content=\"index, follow, max-snippet:-1, max-image-preview:large, max-video-preview:-1\" \/>\n<link rel=\"canonical\" href=\"https:\/\/www.gaveanews.com\/index.php\/2023\/08\/14\/dorival-junior-e-sincero-sobre-jogador-do-flamengo-quem-sabe-um-dia\/\" \/>\n<meta property=\"og:locale\" content=\"pt_BR\" \/>\n<meta property=\"og:type\" content=\"article\" \/>\n<meta property=\"og:title\" content=\"Dorival J\u00fanior \u00e9 sincero sobre jogador do Flamengo: &quot;Quem sabe um dia&quot;\" \/>\n<meta property=\"og:description\" content=\"Como esperado, Dorival J\u00fanior foi abra\u00e7ado por todos os jogadores do Flamengo antes da partida contra o S\u00e3o Paulo, neste domingo, pela 19\u00aa rodada do Brasileir\u00e3o. Sob o seu comando, em 2022, foram campe\u00f5es da Copa do Brasil e Libertadores e, com isso, uma rela\u00e7\u00e3o muito pr\u00f3xima foi constru\u00edda ao longo da temporada passada. O [&hellip;]\" \/>\n<meta property=\"og:url\" content=\"https:\/\/www.gaveanews.com\/index.php\/2023\/08\/14\/dorival-junior-e-sincero-sobre-jogador-do-flamengo-quem-sabe-um-dia\/\" \/>\n<meta property=\"og:site_name\" content=\"G\u00e1vea News\" \/>\n<meta property=\"article:publisher\" content=\"https:\/\/facebook.com\/gaveaNews\/\" \/>\n<meta property=\"article:published_time\" content=\"2023-08-14T12:29:21+00:00\" \/>\n<meta property=\"article:modified_time\" content=\"2023-08-14T12:29:23+00:00\" \/>\n<meta property=\"og:image\" content=\"https:\/\/www.gaveanews.com\/wp-content\/uploads\/Dorival-Junior-comanda-treino-do-Flamengo-no-Ninho-do-Urubu-1.webp\" \/>\n\t<meta property=\"og:image:width\" content=\"799\" \/>\n\t<meta property=\"og:image:height\" content=\"533\" \/>\n\t<meta property=\"og:image:type\" content=\"image\/jpeg\" \/>\n<meta name=\"author\" content=\"Leonardo Ant\u00f4nio\" \/>\n<meta name=\"twitter:card\" content=\"summary_large_image\" \/>\n<meta name=\"twitter:label1\" content=\"Escrito por\" \/>\n\t<meta name=\"twitter:data1\" content=\"Leonardo Ant\u00f4nio\" \/>\n\t<meta name=\"twitter:label2\" content=\"Est. tempo de leitura\" \/>\n\t<meta name=\"twitter:data2\" content=\"3 minutos\" \/>\n<script type=\"application\/ld+json\" class=\"yoast-schema-graph\">{\"@context\":\"https:\/\/schema.org\",\"@graph\":[{\"@type\":\"NewsArticle\",\"@id\":\"https:\/\/www.gaveanews.com\/index.php\/2023\/08\/14\/dorival-junior-e-sincero-sobre-jogador-do-flamengo-quem-sabe-um-dia\/#article\",\"isPartOf\":{\"@id\":\"https:\/\/www.gaveanews.com\/index.php\/2023\/08\/14\/dorival-junior-e-sincero-sobre-jogador-do-flamengo-quem-sabe-um-dia\/\"},\"author\":{\"name\":\"Leonardo Ant\u00f4nio\",\"@id\":\"https:\/\/www.gaveanews.com\/#\/schema\/person\/2d29802e96a726e735077717fb5c6f20\"},\"headline\":\"Dorival J\u00fanior \u00e9 sincero sobre jogador do Flamengo: &#8220;Quem sabe um dia&#8221;\",\"datePublished\":\"2023-08-14T12:29:21+00:00\",\"dateModified\":\"2023-08-14T12:29:23+00:00\",\"mainEntityOfPage\":{\"@id\":\"https:\/\/www.gaveanews.com\/index.php\/2023\/08\/14\/dorival-junior-e-sincero-sobre-jogador-do-flamengo-quem-sabe-um-dia\/\"},\"wordCount\":453,\"commentCount\":0,\"image\":{\"@id\":\"https:\/\/www.gaveanews.com\/index.php\/2023\/08\/14\/dorival-junior-e-sincero-sobre-jogador-do-flamengo-quem-sabe-um-dia\/#primaryimage\"},\"thumbnailUrl\":\"https:\/\/www.gaveanews.com\/wp-content\/uploads\/Dorival-Junior-comanda-treino-do-Flamengo-no-Ninho-do-Urubu-1.webp\",\"articleSection\":[\"Flamengo\"],\"inLanguage\":\"pt-BR\",\"potentialAction\":[{\"@type\":\"CommentAction\",\"name\":\"Comment\",\"target\":[\"https:\/\/www.gaveanews.com\/index.php\/2023\/08\/14\/dorival-junior-e-sincero-sobre-jogador-do-flamengo-quem-sabe-um-dia\/#respond\"]}],\"copyrightYear\":\"2023\",\"copyrightHolder\":{\"@id\":\"https:\/\/www.gaveanews.com\/#organization\"}},{\"@type\":\"WebPage\",\"@id\":\"https:\/\/www.gaveanews.com\/index.php\/2023\/08\/14\/dorival-junior-e-sincero-sobre-jogador-do-flamengo-quem-sabe-um-dia\/\",\"url\":\"https:\/\/www.gaveanews.com\/index.php\/2023\/08\/14\/dorival-junior-e-sincero-sobre-jogador-do-flamengo-quem-sabe-um-dia\/\",\"name\":\"Dorival J\u00fanior \u00e9 sincero sobre jogador do Flamengo: \\\"Quem sabe um dia\\\"\",\"isPartOf\":{\"@id\":\"https:\/\/www.gaveanews.com\/#website\"},\"primaryImageOfPage\":{\"@id\":\"https:\/\/www.gaveanews.com\/index.php\/2023\/08\/14\/dorival-junior-e-sincero-sobre-jogador-do-flamengo-quem-sabe-um-dia\/#primaryimage\"},\"image\":{\"@id\":\"https:\/\/www.gaveanews.com\/index.php\/2023\/08\/14\/dorival-junior-e-sincero-sobre-jogador-do-flamengo-quem-sabe-um-dia\/#primaryimage\"},\"thumbnailUrl\":\"https:\/\/www.gaveanews.com\/wp-content\/uploads\/Dorival-Junior-comanda-treino-do-Flamengo-no-Ninho-do-Urubu-1.webp\",\"datePublished\":\"2023-08-14T12:29:21+00:00\",\"dateModified\":\"2023-08-14T12:29:23+00:00\",\"author\":{\"@id\":\"https:\/\/www.gaveanews.com\/#\/schema\/person\/2d29802e96a726e735077717fb5c6f20\"},\"breadcrumb\":{\"@id\":\"https:\/\/www.gaveanews.com\/index.php\/2023\/08\/14\/dorival-junior-e-sincero-sobre-jogador-do-flamengo-quem-sabe-um-dia\/#breadcrumb\"},\"inLanguage\":\"pt-BR\",\"potentialAction\":[{\"@type\":\"ReadAction\",\"target\":[\"https:\/\/www.gaveanews.com\/index.php\/2023\/08\/14\/dorival-junior-e-sincero-sobre-jogador-do-flamengo-quem-sabe-um-dia\/\"]}]},{\"@type\":\"ImageObject\",\"inLanguage\":\"pt-BR\",\"@id\":\"https:\/\/www.gaveanews.com\/index.php\/2023\/08\/14\/dorival-junior-e-sincero-sobre-jogador-do-flamengo-quem-sabe-um-dia\/#primaryimage\",\"url\":\"https:\/\/www.gaveanews.com\/wp-content\/uploads\/Dorival-Junior-comanda-treino-do-Flamengo-no-Ninho-do-Urubu-1.webp\",\"contentUrl\":\"https:\/\/www.gaveanews.com\/wp-content\/uploads\/Dorival-Junior-comanda-treino-do-Flamengo-no-Ninho-do-Urubu-1.webp\",\"width\":799,\"height\":533,\"caption\":\"Dorival J\u00fanior comanda treino do Flamengo no Ninho do Urubu (Foto: Gilvan de Souza\/Flamengo)\"},{\"@type\":\"BreadcrumbList\",\"@id\":\"https:\/\/www.gaveanews.com\/index.php\/2023\/08\/14\/dorival-junior-e-sincero-sobre-jogador-do-flamengo-quem-sabe-um-dia\/#breadcrumb\",\"itemListElement\":[{\"@type\":\"ListItem\",\"position\":1,\"name\":\"Home\",\"item\":\"https:\/\/www.gaveanews.com\/\"},{\"@type\":\"ListItem\",\"position\":2,\"name\":\"Dorival J\u00fanior \u00e9 sincero sobre jogador do Flamengo: &#8220;Quem sabe um dia&#8221;\"}]},{\"@type\":\"WebSite\",\"@id\":\"https:\/\/www.gaveanews.com\/#website\",\"url\":\"https:\/\/www.gaveanews.com\/\",\"name\":\"G\u00e1vea News\",\"description\":\"Veja todas as not\u00edcias sobre o Flamengo: Contrata\u00e7\u00f5es, categorias de base, resultados das partidas, tabela de classifica\u00e7\u00e3o, pr\u00f3ximos jogos!\",\"potentialAction\":[{\"@type\":\"SearchAction\",\"target\":{\"@type\":\"EntryPoint\",\"urlTemplate\":\"https:\/\/www.gaveanews.com\/?s={search_term_string}\"},\"query-input\":{\"@type\":\"PropertyValueSpecification\",\"valueRequired\":true,\"valueName\":\"search_term_string\"}}],\"inLanguage\":\"pt-BR\"},{\"@type\":\"Person\",\"@id\":\"https:\/\/www.gaveanews.com\/#\/schema\/person\/2d29802e96a726e735077717fb5c6f20\",\"name\":\"Leonardo Ant\u00f4nio\",\"image\":{\"@type\":\"ImageObject\",\"inLanguage\":\"pt-BR\",\"@id\":\"https:\/\/www.gaveanews.com\/#\/schema\/person\/image\/\",\"url\":\"https:\/\/secure.gravatar.com\/avatar\/b9ffc9ff64af5c915e7cb1824991ab1b4aa29b902a6a9a83be9d1c8ba449fce8?s=96&d=mm&r=g\",\"contentUrl\":\"https:\/\/secure.gravatar.com\/avatar\/b9ffc9ff64af5c915e7cb1824991ab1b4aa29b902a6a9a83be9d1c8ba449fce8?s=96&d=mm&r=g\",\"caption\":\"Leonardo Ant\u00f4nio\"}}]}<\/script>\n<!-- \/ Yoast SEO Premium plugin. -->","yoast_head_json":{"title":"Dorival J\u00fanior \u00e9 sincero sobre jogador do Flamengo: \"Quem sabe um dia\"","robots":{"index":"index","follow":"follow","max-snippet":"max-snippet:-1","max-image-preview":"max-image-preview:large","max-video-preview":"max-video-preview:-1"},"canonical":"https:\/\/www.gaveanews.com\/index.php\/2023\/08\/14\/dorival-junior-e-sincero-sobre-jogador-do-flamengo-quem-sabe-um-dia\/","og_locale":"pt_BR","og_type":"article","og_title":"Dorival J\u00fanior \u00e9 sincero sobre jogador do Flamengo: \"Quem sabe um dia\"","og_description":"Como esperado, Dorival J\u00fanior foi abra\u00e7ado por todos os jogadores do Flamengo antes da partida contra o S\u00e3o Paulo, neste domingo, pela 19\u00aa rodada do Brasileir\u00e3o. Sob o seu comando, em 2022, foram campe\u00f5es da Copa do Brasil e Libertadores e, com isso, uma rela\u00e7\u00e3o muito pr\u00f3xima foi constru\u00edda ao longo da temporada passada. O [&hellip;]","og_url":"https:\/\/www.gaveanews.com\/index.php\/2023\/08\/14\/dorival-junior-e-sincero-sobre-jogador-do-flamengo-quem-sabe-um-dia\/","og_site_name":"G\u00e1vea News","article_publisher":"https:\/\/facebook.com\/gaveaNews\/","article_published_time":"2023-08-14T12:29:21+00:00","article_modified_time":"2023-08-14T12:29:23+00:00","og_image":[{"width":799,"height":533,"url":"https:\/\/www.gaveanews.com\/wp-content\/uploads\/Dorival-Junior-comanda-treino-do-Flamengo-no-Ninho-do-Urubu-1.webp","type":"image\/jpeg"}],"author":"Leonardo Ant\u00f4nio","twitter_card":"summary_large_image","twitter_misc":{"Escrito por":"Leonardo Ant\u00f4nio","Est. tempo de leitura":"3 minutos"},"schema":{"@context":"https:\/\/schema.org","@graph":[{"@type":"NewsArticle","@id":"https:\/\/www.gaveanews.com\/index.php\/2023\/08\/14\/dorival-junior-e-sincero-sobre-jogador-do-flamengo-quem-sabe-um-dia\/#article","isPartOf":{"@id":"https:\/\/www.gaveanews.com\/index.php\/2023\/08\/14\/dorival-junior-e-sincero-sobre-jogador-do-flamengo-quem-sabe-um-dia\/"},"author":{"name":"Leonardo Ant\u00f4nio","@id":"https:\/\/www.gaveanews.com\/#\/schema\/person\/2d29802e96a726e735077717fb5c6f20"},"headline":"Dorival J\u00fanior \u00e9 sincero sobre jogador do Flamengo: &#8220;Quem sabe um dia&#8221;","datePublished":"2023-08-14T12:29:21+00:00","dateModified":"2023-08-14T12:29:23+00:00","mainEntityOfPage":{"@id":"https:\/\/www.gaveanews.com\/index.php\/2023\/08\/14\/dorival-junior-e-sincero-sobre-jogador-do-flamengo-quem-sabe-um-dia\/"},"wordCount":453,"commentCount":0,"image":{"@id":"https:\/\/www.gaveanews.com\/index.php\/2023\/08\/14\/dorival-junior-e-sincero-sobre-jogador-do-flamengo-quem-sabe-um-dia\/#primaryimage"},"thumbnailUrl":"https:\/\/www.gaveanews.com\/wp-content\/uploads\/Dorival-Junior-comanda-treino-do-Flamengo-no-Ninho-do-Urubu-1.webp","articleSection":["Flamengo"],"inLanguage":"pt-BR","potentialAction":[{"@type":"CommentAction","name":"Comment","target":["https:\/\/www.gaveanews.com\/index.php\/2023\/08\/14\/dorival-junior-e-sincero-sobre-jogador-do-flamengo-quem-sabe-um-dia\/#respond"]}],"copyrightYear":"2023","copyrightHolder":{"@id":"https:\/\/www.gaveanews.com\/#organization"}},{"@type":"WebPage","@id":"https:\/\/www.gaveanews.com\/index.php\/2023\/08\/14\/dorival-junior-e-sincero-sobre-jogador-do-flamengo-quem-sabe-um-dia\/","url":"https:\/\/www.gaveanews.com\/index.php\/2023\/08\/14\/dorival-junior-e-sincero-sobre-jogador-do-flamengo-quem-sabe-um-dia\/","name":"Dorival J\u00fanior \u00e9 sincero sobre jogador do Flamengo: \"Quem sabe um dia\"","isPartOf":{"@id":"https:\/\/www.gaveanews.com\/#website"},"primaryImageOfPage":{"@id":"https:\/\/www.gaveanews.com\/index.php\/2023\/08\/14\/dorival-junior-e-sincero-sobre-jogador-do-flamengo-quem-sabe-um-dia\/#primaryimage"},"image":{"@id":"https:\/\/www.gaveanews.com\/index.php\/2023\/08\/14\/dorival-junior-e-sincero-sobre-jogador-do-flamengo-quem-sabe-um-dia\/#primaryimage"},"thumbnailUrl":"https:\/\/www.gaveanews.com\/wp-content\/uploads\/Dorival-Junior-comanda-treino-do-Flamengo-no-Ninho-do-Urubu-1.webp","datePublished":"2023-08-14T12:29:21+00:00","dateModified":"2023-08-14T12:29:23+00:00","author":{"@id":"https:\/\/www.gaveanews.com\/#\/schema\/person\/2d29802e96a726e735077717fb5c6f20"},"breadcrumb":{"@id":"https:\/\/www.gaveanews.com\/index.php\/2023\/08\/14\/dorival-junior-e-sincero-sobre-jogador-do-flamengo-quem-sabe-um-dia\/#breadcrumb"},"inLanguage":"pt-BR","potentialAction":[{"@type":"ReadAction","target":["https:\/\/www.gaveanews.com\/index.php\/2023\/08\/14\/dorival-junior-e-sincero-sobre-jogador-do-flamengo-quem-sabe-um-dia\/"]}]},{"@type":"ImageObject","inLanguage":"pt-BR","@id":"https:\/\/www.gaveanews.com\/index.php\/2023\/08\/14\/dorival-junior-e-sincero-sobre-jogador-do-flamengo-quem-sabe-um-dia\/#primaryimage","url":"https:\/\/www.gaveanews.com\/wp-content\/uploads\/Dorival-Junior-comanda-treino-do-Flamengo-no-Ninho-do-Urubu-1.webp","contentUrl":"https:\/\/www.gaveanews.com\/wp-content\/uploads\/Dorival-Junior-comanda-treino-do-Flamengo-no-Ninho-do-Urubu-1.webp","width":799,"height":533,"caption":"Dorival J\u00fanior comanda treino do Flamengo no Ninho do Urubu (Foto: Gilvan de Souza\/Flamengo)"},{"@type":"BreadcrumbList","@id":"https:\/\/www.gaveanews.com\/index.php\/2023\/08\/14\/dorival-junior-e-sincero-sobre-jogador-do-flamengo-quem-sabe-um-dia\/#breadcrumb","itemListElement":[{"@type":"ListItem","position":1,"name":"Home","item":"https:\/\/www.gaveanews.com\/"},{"@type":"ListItem","position":2,"name":"Dorival J\u00fanior \u00e9 sincero sobre jogador do Flamengo: &#8220;Quem sabe um dia&#8221;"}]},{"@type":"WebSite","@id":"https:\/\/www.gaveanews.com\/#website","url":"https:\/\/www.gaveanews.com\/","name":"G\u00e1vea News","description":"Veja todas as not\u00edcias sobre o Flamengo: Contrata\u00e7\u00f5es, categorias de base, resultados das partidas, tabela de classifica\u00e7\u00e3o, pr\u00f3ximos jogos!","potentialAction":[{"@type":"SearchAction","target":{"@type":"EntryPoint","urlTemplate":"https:\/\/www.gaveanews.com\/?s={search_term_string}"},"query-input":{"@type":"PropertyValueSpecification","valueRequired":true,"valueName":"search_term_string"}}],"inLanguage":"pt-BR"},{"@type":"Person","@id":"https:\/\/www.gaveanews.com\/#\/schema\/person\/2d29802e96a726e735077717fb5c6f20","name":"Leonardo Ant\u00f4nio","image":{"@type":"ImageObject","inLanguage":"pt-BR","@id":"https:\/\/www.gaveanews.com\/#\/schema\/person\/image\/","url":"https:\/\/secure.gravatar.com\/avatar\/b9ffc9ff64af5c915e7cb1824991ab1b4aa29b902a6a9a83be9d1c8ba449fce8?s=96&d=mm&r=g","contentUrl":"https:\/\/secure.gravatar.com\/avatar\/b9ffc9ff64af5c915e7cb1824991ab1b4aa29b902a6a9a83be9d1c8ba449fce8?s=96&d=mm&r=g","caption":"Leonardo Ant\u00f4nio"}}]}},"_links":{"self":[{"href":"https:\/\/www.gaveanews.com\/index.php\/wp-json\/wp\/v2\/posts\/104671","targetHints":{"allow":["GET"]}}],"collection":[{"href":"https:\/\/www.gaveanews.com\/index.php\/wp-json\/wp\/v2\/posts"}],"about":[{"href":"https:\/\/www.gaveanews.com\/index.php\/wp-json\/wp\/v2\/types\/post"}],"author":[{"embeddable":true,"href":"https:\/\/www.gaveanews.com\/index.php\/wp-json\/wp\/v2\/users\/6"}],"replies":[{"embeddable":true,"href":"https:\/\/www.gaveanews.com\/index.php\/wp-json\/wp\/v2\/comments?post=104671"}],"version-history":[{"count":0,"href":"https:\/\/www.gaveanews.com\/index.php\/wp-json\/wp\/v2\/posts\/104671\/revisions"}],"wp:featuredmedia":[{"embeddable":true,"href":"https:\/\/www.gaveanews.com\/index.php\/wp-json\/wp\/v2\/media\/85208"}],"wp:attachment":[{"href":"https:\/\/www.gaveanews.com\/index.php\/wp-json\/wp\/v2\/media?parent=104671"}],"wp:term":[{"taxonomy":"category","embeddable":true,"href":"https:\/\/www.gaveanews.com\/index.php\/wp-json\/wp\/v2\/categories?post=104671"},{"taxonomy":"post_tag","embeddable":true,"href":"https:\/\/www.gaveanews.com\/index.php\/wp-json\/wp\/v2\/tags?post=104671"}],"curies":[{"name":"wp","href":"https:\/\/api.w.org\/{rel}","templated":true}]}}