{"id":104684,"date":"2023-08-14T12:35:03","date_gmt":"2023-08-14T15:35:03","guid":{"rendered":"https:\/\/www.gaveanews.com\/?p=104684"},"modified":"2023-08-14T12:35:05","modified_gmt":"2023-08-14T15:35:05","slug":"foi-para-a-justica-vasco-entra-com-processo-contra-o-flamengo-entenda","status":"publish","type":"post","link":"https:\/\/www.gaveanews.com\/index.php\/2023\/08\/14\/foi-para-a-justica-vasco-entra-com-processo-contra-o-flamengo-entenda\/","title":{"rendered":"Foi para a justi\u00e7a! Vasco entra com processo contra o Flamengo; entenda"},"content":{"rendered":"\n<p>O Vasco entrou na Justi\u00e7a contra o Flamengo para tentar usar o Maracan\u00e3 no jogo diante do Atl\u00e9tico-MG, pelo Brasileir\u00e3o. A partida ser\u00e1 no domingo (20).<\/p>\n\n\n\n<p>O Vasco deu entrada na noite de ontem (13) em um processo para poder mandar o jogo no est\u00e1dio, &#8220;nas mesmas condi\u00e7\u00f5es comerciais praticadas pelo Fluminense&#8221; em 2023.<\/p>\n\n\n\n<p>O clube tenta ainda que a Justi\u00e7a lhe d\u00ea uma garantia de que poder\u00e1 usar o Maracan\u00e3 &#8220;nas partidas posteriores que se fizerem necess\u00e1rias&#8221;.<\/p>\n\n\n\n<p>A tentativa do Vasco \u00e9 conseguir uma liminar o mais r\u00e1pido poss\u00edvel porque a partida &#8220;precisa ser preparada e organizada a tempo de garantir seguran\u00e7a e bem-estar dos torcedores&#8221;.<\/p>\n\n\n\n<h2 class=\"wp-block-heading\" id=\"h-as-alegacoes-do-vasco\">As alega\u00e7\u00f5es do Vasco<\/h2>\n\n\n\n<p>O est\u00e1dio de S\u00e3o Janu\u00e1rio est\u00e1 interditado, em virtude de decis\u00e3o judicial.<\/p>\n\n\n\n<p>O Vasco j\u00e1 cumpriu a puni\u00e7\u00e3o do STJD de fazer quatro jogos com port\u00f5es fechados, al\u00e9m de ter pago multa de R$ 60 mil por conta de epis\u00f3dios na derrota para o Goi\u00e1s.<\/p>\n\n\n\n<p>O cruz-maltino alega que a permiss\u00e3o de uso assinada entre Flamengo, Fluminense e Governo do Estado d\u00e1 ao Vasco o direito de alugar o Maracan\u00e3.<\/p>\n\n\n\n<p>O Vasco disse ainda que fez um pedido anterior ao Cons\u00f3rcio Maracan\u00e3 com anteced\u00eancia (dia 8), mas n\u00e3o houve resposta positiva.<\/p>\n\n\n\n<p>N\u00e3o h\u00e1 problema, na vis\u00e3o do clube, em realizar partidas em dias seguidos no Maracan\u00e3 \u2014 no s\u00e1bado (19), o Fluminense enfrenta o Am\u00e9rica-MG no est\u00e1dio.<\/p>\n\n\n\n<h2 class=\"wp-block-heading\" id=\"h-o-que-o-maracana-alegou\">O que o Maracan\u00e3 alegou<\/h2>\n\n\n\n<p>Na resposta negativa, enviada sexta-feira, a administra\u00e7\u00e3o do est\u00e1dio disse que o Vasco &#8220;vem, por diversas vezes, buscando impor ao Complexo Maracan\u00e3 a disponibiliza\u00e7\u00e3o do Est\u00e1dio em datas incompat\u00edveis com o calend\u00e1rio de manuten\u00e7\u00e3o do gramado&#8221;.<\/p>\n\n\n\n<p>A gest\u00e3o do Maracan\u00e3 acrescentou que o Vasco &#8220;busca apenas interesses comerciais, ignorando a relev\u00e2ncia do Maracan\u00e3 e a necessidade de se zelar pela preserva\u00e7\u00e3o&#8221; do equipamento esportivo.<\/p>\n\n\n\n<p>O Maracan\u00e3 ainda cita que o Vasco usar o Maracan\u00e3 no domingo pode atrapalhar o estado do campo para o jogo contra o Olimpia, pelas quartas de final da Libertadores.<\/p>\n\n\n\n<h2 class=\"wp-block-heading\" id=\"h-queda-de-braco-se-repete\">Queda de bra\u00e7o se repete<\/h2>\n\n\n\n<p>O Vasco j\u00e1 conseguiu uma decis\u00e3o favor\u00e1vel neste ano, quando usou o Maracan\u00e3 gra\u00e7as a uma decis\u00e3o judicial na partida contra o Palmeiras, pelo Brasileir\u00e3o.<\/p>\n\n\n\n<p>A fase do time na ocasi\u00e3o era muito melhor do que a atual, pois a equipe tinha vencido o pr\u00f3prio Atl\u00e9tico-MG, no Mineir\u00e3o, por 2 a 1, na primeira rodada do Brasileir\u00e3o.<\/p>\n\n\n\n<p>Contra o Palmeiras, o Maracan\u00e3 ficou lotado, o time abriu 2 a 0 no primeiro tempo, mas cedeu o empate.<\/p>\n\n\n\n<p>Retirado de: Uol<\/p>\n","protected":false},"excerpt":{"rendered":"<p>O Vasco entrou na Justi\u00e7a contra o Flamengo para tentar usar o Maracan\u00e3 no jogo diante do Atl\u00e9tico-MG, pelo Brasileir\u00e3o. A partida ser\u00e1 no domingo (20). O Vasco deu entrada na noite de ontem (13) em um processo para poder mandar o jogo no est\u00e1dio, &#8220;nas mesmas condi\u00e7\u00f5es comerciais praticadas pelo Fluminense&#8221; em 2023. O [&hellip;]<\/p>\n","protected":false},"author":6,"featured_media":101250,"comment_status":"open","ping_status":"closed","sticky":false,"template":"","format":"standard","meta":{"footnotes":""},"categories":[1],"tags":[],"class_list":["post-104684","post","type-post","status-publish","format-standard","has-post-thumbnail","hentry","category-flamengo"],"yoast_head":"<!-- This site is optimized with the Yoast SEO Premium plugin v24.2 (Yoast SEO v26.9) - https:\/\/yoast.com\/product\/yoast-seo-premium-wordpress\/ -->\n<title>Foi para a justi\u00e7a! Vasco entra com processo contra o Flamengo; entenda<\/title>\n<meta name=\"robots\" content=\"index, follow, max-snippet:-1, max-image-preview:large, max-video-preview:-1\" \/>\n<link rel=\"canonical\" href=\"https:\/\/www.gaveanews.com\/index.php\/2023\/08\/14\/foi-para-a-justica-vasco-entra-com-processo-contra-o-flamengo-entenda\/\" \/>\n<meta property=\"og:locale\" content=\"pt_BR\" \/>\n<meta property=\"og:type\" content=\"article\" \/>\n<meta property=\"og:title\" content=\"Foi para a justi\u00e7a! Vasco entra com processo contra o Flamengo; entenda\" \/>\n<meta property=\"og:description\" content=\"O Vasco entrou na Justi\u00e7a contra o Flamengo para tentar usar o Maracan\u00e3 no jogo diante do Atl\u00e9tico-MG, pelo Brasileir\u00e3o. A partida ser\u00e1 no domingo (20). O Vasco deu entrada na noite de ontem (13) em um processo para poder mandar o jogo no est\u00e1dio, &#8220;nas mesmas condi\u00e7\u00f5es comerciais praticadas pelo Fluminense&#8221; em 2023. O [&hellip;]\" \/>\n<meta property=\"og:url\" content=\"https:\/\/www.gaveanews.com\/index.php\/2023\/08\/14\/foi-para-a-justica-vasco-entra-com-processo-contra-o-flamengo-entenda\/\" \/>\n<meta property=\"og:site_name\" content=\"G\u00e1vea News\" \/>\n<meta property=\"article:publisher\" content=\"https:\/\/facebook.com\/gaveaNews\/\" \/>\n<meta property=\"article:published_time\" content=\"2023-08-14T15:35:03+00:00\" \/>\n<meta property=\"article:modified_time\" content=\"2023-08-14T15:35:05+00:00\" \/>\n<meta property=\"og:image\" content=\"https:\/\/www.gaveanews.com\/wp-content\/uploads\/Maracanao-escudo-Flamengo.webp\" \/>\n\t<meta property=\"og:image:width\" content=\"640\" \/>\n\t<meta property=\"og:image:height\" content=\"427\" \/>\n\t<meta property=\"og:image:type\" content=\"image\/jpeg\" \/>\n<meta name=\"author\" content=\"Leonardo Ant\u00f4nio\" \/>\n<meta name=\"twitter:card\" content=\"summary_large_image\" \/>\n<meta name=\"twitter:label1\" content=\"Escrito por\" \/>\n\t<meta name=\"twitter:data1\" content=\"Leonardo Ant\u00f4nio\" \/>\n\t<meta name=\"twitter:label2\" content=\"Est. tempo de leitura\" \/>\n\t<meta name=\"twitter:data2\" content=\"3 minutos\" \/>\n<script type=\"application\/ld+json\" class=\"yoast-schema-graph\">{\"@context\":\"https:\/\/schema.org\",\"@graph\":[{\"@type\":\"NewsArticle\",\"@id\":\"https:\/\/www.gaveanews.com\/index.php\/2023\/08\/14\/foi-para-a-justica-vasco-entra-com-processo-contra-o-flamengo-entenda\/#article\",\"isPartOf\":{\"@id\":\"https:\/\/www.gaveanews.com\/index.php\/2023\/08\/14\/foi-para-a-justica-vasco-entra-com-processo-contra-o-flamengo-entenda\/\"},\"author\":{\"name\":\"Leonardo Ant\u00f4nio\",\"@id\":\"https:\/\/www.gaveanews.com\/#\/schema\/person\/2d29802e96a726e735077717fb5c6f20\"},\"headline\":\"Foi para a justi\u00e7a! Vasco entra com processo contra o Flamengo; entenda\",\"datePublished\":\"2023-08-14T15:35:03+00:00\",\"dateModified\":\"2023-08-14T15:35:05+00:00\",\"mainEntityOfPage\":{\"@id\":\"https:\/\/www.gaveanews.com\/index.php\/2023\/08\/14\/foi-para-a-justica-vasco-entra-com-processo-contra-o-flamengo-entenda\/\"},\"wordCount\":463,\"commentCount\":0,\"image\":{\"@id\":\"https:\/\/www.gaveanews.com\/index.php\/2023\/08\/14\/foi-para-a-justica-vasco-entra-com-processo-contra-o-flamengo-entenda\/#primaryimage\"},\"thumbnailUrl\":\"https:\/\/www.gaveanews.com\/wp-content\/uploads\/Maracanao-escudo-Flamengo.webp\",\"articleSection\":[\"Flamengo\"],\"inLanguage\":\"pt-BR\",\"potentialAction\":[{\"@type\":\"CommentAction\",\"name\":\"Comment\",\"target\":[\"https:\/\/www.gaveanews.com\/index.php\/2023\/08\/14\/foi-para-a-justica-vasco-entra-com-processo-contra-o-flamengo-entenda\/#respond\"]}],\"copyrightYear\":\"2023\",\"copyrightHolder\":{\"@id\":\"https:\/\/www.gaveanews.com\/#organization\"}},{\"@type\":\"WebPage\",\"@id\":\"https:\/\/www.gaveanews.com\/index.php\/2023\/08\/14\/foi-para-a-justica-vasco-entra-com-processo-contra-o-flamengo-entenda\/\",\"url\":\"https:\/\/www.gaveanews.com\/index.php\/2023\/08\/14\/foi-para-a-justica-vasco-entra-com-processo-contra-o-flamengo-entenda\/\",\"name\":\"Foi para a justi\u00e7a! Vasco entra com processo contra o Flamengo; entenda\",\"isPartOf\":{\"@id\":\"https:\/\/www.gaveanews.com\/#website\"},\"primaryImageOfPage\":{\"@id\":\"https:\/\/www.gaveanews.com\/index.php\/2023\/08\/14\/foi-para-a-justica-vasco-entra-com-processo-contra-o-flamengo-entenda\/#primaryimage\"},\"image\":{\"@id\":\"https:\/\/www.gaveanews.com\/index.php\/2023\/08\/14\/foi-para-a-justica-vasco-entra-com-processo-contra-o-flamengo-entenda\/#primaryimage\"},\"thumbnailUrl\":\"https:\/\/www.gaveanews.com\/wp-content\/uploads\/Maracanao-escudo-Flamengo.webp\",\"datePublished\":\"2023-08-14T15:35:03+00:00\",\"dateModified\":\"2023-08-14T15:35:05+00:00\",\"author\":{\"@id\":\"https:\/\/www.gaveanews.com\/#\/schema\/person\/2d29802e96a726e735077717fb5c6f20\"},\"breadcrumb\":{\"@id\":\"https:\/\/www.gaveanews.com\/index.php\/2023\/08\/14\/foi-para-a-justica-vasco-entra-com-processo-contra-o-flamengo-entenda\/#breadcrumb\"},\"inLanguage\":\"pt-BR\",\"potentialAction\":[{\"@type\":\"ReadAction\",\"target\":[\"https:\/\/www.gaveanews.com\/index.php\/2023\/08\/14\/foi-para-a-justica-vasco-entra-com-processo-contra-o-flamengo-entenda\/\"]}]},{\"@type\":\"ImageObject\",\"inLanguage\":\"pt-BR\",\"@id\":\"https:\/\/www.gaveanews.com\/index.php\/2023\/08\/14\/foi-para-a-justica-vasco-entra-com-processo-contra-o-flamengo-entenda\/#primaryimage\",\"url\":\"https:\/\/www.gaveanews.com\/wp-content\/uploads\/Maracanao-escudo-Flamengo.webp\",\"contentUrl\":\"https:\/\/www.gaveanews.com\/wp-content\/uploads\/Maracanao-escudo-Flamengo.webp\",\"width\":640,\"height\":427,\"caption\":\"Escudo do Flamengo no gramado do Maracan\u00e3 (Foto: Reprodu\u00e7\u00e3o)\"},{\"@type\":\"BreadcrumbList\",\"@id\":\"https:\/\/www.gaveanews.com\/index.php\/2023\/08\/14\/foi-para-a-justica-vasco-entra-com-processo-contra-o-flamengo-entenda\/#breadcrumb\",\"itemListElement\":[{\"@type\":\"ListItem\",\"position\":1,\"name\":\"Home\",\"item\":\"https:\/\/www.gaveanews.com\/\"},{\"@type\":\"ListItem\",\"position\":2,\"name\":\"Foi para a justi\u00e7a! Vasco entra com processo contra o Flamengo; entenda\"}]},{\"@type\":\"WebSite\",\"@id\":\"https:\/\/www.gaveanews.com\/#website\",\"url\":\"https:\/\/www.gaveanews.com\/\",\"name\":\"G\u00e1vea News\",\"description\":\"Veja todas as not\u00edcias sobre o Flamengo: Contrata\u00e7\u00f5es, categorias de base, resultados das partidas, tabela de classifica\u00e7\u00e3o, pr\u00f3ximos jogos!\",\"potentialAction\":[{\"@type\":\"SearchAction\",\"target\":{\"@type\":\"EntryPoint\",\"urlTemplate\":\"https:\/\/www.gaveanews.com\/?s={search_term_string}\"},\"query-input\":{\"@type\":\"PropertyValueSpecification\",\"valueRequired\":true,\"valueName\":\"search_term_string\"}}],\"inLanguage\":\"pt-BR\"},{\"@type\":\"Person\",\"@id\":\"https:\/\/www.gaveanews.com\/#\/schema\/person\/2d29802e96a726e735077717fb5c6f20\",\"name\":\"Leonardo Ant\u00f4nio\",\"image\":{\"@type\":\"ImageObject\",\"inLanguage\":\"pt-BR\",\"@id\":\"https:\/\/www.gaveanews.com\/#\/schema\/person\/image\/\",\"url\":\"https:\/\/secure.gravatar.com\/avatar\/b9ffc9ff64af5c915e7cb1824991ab1b4aa29b902a6a9a83be9d1c8ba449fce8?s=96&d=mm&r=g\",\"contentUrl\":\"https:\/\/secure.gravatar.com\/avatar\/b9ffc9ff64af5c915e7cb1824991ab1b4aa29b902a6a9a83be9d1c8ba449fce8?s=96&d=mm&r=g\",\"caption\":\"Leonardo Ant\u00f4nio\"}}]}<\/script>\n<!-- \/ Yoast SEO Premium plugin. -->","yoast_head_json":{"title":"Foi para a justi\u00e7a! Vasco entra com processo contra o Flamengo; entenda","robots":{"index":"index","follow":"follow","max-snippet":"max-snippet:-1","max-image-preview":"max-image-preview:large","max-video-preview":"max-video-preview:-1"},"canonical":"https:\/\/www.gaveanews.com\/index.php\/2023\/08\/14\/foi-para-a-justica-vasco-entra-com-processo-contra-o-flamengo-entenda\/","og_locale":"pt_BR","og_type":"article","og_title":"Foi para a justi\u00e7a! Vasco entra com processo contra o Flamengo; entenda","og_description":"O Vasco entrou na Justi\u00e7a contra o Flamengo para tentar usar o Maracan\u00e3 no jogo diante do Atl\u00e9tico-MG, pelo Brasileir\u00e3o. A partida ser\u00e1 no domingo (20). O Vasco deu entrada na noite de ontem (13) em um processo para poder mandar o jogo no est\u00e1dio, &#8220;nas mesmas condi\u00e7\u00f5es comerciais praticadas pelo Fluminense&#8221; em 2023. O [&hellip;]","og_url":"https:\/\/www.gaveanews.com\/index.php\/2023\/08\/14\/foi-para-a-justica-vasco-entra-com-processo-contra-o-flamengo-entenda\/","og_site_name":"G\u00e1vea News","article_publisher":"https:\/\/facebook.com\/gaveaNews\/","article_published_time":"2023-08-14T15:35:03+00:00","article_modified_time":"2023-08-14T15:35:05+00:00","og_image":[{"width":640,"height":427,"url":"https:\/\/www.gaveanews.com\/wp-content\/uploads\/Maracanao-escudo-Flamengo.webp","type":"image\/jpeg"}],"author":"Leonardo Ant\u00f4nio","twitter_card":"summary_large_image","twitter_misc":{"Escrito por":"Leonardo Ant\u00f4nio","Est. tempo de leitura":"3 minutos"},"schema":{"@context":"https:\/\/schema.org","@graph":[{"@type":"NewsArticle","@id":"https:\/\/www.gaveanews.com\/index.php\/2023\/08\/14\/foi-para-a-justica-vasco-entra-com-processo-contra-o-flamengo-entenda\/#article","isPartOf":{"@id":"https:\/\/www.gaveanews.com\/index.php\/2023\/08\/14\/foi-para-a-justica-vasco-entra-com-processo-contra-o-flamengo-entenda\/"},"author":{"name":"Leonardo Ant\u00f4nio","@id":"https:\/\/www.gaveanews.com\/#\/schema\/person\/2d29802e96a726e735077717fb5c6f20"},"headline":"Foi para a justi\u00e7a! Vasco entra com processo contra o Flamengo; entenda","datePublished":"2023-08-14T15:35:03+00:00","dateModified":"2023-08-14T15:35:05+00:00","mainEntityOfPage":{"@id":"https:\/\/www.gaveanews.com\/index.php\/2023\/08\/14\/foi-para-a-justica-vasco-entra-com-processo-contra-o-flamengo-entenda\/"},"wordCount":463,"commentCount":0,"image":{"@id":"https:\/\/www.gaveanews.com\/index.php\/2023\/08\/14\/foi-para-a-justica-vasco-entra-com-processo-contra-o-flamengo-entenda\/#primaryimage"},"thumbnailUrl":"https:\/\/www.gaveanews.com\/wp-content\/uploads\/Maracanao-escudo-Flamengo.webp","articleSection":["Flamengo"],"inLanguage":"pt-BR","potentialAction":[{"@type":"CommentAction","name":"Comment","target":["https:\/\/www.gaveanews.com\/index.php\/2023\/08\/14\/foi-para-a-justica-vasco-entra-com-processo-contra-o-flamengo-entenda\/#respond"]}],"copyrightYear":"2023","copyrightHolder":{"@id":"https:\/\/www.gaveanews.com\/#organization"}},{"@type":"WebPage","@id":"https:\/\/www.gaveanews.com\/index.php\/2023\/08\/14\/foi-para-a-justica-vasco-entra-com-processo-contra-o-flamengo-entenda\/","url":"https:\/\/www.gaveanews.com\/index.php\/2023\/08\/14\/foi-para-a-justica-vasco-entra-com-processo-contra-o-flamengo-entenda\/","name":"Foi para a justi\u00e7a! Vasco entra com processo contra o Flamengo; entenda","isPartOf":{"@id":"https:\/\/www.gaveanews.com\/#website"},"primaryImageOfPage":{"@id":"https:\/\/www.gaveanews.com\/index.php\/2023\/08\/14\/foi-para-a-justica-vasco-entra-com-processo-contra-o-flamengo-entenda\/#primaryimage"},"image":{"@id":"https:\/\/www.gaveanews.com\/index.php\/2023\/08\/14\/foi-para-a-justica-vasco-entra-com-processo-contra-o-flamengo-entenda\/#primaryimage"},"thumbnailUrl":"https:\/\/www.gaveanews.com\/wp-content\/uploads\/Maracanao-escudo-Flamengo.webp","datePublished":"2023-08-14T15:35:03+00:00","dateModified":"2023-08-14T15:35:05+00:00","author":{"@id":"https:\/\/www.gaveanews.com\/#\/schema\/person\/2d29802e96a726e735077717fb5c6f20"},"breadcrumb":{"@id":"https:\/\/www.gaveanews.com\/index.php\/2023\/08\/14\/foi-para-a-justica-vasco-entra-com-processo-contra-o-flamengo-entenda\/#breadcrumb"},"inLanguage":"pt-BR","potentialAction":[{"@type":"ReadAction","target":["https:\/\/www.gaveanews.com\/index.php\/2023\/08\/14\/foi-para-a-justica-vasco-entra-com-processo-contra-o-flamengo-entenda\/"]}]},{"@type":"ImageObject","inLanguage":"pt-BR","@id":"https:\/\/www.gaveanews.com\/index.php\/2023\/08\/14\/foi-para-a-justica-vasco-entra-com-processo-contra-o-flamengo-entenda\/#primaryimage","url":"https:\/\/www.gaveanews.com\/wp-content\/uploads\/Maracanao-escudo-Flamengo.webp","contentUrl":"https:\/\/www.gaveanews.com\/wp-content\/uploads\/Maracanao-escudo-Flamengo.webp","width":640,"height":427,"caption":"Escudo do Flamengo no gramado do Maracan\u00e3 (Foto: Reprodu\u00e7\u00e3o)"},{"@type":"BreadcrumbList","@id":"https:\/\/www.gaveanews.com\/index.php\/2023\/08\/14\/foi-para-a-justica-vasco-entra-com-processo-contra-o-flamengo-entenda\/#breadcrumb","itemListElement":[{"@type":"ListItem","position":1,"name":"Home","item":"https:\/\/www.gaveanews.com\/"},{"@type":"ListItem","position":2,"name":"Foi para a justi\u00e7a! Vasco entra com processo contra o Flamengo; entenda"}]},{"@type":"WebSite","@id":"https:\/\/www.gaveanews.com\/#website","url":"https:\/\/www.gaveanews.com\/","name":"G\u00e1vea News","description":"Veja todas as not\u00edcias sobre o Flamengo: Contrata\u00e7\u00f5es, categorias de base, resultados das partidas, tabela de classifica\u00e7\u00e3o, pr\u00f3ximos jogos!","potentialAction":[{"@type":"SearchAction","target":{"@type":"EntryPoint","urlTemplate":"https:\/\/www.gaveanews.com\/?s={search_term_string}"},"query-input":{"@type":"PropertyValueSpecification","valueRequired":true,"valueName":"search_term_string"}}],"inLanguage":"pt-BR"},{"@type":"Person","@id":"https:\/\/www.gaveanews.com\/#\/schema\/person\/2d29802e96a726e735077717fb5c6f20","name":"Leonardo Ant\u00f4nio","image":{"@type":"ImageObject","inLanguage":"pt-BR","@id":"https:\/\/www.gaveanews.com\/#\/schema\/person\/image\/","url":"https:\/\/secure.gravatar.com\/avatar\/b9ffc9ff64af5c915e7cb1824991ab1b4aa29b902a6a9a83be9d1c8ba449fce8?s=96&d=mm&r=g","contentUrl":"https:\/\/secure.gravatar.com\/avatar\/b9ffc9ff64af5c915e7cb1824991ab1b4aa29b902a6a9a83be9d1c8ba449fce8?s=96&d=mm&r=g","caption":"Leonardo Ant\u00f4nio"}}]}},"_links":{"self":[{"href":"https:\/\/www.gaveanews.com\/index.php\/wp-json\/wp\/v2\/posts\/104684","targetHints":{"allow":["GET"]}}],"collection":[{"href":"https:\/\/www.gaveanews.com\/index.php\/wp-json\/wp\/v2\/posts"}],"about":[{"href":"https:\/\/www.gaveanews.com\/index.php\/wp-json\/wp\/v2\/types\/post"}],"author":[{"embeddable":true,"href":"https:\/\/www.gaveanews.com\/index.php\/wp-json\/wp\/v2\/users\/6"}],"replies":[{"embeddable":true,"href":"https:\/\/www.gaveanews.com\/index.php\/wp-json\/wp\/v2\/comments?post=104684"}],"version-history":[{"count":0,"href":"https:\/\/www.gaveanews.com\/index.php\/wp-json\/wp\/v2\/posts\/104684\/revisions"}],"wp:featuredmedia":[{"embeddable":true,"href":"https:\/\/www.gaveanews.com\/index.php\/wp-json\/wp\/v2\/media\/101250"}],"wp:attachment":[{"href":"https:\/\/www.gaveanews.com\/index.php\/wp-json\/wp\/v2\/media?parent=104684"}],"wp:term":[{"taxonomy":"category","embeddable":true,"href":"https:\/\/www.gaveanews.com\/index.php\/wp-json\/wp\/v2\/categories?post=104684"},{"taxonomy":"post_tag","embeddable":true,"href":"https:\/\/www.gaveanews.com\/index.php\/wp-json\/wp\/v2\/tags?post=104684"}],"curies":[{"name":"wp","href":"https:\/\/api.w.org\/{rel}","templated":true}]}}