{"id":104686,"date":"2023-08-14T12:45:28","date_gmt":"2023-08-14T15:45:28","guid":{"rendered":"https:\/\/www.gaveanews.com\/?p=104686"},"modified":"2023-08-14T12:45:31","modified_gmt":"2023-08-14T15:45:31","slug":"caso-pedro-entenda-como-esta-a-producao-do-flamengo-apos-o-ocorrido-veja-os-numeros","status":"publish","type":"post","link":"https:\/\/www.gaveanews.com\/index.php\/2023\/08\/14\/caso-pedro-entenda-como-esta-a-producao-do-flamengo-apos-o-ocorrido-veja-os-numeros\/","title":{"rendered":"Caso Pedro! Entenda como est\u00e1 a produ\u00e7\u00e3o do Flamengo ap\u00f3s o ocorrido; veja os n\u00fameros"},"content":{"rendered":"\n<p>O empate diante do S\u00e3o Paulo reserva no Maracan\u00e3 escancarou ainda mais a crise do Flamengo. Foi o jogo seguinte \u00e0 elimina\u00e7\u00e3o da Libertadores contra o Olimpia. Os maus resultados coincidem com o per\u00edodo ap\u00f3s agress\u00e3o ao atacante Pedro.<\/p>\n\n\n\n<p>\u00c9 poss\u00edvel dizer que o Flamengo caiu de produ\u00e7\u00e3o depois desse epis\u00f3dio? Ou as falhas da equipe montada por Jorge Sampaoli foram expostas de forma mais clara?<\/p>\n\n\n\n<p>Para tentar responder essas perguntas, o blog fez uma compara\u00e7\u00e3o entre os n\u00fameros de conclus\u00f5es (a favor e contra) e a posse de bola do time em per\u00edodos de quatro jogos. Foram feitos quatro grupos de quatro jogos e os dados s\u00e3o do &#8220;Sofascore&#8221;. Obviamente, o n\u00famero de conclus\u00f5es n\u00e3o \u00e9 um dado definitivo sobre desempenho, mas \u00e9 um bom indicativo.<\/p>\n\n\n\n<p>Bem, nas \u00faltimas quatro partidas, ap\u00f3s a agress\u00e3o, o Flamengo concluiu 49 vezes, sendo 20 vezes no gol. Ou seja, mandou cinco bolas na dire\u00e7\u00e3o na meta por partida. Mas fez s\u00f3 tr\u00eas tentos. Sempre teve mais posse de bola do que o advers\u00e1rio.<\/p>\n\n\n\n<p>Em compensa\u00e7\u00e3o, sofreu 44 conclus\u00f5es a gol e 11 delas no gol. Mas sete dessas bolas entraram. Assim, o time venceu um jogo, empatou um, e perdeu dois.<\/p>\n\n\n\n<p>No per\u00edodo anterior de quatro jogos, os n\u00fameros de conclus\u00f5es s\u00e3o muito parecidos: foram 21 bolas no gol em 44 tentativas. E o Flamengo sofreu 18 conclus\u00f5es na dire\u00e7\u00e3o do gol, de um total de 63 finaliza\u00e7\u00f5es. De novo, s\u00f3 n\u00e3o teve mais posse de bola no Fla-Flu.<\/p>\n\n\n\n<p>A diferen\u00e7a foi o resultado final. O time marcou cinco gols, e levou apenas dois. Com isso, venceu dois jogos e empatou dois.<\/p>\n\n\n\n<p>Nos per\u00edodos anteriores, a equipe sofria ainda mais conclus\u00f5es a gol e chutava menos na meta advers\u00e1ria (veja n\u00fameros embaixo). Nos dois per\u00edodos anteriores, no total de oito jogos, Flamengo levou em m\u00e9dia mais de 15 conclus\u00f5es por partida, sendo 5,6 delas na dire\u00e7\u00e3o no gol. J\u00e1 o n\u00famero de chutes do time rubro-negro na dire\u00e7\u00e3o do gol era de levemente inferior: quatro por jogo.<\/p>\n\n\n\n<p>De novo, os resultados foram melhores, tr\u00eas vit\u00f3rias em cada um dos per\u00edodos de quatro jogos. Ou seja, um aproveitamento acima de 75%. A posse de bola dominante tamb\u00e9m sempre foi uma caracter\u00edstica, com a \u00fanica exce\u00e7\u00e3o da goleada sofrida para o Red Bull Bragantino.<\/p>\n\n\n\n<p>Em resumo, em n\u00fameros, o Flamengo n\u00e3o teve uma varia\u00e7\u00e3o grandes no per\u00edodo ap\u00f3s agress\u00e3o. \u00c9 um time com posse de bola, mas que, em m\u00e9dia, n\u00e3o traduz isso em superioridade de conclus\u00f5es dos rivais. Tanto que o n\u00famero de conclus\u00f5es no gol a favor e contra \u00e9 quase igual no per\u00edodo de 16 jogos (73 a 74). A grande diferen\u00e7a nos \u00faltimos jogos foi nos resultados.<\/p>\n\n\n\n<h2 class=\"wp-block-heading\" id=\"h-numeros-do-flamengo-no-sofascore\">N\u00fameros do Flamengo no Sofascore:<\/h2>\n\n\n\n<p><strong>4 Jogos ap\u00f3s agress\u00e3o de Pedro &#8211; 1 vit\u00f3ria, 1 empate, duas derrotas<\/strong><\/p>\n\n\n\n<p><strong>(Olimpia, Cuiab\u00e1, Olimpia e S\u00e3o Paulo)<\/strong><\/p>\n\n\n\n<p>Flamengo &#8211; 20 conclus\u00f5es na dire\u00e7\u00e3o do gol\/49 finaliza\u00e7\u00f5es no total &#8211; 3 Gols<\/p>\n\n\n\n<p>Rivais &#8211; 11 conclus\u00f5es na dire\u00e7\u00e3o do gol\/44 finaliza\u00e7\u00f5es no total &#8211; 7 Gols<\/p>\n\n\n\n<p><strong>4 Jogos anteriores &#8211; 2 vit\u00f3rias &#8211; 2 empates<\/strong><\/p>\n\n\n\n<p><strong>(Atl\u00e9tico-MG, Gr\u00eamio, Am\u00e9rica-MG e Fluminense)<\/strong><\/p>\n\n\n\n<p>Flamengo &#8211; 21 conclus\u00f5es na dire\u00e7\u00e3o do gol\/44 finaliza\u00e7\u00f5es no total &#8211; 5 Gols<\/p>\n\n\n\n<p>Rivais &#8211; 18 conclus\u00f5es na dire\u00e7\u00e3o do gol\/63 finaliza\u00e7\u00f5es no total &#8211; 2 Gols<\/p>\n\n\n\n<p><strong>4 jogos anteriores &#8211; 3 vit\u00f3rias &#8211; 1 empate<\/strong><\/p>\n\n\n\n<p><strong>(Athletico, Palmeiras, Athletico e Fortaleza)<\/strong><\/p>\n\n\n\n<p>Flamengo &#8211; 15 conclus\u00f5es no gol\/40 finaliza\u00e7\u00f5es no total &#8211; 7 Gols<\/p>\n\n\n\n<p>Rivais &#8211; 16 conclus\u00f5es no gol\/60 finaliza\u00e7\u00f5es no total &#8211; 2 Gols<\/p>\n\n\n\n<p><strong>4 Jogos anteriores &#8211; 3 vit\u00f3rias &#8211; 1 derrota<\/strong><\/p>\n\n\n\n<p><strong>(Aucas, Santos, Red Bull Bragantino e Gr\u00eamio)<\/strong><\/p>\n\n\n\n<p>Flamengo &#8211; 15 conclus\u00f5es no gol\/53 finaliza\u00e7\u00f5es no total &#8211; 10 Gols<\/p>\n\n\n\n<p>Rivais &#8211; 29 conclus\u00f5es no gol\/75 finaliza\u00e7\u00f5es no total &#8211; 6 Gols<\/p>\n\n\n\n<p>Retirado de: Uol<\/p>\n","protected":false},"excerpt":{"rendered":"<p>O empate diante do S\u00e3o Paulo reserva no Maracan\u00e3 escancarou ainda mais a crise do Flamengo. Foi o jogo seguinte \u00e0 elimina\u00e7\u00e3o da Libertadores contra o Olimpia. Os maus resultados coincidem com o per\u00edodo ap\u00f3s agress\u00e3o ao atacante Pedro. \u00c9 poss\u00edvel dizer que o Flamengo caiu de produ\u00e7\u00e3o depois desse epis\u00f3dio? Ou as falhas da [&hellip;]<\/p>\n","protected":false},"author":6,"featured_media":102588,"comment_status":"open","ping_status":"closed","sticky":false,"template":"","format":"standard","meta":{"footnotes":""},"categories":[1],"tags":[],"class_list":["post-104686","post","type-post","status-publish","format-standard","has-post-thumbnail","hentry","category-flamengo"],"yoast_head":"<!-- This site is optimized with the Yoast SEO Premium plugin v24.2 (Yoast SEO v26.9) - https:\/\/yoast.com\/product\/yoast-seo-premium-wordpress\/ -->\n<title>Caso Pedro! Entenda como est\u00e1 a produ\u00e7\u00e3o do Flamengo ap\u00f3s o ocorrido; veja os n\u00fameros<\/title>\n<meta name=\"robots\" content=\"index, follow, max-snippet:-1, max-image-preview:large, max-video-preview:-1\" \/>\n<link rel=\"canonical\" href=\"https:\/\/www.gaveanews.com\/index.php\/2023\/08\/14\/caso-pedro-entenda-como-esta-a-producao-do-flamengo-apos-o-ocorrido-veja-os-numeros\/\" \/>\n<meta property=\"og:locale\" content=\"pt_BR\" \/>\n<meta property=\"og:type\" content=\"article\" \/>\n<meta property=\"og:title\" content=\"Caso Pedro! Entenda como est\u00e1 a produ\u00e7\u00e3o do Flamengo ap\u00f3s o ocorrido; veja os n\u00fameros\" \/>\n<meta property=\"og:description\" content=\"O empate diante do S\u00e3o Paulo reserva no Maracan\u00e3 escancarou ainda mais a crise do Flamengo. Foi o jogo seguinte \u00e0 elimina\u00e7\u00e3o da Libertadores contra o Olimpia. Os maus resultados coincidem com o per\u00edodo ap\u00f3s agress\u00e3o ao atacante Pedro. \u00c9 poss\u00edvel dizer que o Flamengo caiu de produ\u00e7\u00e3o depois desse epis\u00f3dio? Ou as falhas da [&hellip;]\" \/>\n<meta property=\"og:url\" content=\"https:\/\/www.gaveanews.com\/index.php\/2023\/08\/14\/caso-pedro-entenda-como-esta-a-producao-do-flamengo-apos-o-ocorrido-veja-os-numeros\/\" \/>\n<meta property=\"og:site_name\" content=\"G\u00e1vea News\" \/>\n<meta property=\"article:publisher\" content=\"https:\/\/facebook.com\/gaveaNews\/\" \/>\n<meta property=\"article:published_time\" content=\"2023-08-14T15:45:28+00:00\" \/>\n<meta property=\"article:modified_time\" content=\"2023-08-14T15:45:31+00:00\" \/>\n<meta property=\"og:image\" content=\"https:\/\/www.gaveanews.com\/wp-content\/uploads\/jogadores-flamengo-gol-athletico-pr.webp\" \/>\n\t<meta property=\"og:image:width\" content=\"900\" \/>\n\t<meta property=\"og:image:height\" content=\"600\" \/>\n\t<meta property=\"og:image:type\" content=\"image\/jpeg\" \/>\n<meta name=\"author\" content=\"Leonardo Ant\u00f4nio\" \/>\n<meta name=\"twitter:card\" content=\"summary_large_image\" \/>\n<meta name=\"twitter:label1\" content=\"Escrito por\" \/>\n\t<meta name=\"twitter:data1\" content=\"Leonardo Ant\u00f4nio\" \/>\n\t<meta name=\"twitter:label2\" content=\"Est. tempo de leitura\" \/>\n\t<meta name=\"twitter:data2\" content=\"4 minutos\" \/>\n<script type=\"application\/ld+json\" class=\"yoast-schema-graph\">{\"@context\":\"https:\/\/schema.org\",\"@graph\":[{\"@type\":\"NewsArticle\",\"@id\":\"https:\/\/www.gaveanews.com\/index.php\/2023\/08\/14\/caso-pedro-entenda-como-esta-a-producao-do-flamengo-apos-o-ocorrido-veja-os-numeros\/#article\",\"isPartOf\":{\"@id\":\"https:\/\/www.gaveanews.com\/index.php\/2023\/08\/14\/caso-pedro-entenda-como-esta-a-producao-do-flamengo-apos-o-ocorrido-veja-os-numeros\/\"},\"author\":{\"name\":\"Leonardo Ant\u00f4nio\",\"@id\":\"https:\/\/www.gaveanews.com\/#\/schema\/person\/2d29802e96a726e735077717fb5c6f20\"},\"headline\":\"Caso Pedro! Entenda como est\u00e1 a produ\u00e7\u00e3o do Flamengo ap\u00f3s o ocorrido; veja os n\u00fameros\",\"datePublished\":\"2023-08-14T15:45:28+00:00\",\"dateModified\":\"2023-08-14T15:45:31+00:00\",\"mainEntityOfPage\":{\"@id\":\"https:\/\/www.gaveanews.com\/index.php\/2023\/08\/14\/caso-pedro-entenda-como-esta-a-producao-do-flamengo-apos-o-ocorrido-veja-os-numeros\/\"},\"wordCount\":685,\"commentCount\":0,\"image\":{\"@id\":\"https:\/\/www.gaveanews.com\/index.php\/2023\/08\/14\/caso-pedro-entenda-como-esta-a-producao-do-flamengo-apos-o-ocorrido-veja-os-numeros\/#primaryimage\"},\"thumbnailUrl\":\"https:\/\/www.gaveanews.com\/wp-content\/uploads\/jogadores-flamengo-gol-athletico-pr.webp\",\"articleSection\":[\"Flamengo\"],\"inLanguage\":\"pt-BR\",\"potentialAction\":[{\"@type\":\"CommentAction\",\"name\":\"Comment\",\"target\":[\"https:\/\/www.gaveanews.com\/index.php\/2023\/08\/14\/caso-pedro-entenda-como-esta-a-producao-do-flamengo-apos-o-ocorrido-veja-os-numeros\/#respond\"]}],\"copyrightYear\":\"2023\",\"copyrightHolder\":{\"@id\":\"https:\/\/www.gaveanews.com\/#organization\"}},{\"@type\":\"WebPage\",\"@id\":\"https:\/\/www.gaveanews.com\/index.php\/2023\/08\/14\/caso-pedro-entenda-como-esta-a-producao-do-flamengo-apos-o-ocorrido-veja-os-numeros\/\",\"url\":\"https:\/\/www.gaveanews.com\/index.php\/2023\/08\/14\/caso-pedro-entenda-como-esta-a-producao-do-flamengo-apos-o-ocorrido-veja-os-numeros\/\",\"name\":\"Caso Pedro! Entenda como est\u00e1 a produ\u00e7\u00e3o do Flamengo ap\u00f3s o ocorrido; veja os n\u00fameros\",\"isPartOf\":{\"@id\":\"https:\/\/www.gaveanews.com\/#website\"},\"primaryImageOfPage\":{\"@id\":\"https:\/\/www.gaveanews.com\/index.php\/2023\/08\/14\/caso-pedro-entenda-como-esta-a-producao-do-flamengo-apos-o-ocorrido-veja-os-numeros\/#primaryimage\"},\"image\":{\"@id\":\"https:\/\/www.gaveanews.com\/index.php\/2023\/08\/14\/caso-pedro-entenda-como-esta-a-producao-do-flamengo-apos-o-ocorrido-veja-os-numeros\/#primaryimage\"},\"thumbnailUrl\":\"https:\/\/www.gaveanews.com\/wp-content\/uploads\/jogadores-flamengo-gol-athletico-pr.webp\",\"datePublished\":\"2023-08-14T15:45:28+00:00\",\"dateModified\":\"2023-08-14T15:45:31+00:00\",\"author\":{\"@id\":\"https:\/\/www.gaveanews.com\/#\/schema\/person\/2d29802e96a726e735077717fb5c6f20\"},\"breadcrumb\":{\"@id\":\"https:\/\/www.gaveanews.com\/index.php\/2023\/08\/14\/caso-pedro-entenda-como-esta-a-producao-do-flamengo-apos-o-ocorrido-veja-os-numeros\/#breadcrumb\"},\"inLanguage\":\"pt-BR\",\"potentialAction\":[{\"@type\":\"ReadAction\",\"target\":[\"https:\/\/www.gaveanews.com\/index.php\/2023\/08\/14\/caso-pedro-entenda-como-esta-a-producao-do-flamengo-apos-o-ocorrido-veja-os-numeros\/\"]}]},{\"@type\":\"ImageObject\",\"inLanguage\":\"pt-BR\",\"@id\":\"https:\/\/www.gaveanews.com\/index.php\/2023\/08\/14\/caso-pedro-entenda-como-esta-a-producao-do-flamengo-apos-o-ocorrido-veja-os-numeros\/#primaryimage\",\"url\":\"https:\/\/www.gaveanews.com\/wp-content\/uploads\/jogadores-flamengo-gol-athletico-pr.webp\",\"contentUrl\":\"https:\/\/www.gaveanews.com\/wp-content\/uploads\/jogadores-flamengo-gol-athletico-pr.webp\",\"width\":900,\"height\":600,\"caption\":\"Jogadores do Flamengo comemoram gol marcado contra o Athletico pela Copa do Brasil (Foto: Gilvan de Souza\/Flamengo)\"},{\"@type\":\"BreadcrumbList\",\"@id\":\"https:\/\/www.gaveanews.com\/index.php\/2023\/08\/14\/caso-pedro-entenda-como-esta-a-producao-do-flamengo-apos-o-ocorrido-veja-os-numeros\/#breadcrumb\",\"itemListElement\":[{\"@type\":\"ListItem\",\"position\":1,\"name\":\"Home\",\"item\":\"https:\/\/www.gaveanews.com\/\"},{\"@type\":\"ListItem\",\"position\":2,\"name\":\"Caso Pedro! Entenda como est\u00e1 a produ\u00e7\u00e3o do Flamengo ap\u00f3s o ocorrido; veja os n\u00fameros\"}]},{\"@type\":\"WebSite\",\"@id\":\"https:\/\/www.gaveanews.com\/#website\",\"url\":\"https:\/\/www.gaveanews.com\/\",\"name\":\"G\u00e1vea News\",\"description\":\"Veja todas as not\u00edcias sobre o Flamengo: Contrata\u00e7\u00f5es, categorias de base, resultados das partidas, tabela de classifica\u00e7\u00e3o, pr\u00f3ximos jogos!\",\"potentialAction\":[{\"@type\":\"SearchAction\",\"target\":{\"@type\":\"EntryPoint\",\"urlTemplate\":\"https:\/\/www.gaveanews.com\/?s={search_term_string}\"},\"query-input\":{\"@type\":\"PropertyValueSpecification\",\"valueRequired\":true,\"valueName\":\"search_term_string\"}}],\"inLanguage\":\"pt-BR\"},{\"@type\":\"Person\",\"@id\":\"https:\/\/www.gaveanews.com\/#\/schema\/person\/2d29802e96a726e735077717fb5c6f20\",\"name\":\"Leonardo Ant\u00f4nio\",\"image\":{\"@type\":\"ImageObject\",\"inLanguage\":\"pt-BR\",\"@id\":\"https:\/\/www.gaveanews.com\/#\/schema\/person\/image\/\",\"url\":\"https:\/\/secure.gravatar.com\/avatar\/b9ffc9ff64af5c915e7cb1824991ab1b4aa29b902a6a9a83be9d1c8ba449fce8?s=96&d=mm&r=g\",\"contentUrl\":\"https:\/\/secure.gravatar.com\/avatar\/b9ffc9ff64af5c915e7cb1824991ab1b4aa29b902a6a9a83be9d1c8ba449fce8?s=96&d=mm&r=g\",\"caption\":\"Leonardo Ant\u00f4nio\"}}]}<\/script>\n<!-- \/ Yoast SEO Premium plugin. -->","yoast_head_json":{"title":"Caso Pedro! Entenda como est\u00e1 a produ\u00e7\u00e3o do Flamengo ap\u00f3s o ocorrido; veja os n\u00fameros","robots":{"index":"index","follow":"follow","max-snippet":"max-snippet:-1","max-image-preview":"max-image-preview:large","max-video-preview":"max-video-preview:-1"},"canonical":"https:\/\/www.gaveanews.com\/index.php\/2023\/08\/14\/caso-pedro-entenda-como-esta-a-producao-do-flamengo-apos-o-ocorrido-veja-os-numeros\/","og_locale":"pt_BR","og_type":"article","og_title":"Caso Pedro! Entenda como est\u00e1 a produ\u00e7\u00e3o do Flamengo ap\u00f3s o ocorrido; veja os n\u00fameros","og_description":"O empate diante do S\u00e3o Paulo reserva no Maracan\u00e3 escancarou ainda mais a crise do Flamengo. Foi o jogo seguinte \u00e0 elimina\u00e7\u00e3o da Libertadores contra o Olimpia. Os maus resultados coincidem com o per\u00edodo ap\u00f3s agress\u00e3o ao atacante Pedro. \u00c9 poss\u00edvel dizer que o Flamengo caiu de produ\u00e7\u00e3o depois desse epis\u00f3dio? Ou as falhas da [&hellip;]","og_url":"https:\/\/www.gaveanews.com\/index.php\/2023\/08\/14\/caso-pedro-entenda-como-esta-a-producao-do-flamengo-apos-o-ocorrido-veja-os-numeros\/","og_site_name":"G\u00e1vea News","article_publisher":"https:\/\/facebook.com\/gaveaNews\/","article_published_time":"2023-08-14T15:45:28+00:00","article_modified_time":"2023-08-14T15:45:31+00:00","og_image":[{"width":900,"height":600,"url":"https:\/\/www.gaveanews.com\/wp-content\/uploads\/jogadores-flamengo-gol-athletico-pr.webp","type":"image\/jpeg"}],"author":"Leonardo Ant\u00f4nio","twitter_card":"summary_large_image","twitter_misc":{"Escrito por":"Leonardo Ant\u00f4nio","Est. tempo de leitura":"4 minutos"},"schema":{"@context":"https:\/\/schema.org","@graph":[{"@type":"NewsArticle","@id":"https:\/\/www.gaveanews.com\/index.php\/2023\/08\/14\/caso-pedro-entenda-como-esta-a-producao-do-flamengo-apos-o-ocorrido-veja-os-numeros\/#article","isPartOf":{"@id":"https:\/\/www.gaveanews.com\/index.php\/2023\/08\/14\/caso-pedro-entenda-como-esta-a-producao-do-flamengo-apos-o-ocorrido-veja-os-numeros\/"},"author":{"name":"Leonardo Ant\u00f4nio","@id":"https:\/\/www.gaveanews.com\/#\/schema\/person\/2d29802e96a726e735077717fb5c6f20"},"headline":"Caso Pedro! Entenda como est\u00e1 a produ\u00e7\u00e3o do Flamengo ap\u00f3s o ocorrido; veja os n\u00fameros","datePublished":"2023-08-14T15:45:28+00:00","dateModified":"2023-08-14T15:45:31+00:00","mainEntityOfPage":{"@id":"https:\/\/www.gaveanews.com\/index.php\/2023\/08\/14\/caso-pedro-entenda-como-esta-a-producao-do-flamengo-apos-o-ocorrido-veja-os-numeros\/"},"wordCount":685,"commentCount":0,"image":{"@id":"https:\/\/www.gaveanews.com\/index.php\/2023\/08\/14\/caso-pedro-entenda-como-esta-a-producao-do-flamengo-apos-o-ocorrido-veja-os-numeros\/#primaryimage"},"thumbnailUrl":"https:\/\/www.gaveanews.com\/wp-content\/uploads\/jogadores-flamengo-gol-athletico-pr.webp","articleSection":["Flamengo"],"inLanguage":"pt-BR","potentialAction":[{"@type":"CommentAction","name":"Comment","target":["https:\/\/www.gaveanews.com\/index.php\/2023\/08\/14\/caso-pedro-entenda-como-esta-a-producao-do-flamengo-apos-o-ocorrido-veja-os-numeros\/#respond"]}],"copyrightYear":"2023","copyrightHolder":{"@id":"https:\/\/www.gaveanews.com\/#organization"}},{"@type":"WebPage","@id":"https:\/\/www.gaveanews.com\/index.php\/2023\/08\/14\/caso-pedro-entenda-como-esta-a-producao-do-flamengo-apos-o-ocorrido-veja-os-numeros\/","url":"https:\/\/www.gaveanews.com\/index.php\/2023\/08\/14\/caso-pedro-entenda-como-esta-a-producao-do-flamengo-apos-o-ocorrido-veja-os-numeros\/","name":"Caso Pedro! Entenda como est\u00e1 a produ\u00e7\u00e3o do Flamengo ap\u00f3s o ocorrido; veja os n\u00fameros","isPartOf":{"@id":"https:\/\/www.gaveanews.com\/#website"},"primaryImageOfPage":{"@id":"https:\/\/www.gaveanews.com\/index.php\/2023\/08\/14\/caso-pedro-entenda-como-esta-a-producao-do-flamengo-apos-o-ocorrido-veja-os-numeros\/#primaryimage"},"image":{"@id":"https:\/\/www.gaveanews.com\/index.php\/2023\/08\/14\/caso-pedro-entenda-como-esta-a-producao-do-flamengo-apos-o-ocorrido-veja-os-numeros\/#primaryimage"},"thumbnailUrl":"https:\/\/www.gaveanews.com\/wp-content\/uploads\/jogadores-flamengo-gol-athletico-pr.webp","datePublished":"2023-08-14T15:45:28+00:00","dateModified":"2023-08-14T15:45:31+00:00","author":{"@id":"https:\/\/www.gaveanews.com\/#\/schema\/person\/2d29802e96a726e735077717fb5c6f20"},"breadcrumb":{"@id":"https:\/\/www.gaveanews.com\/index.php\/2023\/08\/14\/caso-pedro-entenda-como-esta-a-producao-do-flamengo-apos-o-ocorrido-veja-os-numeros\/#breadcrumb"},"inLanguage":"pt-BR","potentialAction":[{"@type":"ReadAction","target":["https:\/\/www.gaveanews.com\/index.php\/2023\/08\/14\/caso-pedro-entenda-como-esta-a-producao-do-flamengo-apos-o-ocorrido-veja-os-numeros\/"]}]},{"@type":"ImageObject","inLanguage":"pt-BR","@id":"https:\/\/www.gaveanews.com\/index.php\/2023\/08\/14\/caso-pedro-entenda-como-esta-a-producao-do-flamengo-apos-o-ocorrido-veja-os-numeros\/#primaryimage","url":"https:\/\/www.gaveanews.com\/wp-content\/uploads\/jogadores-flamengo-gol-athletico-pr.webp","contentUrl":"https:\/\/www.gaveanews.com\/wp-content\/uploads\/jogadores-flamengo-gol-athletico-pr.webp","width":900,"height":600,"caption":"Jogadores do Flamengo comemoram gol marcado contra o Athletico pela Copa do Brasil (Foto: Gilvan de Souza\/Flamengo)"},{"@type":"BreadcrumbList","@id":"https:\/\/www.gaveanews.com\/index.php\/2023\/08\/14\/caso-pedro-entenda-como-esta-a-producao-do-flamengo-apos-o-ocorrido-veja-os-numeros\/#breadcrumb","itemListElement":[{"@type":"ListItem","position":1,"name":"Home","item":"https:\/\/www.gaveanews.com\/"},{"@type":"ListItem","position":2,"name":"Caso Pedro! Entenda como est\u00e1 a produ\u00e7\u00e3o do Flamengo ap\u00f3s o ocorrido; veja os n\u00fameros"}]},{"@type":"WebSite","@id":"https:\/\/www.gaveanews.com\/#website","url":"https:\/\/www.gaveanews.com\/","name":"G\u00e1vea News","description":"Veja todas as not\u00edcias sobre o Flamengo: Contrata\u00e7\u00f5es, categorias de base, resultados das partidas, tabela de classifica\u00e7\u00e3o, pr\u00f3ximos jogos!","potentialAction":[{"@type":"SearchAction","target":{"@type":"EntryPoint","urlTemplate":"https:\/\/www.gaveanews.com\/?s={search_term_string}"},"query-input":{"@type":"PropertyValueSpecification","valueRequired":true,"valueName":"search_term_string"}}],"inLanguage":"pt-BR"},{"@type":"Person","@id":"https:\/\/www.gaveanews.com\/#\/schema\/person\/2d29802e96a726e735077717fb5c6f20","name":"Leonardo Ant\u00f4nio","image":{"@type":"ImageObject","inLanguage":"pt-BR","@id":"https:\/\/www.gaveanews.com\/#\/schema\/person\/image\/","url":"https:\/\/secure.gravatar.com\/avatar\/b9ffc9ff64af5c915e7cb1824991ab1b4aa29b902a6a9a83be9d1c8ba449fce8?s=96&d=mm&r=g","contentUrl":"https:\/\/secure.gravatar.com\/avatar\/b9ffc9ff64af5c915e7cb1824991ab1b4aa29b902a6a9a83be9d1c8ba449fce8?s=96&d=mm&r=g","caption":"Leonardo Ant\u00f4nio"}}]}},"_links":{"self":[{"href":"https:\/\/www.gaveanews.com\/index.php\/wp-json\/wp\/v2\/posts\/104686","targetHints":{"allow":["GET"]}}],"collection":[{"href":"https:\/\/www.gaveanews.com\/index.php\/wp-json\/wp\/v2\/posts"}],"about":[{"href":"https:\/\/www.gaveanews.com\/index.php\/wp-json\/wp\/v2\/types\/post"}],"author":[{"embeddable":true,"href":"https:\/\/www.gaveanews.com\/index.php\/wp-json\/wp\/v2\/users\/6"}],"replies":[{"embeddable":true,"href":"https:\/\/www.gaveanews.com\/index.php\/wp-json\/wp\/v2\/comments?post=104686"}],"version-history":[{"count":0,"href":"https:\/\/www.gaveanews.com\/index.php\/wp-json\/wp\/v2\/posts\/104686\/revisions"}],"wp:featuredmedia":[{"embeddable":true,"href":"https:\/\/www.gaveanews.com\/index.php\/wp-json\/wp\/v2\/media\/102588"}],"wp:attachment":[{"href":"https:\/\/www.gaveanews.com\/index.php\/wp-json\/wp\/v2\/media?parent=104686"}],"wp:term":[{"taxonomy":"category","embeddable":true,"href":"https:\/\/www.gaveanews.com\/index.php\/wp-json\/wp\/v2\/categories?post=104686"},{"taxonomy":"post_tag","embeddable":true,"href":"https:\/\/www.gaveanews.com\/index.php\/wp-json\/wp\/v2\/tags?post=104686"}],"curies":[{"name":"wp","href":"https:\/\/api.w.org\/{rel}","templated":true}]}}