{"id":104757,"date":"2023-08-15T10:49:17","date_gmt":"2023-08-15T13:49:17","guid":{"rendered":"https:\/\/www.gaveanews.com\/?p=104757"},"modified":"2023-08-15T10:49:20","modified_gmt":"2023-08-15T13:49:20","slug":"empresario-de-jogador-titular-do-flamengo-confirma-nao-haver-proposta","status":"publish","type":"post","link":"https:\/\/www.gaveanews.com\/index.php\/2023\/08\/15\/empresario-de-jogador-titular-do-flamengo-confirma-nao-haver-proposta\/","title":{"rendered":"Empres\u00e1rio de jogador titular do Flamengo confirma n\u00e3o haver proposta"},"content":{"rendered":"\n<p>A janela de transfer\u00eancias do Brasil j\u00e1 encerrou. Entretanto, outras ligas est\u00e3o abertas e, com isso, atletas de times brasileiros chamam aten\u00e7\u00e3o de clubes ao redor do mundo \u2013 principalmente do mercado \u00e1rabe.<\/p>\n\n\n\n<p>O Flamengo, com um elenco recheado com atletas de alto n\u00edvel, \u00e9 o clube que mais vem recebendo sondagens de clubes \u00e1rabes. Depois de Pedro e L\u00e9o Pereira, Ayrton Lucas foi outro jogador que recebeu sondagens. Inclusive, de acordo com o jornalista italiano<\/p>\n\n\n\n<p>Entretanto, segundo a setorista Raisa Simplicio, ainda n\u00e3o h\u00e1 nada concreto. Isso porque, nada oficial chegou pelo lateral-esquerdo. Nem o Flamengo, nem o estafe do atleta recebeu algum proposta oficial de algum clube \u00e1rabe pelo jogador.<\/p>\n\n\n\n<blockquote class=\"twitter-tweet\"><p lang=\"pt\" dir=\"ltr\">Estafe de Ayrton Lucas se pronuncia: <br><br>&quot;Informamos que o atleta Ayrton Lucas, do Flamengo, n\u00e3o recebeu proposta do Al Hilal, da Ar\u00e1bia Saudita&quot; <a href=\"https:\/\/t.co\/hixwjurmzR\">pic.twitter.com\/hixwjurmzR<\/a><\/p>&mdash; Raisa Simplicio (@simpraisa) <a href=\"https:\/\/twitter.com\/simpraisa\/status\/1691434352956043264?ref_src=twsrc%5Etfw\">August 15, 2023<\/a><\/blockquote> <script async src=\"https:\/\/platform.twitter.com\/widgets.js\" charset=\"utf-8\"><\/script>\n\n\n\n<p><br>\u201cS\u00f3 falta o Ayrton, n\u00f3s e o Flamengo ter conhecimento da proposta\u201d, afirmou um membro do estafe para a rep\u00f3rter. Raisa Simplicio deu a informa\u00e7\u00e3o pelo canal pessoal no YouTube.<\/p>\n\n\n\n<p>Retirado de: Diario do Fla<\/p>\n","protected":false},"excerpt":{"rendered":"<p>A janela de transfer\u00eancias do Brasil j\u00e1 encerrou. Entretanto, outras ligas est\u00e3o abertas e, com isso, atletas de times brasileiros chamam aten\u00e7\u00e3o de clubes ao redor do mundo \u2013 principalmente do mercado \u00e1rabe. O Flamengo, com um elenco recheado com atletas de alto n\u00edvel, \u00e9 o clube que mais vem recebendo sondagens de clubes \u00e1rabes. [&hellip;]<\/p>\n","protected":false},"author":6,"featured_media":97942,"comment_status":"open","ping_status":"closed","sticky":false,"template":"","format":"standard","meta":{"footnotes":""},"categories":[48],"tags":[],"class_list":["post-104757","post","type-post","status-publish","format-standard","has-post-thumbnail","hentry","category-negociacoes"],"yoast_head":"<!-- This site is optimized with the Yoast SEO Premium plugin v24.2 (Yoast SEO v26.9) - https:\/\/yoast.com\/product\/yoast-seo-premium-wordpress\/ -->\n<title>Empres\u00e1rio de jogador titular do Flamengo confirma n\u00e3o haver proposta<\/title>\n<meta name=\"robots\" content=\"index, follow, max-snippet:-1, max-image-preview:large, max-video-preview:-1\" \/>\n<link rel=\"canonical\" href=\"https:\/\/www.gaveanews.com\/index.php\/2023\/08\/15\/empresario-de-jogador-titular-do-flamengo-confirma-nao-haver-proposta\/\" \/>\n<meta property=\"og:locale\" content=\"pt_BR\" \/>\n<meta property=\"og:type\" content=\"article\" \/>\n<meta property=\"og:title\" content=\"Empres\u00e1rio de jogador titular do Flamengo confirma n\u00e3o haver proposta\" \/>\n<meta property=\"og:description\" content=\"A janela de transfer\u00eancias do Brasil j\u00e1 encerrou. Entretanto, outras ligas est\u00e3o abertas e, com isso, atletas de times brasileiros chamam aten\u00e7\u00e3o de clubes ao redor do mundo \u2013 principalmente do mercado \u00e1rabe. O Flamengo, com um elenco recheado com atletas de alto n\u00edvel, \u00e9 o clube que mais vem recebendo sondagens de clubes \u00e1rabes. [&hellip;]\" \/>\n<meta property=\"og:url\" content=\"https:\/\/www.gaveanews.com\/index.php\/2023\/08\/15\/empresario-de-jogador-titular-do-flamengo-confirma-nao-haver-proposta\/\" \/>\n<meta property=\"og:site_name\" content=\"G\u00e1vea News\" \/>\n<meta property=\"article:publisher\" content=\"https:\/\/facebook.com\/gaveaNews\/\" \/>\n<meta property=\"article:published_time\" content=\"2023-08-15T13:49:17+00:00\" \/>\n<meta property=\"article:modified_time\" content=\"2023-08-15T13:49:20+00:00\" \/>\n<meta property=\"og:image\" content=\"https:\/\/www.gaveanews.com\/wp-content\/uploads\/gabigol-pedro-everton-cebolinha-ayrton-lucas-flamengo-maringa-copa-do-brasil.webp\" \/>\n\t<meta property=\"og:image:width\" content=\"900\" \/>\n\t<meta property=\"og:image:height\" content=\"599\" \/>\n\t<meta property=\"og:image:type\" content=\"image\/jpeg\" \/>\n<meta name=\"author\" content=\"Leonardo Ant\u00f4nio\" \/>\n<meta name=\"twitter:card\" content=\"summary_large_image\" \/>\n<meta name=\"twitter:label1\" content=\"Escrito por\" \/>\n\t<meta name=\"twitter:data1\" content=\"Leonardo Ant\u00f4nio\" \/>\n\t<meta name=\"twitter:label2\" content=\"Est. tempo de leitura\" \/>\n\t<meta name=\"twitter:data2\" content=\"1 minuto\" \/>\n<script type=\"application\/ld+json\" class=\"yoast-schema-graph\">{\"@context\":\"https:\/\/schema.org\",\"@graph\":[{\"@type\":\"NewsArticle\",\"@id\":\"https:\/\/www.gaveanews.com\/index.php\/2023\/08\/15\/empresario-de-jogador-titular-do-flamengo-confirma-nao-haver-proposta\/#article\",\"isPartOf\":{\"@id\":\"https:\/\/www.gaveanews.com\/index.php\/2023\/08\/15\/empresario-de-jogador-titular-do-flamengo-confirma-nao-haver-proposta\/\"},\"author\":{\"name\":\"Leonardo Ant\u00f4nio\",\"@id\":\"https:\/\/www.gaveanews.com\/#\/schema\/person\/2d29802e96a726e735077717fb5c6f20\"},\"headline\":\"Empres\u00e1rio de jogador titular do Flamengo confirma n\u00e3o haver proposta\",\"datePublished\":\"2023-08-15T13:49:17+00:00\",\"dateModified\":\"2023-08-15T13:49:20+00:00\",\"mainEntityOfPage\":{\"@id\":\"https:\/\/www.gaveanews.com\/index.php\/2023\/08\/15\/empresario-de-jogador-titular-do-flamengo-confirma-nao-haver-proposta\/\"},\"wordCount\":202,\"commentCount\":0,\"image\":{\"@id\":\"https:\/\/www.gaveanews.com\/index.php\/2023\/08\/15\/empresario-de-jogador-titular-do-flamengo-confirma-nao-haver-proposta\/#primaryimage\"},\"thumbnailUrl\":\"https:\/\/www.gaveanews.com\/wp-content\/uploads\/gabigol-pedro-everton-cebolinha-ayrton-lucas-flamengo-maringa-copa-do-brasil.webp\",\"articleSection\":[\"Negocia\u00e7\u00f5es\"],\"inLanguage\":\"pt-BR\",\"potentialAction\":[{\"@type\":\"CommentAction\",\"name\":\"Comment\",\"target\":[\"https:\/\/www.gaveanews.com\/index.php\/2023\/08\/15\/empresario-de-jogador-titular-do-flamengo-confirma-nao-haver-proposta\/#respond\"]}],\"copyrightYear\":\"2023\",\"copyrightHolder\":{\"@id\":\"https:\/\/www.gaveanews.com\/#organization\"}},{\"@type\":\"WebPage\",\"@id\":\"https:\/\/www.gaveanews.com\/index.php\/2023\/08\/15\/empresario-de-jogador-titular-do-flamengo-confirma-nao-haver-proposta\/\",\"url\":\"https:\/\/www.gaveanews.com\/index.php\/2023\/08\/15\/empresario-de-jogador-titular-do-flamengo-confirma-nao-haver-proposta\/\",\"name\":\"Empres\u00e1rio de jogador titular do Flamengo confirma n\u00e3o haver proposta\",\"isPartOf\":{\"@id\":\"https:\/\/www.gaveanews.com\/#website\"},\"primaryImageOfPage\":{\"@id\":\"https:\/\/www.gaveanews.com\/index.php\/2023\/08\/15\/empresario-de-jogador-titular-do-flamengo-confirma-nao-haver-proposta\/#primaryimage\"},\"image\":{\"@id\":\"https:\/\/www.gaveanews.com\/index.php\/2023\/08\/15\/empresario-de-jogador-titular-do-flamengo-confirma-nao-haver-proposta\/#primaryimage\"},\"thumbnailUrl\":\"https:\/\/www.gaveanews.com\/wp-content\/uploads\/gabigol-pedro-everton-cebolinha-ayrton-lucas-flamengo-maringa-copa-do-brasil.webp\",\"datePublished\":\"2023-08-15T13:49:17+00:00\",\"dateModified\":\"2023-08-15T13:49:20+00:00\",\"author\":{\"@id\":\"https:\/\/www.gaveanews.com\/#\/schema\/person\/2d29802e96a726e735077717fb5c6f20\"},\"breadcrumb\":{\"@id\":\"https:\/\/www.gaveanews.com\/index.php\/2023\/08\/15\/empresario-de-jogador-titular-do-flamengo-confirma-nao-haver-proposta\/#breadcrumb\"},\"inLanguage\":\"pt-BR\",\"potentialAction\":[{\"@type\":\"ReadAction\",\"target\":[\"https:\/\/www.gaveanews.com\/index.php\/2023\/08\/15\/empresario-de-jogador-titular-do-flamengo-confirma-nao-haver-proposta\/\"]}]},{\"@type\":\"ImageObject\",\"inLanguage\":\"pt-BR\",\"@id\":\"https:\/\/www.gaveanews.com\/index.php\/2023\/08\/15\/empresario-de-jogador-titular-do-flamengo-confirma-nao-haver-proposta\/#primaryimage\",\"url\":\"https:\/\/www.gaveanews.com\/wp-content\/uploads\/gabigol-pedro-everton-cebolinha-ayrton-lucas-flamengo-maringa-copa-do-brasil.webp\",\"contentUrl\":\"https:\/\/www.gaveanews.com\/wp-content\/uploads\/gabigol-pedro-everton-cebolinha-ayrton-lucas-flamengo-maringa-copa-do-brasil.webp\",\"width\":900,\"height\":599,\"caption\":\"Jogadores do Flamengo comemoram gol marcado contra o Maring\u00e1 pela Copa do Brasil (Foto: Marcelo Cortes\/Flamengo)\"},{\"@type\":\"BreadcrumbList\",\"@id\":\"https:\/\/www.gaveanews.com\/index.php\/2023\/08\/15\/empresario-de-jogador-titular-do-flamengo-confirma-nao-haver-proposta\/#breadcrumb\",\"itemListElement\":[{\"@type\":\"ListItem\",\"position\":1,\"name\":\"Home\",\"item\":\"https:\/\/www.gaveanews.com\/\"},{\"@type\":\"ListItem\",\"position\":2,\"name\":\"Empres\u00e1rio de jogador titular do Flamengo confirma n\u00e3o haver proposta\"}]},{\"@type\":\"WebSite\",\"@id\":\"https:\/\/www.gaveanews.com\/#website\",\"url\":\"https:\/\/www.gaveanews.com\/\",\"name\":\"G\u00e1vea News\",\"description\":\"Veja todas as not\u00edcias sobre o Flamengo: Contrata\u00e7\u00f5es, categorias de base, resultados das partidas, tabela de classifica\u00e7\u00e3o, pr\u00f3ximos jogos!\",\"potentialAction\":[{\"@type\":\"SearchAction\",\"target\":{\"@type\":\"EntryPoint\",\"urlTemplate\":\"https:\/\/www.gaveanews.com\/?s={search_term_string}\"},\"query-input\":{\"@type\":\"PropertyValueSpecification\",\"valueRequired\":true,\"valueName\":\"search_term_string\"}}],\"inLanguage\":\"pt-BR\"},{\"@type\":\"Person\",\"@id\":\"https:\/\/www.gaveanews.com\/#\/schema\/person\/2d29802e96a726e735077717fb5c6f20\",\"name\":\"Leonardo Ant\u00f4nio\",\"image\":{\"@type\":\"ImageObject\",\"inLanguage\":\"pt-BR\",\"@id\":\"https:\/\/www.gaveanews.com\/#\/schema\/person\/image\/\",\"url\":\"https:\/\/secure.gravatar.com\/avatar\/b9ffc9ff64af5c915e7cb1824991ab1b4aa29b902a6a9a83be9d1c8ba449fce8?s=96&d=mm&r=g\",\"contentUrl\":\"https:\/\/secure.gravatar.com\/avatar\/b9ffc9ff64af5c915e7cb1824991ab1b4aa29b902a6a9a83be9d1c8ba449fce8?s=96&d=mm&r=g\",\"caption\":\"Leonardo Ant\u00f4nio\"}}]}<\/script>\n<!-- \/ Yoast SEO Premium plugin. -->","yoast_head_json":{"title":"Empres\u00e1rio de jogador titular do Flamengo confirma n\u00e3o haver proposta","robots":{"index":"index","follow":"follow","max-snippet":"max-snippet:-1","max-image-preview":"max-image-preview:large","max-video-preview":"max-video-preview:-1"},"canonical":"https:\/\/www.gaveanews.com\/index.php\/2023\/08\/15\/empresario-de-jogador-titular-do-flamengo-confirma-nao-haver-proposta\/","og_locale":"pt_BR","og_type":"article","og_title":"Empres\u00e1rio de jogador titular do Flamengo confirma n\u00e3o haver proposta","og_description":"A janela de transfer\u00eancias do Brasil j\u00e1 encerrou. Entretanto, outras ligas est\u00e3o abertas e, com isso, atletas de times brasileiros chamam aten\u00e7\u00e3o de clubes ao redor do mundo \u2013 principalmente do mercado \u00e1rabe. O Flamengo, com um elenco recheado com atletas de alto n\u00edvel, \u00e9 o clube que mais vem recebendo sondagens de clubes \u00e1rabes. [&hellip;]","og_url":"https:\/\/www.gaveanews.com\/index.php\/2023\/08\/15\/empresario-de-jogador-titular-do-flamengo-confirma-nao-haver-proposta\/","og_site_name":"G\u00e1vea News","article_publisher":"https:\/\/facebook.com\/gaveaNews\/","article_published_time":"2023-08-15T13:49:17+00:00","article_modified_time":"2023-08-15T13:49:20+00:00","og_image":[{"width":900,"height":599,"url":"https:\/\/www.gaveanews.com\/wp-content\/uploads\/gabigol-pedro-everton-cebolinha-ayrton-lucas-flamengo-maringa-copa-do-brasil.webp","type":"image\/jpeg"}],"author":"Leonardo Ant\u00f4nio","twitter_card":"summary_large_image","twitter_misc":{"Escrito por":"Leonardo Ant\u00f4nio","Est. tempo de leitura":"1 minuto"},"schema":{"@context":"https:\/\/schema.org","@graph":[{"@type":"NewsArticle","@id":"https:\/\/www.gaveanews.com\/index.php\/2023\/08\/15\/empresario-de-jogador-titular-do-flamengo-confirma-nao-haver-proposta\/#article","isPartOf":{"@id":"https:\/\/www.gaveanews.com\/index.php\/2023\/08\/15\/empresario-de-jogador-titular-do-flamengo-confirma-nao-haver-proposta\/"},"author":{"name":"Leonardo Ant\u00f4nio","@id":"https:\/\/www.gaveanews.com\/#\/schema\/person\/2d29802e96a726e735077717fb5c6f20"},"headline":"Empres\u00e1rio de jogador titular do Flamengo confirma n\u00e3o haver proposta","datePublished":"2023-08-15T13:49:17+00:00","dateModified":"2023-08-15T13:49:20+00:00","mainEntityOfPage":{"@id":"https:\/\/www.gaveanews.com\/index.php\/2023\/08\/15\/empresario-de-jogador-titular-do-flamengo-confirma-nao-haver-proposta\/"},"wordCount":202,"commentCount":0,"image":{"@id":"https:\/\/www.gaveanews.com\/index.php\/2023\/08\/15\/empresario-de-jogador-titular-do-flamengo-confirma-nao-haver-proposta\/#primaryimage"},"thumbnailUrl":"https:\/\/www.gaveanews.com\/wp-content\/uploads\/gabigol-pedro-everton-cebolinha-ayrton-lucas-flamengo-maringa-copa-do-brasil.webp","articleSection":["Negocia\u00e7\u00f5es"],"inLanguage":"pt-BR","potentialAction":[{"@type":"CommentAction","name":"Comment","target":["https:\/\/www.gaveanews.com\/index.php\/2023\/08\/15\/empresario-de-jogador-titular-do-flamengo-confirma-nao-haver-proposta\/#respond"]}],"copyrightYear":"2023","copyrightHolder":{"@id":"https:\/\/www.gaveanews.com\/#organization"}},{"@type":"WebPage","@id":"https:\/\/www.gaveanews.com\/index.php\/2023\/08\/15\/empresario-de-jogador-titular-do-flamengo-confirma-nao-haver-proposta\/","url":"https:\/\/www.gaveanews.com\/index.php\/2023\/08\/15\/empresario-de-jogador-titular-do-flamengo-confirma-nao-haver-proposta\/","name":"Empres\u00e1rio de jogador titular do Flamengo confirma n\u00e3o haver proposta","isPartOf":{"@id":"https:\/\/www.gaveanews.com\/#website"},"primaryImageOfPage":{"@id":"https:\/\/www.gaveanews.com\/index.php\/2023\/08\/15\/empresario-de-jogador-titular-do-flamengo-confirma-nao-haver-proposta\/#primaryimage"},"image":{"@id":"https:\/\/www.gaveanews.com\/index.php\/2023\/08\/15\/empresario-de-jogador-titular-do-flamengo-confirma-nao-haver-proposta\/#primaryimage"},"thumbnailUrl":"https:\/\/www.gaveanews.com\/wp-content\/uploads\/gabigol-pedro-everton-cebolinha-ayrton-lucas-flamengo-maringa-copa-do-brasil.webp","datePublished":"2023-08-15T13:49:17+00:00","dateModified":"2023-08-15T13:49:20+00:00","author":{"@id":"https:\/\/www.gaveanews.com\/#\/schema\/person\/2d29802e96a726e735077717fb5c6f20"},"breadcrumb":{"@id":"https:\/\/www.gaveanews.com\/index.php\/2023\/08\/15\/empresario-de-jogador-titular-do-flamengo-confirma-nao-haver-proposta\/#breadcrumb"},"inLanguage":"pt-BR","potentialAction":[{"@type":"ReadAction","target":["https:\/\/www.gaveanews.com\/index.php\/2023\/08\/15\/empresario-de-jogador-titular-do-flamengo-confirma-nao-haver-proposta\/"]}]},{"@type":"ImageObject","inLanguage":"pt-BR","@id":"https:\/\/www.gaveanews.com\/index.php\/2023\/08\/15\/empresario-de-jogador-titular-do-flamengo-confirma-nao-haver-proposta\/#primaryimage","url":"https:\/\/www.gaveanews.com\/wp-content\/uploads\/gabigol-pedro-everton-cebolinha-ayrton-lucas-flamengo-maringa-copa-do-brasil.webp","contentUrl":"https:\/\/www.gaveanews.com\/wp-content\/uploads\/gabigol-pedro-everton-cebolinha-ayrton-lucas-flamengo-maringa-copa-do-brasil.webp","width":900,"height":599,"caption":"Jogadores do Flamengo comemoram gol marcado contra o Maring\u00e1 pela Copa do Brasil (Foto: Marcelo Cortes\/Flamengo)"},{"@type":"BreadcrumbList","@id":"https:\/\/www.gaveanews.com\/index.php\/2023\/08\/15\/empresario-de-jogador-titular-do-flamengo-confirma-nao-haver-proposta\/#breadcrumb","itemListElement":[{"@type":"ListItem","position":1,"name":"Home","item":"https:\/\/www.gaveanews.com\/"},{"@type":"ListItem","position":2,"name":"Empres\u00e1rio de jogador titular do Flamengo confirma n\u00e3o haver proposta"}]},{"@type":"WebSite","@id":"https:\/\/www.gaveanews.com\/#website","url":"https:\/\/www.gaveanews.com\/","name":"G\u00e1vea News","description":"Veja todas as not\u00edcias sobre o Flamengo: Contrata\u00e7\u00f5es, categorias de base, resultados das partidas, tabela de classifica\u00e7\u00e3o, pr\u00f3ximos jogos!","potentialAction":[{"@type":"SearchAction","target":{"@type":"EntryPoint","urlTemplate":"https:\/\/www.gaveanews.com\/?s={search_term_string}"},"query-input":{"@type":"PropertyValueSpecification","valueRequired":true,"valueName":"search_term_string"}}],"inLanguage":"pt-BR"},{"@type":"Person","@id":"https:\/\/www.gaveanews.com\/#\/schema\/person\/2d29802e96a726e735077717fb5c6f20","name":"Leonardo Ant\u00f4nio","image":{"@type":"ImageObject","inLanguage":"pt-BR","@id":"https:\/\/www.gaveanews.com\/#\/schema\/person\/image\/","url":"https:\/\/secure.gravatar.com\/avatar\/b9ffc9ff64af5c915e7cb1824991ab1b4aa29b902a6a9a83be9d1c8ba449fce8?s=96&d=mm&r=g","contentUrl":"https:\/\/secure.gravatar.com\/avatar\/b9ffc9ff64af5c915e7cb1824991ab1b4aa29b902a6a9a83be9d1c8ba449fce8?s=96&d=mm&r=g","caption":"Leonardo Ant\u00f4nio"}}]}},"_links":{"self":[{"href":"https:\/\/www.gaveanews.com\/index.php\/wp-json\/wp\/v2\/posts\/104757","targetHints":{"allow":["GET"]}}],"collection":[{"href":"https:\/\/www.gaveanews.com\/index.php\/wp-json\/wp\/v2\/posts"}],"about":[{"href":"https:\/\/www.gaveanews.com\/index.php\/wp-json\/wp\/v2\/types\/post"}],"author":[{"embeddable":true,"href":"https:\/\/www.gaveanews.com\/index.php\/wp-json\/wp\/v2\/users\/6"}],"replies":[{"embeddable":true,"href":"https:\/\/www.gaveanews.com\/index.php\/wp-json\/wp\/v2\/comments?post=104757"}],"version-history":[{"count":0,"href":"https:\/\/www.gaveanews.com\/index.php\/wp-json\/wp\/v2\/posts\/104757\/revisions"}],"wp:featuredmedia":[{"embeddable":true,"href":"https:\/\/www.gaveanews.com\/index.php\/wp-json\/wp\/v2\/media\/97942"}],"wp:attachment":[{"href":"https:\/\/www.gaveanews.com\/index.php\/wp-json\/wp\/v2\/media?parent=104757"}],"wp:term":[{"taxonomy":"category","embeddable":true,"href":"https:\/\/www.gaveanews.com\/index.php\/wp-json\/wp\/v2\/categories?post=104757"},{"taxonomy":"post_tag","embeddable":true,"href":"https:\/\/www.gaveanews.com\/index.php\/wp-json\/wp\/v2\/tags?post=104757"}],"curies":[{"name":"wp","href":"https:\/\/api.w.org\/{rel}","templated":true}]}}