{"id":105218,"date":"2023-08-22T14:51:53","date_gmt":"2023-08-22T17:51:53","guid":{"rendered":"https:\/\/www.gaveanews.com\/?p=105218"},"modified":"2023-08-22T14:51:56","modified_gmt":"2023-08-22T17:51:56","slug":"flamengo-tem-novidades-em-reapresentacao-no-ninho-do-urubu","status":"publish","type":"post","link":"https:\/\/www.gaveanews.com\/index.php\/2023\/08\/22\/flamengo-tem-novidades-em-reapresentacao-no-ninho-do-urubu\/","title":{"rendered":"Flamengo tem novidades em reapresenta\u00e7\u00e3o no Ninho do Urubu"},"content":{"rendered":"\n<p>Por: Let\u00edcia Gerheim<br><br>O elenco rubro-negro recebeu um dia de folga ap\u00f3s a vit\u00f3ria sobre o Coritiba e se reapresentou nesta ter\u00e7a-feira (22). As atividades coletivas contaram com a presen\u00e7a de dois jogadores que era d\u00favida na equipe.<\/p>\n\n\n\n<p>David Luiz, que se recuperava de uma les\u00e3o no adutor da coxa esquerda, participou do treino, ainda que apenas parcialmente. Outro defensor que preocupava era L\u00e9o Pereira, que sofreu um pis\u00e3o na partida contra o Coxa, mas tamb\u00e9m treinou com o grupo.<\/p>\n\n\n\n<p>A \u00fanica aus\u00eancia nas atividades no gramado foi Varela. O uruguaio se recupera de les\u00e3o ligamentar no joelho direito.<\/p>\n\n\n\n<p>O Flamengo ter\u00e1 a semana livre para treinamento por conta da elimina\u00e7\u00e3o na Libertadores, que reduziu o n\u00famero de compromissos previstos para o time.<\/p>\n\n\n\n<p>A equipe da G\u00e1vea volta a campo no s\u00e1bado (26) para enfrentar o Internacional no Maracan\u00e3. O duelo ser\u00e1 v\u00e1lido pela 21\u00aa rodada do Brasileir\u00e3o e iniciar\u00e1 \u00e0s 18h30 (hor\u00e1rio de Bras\u00edlia).<\/p>\n","protected":false},"excerpt":{"rendered":"<p>Por: Let\u00edcia Gerheim O elenco rubro-negro recebeu um dia de folga ap\u00f3s a vit\u00f3ria sobre o Coritiba e se reapresentou nesta ter\u00e7a-feira (22). As atividades coletivas contaram com a presen\u00e7a de dois jogadores que era d\u00favida na equipe. David Luiz, que se recuperava de uma les\u00e3o no adutor da coxa esquerda, participou do treino, ainda [&hellip;]<\/p>\n","protected":false},"author":4,"featured_media":100504,"comment_status":"open","ping_status":"closed","sticky":false,"template":"","format":"standard","meta":{"footnotes":""},"categories":[1],"tags":[],"class_list":["post-105218","post","type-post","status-publish","format-standard","has-post-thumbnail","hentry","category-flamengo"],"yoast_head":"<!-- This site is optimized with the Yoast SEO Premium plugin v24.2 (Yoast SEO v26.9) - https:\/\/yoast.com\/product\/yoast-seo-premium-wordpress\/ -->\n<title>Flamengo tem novidades em reapresenta\u00e7\u00e3o no Ninho do Urubu<\/title>\n<meta name=\"robots\" content=\"index, follow, max-snippet:-1, max-image-preview:large, max-video-preview:-1\" \/>\n<link rel=\"canonical\" href=\"https:\/\/www.gaveanews.com\/index.php\/2023\/08\/22\/flamengo-tem-novidades-em-reapresentacao-no-ninho-do-urubu\/\" \/>\n<meta property=\"og:locale\" content=\"pt_BR\" \/>\n<meta property=\"og:type\" content=\"article\" \/>\n<meta property=\"og:title\" content=\"Flamengo tem novidades em reapresenta\u00e7\u00e3o no Ninho do Urubu\" \/>\n<meta property=\"og:description\" content=\"Por: Let\u00edcia Gerheim O elenco rubro-negro recebeu um dia de folga ap\u00f3s a vit\u00f3ria sobre o Coritiba e se reapresentou nesta ter\u00e7a-feira (22). As atividades coletivas contaram com a presen\u00e7a de dois jogadores que era d\u00favida na equipe. David Luiz, que se recuperava de uma les\u00e3o no adutor da coxa esquerda, participou do treino, ainda [&hellip;]\" \/>\n<meta property=\"og:url\" content=\"https:\/\/www.gaveanews.com\/index.php\/2023\/08\/22\/flamengo-tem-novidades-em-reapresentacao-no-ninho-do-urubu\/\" \/>\n<meta property=\"og:site_name\" content=\"G\u00e1vea News\" \/>\n<meta property=\"article:publisher\" content=\"https:\/\/facebook.com\/gaveaNews\/\" \/>\n<meta property=\"article:published_time\" content=\"2023-08-22T17:51:53+00:00\" \/>\n<meta property=\"article:modified_time\" content=\"2023-08-22T17:51:56+00:00\" \/>\n<meta property=\"og:image\" content=\"https:\/\/www.gaveanews.com\/wp-content\/uploads\/jogadores-treino-flamengo-1.webp\" \/>\n\t<meta property=\"og:image:width\" content=\"900\" \/>\n\t<meta property=\"og:image:height\" content=\"600\" \/>\n\t<meta property=\"og:image:type\" content=\"image\/jpeg\" \/>\n<meta name=\"author\" content=\"Let\u00edcia Gerheim\" \/>\n<meta name=\"twitter:card\" content=\"summary_large_image\" \/>\n<meta name=\"twitter:label1\" content=\"Escrito por\" \/>\n\t<meta name=\"twitter:data1\" content=\"Let\u00edcia Gerheim\" \/>\n\t<meta name=\"twitter:label2\" content=\"Est. tempo de leitura\" \/>\n\t<meta name=\"twitter:data2\" content=\"1 minuto\" \/>\n<script type=\"application\/ld+json\" class=\"yoast-schema-graph\">{\"@context\":\"https:\/\/schema.org\",\"@graph\":[{\"@type\":\"NewsArticle\",\"@id\":\"https:\/\/www.gaveanews.com\/index.php\/2023\/08\/22\/flamengo-tem-novidades-em-reapresentacao-no-ninho-do-urubu\/#article\",\"isPartOf\":{\"@id\":\"https:\/\/www.gaveanews.com\/index.php\/2023\/08\/22\/flamengo-tem-novidades-em-reapresentacao-no-ninho-do-urubu\/\"},\"author\":{\"name\":\"Let\u00edcia Gerheim\",\"@id\":\"https:\/\/www.gaveanews.com\/#\/schema\/person\/714c67050b836198af2450ba1c142a67\"},\"headline\":\"Flamengo tem novidades em reapresenta\u00e7\u00e3o no Ninho do Urubu\",\"datePublished\":\"2023-08-22T17:51:53+00:00\",\"dateModified\":\"2023-08-22T17:51:56+00:00\",\"mainEntityOfPage\":{\"@id\":\"https:\/\/www.gaveanews.com\/index.php\/2023\/08\/22\/flamengo-tem-novidades-em-reapresentacao-no-ninho-do-urubu\/\"},\"wordCount\":182,\"commentCount\":0,\"image\":{\"@id\":\"https:\/\/www.gaveanews.com\/index.php\/2023\/08\/22\/flamengo-tem-novidades-em-reapresentacao-no-ninho-do-urubu\/#primaryimage\"},\"thumbnailUrl\":\"https:\/\/www.gaveanews.com\/wp-content\/uploads\/jogadores-treino-flamengo-1.webp\",\"articleSection\":[\"Flamengo\"],\"inLanguage\":\"pt-BR\",\"potentialAction\":[{\"@type\":\"CommentAction\",\"name\":\"Comment\",\"target\":[\"https:\/\/www.gaveanews.com\/index.php\/2023\/08\/22\/flamengo-tem-novidades-em-reapresentacao-no-ninho-do-urubu\/#respond\"]}],\"copyrightYear\":\"2023\",\"copyrightHolder\":{\"@id\":\"https:\/\/www.gaveanews.com\/#organization\"}},{\"@type\":\"WebPage\",\"@id\":\"https:\/\/www.gaveanews.com\/index.php\/2023\/08\/22\/flamengo-tem-novidades-em-reapresentacao-no-ninho-do-urubu\/\",\"url\":\"https:\/\/www.gaveanews.com\/index.php\/2023\/08\/22\/flamengo-tem-novidades-em-reapresentacao-no-ninho-do-urubu\/\",\"name\":\"Flamengo tem novidades em reapresenta\u00e7\u00e3o no Ninho do Urubu\",\"isPartOf\":{\"@id\":\"https:\/\/www.gaveanews.com\/#website\"},\"primaryImageOfPage\":{\"@id\":\"https:\/\/www.gaveanews.com\/index.php\/2023\/08\/22\/flamengo-tem-novidades-em-reapresentacao-no-ninho-do-urubu\/#primaryimage\"},\"image\":{\"@id\":\"https:\/\/www.gaveanews.com\/index.php\/2023\/08\/22\/flamengo-tem-novidades-em-reapresentacao-no-ninho-do-urubu\/#primaryimage\"},\"thumbnailUrl\":\"https:\/\/www.gaveanews.com\/wp-content\/uploads\/jogadores-treino-flamengo-1.webp\",\"datePublished\":\"2023-08-22T17:51:53+00:00\",\"dateModified\":\"2023-08-22T17:51:56+00:00\",\"author\":{\"@id\":\"https:\/\/www.gaveanews.com\/#\/schema\/person\/714c67050b836198af2450ba1c142a67\"},\"breadcrumb\":{\"@id\":\"https:\/\/www.gaveanews.com\/index.php\/2023\/08\/22\/flamengo-tem-novidades-em-reapresentacao-no-ninho-do-urubu\/#breadcrumb\"},\"inLanguage\":\"pt-BR\",\"potentialAction\":[{\"@type\":\"ReadAction\",\"target\":[\"https:\/\/www.gaveanews.com\/index.php\/2023\/08\/22\/flamengo-tem-novidades-em-reapresentacao-no-ninho-do-urubu\/\"]}]},{\"@type\":\"ImageObject\",\"inLanguage\":\"pt-BR\",\"@id\":\"https:\/\/www.gaveanews.com\/index.php\/2023\/08\/22\/flamengo-tem-novidades-em-reapresentacao-no-ninho-do-urubu\/#primaryimage\",\"url\":\"https:\/\/www.gaveanews.com\/wp-content\/uploads\/jogadores-treino-flamengo-1.webp\",\"contentUrl\":\"https:\/\/www.gaveanews.com\/wp-content\/uploads\/jogadores-treino-flamengo-1.webp\",\"width\":900,\"height\":600,\"caption\":\"Jogadores do Flamengo em treino no Ninho do Urubu (Foto: Gilvan de Souza\/Flamengo)\"},{\"@type\":\"BreadcrumbList\",\"@id\":\"https:\/\/www.gaveanews.com\/index.php\/2023\/08\/22\/flamengo-tem-novidades-em-reapresentacao-no-ninho-do-urubu\/#breadcrumb\",\"itemListElement\":[{\"@type\":\"ListItem\",\"position\":1,\"name\":\"Home\",\"item\":\"https:\/\/www.gaveanews.com\/\"},{\"@type\":\"ListItem\",\"position\":2,\"name\":\"Flamengo tem novidades em reapresenta\u00e7\u00e3o no Ninho do Urubu\"}]},{\"@type\":\"WebSite\",\"@id\":\"https:\/\/www.gaveanews.com\/#website\",\"url\":\"https:\/\/www.gaveanews.com\/\",\"name\":\"G\u00e1vea News\",\"description\":\"Veja todas as not\u00edcias sobre o Flamengo: Contrata\u00e7\u00f5es, categorias de base, resultados das partidas, tabela de classifica\u00e7\u00e3o, pr\u00f3ximos jogos!\",\"potentialAction\":[{\"@type\":\"SearchAction\",\"target\":{\"@type\":\"EntryPoint\",\"urlTemplate\":\"https:\/\/www.gaveanews.com\/?s={search_term_string}\"},\"query-input\":{\"@type\":\"PropertyValueSpecification\",\"valueRequired\":true,\"valueName\":\"search_term_string\"}}],\"inLanguage\":\"pt-BR\"},{\"@type\":\"Person\",\"@id\":\"https:\/\/www.gaveanews.com\/#\/schema\/person\/714c67050b836198af2450ba1c142a67\",\"name\":\"Let\u00edcia Gerheim\",\"image\":{\"@type\":\"ImageObject\",\"inLanguage\":\"pt-BR\",\"@id\":\"https:\/\/www.gaveanews.com\/#\/schema\/person\/image\/\",\"url\":\"https:\/\/secure.gravatar.com\/avatar\/60734739c50fcebfbac509e2a826ccd0ff405c019bc73aab9354f19ecad1dcb4?s=96&d=mm&r=g\",\"contentUrl\":\"https:\/\/secure.gravatar.com\/avatar\/60734739c50fcebfbac509e2a826ccd0ff405c019bc73aab9354f19ecad1dcb4?s=96&d=mm&r=g\",\"caption\":\"Let\u00edcia Gerheim\"}}]}<\/script>\n<!-- \/ Yoast SEO Premium plugin. -->","yoast_head_json":{"title":"Flamengo tem novidades em reapresenta\u00e7\u00e3o no Ninho do Urubu","robots":{"index":"index","follow":"follow","max-snippet":"max-snippet:-1","max-image-preview":"max-image-preview:large","max-video-preview":"max-video-preview:-1"},"canonical":"https:\/\/www.gaveanews.com\/index.php\/2023\/08\/22\/flamengo-tem-novidades-em-reapresentacao-no-ninho-do-urubu\/","og_locale":"pt_BR","og_type":"article","og_title":"Flamengo tem novidades em reapresenta\u00e7\u00e3o no Ninho do Urubu","og_description":"Por: Let\u00edcia Gerheim O elenco rubro-negro recebeu um dia de folga ap\u00f3s a vit\u00f3ria sobre o Coritiba e se reapresentou nesta ter\u00e7a-feira (22). As atividades coletivas contaram com a presen\u00e7a de dois jogadores que era d\u00favida na equipe. David Luiz, que se recuperava de uma les\u00e3o no adutor da coxa esquerda, participou do treino, ainda [&hellip;]","og_url":"https:\/\/www.gaveanews.com\/index.php\/2023\/08\/22\/flamengo-tem-novidades-em-reapresentacao-no-ninho-do-urubu\/","og_site_name":"G\u00e1vea News","article_publisher":"https:\/\/facebook.com\/gaveaNews\/","article_published_time":"2023-08-22T17:51:53+00:00","article_modified_time":"2023-08-22T17:51:56+00:00","og_image":[{"width":900,"height":600,"url":"https:\/\/www.gaveanews.com\/wp-content\/uploads\/jogadores-treino-flamengo-1.webp","type":"image\/jpeg"}],"author":"Let\u00edcia Gerheim","twitter_card":"summary_large_image","twitter_misc":{"Escrito por":"Let\u00edcia Gerheim","Est. tempo de leitura":"1 minuto"},"schema":{"@context":"https:\/\/schema.org","@graph":[{"@type":"NewsArticle","@id":"https:\/\/www.gaveanews.com\/index.php\/2023\/08\/22\/flamengo-tem-novidades-em-reapresentacao-no-ninho-do-urubu\/#article","isPartOf":{"@id":"https:\/\/www.gaveanews.com\/index.php\/2023\/08\/22\/flamengo-tem-novidades-em-reapresentacao-no-ninho-do-urubu\/"},"author":{"name":"Let\u00edcia Gerheim","@id":"https:\/\/www.gaveanews.com\/#\/schema\/person\/714c67050b836198af2450ba1c142a67"},"headline":"Flamengo tem novidades em reapresenta\u00e7\u00e3o no Ninho do Urubu","datePublished":"2023-08-22T17:51:53+00:00","dateModified":"2023-08-22T17:51:56+00:00","mainEntityOfPage":{"@id":"https:\/\/www.gaveanews.com\/index.php\/2023\/08\/22\/flamengo-tem-novidades-em-reapresentacao-no-ninho-do-urubu\/"},"wordCount":182,"commentCount":0,"image":{"@id":"https:\/\/www.gaveanews.com\/index.php\/2023\/08\/22\/flamengo-tem-novidades-em-reapresentacao-no-ninho-do-urubu\/#primaryimage"},"thumbnailUrl":"https:\/\/www.gaveanews.com\/wp-content\/uploads\/jogadores-treino-flamengo-1.webp","articleSection":["Flamengo"],"inLanguage":"pt-BR","potentialAction":[{"@type":"CommentAction","name":"Comment","target":["https:\/\/www.gaveanews.com\/index.php\/2023\/08\/22\/flamengo-tem-novidades-em-reapresentacao-no-ninho-do-urubu\/#respond"]}],"copyrightYear":"2023","copyrightHolder":{"@id":"https:\/\/www.gaveanews.com\/#organization"}},{"@type":"WebPage","@id":"https:\/\/www.gaveanews.com\/index.php\/2023\/08\/22\/flamengo-tem-novidades-em-reapresentacao-no-ninho-do-urubu\/","url":"https:\/\/www.gaveanews.com\/index.php\/2023\/08\/22\/flamengo-tem-novidades-em-reapresentacao-no-ninho-do-urubu\/","name":"Flamengo tem novidades em reapresenta\u00e7\u00e3o no Ninho do Urubu","isPartOf":{"@id":"https:\/\/www.gaveanews.com\/#website"},"primaryImageOfPage":{"@id":"https:\/\/www.gaveanews.com\/index.php\/2023\/08\/22\/flamengo-tem-novidades-em-reapresentacao-no-ninho-do-urubu\/#primaryimage"},"image":{"@id":"https:\/\/www.gaveanews.com\/index.php\/2023\/08\/22\/flamengo-tem-novidades-em-reapresentacao-no-ninho-do-urubu\/#primaryimage"},"thumbnailUrl":"https:\/\/www.gaveanews.com\/wp-content\/uploads\/jogadores-treino-flamengo-1.webp","datePublished":"2023-08-22T17:51:53+00:00","dateModified":"2023-08-22T17:51:56+00:00","author":{"@id":"https:\/\/www.gaveanews.com\/#\/schema\/person\/714c67050b836198af2450ba1c142a67"},"breadcrumb":{"@id":"https:\/\/www.gaveanews.com\/index.php\/2023\/08\/22\/flamengo-tem-novidades-em-reapresentacao-no-ninho-do-urubu\/#breadcrumb"},"inLanguage":"pt-BR","potentialAction":[{"@type":"ReadAction","target":["https:\/\/www.gaveanews.com\/index.php\/2023\/08\/22\/flamengo-tem-novidades-em-reapresentacao-no-ninho-do-urubu\/"]}]},{"@type":"ImageObject","inLanguage":"pt-BR","@id":"https:\/\/www.gaveanews.com\/index.php\/2023\/08\/22\/flamengo-tem-novidades-em-reapresentacao-no-ninho-do-urubu\/#primaryimage","url":"https:\/\/www.gaveanews.com\/wp-content\/uploads\/jogadores-treino-flamengo-1.webp","contentUrl":"https:\/\/www.gaveanews.com\/wp-content\/uploads\/jogadores-treino-flamengo-1.webp","width":900,"height":600,"caption":"Jogadores do Flamengo em treino no Ninho do Urubu (Foto: Gilvan de Souza\/Flamengo)"},{"@type":"BreadcrumbList","@id":"https:\/\/www.gaveanews.com\/index.php\/2023\/08\/22\/flamengo-tem-novidades-em-reapresentacao-no-ninho-do-urubu\/#breadcrumb","itemListElement":[{"@type":"ListItem","position":1,"name":"Home","item":"https:\/\/www.gaveanews.com\/"},{"@type":"ListItem","position":2,"name":"Flamengo tem novidades em reapresenta\u00e7\u00e3o no Ninho do Urubu"}]},{"@type":"WebSite","@id":"https:\/\/www.gaveanews.com\/#website","url":"https:\/\/www.gaveanews.com\/","name":"G\u00e1vea News","description":"Veja todas as not\u00edcias sobre o Flamengo: Contrata\u00e7\u00f5es, categorias de base, resultados das partidas, tabela de classifica\u00e7\u00e3o, pr\u00f3ximos jogos!","potentialAction":[{"@type":"SearchAction","target":{"@type":"EntryPoint","urlTemplate":"https:\/\/www.gaveanews.com\/?s={search_term_string}"},"query-input":{"@type":"PropertyValueSpecification","valueRequired":true,"valueName":"search_term_string"}}],"inLanguage":"pt-BR"},{"@type":"Person","@id":"https:\/\/www.gaveanews.com\/#\/schema\/person\/714c67050b836198af2450ba1c142a67","name":"Let\u00edcia Gerheim","image":{"@type":"ImageObject","inLanguage":"pt-BR","@id":"https:\/\/www.gaveanews.com\/#\/schema\/person\/image\/","url":"https:\/\/secure.gravatar.com\/avatar\/60734739c50fcebfbac509e2a826ccd0ff405c019bc73aab9354f19ecad1dcb4?s=96&d=mm&r=g","contentUrl":"https:\/\/secure.gravatar.com\/avatar\/60734739c50fcebfbac509e2a826ccd0ff405c019bc73aab9354f19ecad1dcb4?s=96&d=mm&r=g","caption":"Let\u00edcia Gerheim"}}]}},"_links":{"self":[{"href":"https:\/\/www.gaveanews.com\/index.php\/wp-json\/wp\/v2\/posts\/105218","targetHints":{"allow":["GET"]}}],"collection":[{"href":"https:\/\/www.gaveanews.com\/index.php\/wp-json\/wp\/v2\/posts"}],"about":[{"href":"https:\/\/www.gaveanews.com\/index.php\/wp-json\/wp\/v2\/types\/post"}],"author":[{"embeddable":true,"href":"https:\/\/www.gaveanews.com\/index.php\/wp-json\/wp\/v2\/users\/4"}],"replies":[{"embeddable":true,"href":"https:\/\/www.gaveanews.com\/index.php\/wp-json\/wp\/v2\/comments?post=105218"}],"version-history":[{"count":0,"href":"https:\/\/www.gaveanews.com\/index.php\/wp-json\/wp\/v2\/posts\/105218\/revisions"}],"wp:featuredmedia":[{"embeddable":true,"href":"https:\/\/www.gaveanews.com\/index.php\/wp-json\/wp\/v2\/media\/100504"}],"wp:attachment":[{"href":"https:\/\/www.gaveanews.com\/index.php\/wp-json\/wp\/v2\/media?parent=105218"}],"wp:term":[{"taxonomy":"category","embeddable":true,"href":"https:\/\/www.gaveanews.com\/index.php\/wp-json\/wp\/v2\/categories?post=105218"},{"taxonomy":"post_tag","embeddable":true,"href":"https:\/\/www.gaveanews.com\/index.php\/wp-json\/wp\/v2\/tags?post=105218"}],"curies":[{"name":"wp","href":"https:\/\/api.w.org\/{rel}","templated":true}]}}