{"id":105231,"date":"2023-08-22T17:54:39","date_gmt":"2023-08-22T20:54:39","guid":{"rendered":"https:\/\/www.gaveanews.com\/?p=105231"},"modified":"2024-04-07T09:08:57","modified_gmt":"2024-04-07T12:08:57","slug":"cbf-acredita-que-jorge-jesus-esta-mentindo","status":"publish","type":"post","link":"https:\/\/www.gaveanews.com\/index.php\/2023\/08\/22\/cbf-acredita-que-jorge-jesus-esta-mentindo\/","title":{"rendered":"CBF acredita que Jorge Jesus est\u00e1 mentindo"},"content":{"rendered":"\n<p>Por: Let\u00edcia Gerheim<br><br>A convoca\u00e7\u00e3o de Fernando Diniz para os primeiros jogos da Sele\u00e7\u00e3o Brasileira nas Eliminat\u00f3rias da Copa do Mundo n\u00e3o caiu bem no Al Hilal, clube da Ar\u00e1bia Saudita que contratou Neymar recentemente e estaria dificultando a vinda do atacante para os compromissos da Canarinho ao alegar les\u00f5es de longa recupera\u00e7\u00e3o do atleta.<\/p>\n\n\n\n<p>De acordo com o jornalista Andr\u00e9 Rizek, a CBF n\u00e3o acredita que o jogador esteja sem condi\u00e7\u00f5es de defender o Brasil em setembro. Diniz e o m\u00e9dico Rodrigo Lasmar conversaram com o atleta e est\u00e3o confiantes que Neymar poder\u00e1 se apresentar normalmente para os jogos.<\/p>\n\n\n\n<p>Ap\u00f3s o camisa 10 ter sido convocado, Jorge Jesus afirmou que o atacante est\u00e1 lesionado e n\u00e3o poder\u00e1 defender o Brasil nos jogos contra Bol\u00edvia e Peru nos dias 8 e 12 de setembro, respectivamente.<\/p>\n\n\n\n<p><em>&#8220;Ele chegou com uma pequena les\u00e3o, n\u00e3o vai conseguir treinar ainda com o time. N\u00e3o sei quando vai estar em condi\u00e7\u00f5es para poder jogar&#8221;<\/em>, disse o treinador portugu\u00eas.<\/p>\n\n\n\n<p>O jornal portugu\u00eas Record afirmou recentemente que os exames feitos por Neymar detectaram duas les\u00f5es no m\u00fasculo femoral da perna direita. Uma de grau mais leve seria tratada at\u00e9 o fim desta semana, e outra de maior complexidade demandaria recupera\u00e7\u00e3o de cerca de quatro semanas.<\/p>\n","protected":false},"excerpt":{"rendered":"<p>Por: Let\u00edcia Gerheim A convoca\u00e7\u00e3o de Fernando Diniz para os primeiros jogos da Sele\u00e7\u00e3o Brasileira nas Eliminat\u00f3rias da Copa do Mundo n\u00e3o caiu bem no Al Hilal, clube da Ar\u00e1bia Saudita que contratou Neymar recentemente e estaria dificultando a vinda do atacante para os compromissos da Canarinho ao alegar les\u00f5es de longa recupera\u00e7\u00e3o do atleta. [&hellip;]<\/p>\n","protected":false},"author":4,"featured_media":73214,"comment_status":"open","ping_status":"closed","sticky":false,"template":"","format":"standard","meta":{"footnotes":""},"categories":[1],"tags":[197],"class_list":["post-105231","post","type-post","status-publish","format-standard","has-post-thumbnail","hentry","category-flamengo","tag-jorge-jesus"],"yoast_head":"<!-- This site is optimized with the Yoast SEO Premium plugin v24.2 (Yoast SEO v26.9) - https:\/\/yoast.com\/product\/yoast-seo-premium-wordpress\/ -->\n<title>CBF acredita que Jorge Jesus est\u00e1 mentindo<\/title>\n<meta name=\"robots\" content=\"index, follow, max-snippet:-1, max-image-preview:large, max-video-preview:-1\" \/>\n<link rel=\"canonical\" href=\"https:\/\/www.gaveanews.com\/index.php\/2023\/08\/22\/cbf-acredita-que-jorge-jesus-esta-mentindo\/\" \/>\n<meta property=\"og:locale\" content=\"pt_BR\" \/>\n<meta property=\"og:type\" content=\"article\" \/>\n<meta property=\"og:title\" content=\"CBF acredita que Jorge Jesus est\u00e1 mentindo\" \/>\n<meta property=\"og:description\" content=\"Por: Let\u00edcia Gerheim A convoca\u00e7\u00e3o de Fernando Diniz para os primeiros jogos da Sele\u00e7\u00e3o Brasileira nas Eliminat\u00f3rias da Copa do Mundo n\u00e3o caiu bem no Al Hilal, clube da Ar\u00e1bia Saudita que contratou Neymar recentemente e estaria dificultando a vinda do atacante para os compromissos da Canarinho ao alegar les\u00f5es de longa recupera\u00e7\u00e3o do atleta. [&hellip;]\" \/>\n<meta property=\"og:url\" content=\"https:\/\/www.gaveanews.com\/index.php\/2023\/08\/22\/cbf-acredita-que-jorge-jesus-esta-mentindo\/\" \/>\n<meta property=\"og:site_name\" content=\"G\u00e1vea News\" \/>\n<meta property=\"article:publisher\" content=\"https:\/\/facebook.com\/gaveaNews\/\" \/>\n<meta property=\"article:published_time\" content=\"2023-08-22T20:54:39+00:00\" \/>\n<meta property=\"article:modified_time\" content=\"2024-04-07T12:08:57+00:00\" \/>\n<meta property=\"og:image\" content=\"https:\/\/www.gaveanews.com\/wp-content\/uploads\/Jorge-Jesus-comanda-o-Benfica-contra-o-Dinamo-de-Kiev-pela-Champions-League.webp\" \/>\n\t<meta property=\"og:image:width\" content=\"900\" \/>\n\t<meta property=\"og:image:height\" content=\"506\" \/>\n\t<meta property=\"og:image:type\" content=\"image\/webp\" \/>\n<meta name=\"author\" content=\"Let\u00edcia Gerheim\" \/>\n<meta name=\"twitter:card\" content=\"summary_large_image\" \/>\n<meta name=\"twitter:label1\" content=\"Escrito por\" \/>\n\t<meta name=\"twitter:data1\" content=\"Let\u00edcia Gerheim\" \/>\n\t<meta name=\"twitter:label2\" content=\"Est. tempo de leitura\" \/>\n\t<meta name=\"twitter:data2\" content=\"2 minutos\" \/>\n<script type=\"application\/ld+json\" class=\"yoast-schema-graph\">{\"@context\":\"https:\/\/schema.org\",\"@graph\":[{\"@type\":\"NewsArticle\",\"@id\":\"https:\/\/www.gaveanews.com\/index.php\/2023\/08\/22\/cbf-acredita-que-jorge-jesus-esta-mentindo\/#article\",\"isPartOf\":{\"@id\":\"https:\/\/www.gaveanews.com\/index.php\/2023\/08\/22\/cbf-acredita-que-jorge-jesus-esta-mentindo\/\"},\"author\":{\"name\":\"Let\u00edcia Gerheim\",\"@id\":\"https:\/\/www.gaveanews.com\/#\/schema\/person\/714c67050b836198af2450ba1c142a67\"},\"headline\":\"CBF acredita que Jorge Jesus est\u00e1 mentindo\",\"datePublished\":\"2023-08-22T20:54:39+00:00\",\"dateModified\":\"2024-04-07T12:08:57+00:00\",\"mainEntityOfPage\":{\"@id\":\"https:\/\/www.gaveanews.com\/index.php\/2023\/08\/22\/cbf-acredita-que-jorge-jesus-esta-mentindo\/\"},\"wordCount\":236,\"commentCount\":0,\"image\":{\"@id\":\"https:\/\/www.gaveanews.com\/index.php\/2023\/08\/22\/cbf-acredita-que-jorge-jesus-esta-mentindo\/#primaryimage\"},\"thumbnailUrl\":\"https:\/\/www.gaveanews.com\/wp-content\/uploads\/Jorge-Jesus-comanda-o-Benfica-contra-o-Dinamo-de-Kiev-pela-Champions-League.webp\",\"keywords\":[\"Jorge Jesus\"],\"articleSection\":[\"Flamengo\"],\"inLanguage\":\"pt-BR\",\"potentialAction\":[{\"@type\":\"CommentAction\",\"name\":\"Comment\",\"target\":[\"https:\/\/www.gaveanews.com\/index.php\/2023\/08\/22\/cbf-acredita-que-jorge-jesus-esta-mentindo\/#respond\"]}],\"copyrightYear\":\"2023\",\"copyrightHolder\":{\"@id\":\"https:\/\/www.gaveanews.com\/#organization\"}},{\"@type\":\"WebPage\",\"@id\":\"https:\/\/www.gaveanews.com\/index.php\/2023\/08\/22\/cbf-acredita-que-jorge-jesus-esta-mentindo\/\",\"url\":\"https:\/\/www.gaveanews.com\/index.php\/2023\/08\/22\/cbf-acredita-que-jorge-jesus-esta-mentindo\/\",\"name\":\"CBF acredita que Jorge Jesus est\u00e1 mentindo\",\"isPartOf\":{\"@id\":\"https:\/\/www.gaveanews.com\/#website\"},\"primaryImageOfPage\":{\"@id\":\"https:\/\/www.gaveanews.com\/index.php\/2023\/08\/22\/cbf-acredita-que-jorge-jesus-esta-mentindo\/#primaryimage\"},\"image\":{\"@id\":\"https:\/\/www.gaveanews.com\/index.php\/2023\/08\/22\/cbf-acredita-que-jorge-jesus-esta-mentindo\/#primaryimage\"},\"thumbnailUrl\":\"https:\/\/www.gaveanews.com\/wp-content\/uploads\/Jorge-Jesus-comanda-o-Benfica-contra-o-Dinamo-de-Kiev-pela-Champions-League.webp\",\"datePublished\":\"2023-08-22T20:54:39+00:00\",\"dateModified\":\"2024-04-07T12:08:57+00:00\",\"author\":{\"@id\":\"https:\/\/www.gaveanews.com\/#\/schema\/person\/714c67050b836198af2450ba1c142a67\"},\"breadcrumb\":{\"@id\":\"https:\/\/www.gaveanews.com\/index.php\/2023\/08\/22\/cbf-acredita-que-jorge-jesus-esta-mentindo\/#breadcrumb\"},\"inLanguage\":\"pt-BR\",\"potentialAction\":[{\"@type\":\"ReadAction\",\"target\":[\"https:\/\/www.gaveanews.com\/index.php\/2023\/08\/22\/cbf-acredita-que-jorge-jesus-esta-mentindo\/\"]}]},{\"@type\":\"ImageObject\",\"inLanguage\":\"pt-BR\",\"@id\":\"https:\/\/www.gaveanews.com\/index.php\/2023\/08\/22\/cbf-acredita-que-jorge-jesus-esta-mentindo\/#primaryimage\",\"url\":\"https:\/\/www.gaveanews.com\/wp-content\/uploads\/Jorge-Jesus-comanda-o-Benfica-contra-o-Dinamo-de-Kiev-pela-Champions-League.webp\",\"contentUrl\":\"https:\/\/www.gaveanews.com\/wp-content\/uploads\/Jorge-Jesus-comanda-o-Benfica-contra-o-Dinamo-de-Kiev-pela-Champions-League.webp\",\"width\":900,\"height\":506,\"caption\":\"Jorge Jesus comanda o Benfica contra o Dinamo de Kiev pela Champions League (Foto: Patr\u00edcia de Melo Moreira\/AFP)\"},{\"@type\":\"BreadcrumbList\",\"@id\":\"https:\/\/www.gaveanews.com\/index.php\/2023\/08\/22\/cbf-acredita-que-jorge-jesus-esta-mentindo\/#breadcrumb\",\"itemListElement\":[{\"@type\":\"ListItem\",\"position\":1,\"name\":\"Home\",\"item\":\"https:\/\/www.gaveanews.com\/\"},{\"@type\":\"ListItem\",\"position\":2,\"name\":\"CBF acredita que Jorge Jesus est\u00e1 mentindo\"}]},{\"@type\":\"WebSite\",\"@id\":\"https:\/\/www.gaveanews.com\/#website\",\"url\":\"https:\/\/www.gaveanews.com\/\",\"name\":\"G\u00e1vea News\",\"description\":\"Veja todas as not\u00edcias sobre o Flamengo: Contrata\u00e7\u00f5es, categorias de base, resultados das partidas, tabela de classifica\u00e7\u00e3o, pr\u00f3ximos jogos!\",\"potentialAction\":[{\"@type\":\"SearchAction\",\"target\":{\"@type\":\"EntryPoint\",\"urlTemplate\":\"https:\/\/www.gaveanews.com\/?s={search_term_string}\"},\"query-input\":{\"@type\":\"PropertyValueSpecification\",\"valueRequired\":true,\"valueName\":\"search_term_string\"}}],\"inLanguage\":\"pt-BR\"},{\"@type\":\"Person\",\"@id\":\"https:\/\/www.gaveanews.com\/#\/schema\/person\/714c67050b836198af2450ba1c142a67\",\"name\":\"Let\u00edcia Gerheim\",\"image\":{\"@type\":\"ImageObject\",\"inLanguage\":\"pt-BR\",\"@id\":\"https:\/\/www.gaveanews.com\/#\/schema\/person\/image\/\",\"url\":\"https:\/\/secure.gravatar.com\/avatar\/60734739c50fcebfbac509e2a826ccd0ff405c019bc73aab9354f19ecad1dcb4?s=96&d=mm&r=g\",\"contentUrl\":\"https:\/\/secure.gravatar.com\/avatar\/60734739c50fcebfbac509e2a826ccd0ff405c019bc73aab9354f19ecad1dcb4?s=96&d=mm&r=g\",\"caption\":\"Let\u00edcia Gerheim\"}}]}<\/script>\n<!-- \/ Yoast SEO Premium plugin. -->","yoast_head_json":{"title":"CBF acredita que Jorge Jesus est\u00e1 mentindo","robots":{"index":"index","follow":"follow","max-snippet":"max-snippet:-1","max-image-preview":"max-image-preview:large","max-video-preview":"max-video-preview:-1"},"canonical":"https:\/\/www.gaveanews.com\/index.php\/2023\/08\/22\/cbf-acredita-que-jorge-jesus-esta-mentindo\/","og_locale":"pt_BR","og_type":"article","og_title":"CBF acredita que Jorge Jesus est\u00e1 mentindo","og_description":"Por: Let\u00edcia Gerheim A convoca\u00e7\u00e3o de Fernando Diniz para os primeiros jogos da Sele\u00e7\u00e3o Brasileira nas Eliminat\u00f3rias da Copa do Mundo n\u00e3o caiu bem no Al Hilal, clube da Ar\u00e1bia Saudita que contratou Neymar recentemente e estaria dificultando a vinda do atacante para os compromissos da Canarinho ao alegar les\u00f5es de longa recupera\u00e7\u00e3o do atleta. [&hellip;]","og_url":"https:\/\/www.gaveanews.com\/index.php\/2023\/08\/22\/cbf-acredita-que-jorge-jesus-esta-mentindo\/","og_site_name":"G\u00e1vea News","article_publisher":"https:\/\/facebook.com\/gaveaNews\/","article_published_time":"2023-08-22T20:54:39+00:00","article_modified_time":"2024-04-07T12:08:57+00:00","og_image":[{"width":900,"height":506,"url":"https:\/\/www.gaveanews.com\/wp-content\/uploads\/Jorge-Jesus-comanda-o-Benfica-contra-o-Dinamo-de-Kiev-pela-Champions-League.webp","type":"image\/webp"}],"author":"Let\u00edcia Gerheim","twitter_card":"summary_large_image","twitter_misc":{"Escrito por":"Let\u00edcia Gerheim","Est. tempo de leitura":"2 minutos"},"schema":{"@context":"https:\/\/schema.org","@graph":[{"@type":"NewsArticle","@id":"https:\/\/www.gaveanews.com\/index.php\/2023\/08\/22\/cbf-acredita-que-jorge-jesus-esta-mentindo\/#article","isPartOf":{"@id":"https:\/\/www.gaveanews.com\/index.php\/2023\/08\/22\/cbf-acredita-que-jorge-jesus-esta-mentindo\/"},"author":{"name":"Let\u00edcia Gerheim","@id":"https:\/\/www.gaveanews.com\/#\/schema\/person\/714c67050b836198af2450ba1c142a67"},"headline":"CBF acredita que Jorge Jesus est\u00e1 mentindo","datePublished":"2023-08-22T20:54:39+00:00","dateModified":"2024-04-07T12:08:57+00:00","mainEntityOfPage":{"@id":"https:\/\/www.gaveanews.com\/index.php\/2023\/08\/22\/cbf-acredita-que-jorge-jesus-esta-mentindo\/"},"wordCount":236,"commentCount":0,"image":{"@id":"https:\/\/www.gaveanews.com\/index.php\/2023\/08\/22\/cbf-acredita-que-jorge-jesus-esta-mentindo\/#primaryimage"},"thumbnailUrl":"https:\/\/www.gaveanews.com\/wp-content\/uploads\/Jorge-Jesus-comanda-o-Benfica-contra-o-Dinamo-de-Kiev-pela-Champions-League.webp","keywords":["Jorge Jesus"],"articleSection":["Flamengo"],"inLanguage":"pt-BR","potentialAction":[{"@type":"CommentAction","name":"Comment","target":["https:\/\/www.gaveanews.com\/index.php\/2023\/08\/22\/cbf-acredita-que-jorge-jesus-esta-mentindo\/#respond"]}],"copyrightYear":"2023","copyrightHolder":{"@id":"https:\/\/www.gaveanews.com\/#organization"}},{"@type":"WebPage","@id":"https:\/\/www.gaveanews.com\/index.php\/2023\/08\/22\/cbf-acredita-que-jorge-jesus-esta-mentindo\/","url":"https:\/\/www.gaveanews.com\/index.php\/2023\/08\/22\/cbf-acredita-que-jorge-jesus-esta-mentindo\/","name":"CBF acredita que Jorge Jesus est\u00e1 mentindo","isPartOf":{"@id":"https:\/\/www.gaveanews.com\/#website"},"primaryImageOfPage":{"@id":"https:\/\/www.gaveanews.com\/index.php\/2023\/08\/22\/cbf-acredita-que-jorge-jesus-esta-mentindo\/#primaryimage"},"image":{"@id":"https:\/\/www.gaveanews.com\/index.php\/2023\/08\/22\/cbf-acredita-que-jorge-jesus-esta-mentindo\/#primaryimage"},"thumbnailUrl":"https:\/\/www.gaveanews.com\/wp-content\/uploads\/Jorge-Jesus-comanda-o-Benfica-contra-o-Dinamo-de-Kiev-pela-Champions-League.webp","datePublished":"2023-08-22T20:54:39+00:00","dateModified":"2024-04-07T12:08:57+00:00","author":{"@id":"https:\/\/www.gaveanews.com\/#\/schema\/person\/714c67050b836198af2450ba1c142a67"},"breadcrumb":{"@id":"https:\/\/www.gaveanews.com\/index.php\/2023\/08\/22\/cbf-acredita-que-jorge-jesus-esta-mentindo\/#breadcrumb"},"inLanguage":"pt-BR","potentialAction":[{"@type":"ReadAction","target":["https:\/\/www.gaveanews.com\/index.php\/2023\/08\/22\/cbf-acredita-que-jorge-jesus-esta-mentindo\/"]}]},{"@type":"ImageObject","inLanguage":"pt-BR","@id":"https:\/\/www.gaveanews.com\/index.php\/2023\/08\/22\/cbf-acredita-que-jorge-jesus-esta-mentindo\/#primaryimage","url":"https:\/\/www.gaveanews.com\/wp-content\/uploads\/Jorge-Jesus-comanda-o-Benfica-contra-o-Dinamo-de-Kiev-pela-Champions-League.webp","contentUrl":"https:\/\/www.gaveanews.com\/wp-content\/uploads\/Jorge-Jesus-comanda-o-Benfica-contra-o-Dinamo-de-Kiev-pela-Champions-League.webp","width":900,"height":506,"caption":"Jorge Jesus comanda o Benfica contra o Dinamo de Kiev pela Champions League (Foto: Patr\u00edcia de Melo Moreira\/AFP)"},{"@type":"BreadcrumbList","@id":"https:\/\/www.gaveanews.com\/index.php\/2023\/08\/22\/cbf-acredita-que-jorge-jesus-esta-mentindo\/#breadcrumb","itemListElement":[{"@type":"ListItem","position":1,"name":"Home","item":"https:\/\/www.gaveanews.com\/"},{"@type":"ListItem","position":2,"name":"CBF acredita que Jorge Jesus est\u00e1 mentindo"}]},{"@type":"WebSite","@id":"https:\/\/www.gaveanews.com\/#website","url":"https:\/\/www.gaveanews.com\/","name":"G\u00e1vea News","description":"Veja todas as not\u00edcias sobre o Flamengo: Contrata\u00e7\u00f5es, categorias de base, resultados das partidas, tabela de classifica\u00e7\u00e3o, pr\u00f3ximos jogos!","potentialAction":[{"@type":"SearchAction","target":{"@type":"EntryPoint","urlTemplate":"https:\/\/www.gaveanews.com\/?s={search_term_string}"},"query-input":{"@type":"PropertyValueSpecification","valueRequired":true,"valueName":"search_term_string"}}],"inLanguage":"pt-BR"},{"@type":"Person","@id":"https:\/\/www.gaveanews.com\/#\/schema\/person\/714c67050b836198af2450ba1c142a67","name":"Let\u00edcia Gerheim","image":{"@type":"ImageObject","inLanguage":"pt-BR","@id":"https:\/\/www.gaveanews.com\/#\/schema\/person\/image\/","url":"https:\/\/secure.gravatar.com\/avatar\/60734739c50fcebfbac509e2a826ccd0ff405c019bc73aab9354f19ecad1dcb4?s=96&d=mm&r=g","contentUrl":"https:\/\/secure.gravatar.com\/avatar\/60734739c50fcebfbac509e2a826ccd0ff405c019bc73aab9354f19ecad1dcb4?s=96&d=mm&r=g","caption":"Let\u00edcia Gerheim"}}]}},"_links":{"self":[{"href":"https:\/\/www.gaveanews.com\/index.php\/wp-json\/wp\/v2\/posts\/105231","targetHints":{"allow":["GET"]}}],"collection":[{"href":"https:\/\/www.gaveanews.com\/index.php\/wp-json\/wp\/v2\/posts"}],"about":[{"href":"https:\/\/www.gaveanews.com\/index.php\/wp-json\/wp\/v2\/types\/post"}],"author":[{"embeddable":true,"href":"https:\/\/www.gaveanews.com\/index.php\/wp-json\/wp\/v2\/users\/4"}],"replies":[{"embeddable":true,"href":"https:\/\/www.gaveanews.com\/index.php\/wp-json\/wp\/v2\/comments?post=105231"}],"version-history":[{"count":1,"href":"https:\/\/www.gaveanews.com\/index.php\/wp-json\/wp\/v2\/posts\/105231\/revisions"}],"predecessor-version":[{"id":136554,"href":"https:\/\/www.gaveanews.com\/index.php\/wp-json\/wp\/v2\/posts\/105231\/revisions\/136554"}],"wp:featuredmedia":[{"embeddable":true,"href":"https:\/\/www.gaveanews.com\/index.php\/wp-json\/wp\/v2\/media\/73214"}],"wp:attachment":[{"href":"https:\/\/www.gaveanews.com\/index.php\/wp-json\/wp\/v2\/media?parent=105231"}],"wp:term":[{"taxonomy":"category","embeddable":true,"href":"https:\/\/www.gaveanews.com\/index.php\/wp-json\/wp\/v2\/categories?post=105231"},{"taxonomy":"post_tag","embeddable":true,"href":"https:\/\/www.gaveanews.com\/index.php\/wp-json\/wp\/v2\/tags?post=105231"}],"curies":[{"name":"wp","href":"https:\/\/api.w.org\/{rel}","templated":true}]}}