{"id":105420,"date":"2023-08-25T08:00:00","date_gmt":"2023-08-25T11:00:00","guid":{"rendered":"https:\/\/www.gaveanews.com\/?p=105420"},"modified":"2024-04-07T14:05:49","modified_gmt":"2024-04-07T17:05:49","slug":"arrascaeta-do-flamengo-quebra-o-silencio-e-fala-sobre-eliminicao-na-libertadores","status":"publish","type":"post","link":"https:\/\/www.gaveanews.com\/index.php\/2023\/08\/25\/arrascaeta-do-flamengo-quebra-o-silencio-e-fala-sobre-eliminicao-na-libertadores\/","title":{"rendered":"Arrascaeta do Flamengo quebra o sil\u00eancio e fala sobre elimini\u00e7\u00e3o na Libertadores"},"content":{"rendered":"\n<p>Jogador que vem se destacando mesmo em meio ao complicado momento do Flamengo na temporada, Arrascaeta foi convidado de Felipe Ara\u00fajo no &#8220;TVZ&#8221; desta quinta-feira, do canal Multishow. Antes de atacar de apresentador ao vivo ao lado do cantor sertanejo, ele conversou com a equipe do ge. O tema principal foi a decis\u00e3o da Copa do Brasil, que ser\u00e1 disputada em setembro, contra o S\u00e3o Paulo.<\/p>\n\n\n\n<p>Questionado se a possibilidade da conquista do pentacampeonato na competi\u00e7\u00e3o \u00e9 encarada como uma forma de diminuir a frustra\u00e7\u00e3o por um ano repleto de decep\u00e7\u00f5es, Arrasca falou em se preparar para manter o t\u00edtulo na G\u00e1vea, principalmente diante de um advers\u00e1rio em ascens\u00e3o.<\/p>\n\n\n\n<p><em>&#8220;A gente nesses \u00faltimos anos tem chegado sempre \u00e0s etapas decisivas e conquistado muitas coisas. Perdemos algumas finais e ficamos na bronca porque t\u00ednhamos tudo para conquistar algumas. Temos mais uma final que vai ser muito importante para o elenco e todo mundo. Vai ser especial para n\u00f3s porque chegamos como campe\u00f5es e vamos defender essa ta\u00e7a. Temos que estar preparados porque com certeza o S\u00e3o Paulo est\u00e1 em momento de crescimento e tem grandes jogadores&#8221;<\/em> &#8211; afirmou o craque.<\/p>\n\n\n\n<h2 class=\"wp-block-heading\" id=\"h-confira-outros-topicos-da-conversa\">Confira outros t\u00f3picos da conversa<\/h2>\n\n\n\n<p><strong>Voc\u00ea vive seu melhor momento na temporada, tanto em termos f\u00edsicos quanto em assist\u00eancias e gols. O que contribuiu para isso?<\/strong><\/p>\n\n\n\n<p><em>&#8220;Sem d\u00favida que a gente sempre tenta dar o melhor dentro de campo e \u00e0s vezes n\u00e3o acontece. Esse ano tem sido at\u00edpico em rela\u00e7\u00e3o aos \u00faltimos, n\u00e3o s\u00f3 meu, mas do time. Quando as coisas est\u00e3o dif\u00edceis, temos que nos dedicar e trabalhar. Acho que \u00e9 fruto do trabalho que tenho feito fora de campo.&#8221;<\/em><\/p>\n\n\n\n<p><strong>D\u00f3i o cora\u00e7\u00e3o de estar fora da Libertadores numa semana repleta de duelos decisivos? Assiste aos jogos ou prefere nem acompanhar para n\u00e3o lembrar a elimina\u00e7\u00e3o contra o Olimpia?<\/strong><\/p>\n\n\n\n<p><em>&#8220;\u00c9 dif\u00edcil porque a gente tinha a esperan\u00e7a de jogar mais uma final. E tamb\u00e9m tinha a chance de decidir dentro de casa. Assim \u00e9 o futebol: se a gente n\u00e3o est\u00e1 preparado no momento certo e n\u00e3o fez o que tinha que fazer, agora s\u00f3 nos resta lamentar. Temos que continuar. Na vida \u00e9 assim: tem que virar isso, j\u00e1 passou. A gente n\u00e3o pode mudar o que aconteceu e sim fazer para que da pr\u00f3xima vez seja de outra forma. Ent\u00e3o focar no que temos ainda nesse ano para no ano que vem estarmos melhores.&#8221;<\/em><\/p>\n\n\n\n<p><strong>Reencontro com Dorival \u00e9 uma vantagem para o Flamengo ou para o treinador?<\/strong><\/p>\n\n\n\n<p><em>&#8220;A gente o conhece, e ele nos conhece tamb\u00e9m. Finais s\u00e3o partidas diferentes, tem muito tempero. O que a gente tem de fazer \u00e9 estar preparado e se preocupar somente com o nosso time. A gente sabe que tem pela frente um rival muito qualificado e num grande momento, numa crescente importante, mas a gente tem que estar 100% preparado para esse jogo.&#8221;<\/em><\/p>\n\n\n\n<p>Retirado de: Globo Esporte<\/p>\n","protected":false},"excerpt":{"rendered":"<p>Jogador que vem se destacando mesmo em meio ao complicado momento do Flamengo na temporada, Arrascaeta foi convidado de Felipe Ara\u00fajo no &#8220;TVZ&#8221; desta quinta-feira, do canal Multishow. Antes de atacar de apresentador ao vivo ao lado do cantor sertanejo, ele conversou com a equipe do ge. O tema principal foi a decis\u00e3o da Copa [&hellip;]<\/p>\n","protected":false},"author":6,"featured_media":98008,"comment_status":"open","ping_status":"closed","sticky":false,"template":"","format":"standard","meta":{"footnotes":""},"categories":[1],"tags":[211],"class_list":["post-105420","post","type-post","status-publish","format-standard","has-post-thumbnail","hentry","category-flamengo","tag-giorgian-daniel-de-arrascaeta-benedetti"],"yoast_head":"<!-- This site is optimized with the Yoast SEO Premium plugin v24.2 (Yoast SEO v26.9) - https:\/\/yoast.com\/product\/yoast-seo-premium-wordpress\/ -->\n<title>Arrascaeta do Flamengo quebra o sil\u00eancio e fala sobre elimini\u00e7\u00e3o na Libertadores<\/title>\n<meta name=\"robots\" content=\"index, follow, max-snippet:-1, max-image-preview:large, max-video-preview:-1\" \/>\n<link rel=\"canonical\" href=\"https:\/\/www.gaveanews.com\/index.php\/2023\/08\/25\/arrascaeta-do-flamengo-quebra-o-silencio-e-fala-sobre-eliminicao-na-libertadores\/\" \/>\n<meta property=\"og:locale\" content=\"pt_BR\" \/>\n<meta property=\"og:type\" content=\"article\" \/>\n<meta property=\"og:title\" content=\"Arrascaeta do Flamengo quebra o sil\u00eancio e fala sobre elimini\u00e7\u00e3o na Libertadores\" \/>\n<meta property=\"og:description\" content=\"Jogador que vem se destacando mesmo em meio ao complicado momento do Flamengo na temporada, Arrascaeta foi convidado de Felipe Ara\u00fajo no &#8220;TVZ&#8221; desta quinta-feira, do canal Multishow. Antes de atacar de apresentador ao vivo ao lado do cantor sertanejo, ele conversou com a equipe do ge. O tema principal foi a decis\u00e3o da Copa [&hellip;]\" \/>\n<meta property=\"og:url\" content=\"https:\/\/www.gaveanews.com\/index.php\/2023\/08\/25\/arrascaeta-do-flamengo-quebra-o-silencio-e-fala-sobre-eliminicao-na-libertadores\/\" \/>\n<meta property=\"og:site_name\" content=\"G\u00e1vea News\" \/>\n<meta property=\"article:publisher\" content=\"https:\/\/facebook.com\/gaveaNews\/\" \/>\n<meta property=\"article:published_time\" content=\"2023-08-25T11:00:00+00:00\" \/>\n<meta property=\"article:modified_time\" content=\"2024-04-07T17:05:49+00:00\" \/>\n<meta property=\"og:image\" content=\"https:\/\/www.gaveanews.com\/wp-content\/uploads\/Arrascaeta-vibra-com-a-taca-da-Copa-Libertadores-da-America.webp\" \/>\n\t<meta property=\"og:image:width\" content=\"841\" \/>\n\t<meta property=\"og:image:height\" content=\"953\" \/>\n\t<meta property=\"og:image:type\" content=\"image\/jpeg\" \/>\n<meta name=\"author\" content=\"Leonardo Ant\u00f4nio\" \/>\n<meta name=\"twitter:card\" content=\"summary_large_image\" \/>\n<meta name=\"twitter:label1\" content=\"Escrito por\" \/>\n\t<meta name=\"twitter:data1\" content=\"Leonardo Ant\u00f4nio\" \/>\n\t<meta name=\"twitter:label2\" content=\"Est. tempo de leitura\" \/>\n\t<meta name=\"twitter:data2\" content=\"3 minutos\" \/>\n<script type=\"application\/ld+json\" class=\"yoast-schema-graph\">{\"@context\":\"https:\/\/schema.org\",\"@graph\":[{\"@type\":\"NewsArticle\",\"@id\":\"https:\/\/www.gaveanews.com\/index.php\/2023\/08\/25\/arrascaeta-do-flamengo-quebra-o-silencio-e-fala-sobre-eliminicao-na-libertadores\/#article\",\"isPartOf\":{\"@id\":\"https:\/\/www.gaveanews.com\/index.php\/2023\/08\/25\/arrascaeta-do-flamengo-quebra-o-silencio-e-fala-sobre-eliminicao-na-libertadores\/\"},\"author\":{\"name\":\"Leonardo Ant\u00f4nio\",\"@id\":\"https:\/\/www.gaveanews.com\/#\/schema\/person\/2d29802e96a726e735077717fb5c6f20\"},\"headline\":\"Arrascaeta do Flamengo quebra o sil\u00eancio e fala sobre elimini\u00e7\u00e3o na Libertadores\",\"datePublished\":\"2023-08-25T11:00:00+00:00\",\"dateModified\":\"2024-04-07T17:05:49+00:00\",\"mainEntityOfPage\":{\"@id\":\"https:\/\/www.gaveanews.com\/index.php\/2023\/08\/25\/arrascaeta-do-flamengo-quebra-o-silencio-e-fala-sobre-eliminicao-na-libertadores\/\"},\"wordCount\":522,\"commentCount\":0,\"image\":{\"@id\":\"https:\/\/www.gaveanews.com\/index.php\/2023\/08\/25\/arrascaeta-do-flamengo-quebra-o-silencio-e-fala-sobre-eliminicao-na-libertadores\/#primaryimage\"},\"thumbnailUrl\":\"https:\/\/www.gaveanews.com\/wp-content\/uploads\/Arrascaeta-vibra-com-a-taca-da-Copa-Libertadores-da-America.webp\",\"keywords\":[\"Giorgian Daniel De Arrascaeta Benedetti\"],\"articleSection\":[\"Flamengo\"],\"inLanguage\":\"pt-BR\",\"potentialAction\":[{\"@type\":\"CommentAction\",\"name\":\"Comment\",\"target\":[\"https:\/\/www.gaveanews.com\/index.php\/2023\/08\/25\/arrascaeta-do-flamengo-quebra-o-silencio-e-fala-sobre-eliminicao-na-libertadores\/#respond\"]}],\"copyrightYear\":\"2023\",\"copyrightHolder\":{\"@id\":\"https:\/\/www.gaveanews.com\/#organization\"}},{\"@type\":\"WebPage\",\"@id\":\"https:\/\/www.gaveanews.com\/index.php\/2023\/08\/25\/arrascaeta-do-flamengo-quebra-o-silencio-e-fala-sobre-eliminicao-na-libertadores\/\",\"url\":\"https:\/\/www.gaveanews.com\/index.php\/2023\/08\/25\/arrascaeta-do-flamengo-quebra-o-silencio-e-fala-sobre-eliminicao-na-libertadores\/\",\"name\":\"Arrascaeta do Flamengo quebra o sil\u00eancio e fala sobre elimini\u00e7\u00e3o na Libertadores\",\"isPartOf\":{\"@id\":\"https:\/\/www.gaveanews.com\/#website\"},\"primaryImageOfPage\":{\"@id\":\"https:\/\/www.gaveanews.com\/index.php\/2023\/08\/25\/arrascaeta-do-flamengo-quebra-o-silencio-e-fala-sobre-eliminicao-na-libertadores\/#primaryimage\"},\"image\":{\"@id\":\"https:\/\/www.gaveanews.com\/index.php\/2023\/08\/25\/arrascaeta-do-flamengo-quebra-o-silencio-e-fala-sobre-eliminicao-na-libertadores\/#primaryimage\"},\"thumbnailUrl\":\"https:\/\/www.gaveanews.com\/wp-content\/uploads\/Arrascaeta-vibra-com-a-taca-da-Copa-Libertadores-da-America.webp\",\"datePublished\":\"2023-08-25T11:00:00+00:00\",\"dateModified\":\"2024-04-07T17:05:49+00:00\",\"author\":{\"@id\":\"https:\/\/www.gaveanews.com\/#\/schema\/person\/2d29802e96a726e735077717fb5c6f20\"},\"breadcrumb\":{\"@id\":\"https:\/\/www.gaveanews.com\/index.php\/2023\/08\/25\/arrascaeta-do-flamengo-quebra-o-silencio-e-fala-sobre-eliminicao-na-libertadores\/#breadcrumb\"},\"inLanguage\":\"pt-BR\",\"potentialAction\":[{\"@type\":\"ReadAction\",\"target\":[\"https:\/\/www.gaveanews.com\/index.php\/2023\/08\/25\/arrascaeta-do-flamengo-quebra-o-silencio-e-fala-sobre-eliminicao-na-libertadores\/\"]}]},{\"@type\":\"ImageObject\",\"inLanguage\":\"pt-BR\",\"@id\":\"https:\/\/www.gaveanews.com\/index.php\/2023\/08\/25\/arrascaeta-do-flamengo-quebra-o-silencio-e-fala-sobre-eliminicao-na-libertadores\/#primaryimage\",\"url\":\"https:\/\/www.gaveanews.com\/wp-content\/uploads\/Arrascaeta-vibra-com-a-taca-da-Copa-Libertadores-da-America.webp\",\"contentUrl\":\"https:\/\/www.gaveanews.com\/wp-content\/uploads\/Arrascaeta-vibra-com-a-taca-da-Copa-Libertadores-da-America.webp\",\"width\":841,\"height\":953,\"caption\":\"Arrascaeta vibra com a ta\u00e7a da Copa Libertadores da Am\u00e9rica (Foto: (Gilvan de Souza\/Flamengo)\"},{\"@type\":\"BreadcrumbList\",\"@id\":\"https:\/\/www.gaveanews.com\/index.php\/2023\/08\/25\/arrascaeta-do-flamengo-quebra-o-silencio-e-fala-sobre-eliminicao-na-libertadores\/#breadcrumb\",\"itemListElement\":[{\"@type\":\"ListItem\",\"position\":1,\"name\":\"Home\",\"item\":\"https:\/\/www.gaveanews.com\/\"},{\"@type\":\"ListItem\",\"position\":2,\"name\":\"Arrascaeta do Flamengo quebra o sil\u00eancio e fala sobre elimini\u00e7\u00e3o na Libertadores\"}]},{\"@type\":\"WebSite\",\"@id\":\"https:\/\/www.gaveanews.com\/#website\",\"url\":\"https:\/\/www.gaveanews.com\/\",\"name\":\"G\u00e1vea News\",\"description\":\"Veja todas as not\u00edcias sobre o Flamengo: Contrata\u00e7\u00f5es, categorias de base, resultados das partidas, tabela de classifica\u00e7\u00e3o, pr\u00f3ximos jogos!\",\"potentialAction\":[{\"@type\":\"SearchAction\",\"target\":{\"@type\":\"EntryPoint\",\"urlTemplate\":\"https:\/\/www.gaveanews.com\/?s={search_term_string}\"},\"query-input\":{\"@type\":\"PropertyValueSpecification\",\"valueRequired\":true,\"valueName\":\"search_term_string\"}}],\"inLanguage\":\"pt-BR\"},{\"@type\":\"Person\",\"@id\":\"https:\/\/www.gaveanews.com\/#\/schema\/person\/2d29802e96a726e735077717fb5c6f20\",\"name\":\"Leonardo Ant\u00f4nio\",\"image\":{\"@type\":\"ImageObject\",\"inLanguage\":\"pt-BR\",\"@id\":\"https:\/\/www.gaveanews.com\/#\/schema\/person\/image\/\",\"url\":\"https:\/\/secure.gravatar.com\/avatar\/b9ffc9ff64af5c915e7cb1824991ab1b4aa29b902a6a9a83be9d1c8ba449fce8?s=96&d=mm&r=g\",\"contentUrl\":\"https:\/\/secure.gravatar.com\/avatar\/b9ffc9ff64af5c915e7cb1824991ab1b4aa29b902a6a9a83be9d1c8ba449fce8?s=96&d=mm&r=g\",\"caption\":\"Leonardo Ant\u00f4nio\"}}]}<\/script>\n<!-- \/ Yoast SEO Premium plugin. -->","yoast_head_json":{"title":"Arrascaeta do Flamengo quebra o sil\u00eancio e fala sobre elimini\u00e7\u00e3o na Libertadores","robots":{"index":"index","follow":"follow","max-snippet":"max-snippet:-1","max-image-preview":"max-image-preview:large","max-video-preview":"max-video-preview:-1"},"canonical":"https:\/\/www.gaveanews.com\/index.php\/2023\/08\/25\/arrascaeta-do-flamengo-quebra-o-silencio-e-fala-sobre-eliminicao-na-libertadores\/","og_locale":"pt_BR","og_type":"article","og_title":"Arrascaeta do Flamengo quebra o sil\u00eancio e fala sobre elimini\u00e7\u00e3o na Libertadores","og_description":"Jogador que vem se destacando mesmo em meio ao complicado momento do Flamengo na temporada, Arrascaeta foi convidado de Felipe Ara\u00fajo no &#8220;TVZ&#8221; desta quinta-feira, do canal Multishow. Antes de atacar de apresentador ao vivo ao lado do cantor sertanejo, ele conversou com a equipe do ge. O tema principal foi a decis\u00e3o da Copa [&hellip;]","og_url":"https:\/\/www.gaveanews.com\/index.php\/2023\/08\/25\/arrascaeta-do-flamengo-quebra-o-silencio-e-fala-sobre-eliminicao-na-libertadores\/","og_site_name":"G\u00e1vea News","article_publisher":"https:\/\/facebook.com\/gaveaNews\/","article_published_time":"2023-08-25T11:00:00+00:00","article_modified_time":"2024-04-07T17:05:49+00:00","og_image":[{"width":841,"height":953,"url":"https:\/\/www.gaveanews.com\/wp-content\/uploads\/Arrascaeta-vibra-com-a-taca-da-Copa-Libertadores-da-America.webp","type":"image\/jpeg"}],"author":"Leonardo Ant\u00f4nio","twitter_card":"summary_large_image","twitter_misc":{"Escrito por":"Leonardo Ant\u00f4nio","Est. tempo de leitura":"3 minutos"},"schema":{"@context":"https:\/\/schema.org","@graph":[{"@type":"NewsArticle","@id":"https:\/\/www.gaveanews.com\/index.php\/2023\/08\/25\/arrascaeta-do-flamengo-quebra-o-silencio-e-fala-sobre-eliminicao-na-libertadores\/#article","isPartOf":{"@id":"https:\/\/www.gaveanews.com\/index.php\/2023\/08\/25\/arrascaeta-do-flamengo-quebra-o-silencio-e-fala-sobre-eliminicao-na-libertadores\/"},"author":{"name":"Leonardo Ant\u00f4nio","@id":"https:\/\/www.gaveanews.com\/#\/schema\/person\/2d29802e96a726e735077717fb5c6f20"},"headline":"Arrascaeta do Flamengo quebra o sil\u00eancio e fala sobre elimini\u00e7\u00e3o na Libertadores","datePublished":"2023-08-25T11:00:00+00:00","dateModified":"2024-04-07T17:05:49+00:00","mainEntityOfPage":{"@id":"https:\/\/www.gaveanews.com\/index.php\/2023\/08\/25\/arrascaeta-do-flamengo-quebra-o-silencio-e-fala-sobre-eliminicao-na-libertadores\/"},"wordCount":522,"commentCount":0,"image":{"@id":"https:\/\/www.gaveanews.com\/index.php\/2023\/08\/25\/arrascaeta-do-flamengo-quebra-o-silencio-e-fala-sobre-eliminicao-na-libertadores\/#primaryimage"},"thumbnailUrl":"https:\/\/www.gaveanews.com\/wp-content\/uploads\/Arrascaeta-vibra-com-a-taca-da-Copa-Libertadores-da-America.webp","keywords":["Giorgian Daniel De Arrascaeta Benedetti"],"articleSection":["Flamengo"],"inLanguage":"pt-BR","potentialAction":[{"@type":"CommentAction","name":"Comment","target":["https:\/\/www.gaveanews.com\/index.php\/2023\/08\/25\/arrascaeta-do-flamengo-quebra-o-silencio-e-fala-sobre-eliminicao-na-libertadores\/#respond"]}],"copyrightYear":"2023","copyrightHolder":{"@id":"https:\/\/www.gaveanews.com\/#organization"}},{"@type":"WebPage","@id":"https:\/\/www.gaveanews.com\/index.php\/2023\/08\/25\/arrascaeta-do-flamengo-quebra-o-silencio-e-fala-sobre-eliminicao-na-libertadores\/","url":"https:\/\/www.gaveanews.com\/index.php\/2023\/08\/25\/arrascaeta-do-flamengo-quebra-o-silencio-e-fala-sobre-eliminicao-na-libertadores\/","name":"Arrascaeta do Flamengo quebra o sil\u00eancio e fala sobre elimini\u00e7\u00e3o na Libertadores","isPartOf":{"@id":"https:\/\/www.gaveanews.com\/#website"},"primaryImageOfPage":{"@id":"https:\/\/www.gaveanews.com\/index.php\/2023\/08\/25\/arrascaeta-do-flamengo-quebra-o-silencio-e-fala-sobre-eliminicao-na-libertadores\/#primaryimage"},"image":{"@id":"https:\/\/www.gaveanews.com\/index.php\/2023\/08\/25\/arrascaeta-do-flamengo-quebra-o-silencio-e-fala-sobre-eliminicao-na-libertadores\/#primaryimage"},"thumbnailUrl":"https:\/\/www.gaveanews.com\/wp-content\/uploads\/Arrascaeta-vibra-com-a-taca-da-Copa-Libertadores-da-America.webp","datePublished":"2023-08-25T11:00:00+00:00","dateModified":"2024-04-07T17:05:49+00:00","author":{"@id":"https:\/\/www.gaveanews.com\/#\/schema\/person\/2d29802e96a726e735077717fb5c6f20"},"breadcrumb":{"@id":"https:\/\/www.gaveanews.com\/index.php\/2023\/08\/25\/arrascaeta-do-flamengo-quebra-o-silencio-e-fala-sobre-eliminicao-na-libertadores\/#breadcrumb"},"inLanguage":"pt-BR","potentialAction":[{"@type":"ReadAction","target":["https:\/\/www.gaveanews.com\/index.php\/2023\/08\/25\/arrascaeta-do-flamengo-quebra-o-silencio-e-fala-sobre-eliminicao-na-libertadores\/"]}]},{"@type":"ImageObject","inLanguage":"pt-BR","@id":"https:\/\/www.gaveanews.com\/index.php\/2023\/08\/25\/arrascaeta-do-flamengo-quebra-o-silencio-e-fala-sobre-eliminicao-na-libertadores\/#primaryimage","url":"https:\/\/www.gaveanews.com\/wp-content\/uploads\/Arrascaeta-vibra-com-a-taca-da-Copa-Libertadores-da-America.webp","contentUrl":"https:\/\/www.gaveanews.com\/wp-content\/uploads\/Arrascaeta-vibra-com-a-taca-da-Copa-Libertadores-da-America.webp","width":841,"height":953,"caption":"Arrascaeta vibra com a ta\u00e7a da Copa Libertadores da Am\u00e9rica (Foto: (Gilvan de Souza\/Flamengo)"},{"@type":"BreadcrumbList","@id":"https:\/\/www.gaveanews.com\/index.php\/2023\/08\/25\/arrascaeta-do-flamengo-quebra-o-silencio-e-fala-sobre-eliminicao-na-libertadores\/#breadcrumb","itemListElement":[{"@type":"ListItem","position":1,"name":"Home","item":"https:\/\/www.gaveanews.com\/"},{"@type":"ListItem","position":2,"name":"Arrascaeta do Flamengo quebra o sil\u00eancio e fala sobre elimini\u00e7\u00e3o na Libertadores"}]},{"@type":"WebSite","@id":"https:\/\/www.gaveanews.com\/#website","url":"https:\/\/www.gaveanews.com\/","name":"G\u00e1vea News","description":"Veja todas as not\u00edcias sobre o Flamengo: Contrata\u00e7\u00f5es, categorias de base, resultados das partidas, tabela de classifica\u00e7\u00e3o, pr\u00f3ximos jogos!","potentialAction":[{"@type":"SearchAction","target":{"@type":"EntryPoint","urlTemplate":"https:\/\/www.gaveanews.com\/?s={search_term_string}"},"query-input":{"@type":"PropertyValueSpecification","valueRequired":true,"valueName":"search_term_string"}}],"inLanguage":"pt-BR"},{"@type":"Person","@id":"https:\/\/www.gaveanews.com\/#\/schema\/person\/2d29802e96a726e735077717fb5c6f20","name":"Leonardo Ant\u00f4nio","image":{"@type":"ImageObject","inLanguage":"pt-BR","@id":"https:\/\/www.gaveanews.com\/#\/schema\/person\/image\/","url":"https:\/\/secure.gravatar.com\/avatar\/b9ffc9ff64af5c915e7cb1824991ab1b4aa29b902a6a9a83be9d1c8ba449fce8?s=96&d=mm&r=g","contentUrl":"https:\/\/secure.gravatar.com\/avatar\/b9ffc9ff64af5c915e7cb1824991ab1b4aa29b902a6a9a83be9d1c8ba449fce8?s=96&d=mm&r=g","caption":"Leonardo Ant\u00f4nio"}}]}},"_links":{"self":[{"href":"https:\/\/www.gaveanews.com\/index.php\/wp-json\/wp\/v2\/posts\/105420","targetHints":{"allow":["GET"]}}],"collection":[{"href":"https:\/\/www.gaveanews.com\/index.php\/wp-json\/wp\/v2\/posts"}],"about":[{"href":"https:\/\/www.gaveanews.com\/index.php\/wp-json\/wp\/v2\/types\/post"}],"author":[{"embeddable":true,"href":"https:\/\/www.gaveanews.com\/index.php\/wp-json\/wp\/v2\/users\/6"}],"replies":[{"embeddable":true,"href":"https:\/\/www.gaveanews.com\/index.php\/wp-json\/wp\/v2\/comments?post=105420"}],"version-history":[{"count":1,"href":"https:\/\/www.gaveanews.com\/index.php\/wp-json\/wp\/v2\/posts\/105420\/revisions"}],"predecessor-version":[{"id":135693,"href":"https:\/\/www.gaveanews.com\/index.php\/wp-json\/wp\/v2\/posts\/105420\/revisions\/135693"}],"wp:featuredmedia":[{"embeddable":true,"href":"https:\/\/www.gaveanews.com\/index.php\/wp-json\/wp\/v2\/media\/98008"}],"wp:attachment":[{"href":"https:\/\/www.gaveanews.com\/index.php\/wp-json\/wp\/v2\/media?parent=105420"}],"wp:term":[{"taxonomy":"category","embeddable":true,"href":"https:\/\/www.gaveanews.com\/index.php\/wp-json\/wp\/v2\/categories?post=105420"},{"taxonomy":"post_tag","embeddable":true,"href":"https:\/\/www.gaveanews.com\/index.php\/wp-json\/wp\/v2\/tags?post=105420"}],"curies":[{"name":"wp","href":"https:\/\/api.w.org\/{rel}","templated":true}]}}