{"id":105715,"date":"2023-08-29T15:12:26","date_gmt":"2023-08-29T18:12:26","guid":{"rendered":"https:\/\/www.gaveanews.com\/?p=105715"},"modified":"2023-08-29T15:12:28","modified_gmt":"2023-08-29T18:12:28","slug":"apos-desistencia-por-lucas-paqueta-pep-guardiola-aprova-e-manchester-city-quer-contratar-meio-campista-do-flamengo","status":"publish","type":"post","link":"https:\/\/www.gaveanews.com\/index.php\/2023\/08\/29\/apos-desistencia-por-lucas-paqueta-pep-guardiola-aprova-e-manchester-city-quer-contratar-meio-campista-do-flamengo\/","title":{"rendered":"Ap\u00f3s desist\u00eancia por Lucas Paquet\u00e1, Pep Guardiola aprova e Manchester City quer contratar meio-campista do Flamengo"},"content":{"rendered":"\n<p>Em crise, o Flamengo corre risco de perder um jogador importante ainda nesta janela. Isso porque o Manchester City est\u00e1 interessado na contrata\u00e7\u00e3o do jovem Victor Hugo. Segundo informa\u00e7\u00f5es, o t\u00e9cnico Pep Guardiola aprovou as caracter\u00edsticas do jogador. <\/p>\n\n\n\n<p>Aos 19 anos, Victor surgiu como op\u00e7\u00e3o ao clube ingl\u00eas, que desistiu recentemente de contratar Lucas Paquet\u00e1 por conta do envolvimento com apostas. Vale destacar que Victor Hugo tem multa rescis\u00f3ria avaliada em 100 milh\u00f5es de euros e tem contrato at\u00e9 2027, mesmo assim, segundo o portal, o City planeja fazer uma proposta oficial em breve. <\/p>\n\n\n\n<p>A ideia inicial do clube ingl\u00eas, mesmo com uma defici\u00eancia atual no meio-campo com a les\u00e3o de De Bruyne, \u00e9 emprest\u00e1-lo a algum clube do Grupo City. A equipe comandada por Pep Guardiola n\u00e3o quer correr o risco de perder o jovem para algum outro clube europeu.<\/p>\n\n\n\n<p>Retirado de: Di\u00e1rio do Fla<\/p>\n","protected":false},"excerpt":{"rendered":"<p>Em crise, o Flamengo corre risco de perder um jogador importante ainda nesta janela. Isso porque o Manchester City est\u00e1 interessado na contrata\u00e7\u00e3o do jovem Victor Hugo. Segundo informa\u00e7\u00f5es, o t\u00e9cnico Pep Guardiola aprovou as caracter\u00edsticas do jogador. Aos 19 anos, Victor surgiu como op\u00e7\u00e3o ao clube ingl\u00eas, que desistiu recentemente de contratar Lucas Paquet\u00e1 [&hellip;]<\/p>\n","protected":false},"author":1,"featured_media":85562,"comment_status":"open","ping_status":"closed","sticky":false,"template":"","format":"standard","meta":{"footnotes":""},"categories":[48],"tags":[],"class_list":["post-105715","post","type-post","status-publish","format-standard","has-post-thumbnail","hentry","category-negociacoes"],"yoast_head":"<!-- This site is optimized with the Yoast SEO Premium plugin v24.2 (Yoast SEO v26.9) - https:\/\/yoast.com\/product\/yoast-seo-premium-wordpress\/ -->\n<title>Ap\u00f3s desist\u00eancia por Lucas Paquet\u00e1, Pep Guardiola aprova e Manchester City quer contratar meio-campista do Flamengo<\/title>\n<meta name=\"robots\" content=\"index, follow, max-snippet:-1, max-image-preview:large, max-video-preview:-1\" \/>\n<link rel=\"canonical\" href=\"https:\/\/www.gaveanews.com\/index.php\/2023\/08\/29\/apos-desistencia-por-lucas-paqueta-pep-guardiola-aprova-e-manchester-city-quer-contratar-meio-campista-do-flamengo\/\" \/>\n<meta property=\"og:locale\" content=\"pt_BR\" \/>\n<meta property=\"og:type\" content=\"article\" \/>\n<meta property=\"og:title\" content=\"Ap\u00f3s desist\u00eancia por Lucas Paquet\u00e1, Pep Guardiola aprova e Manchester City quer contratar meio-campista do Flamengo\" \/>\n<meta property=\"og:description\" content=\"Em crise, o Flamengo corre risco de perder um jogador importante ainda nesta janela. Isso porque o Manchester City est\u00e1 interessado na contrata\u00e7\u00e3o do jovem Victor Hugo. Segundo informa\u00e7\u00f5es, o t\u00e9cnico Pep Guardiola aprovou as caracter\u00edsticas do jogador. Aos 19 anos, Victor surgiu como op\u00e7\u00e3o ao clube ingl\u00eas, que desistiu recentemente de contratar Lucas Paquet\u00e1 [&hellip;]\" \/>\n<meta property=\"og:url\" content=\"https:\/\/www.gaveanews.com\/index.php\/2023\/08\/29\/apos-desistencia-por-lucas-paqueta-pep-guardiola-aprova-e-manchester-city-quer-contratar-meio-campista-do-flamengo\/\" \/>\n<meta property=\"og:site_name\" content=\"G\u00e1vea News\" \/>\n<meta property=\"article:publisher\" content=\"https:\/\/facebook.com\/gaveaNews\/\" \/>\n<meta property=\"article:published_time\" content=\"2023-08-29T18:12:26+00:00\" \/>\n<meta property=\"article:modified_time\" content=\"2023-08-29T18:12:28+00:00\" \/>\n<meta property=\"og:image\" content=\"https:\/\/www.gaveanews.com\/wp-content\/uploads\/Marcos-Braz-em-entrevista-no-CT-do-Flamengo-1.webp\" \/>\n\t<meta property=\"og:image:width\" content=\"799\" \/>\n\t<meta property=\"og:image:height\" content=\"533\" \/>\n\t<meta property=\"og:image:type\" content=\"image\/jpeg\" \/>\n<meta name=\"author\" content=\"Equipe G\u00e1vea News\" \/>\n<meta name=\"twitter:card\" content=\"summary_large_image\" \/>\n<meta name=\"twitter:label1\" content=\"Escrito por\" \/>\n\t<meta name=\"twitter:data1\" content=\"Equipe G\u00e1vea News\" \/>\n\t<meta name=\"twitter:label2\" content=\"Est. tempo de leitura\" \/>\n\t<meta name=\"twitter:data2\" content=\"1 minuto\" \/>\n<script type=\"application\/ld+json\" class=\"yoast-schema-graph\">{\"@context\":\"https:\/\/schema.org\",\"@graph\":[{\"@type\":\"NewsArticle\",\"@id\":\"https:\/\/www.gaveanews.com\/index.php\/2023\/08\/29\/apos-desistencia-por-lucas-paqueta-pep-guardiola-aprova-e-manchester-city-quer-contratar-meio-campista-do-flamengo\/#article\",\"isPartOf\":{\"@id\":\"https:\/\/www.gaveanews.com\/index.php\/2023\/08\/29\/apos-desistencia-por-lucas-paqueta-pep-guardiola-aprova-e-manchester-city-quer-contratar-meio-campista-do-flamengo\/\"},\"author\":{\"name\":\"Equipe G\u00e1vea News\",\"@id\":\"https:\/\/www.gaveanews.com\/#\/schema\/person\/2ec14f73fb96be2caf28f91afb14749d\"},\"headline\":\"Ap\u00f3s desist\u00eancia por Lucas Paquet\u00e1, Pep Guardiola aprova e Manchester City quer contratar meio-campista do Flamengo\",\"datePublished\":\"2023-08-29T18:12:26+00:00\",\"dateModified\":\"2023-08-29T18:12:28+00:00\",\"mainEntityOfPage\":{\"@id\":\"https:\/\/www.gaveanews.com\/index.php\/2023\/08\/29\/apos-desistencia-por-lucas-paqueta-pep-guardiola-aprova-e-manchester-city-quer-contratar-meio-campista-do-flamengo\/\"},\"wordCount\":174,\"commentCount\":0,\"image\":{\"@id\":\"https:\/\/www.gaveanews.com\/index.php\/2023\/08\/29\/apos-desistencia-por-lucas-paqueta-pep-guardiola-aprova-e-manchester-city-quer-contratar-meio-campista-do-flamengo\/#primaryimage\"},\"thumbnailUrl\":\"https:\/\/www.gaveanews.com\/wp-content\/uploads\/Marcos-Braz-em-entrevista-no-CT-do-Flamengo-1.webp\",\"articleSection\":[\"Negocia\u00e7\u00f5es\"],\"inLanguage\":\"pt-BR\",\"potentialAction\":[{\"@type\":\"CommentAction\",\"name\":\"Comment\",\"target\":[\"https:\/\/www.gaveanews.com\/index.php\/2023\/08\/29\/apos-desistencia-por-lucas-paqueta-pep-guardiola-aprova-e-manchester-city-quer-contratar-meio-campista-do-flamengo\/#respond\"]}],\"copyrightYear\":\"2023\",\"copyrightHolder\":{\"@id\":\"https:\/\/www.gaveanews.com\/#organization\"}},{\"@type\":\"WebPage\",\"@id\":\"https:\/\/www.gaveanews.com\/index.php\/2023\/08\/29\/apos-desistencia-por-lucas-paqueta-pep-guardiola-aprova-e-manchester-city-quer-contratar-meio-campista-do-flamengo\/\",\"url\":\"https:\/\/www.gaveanews.com\/index.php\/2023\/08\/29\/apos-desistencia-por-lucas-paqueta-pep-guardiola-aprova-e-manchester-city-quer-contratar-meio-campista-do-flamengo\/\",\"name\":\"Ap\u00f3s desist\u00eancia por Lucas Paquet\u00e1, Pep Guardiola aprova e Manchester City quer contratar meio-campista do Flamengo\",\"isPartOf\":{\"@id\":\"https:\/\/www.gaveanews.com\/#website\"},\"primaryImageOfPage\":{\"@id\":\"https:\/\/www.gaveanews.com\/index.php\/2023\/08\/29\/apos-desistencia-por-lucas-paqueta-pep-guardiola-aprova-e-manchester-city-quer-contratar-meio-campista-do-flamengo\/#primaryimage\"},\"image\":{\"@id\":\"https:\/\/www.gaveanews.com\/index.php\/2023\/08\/29\/apos-desistencia-por-lucas-paqueta-pep-guardiola-aprova-e-manchester-city-quer-contratar-meio-campista-do-flamengo\/#primaryimage\"},\"thumbnailUrl\":\"https:\/\/www.gaveanews.com\/wp-content\/uploads\/Marcos-Braz-em-entrevista-no-CT-do-Flamengo-1.webp\",\"datePublished\":\"2023-08-29T18:12:26+00:00\",\"dateModified\":\"2023-08-29T18:12:28+00:00\",\"author\":{\"@id\":\"https:\/\/www.gaveanews.com\/#\/schema\/person\/2ec14f73fb96be2caf28f91afb14749d\"},\"breadcrumb\":{\"@id\":\"https:\/\/www.gaveanews.com\/index.php\/2023\/08\/29\/apos-desistencia-por-lucas-paqueta-pep-guardiola-aprova-e-manchester-city-quer-contratar-meio-campista-do-flamengo\/#breadcrumb\"},\"inLanguage\":\"pt-BR\",\"potentialAction\":[{\"@type\":\"ReadAction\",\"target\":[\"https:\/\/www.gaveanews.com\/index.php\/2023\/08\/29\/apos-desistencia-por-lucas-paqueta-pep-guardiola-aprova-e-manchester-city-quer-contratar-meio-campista-do-flamengo\/\"]}]},{\"@type\":\"ImageObject\",\"inLanguage\":\"pt-BR\",\"@id\":\"https:\/\/www.gaveanews.com\/index.php\/2023\/08\/29\/apos-desistencia-por-lucas-paqueta-pep-guardiola-aprova-e-manchester-city-quer-contratar-meio-campista-do-flamengo\/#primaryimage\",\"url\":\"https:\/\/www.gaveanews.com\/wp-content\/uploads\/Marcos-Braz-em-entrevista-no-CT-do-Flamengo-1.webp\",\"contentUrl\":\"https:\/\/www.gaveanews.com\/wp-content\/uploads\/Marcos-Braz-em-entrevista-no-CT-do-Flamengo-1.webp\",\"width\":799,\"height\":533,\"caption\":\"Marcos Braz em entrevista no CT do Flamengo (Foto: Gilvan de Souza\/Flamengo)\"},{\"@type\":\"BreadcrumbList\",\"@id\":\"https:\/\/www.gaveanews.com\/index.php\/2023\/08\/29\/apos-desistencia-por-lucas-paqueta-pep-guardiola-aprova-e-manchester-city-quer-contratar-meio-campista-do-flamengo\/#breadcrumb\",\"itemListElement\":[{\"@type\":\"ListItem\",\"position\":1,\"name\":\"Home\",\"item\":\"https:\/\/www.gaveanews.com\/\"},{\"@type\":\"ListItem\",\"position\":2,\"name\":\"Ap\u00f3s desist\u00eancia por Lucas Paquet\u00e1, Pep Guardiola aprova e Manchester City quer contratar meio-campista do Flamengo\"}]},{\"@type\":\"WebSite\",\"@id\":\"https:\/\/www.gaveanews.com\/#website\",\"url\":\"https:\/\/www.gaveanews.com\/\",\"name\":\"G\u00e1vea News\",\"description\":\"Veja todas as not\u00edcias sobre o Flamengo: Contrata\u00e7\u00f5es, categorias de base, resultados das partidas, tabela de classifica\u00e7\u00e3o, pr\u00f3ximos jogos!\",\"potentialAction\":[{\"@type\":\"SearchAction\",\"target\":{\"@type\":\"EntryPoint\",\"urlTemplate\":\"https:\/\/www.gaveanews.com\/?s={search_term_string}\"},\"query-input\":{\"@type\":\"PropertyValueSpecification\",\"valueRequired\":true,\"valueName\":\"search_term_string\"}}],\"inLanguage\":\"pt-BR\"},{\"@type\":\"Person\",\"@id\":\"https:\/\/www.gaveanews.com\/#\/schema\/person\/2ec14f73fb96be2caf28f91afb14749d\",\"name\":\"Equipe G\u00e1vea News\",\"image\":{\"@type\":\"ImageObject\",\"inLanguage\":\"pt-BR\",\"@id\":\"https:\/\/www.gaveanews.com\/#\/schema\/person\/image\/\",\"url\":\"https:\/\/secure.gravatar.com\/avatar\/1e1956f1facbffd3f8fa53a326721950116b3b9dc9bd44939c01180fd4a745a9?s=96&d=mm&r=g\",\"contentUrl\":\"https:\/\/secure.gravatar.com\/avatar\/1e1956f1facbffd3f8fa53a326721950116b3b9dc9bd44939c01180fd4a745a9?s=96&d=mm&r=g\",\"caption\":\"Equipe G\u00e1vea News\"}}]}<\/script>\n<!-- \/ Yoast SEO Premium plugin. -->","yoast_head_json":{"title":"Ap\u00f3s desist\u00eancia por Lucas Paquet\u00e1, Pep Guardiola aprova e Manchester City quer contratar meio-campista do Flamengo","robots":{"index":"index","follow":"follow","max-snippet":"max-snippet:-1","max-image-preview":"max-image-preview:large","max-video-preview":"max-video-preview:-1"},"canonical":"https:\/\/www.gaveanews.com\/index.php\/2023\/08\/29\/apos-desistencia-por-lucas-paqueta-pep-guardiola-aprova-e-manchester-city-quer-contratar-meio-campista-do-flamengo\/","og_locale":"pt_BR","og_type":"article","og_title":"Ap\u00f3s desist\u00eancia por Lucas Paquet\u00e1, Pep Guardiola aprova e Manchester City quer contratar meio-campista do Flamengo","og_description":"Em crise, o Flamengo corre risco de perder um jogador importante ainda nesta janela. Isso porque o Manchester City est\u00e1 interessado na contrata\u00e7\u00e3o do jovem Victor Hugo. Segundo informa\u00e7\u00f5es, o t\u00e9cnico Pep Guardiola aprovou as caracter\u00edsticas do jogador. Aos 19 anos, Victor surgiu como op\u00e7\u00e3o ao clube ingl\u00eas, que desistiu recentemente de contratar Lucas Paquet\u00e1 [&hellip;]","og_url":"https:\/\/www.gaveanews.com\/index.php\/2023\/08\/29\/apos-desistencia-por-lucas-paqueta-pep-guardiola-aprova-e-manchester-city-quer-contratar-meio-campista-do-flamengo\/","og_site_name":"G\u00e1vea News","article_publisher":"https:\/\/facebook.com\/gaveaNews\/","article_published_time":"2023-08-29T18:12:26+00:00","article_modified_time":"2023-08-29T18:12:28+00:00","og_image":[{"width":799,"height":533,"url":"https:\/\/www.gaveanews.com\/wp-content\/uploads\/Marcos-Braz-em-entrevista-no-CT-do-Flamengo-1.webp","type":"image\/jpeg"}],"author":"Equipe G\u00e1vea News","twitter_card":"summary_large_image","twitter_misc":{"Escrito por":"Equipe G\u00e1vea News","Est. tempo de leitura":"1 minuto"},"schema":{"@context":"https:\/\/schema.org","@graph":[{"@type":"NewsArticle","@id":"https:\/\/www.gaveanews.com\/index.php\/2023\/08\/29\/apos-desistencia-por-lucas-paqueta-pep-guardiola-aprova-e-manchester-city-quer-contratar-meio-campista-do-flamengo\/#article","isPartOf":{"@id":"https:\/\/www.gaveanews.com\/index.php\/2023\/08\/29\/apos-desistencia-por-lucas-paqueta-pep-guardiola-aprova-e-manchester-city-quer-contratar-meio-campista-do-flamengo\/"},"author":{"name":"Equipe G\u00e1vea News","@id":"https:\/\/www.gaveanews.com\/#\/schema\/person\/2ec14f73fb96be2caf28f91afb14749d"},"headline":"Ap\u00f3s desist\u00eancia por Lucas Paquet\u00e1, Pep Guardiola aprova e Manchester City quer contratar meio-campista do Flamengo","datePublished":"2023-08-29T18:12:26+00:00","dateModified":"2023-08-29T18:12:28+00:00","mainEntityOfPage":{"@id":"https:\/\/www.gaveanews.com\/index.php\/2023\/08\/29\/apos-desistencia-por-lucas-paqueta-pep-guardiola-aprova-e-manchester-city-quer-contratar-meio-campista-do-flamengo\/"},"wordCount":174,"commentCount":0,"image":{"@id":"https:\/\/www.gaveanews.com\/index.php\/2023\/08\/29\/apos-desistencia-por-lucas-paqueta-pep-guardiola-aprova-e-manchester-city-quer-contratar-meio-campista-do-flamengo\/#primaryimage"},"thumbnailUrl":"https:\/\/www.gaveanews.com\/wp-content\/uploads\/Marcos-Braz-em-entrevista-no-CT-do-Flamengo-1.webp","articleSection":["Negocia\u00e7\u00f5es"],"inLanguage":"pt-BR","potentialAction":[{"@type":"CommentAction","name":"Comment","target":["https:\/\/www.gaveanews.com\/index.php\/2023\/08\/29\/apos-desistencia-por-lucas-paqueta-pep-guardiola-aprova-e-manchester-city-quer-contratar-meio-campista-do-flamengo\/#respond"]}],"copyrightYear":"2023","copyrightHolder":{"@id":"https:\/\/www.gaveanews.com\/#organization"}},{"@type":"WebPage","@id":"https:\/\/www.gaveanews.com\/index.php\/2023\/08\/29\/apos-desistencia-por-lucas-paqueta-pep-guardiola-aprova-e-manchester-city-quer-contratar-meio-campista-do-flamengo\/","url":"https:\/\/www.gaveanews.com\/index.php\/2023\/08\/29\/apos-desistencia-por-lucas-paqueta-pep-guardiola-aprova-e-manchester-city-quer-contratar-meio-campista-do-flamengo\/","name":"Ap\u00f3s desist\u00eancia por Lucas Paquet\u00e1, Pep Guardiola aprova e Manchester City quer contratar meio-campista do Flamengo","isPartOf":{"@id":"https:\/\/www.gaveanews.com\/#website"},"primaryImageOfPage":{"@id":"https:\/\/www.gaveanews.com\/index.php\/2023\/08\/29\/apos-desistencia-por-lucas-paqueta-pep-guardiola-aprova-e-manchester-city-quer-contratar-meio-campista-do-flamengo\/#primaryimage"},"image":{"@id":"https:\/\/www.gaveanews.com\/index.php\/2023\/08\/29\/apos-desistencia-por-lucas-paqueta-pep-guardiola-aprova-e-manchester-city-quer-contratar-meio-campista-do-flamengo\/#primaryimage"},"thumbnailUrl":"https:\/\/www.gaveanews.com\/wp-content\/uploads\/Marcos-Braz-em-entrevista-no-CT-do-Flamengo-1.webp","datePublished":"2023-08-29T18:12:26+00:00","dateModified":"2023-08-29T18:12:28+00:00","author":{"@id":"https:\/\/www.gaveanews.com\/#\/schema\/person\/2ec14f73fb96be2caf28f91afb14749d"},"breadcrumb":{"@id":"https:\/\/www.gaveanews.com\/index.php\/2023\/08\/29\/apos-desistencia-por-lucas-paqueta-pep-guardiola-aprova-e-manchester-city-quer-contratar-meio-campista-do-flamengo\/#breadcrumb"},"inLanguage":"pt-BR","potentialAction":[{"@type":"ReadAction","target":["https:\/\/www.gaveanews.com\/index.php\/2023\/08\/29\/apos-desistencia-por-lucas-paqueta-pep-guardiola-aprova-e-manchester-city-quer-contratar-meio-campista-do-flamengo\/"]}]},{"@type":"ImageObject","inLanguage":"pt-BR","@id":"https:\/\/www.gaveanews.com\/index.php\/2023\/08\/29\/apos-desistencia-por-lucas-paqueta-pep-guardiola-aprova-e-manchester-city-quer-contratar-meio-campista-do-flamengo\/#primaryimage","url":"https:\/\/www.gaveanews.com\/wp-content\/uploads\/Marcos-Braz-em-entrevista-no-CT-do-Flamengo-1.webp","contentUrl":"https:\/\/www.gaveanews.com\/wp-content\/uploads\/Marcos-Braz-em-entrevista-no-CT-do-Flamengo-1.webp","width":799,"height":533,"caption":"Marcos Braz em entrevista no CT do Flamengo (Foto: Gilvan de Souza\/Flamengo)"},{"@type":"BreadcrumbList","@id":"https:\/\/www.gaveanews.com\/index.php\/2023\/08\/29\/apos-desistencia-por-lucas-paqueta-pep-guardiola-aprova-e-manchester-city-quer-contratar-meio-campista-do-flamengo\/#breadcrumb","itemListElement":[{"@type":"ListItem","position":1,"name":"Home","item":"https:\/\/www.gaveanews.com\/"},{"@type":"ListItem","position":2,"name":"Ap\u00f3s desist\u00eancia por Lucas Paquet\u00e1, Pep Guardiola aprova e Manchester City quer contratar meio-campista do Flamengo"}]},{"@type":"WebSite","@id":"https:\/\/www.gaveanews.com\/#website","url":"https:\/\/www.gaveanews.com\/","name":"G\u00e1vea News","description":"Veja todas as not\u00edcias sobre o Flamengo: Contrata\u00e7\u00f5es, categorias de base, resultados das partidas, tabela de classifica\u00e7\u00e3o, pr\u00f3ximos jogos!","potentialAction":[{"@type":"SearchAction","target":{"@type":"EntryPoint","urlTemplate":"https:\/\/www.gaveanews.com\/?s={search_term_string}"},"query-input":{"@type":"PropertyValueSpecification","valueRequired":true,"valueName":"search_term_string"}}],"inLanguage":"pt-BR"},{"@type":"Person","@id":"https:\/\/www.gaveanews.com\/#\/schema\/person\/2ec14f73fb96be2caf28f91afb14749d","name":"Equipe G\u00e1vea News","image":{"@type":"ImageObject","inLanguage":"pt-BR","@id":"https:\/\/www.gaveanews.com\/#\/schema\/person\/image\/","url":"https:\/\/secure.gravatar.com\/avatar\/1e1956f1facbffd3f8fa53a326721950116b3b9dc9bd44939c01180fd4a745a9?s=96&d=mm&r=g","contentUrl":"https:\/\/secure.gravatar.com\/avatar\/1e1956f1facbffd3f8fa53a326721950116b3b9dc9bd44939c01180fd4a745a9?s=96&d=mm&r=g","caption":"Equipe G\u00e1vea News"}}]}},"_links":{"self":[{"href":"https:\/\/www.gaveanews.com\/index.php\/wp-json\/wp\/v2\/posts\/105715","targetHints":{"allow":["GET"]}}],"collection":[{"href":"https:\/\/www.gaveanews.com\/index.php\/wp-json\/wp\/v2\/posts"}],"about":[{"href":"https:\/\/www.gaveanews.com\/index.php\/wp-json\/wp\/v2\/types\/post"}],"author":[{"embeddable":true,"href":"https:\/\/www.gaveanews.com\/index.php\/wp-json\/wp\/v2\/users\/1"}],"replies":[{"embeddable":true,"href":"https:\/\/www.gaveanews.com\/index.php\/wp-json\/wp\/v2\/comments?post=105715"}],"version-history":[{"count":0,"href":"https:\/\/www.gaveanews.com\/index.php\/wp-json\/wp\/v2\/posts\/105715\/revisions"}],"wp:featuredmedia":[{"embeddable":true,"href":"https:\/\/www.gaveanews.com\/index.php\/wp-json\/wp\/v2\/media\/85562"}],"wp:attachment":[{"href":"https:\/\/www.gaveanews.com\/index.php\/wp-json\/wp\/v2\/media?parent=105715"}],"wp:term":[{"taxonomy":"category","embeddable":true,"href":"https:\/\/www.gaveanews.com\/index.php\/wp-json\/wp\/v2\/categories?post=105715"},{"taxonomy":"post_tag","embeddable":true,"href":"https:\/\/www.gaveanews.com\/index.php\/wp-json\/wp\/v2\/tags?post=105715"}],"curies":[{"name":"wp","href":"https:\/\/api.w.org\/{rel}","templated":true}]}}