{"id":105717,"date":"2023-08-29T15:18:54","date_gmt":"2023-08-29T18:18:54","guid":{"rendered":"https:\/\/www.gaveanews.com\/?p=105717"},"modified":"2023-08-29T15:18:56","modified_gmt":"2023-08-29T18:18:56","slug":"flamengo-emite-nota-oficial-e-confirma-mais-uma-venda-para-a-europa","status":"publish","type":"post","link":"https:\/\/www.gaveanews.com\/index.php\/2023\/08\/29\/flamengo-emite-nota-oficial-e-confirma-mais-uma-venda-para-a-europa\/","title":{"rendered":"Flamengo emite nota oficial e confirma mais uma venda para a Europa"},"content":{"rendered":"\n<p>O Flamengo concluiu, nesta ter\u00e7a-feira, a venda do goleiro Kau\u00e3 Santos para o Eintracht Frankfurt, da Alemanh\u00e3. O atleta j\u00e1 foi anunciado pelo seu novo clube e assinou v\u00ednculo at\u00e9 2028. Tal informa\u00e7\u00e3o j\u00e1 havia sido antecipado pelo portal G\u00e1vea News nos \u00faltimos dias.<\/p>\n\n\n\n<blockquote class=\"twitter-tweet\"><p lang=\"pt\" dir=\"ltr\">O Clube de Regatas do Flamengo informa que concluiu a venda do goleiro Kau\u00e3 Santos junto ao Eintracht Frankfurt. Al\u00e9m do valor da transfer\u00eancia, o Rubro-Negro ficar\u00e1 com 30% dos lucros em uma futura negocia\u00e7\u00e3o. Desejamos sorte ao Garoto do Ninho no pr\u00f3ximo desafio! <a href=\"https:\/\/twitter.com\/hashtag\/CRF?src=hash&amp;ref_src=twsrc%5Etfw\">#CRF<\/a><\/p>&mdash; Flamengo (@Flamengo) <a href=\"https:\/\/twitter.com\/Flamengo\/status\/1696538246552154207?ref_src=twsrc%5Etfw\">August 29, 2023<\/a><\/blockquote> <script async src=\"https:\/\/platform.twitter.com\/widgets.js\" charset=\"utf-8\"><\/script>\n\n\n\n<p>O valor da negocia\u00e7\u00e3o n\u00e3o foi informado de forma oficial, mas o Rubro-Negro manteve 30% de uma venda futura. Com isso, caso o arqueiro seja vendido por algum valor nos pr\u00f3ximos anos, os cariocas ter\u00e3o direito a uma porcentagem da negocia\u00e7\u00e3o, al\u00e9m do mecanismo de solidariedade da Fifa por ser o clube formador.<\/p>\n\n\n<div class=\"wp-block-image\">\n<figure class=\"aligncenter size-large\"><img decoding=\"async\" src=\"https:\/\/colunadofla.com\/wp-content\/uploads\/2023\/08\/kaua-santos-flamengo.webp\" alt=\"\"\/><figcaption class=\"wp-element-caption\">Kau\u00e3 Santos<\/figcaption><\/figure>\n<\/div>\n\n\n<p>Mas segundo soube o G\u00e1vea News a negocia\u00e7\u00e3o foi sacramentada pelo valor de 1 milh\u00e3o e 500 mil euros. Ou seja, cerca de 8 milh\u00f5es de reais.<\/p>\n\n\n\n<p>Kau\u00e3 Santos tinha destaque nas categorias de base do Flamengo, mas n\u00e3o chegou a estrear pelo time profissional. Aos 20 anos, o goleiro de 1,96m tem uma convoca\u00e7\u00e3o para a Sele\u00e7\u00e3o Brasileira sub-20 e temia n\u00e3o ter espa\u00e7o no elenco principal com a boa fase de Matheus Cunha e a chegada de Rossi, que ainda n\u00e3o fez seu primeiro jogo.<\/p>\n\n\n\n<p>Com as recentes contrata\u00e7\u00f5es, o Flamengo \u00e9 o clube que mais gastou nessa janela de transfer\u00eancias e precisava de algumas vendas para equilibrar as contas do clube. A queda precoce na Libertadores &#8211; nas oitavas de final &#8211; &#8216;vetou&#8217; valores que eram esperados entrarem no caixa rubro-negro, mas a classifica\u00e7\u00e3o na Copa do Brasil vai render uma premia\u00e7\u00e3o farta para o Meng\u00e3o.<\/p>\n\n\n\n<p>Adaptado de: Gazeta Esportiva<\/p>\n","protected":false},"excerpt":{"rendered":"<p>O Flamengo concluiu, nesta ter\u00e7a-feira, a venda do goleiro Kau\u00e3 Santos para o Eintracht Frankfurt, da Alemanh\u00e3. O atleta j\u00e1 foi anunciado pelo seu novo clube e assinou v\u00ednculo at\u00e9 2028. Tal informa\u00e7\u00e3o j\u00e1 havia sido antecipado pelo portal G\u00e1vea News nos \u00faltimos dias. O Clube de Regatas do Flamengo informa que concluiu a venda [&hellip;]<\/p>\n","protected":false},"author":1,"featured_media":23694,"comment_status":"open","ping_status":"closed","sticky":false,"template":"","format":"standard","meta":{"footnotes":""},"categories":[1],"tags":[],"class_list":["post-105717","post","type-post","status-publish","format-standard","has-post-thumbnail","hentry","category-flamengo"],"yoast_head":"<!-- This site is optimized with the Yoast SEO Premium plugin v24.2 (Yoast SEO v26.9) - https:\/\/yoast.com\/product\/yoast-seo-premium-wordpress\/ -->\n<title>Flamengo emite nota oficial e confirma mais uma venda para a Europa<\/title>\n<meta name=\"description\" content=\"O valor da negocia\u00e7\u00e3o n\u00e3o foi informado de forma oficial, mas o portal G\u00e1vea News apurou as cifras da negocia\u00e7\u00e3o com exclusividade.\" \/>\n<meta name=\"robots\" content=\"index, follow, max-snippet:-1, max-image-preview:large, max-video-preview:-1\" \/>\n<link rel=\"canonical\" href=\"https:\/\/www.gaveanews.com\/index.php\/2023\/08\/29\/flamengo-emite-nota-oficial-e-confirma-mais-uma-venda-para-a-europa\/\" \/>\n<meta property=\"og:locale\" content=\"pt_BR\" \/>\n<meta property=\"og:type\" content=\"article\" \/>\n<meta property=\"og:title\" content=\"Flamengo emite nota oficial e confirma mais uma venda para a Europa\" \/>\n<meta property=\"og:description\" content=\"O valor da negocia\u00e7\u00e3o n\u00e3o foi informado de forma oficial, mas o portal G\u00e1vea News apurou as cifras da negocia\u00e7\u00e3o com exclusividade.\" \/>\n<meta property=\"og:url\" content=\"https:\/\/www.gaveanews.com\/index.php\/2023\/08\/29\/flamengo-emite-nota-oficial-e-confirma-mais-uma-venda-para-a-europa\/\" \/>\n<meta property=\"og:site_name\" content=\"G\u00e1vea News\" \/>\n<meta property=\"article:publisher\" content=\"https:\/\/facebook.com\/gaveaNews\/\" \/>\n<meta property=\"article:published_time\" content=\"2023-08-29T18:18:54+00:00\" \/>\n<meta property=\"article:modified_time\" content=\"2023-08-29T18:18:56+00:00\" \/>\n<meta property=\"og:image\" content=\"https:\/\/www.gaveanews.com\/wp-content\/uploads\/2019\/07\/Marcos-Braz-durante-coletiva-de-imprensa-no-Ninho-do-Urubu.webp\" \/>\n\t<meta property=\"og:image:width\" content=\"846\" \/>\n\t<meta property=\"og:image:height\" content=\"563\" \/>\n\t<meta property=\"og:image:type\" content=\"image\/jpeg\" \/>\n<meta name=\"author\" content=\"Equipe G\u00e1vea News\" \/>\n<meta name=\"twitter:card\" content=\"summary_large_image\" \/>\n<meta name=\"twitter:label1\" content=\"Escrito por\" \/>\n\t<meta name=\"twitter:data1\" content=\"Equipe G\u00e1vea News\" \/>\n\t<meta name=\"twitter:label2\" content=\"Est. tempo de leitura\" \/>\n\t<meta name=\"twitter:data2\" content=\"2 minutos\" \/>\n<script type=\"application\/ld+json\" class=\"yoast-schema-graph\">{\"@context\":\"https:\/\/schema.org\",\"@graph\":[{\"@type\":\"NewsArticle\",\"@id\":\"https:\/\/www.gaveanews.com\/index.php\/2023\/08\/29\/flamengo-emite-nota-oficial-e-confirma-mais-uma-venda-para-a-europa\/#article\",\"isPartOf\":{\"@id\":\"https:\/\/www.gaveanews.com\/index.php\/2023\/08\/29\/flamengo-emite-nota-oficial-e-confirma-mais-uma-venda-para-a-europa\/\"},\"author\":{\"name\":\"Equipe G\u00e1vea News\",\"@id\":\"https:\/\/www.gaveanews.com\/#\/schema\/person\/2ec14f73fb96be2caf28f91afb14749d\"},\"headline\":\"Flamengo emite nota oficial e confirma mais uma venda para a Europa\",\"datePublished\":\"2023-08-29T18:18:54+00:00\",\"dateModified\":\"2023-08-29T18:18:56+00:00\",\"mainEntityOfPage\":{\"@id\":\"https:\/\/www.gaveanews.com\/index.php\/2023\/08\/29\/flamengo-emite-nota-oficial-e-confirma-mais-uma-venda-para-a-europa\/\"},\"wordCount\":334,\"commentCount\":0,\"image\":{\"@id\":\"https:\/\/www.gaveanews.com\/index.php\/2023\/08\/29\/flamengo-emite-nota-oficial-e-confirma-mais-uma-venda-para-a-europa\/#primaryimage\"},\"thumbnailUrl\":\"https:\/\/www.gaveanews.com\/wp-content\/uploads\/2019\/07\/Marcos-Braz-durante-coletiva-de-imprensa-no-Ninho-do-Urubu.webp\",\"articleSection\":[\"Flamengo\"],\"inLanguage\":\"pt-BR\",\"potentialAction\":[{\"@type\":\"CommentAction\",\"name\":\"Comment\",\"target\":[\"https:\/\/www.gaveanews.com\/index.php\/2023\/08\/29\/flamengo-emite-nota-oficial-e-confirma-mais-uma-venda-para-a-europa\/#respond\"]}],\"copyrightYear\":\"2023\",\"copyrightHolder\":{\"@id\":\"https:\/\/www.gaveanews.com\/#organization\"}},{\"@type\":\"WebPage\",\"@id\":\"https:\/\/www.gaveanews.com\/index.php\/2023\/08\/29\/flamengo-emite-nota-oficial-e-confirma-mais-uma-venda-para-a-europa\/\",\"url\":\"https:\/\/www.gaveanews.com\/index.php\/2023\/08\/29\/flamengo-emite-nota-oficial-e-confirma-mais-uma-venda-para-a-europa\/\",\"name\":\"Flamengo emite nota oficial e confirma mais uma venda para a Europa\",\"isPartOf\":{\"@id\":\"https:\/\/www.gaveanews.com\/#website\"},\"primaryImageOfPage\":{\"@id\":\"https:\/\/www.gaveanews.com\/index.php\/2023\/08\/29\/flamengo-emite-nota-oficial-e-confirma-mais-uma-venda-para-a-europa\/#primaryimage\"},\"image\":{\"@id\":\"https:\/\/www.gaveanews.com\/index.php\/2023\/08\/29\/flamengo-emite-nota-oficial-e-confirma-mais-uma-venda-para-a-europa\/#primaryimage\"},\"thumbnailUrl\":\"https:\/\/www.gaveanews.com\/wp-content\/uploads\/2019\/07\/Marcos-Braz-durante-coletiva-de-imprensa-no-Ninho-do-Urubu.webp\",\"datePublished\":\"2023-08-29T18:18:54+00:00\",\"dateModified\":\"2023-08-29T18:18:56+00:00\",\"author\":{\"@id\":\"https:\/\/www.gaveanews.com\/#\/schema\/person\/2ec14f73fb96be2caf28f91afb14749d\"},\"description\":\"O valor da negocia\u00e7\u00e3o n\u00e3o foi informado de forma oficial, mas o portal G\u00e1vea News apurou as cifras da negocia\u00e7\u00e3o com exclusividade.\",\"breadcrumb\":{\"@id\":\"https:\/\/www.gaveanews.com\/index.php\/2023\/08\/29\/flamengo-emite-nota-oficial-e-confirma-mais-uma-venda-para-a-europa\/#breadcrumb\"},\"inLanguage\":\"pt-BR\",\"potentialAction\":[{\"@type\":\"ReadAction\",\"target\":[\"https:\/\/www.gaveanews.com\/index.php\/2023\/08\/29\/flamengo-emite-nota-oficial-e-confirma-mais-uma-venda-para-a-europa\/\"]}]},{\"@type\":\"ImageObject\",\"inLanguage\":\"pt-BR\",\"@id\":\"https:\/\/www.gaveanews.com\/index.php\/2023\/08\/29\/flamengo-emite-nota-oficial-e-confirma-mais-uma-venda-para-a-europa\/#primaryimage\",\"url\":\"https:\/\/www.gaveanews.com\/wp-content\/uploads\/2019\/07\/Marcos-Braz-durante-coletiva-de-imprensa-no-Ninho-do-Urubu.webp\",\"contentUrl\":\"https:\/\/www.gaveanews.com\/wp-content\/uploads\/2019\/07\/Marcos-Braz-durante-coletiva-de-imprensa-no-Ninho-do-Urubu.webp\",\"width\":846,\"height\":563,\"caption\":\"Marcos Braz durante coletiva de imprensa no Ninho do Urubu (Foto: Alexandre Vidal\/Flamengo)\"},{\"@type\":\"BreadcrumbList\",\"@id\":\"https:\/\/www.gaveanews.com\/index.php\/2023\/08\/29\/flamengo-emite-nota-oficial-e-confirma-mais-uma-venda-para-a-europa\/#breadcrumb\",\"itemListElement\":[{\"@type\":\"ListItem\",\"position\":1,\"name\":\"Home\",\"item\":\"https:\/\/www.gaveanews.com\/\"},{\"@type\":\"ListItem\",\"position\":2,\"name\":\"Flamengo emite nota oficial e confirma mais uma venda para a Europa\"}]},{\"@type\":\"WebSite\",\"@id\":\"https:\/\/www.gaveanews.com\/#website\",\"url\":\"https:\/\/www.gaveanews.com\/\",\"name\":\"G\u00e1vea News\",\"description\":\"Veja todas as not\u00edcias sobre o Flamengo: Contrata\u00e7\u00f5es, categorias de base, resultados das partidas, tabela de classifica\u00e7\u00e3o, pr\u00f3ximos jogos!\",\"potentialAction\":[{\"@type\":\"SearchAction\",\"target\":{\"@type\":\"EntryPoint\",\"urlTemplate\":\"https:\/\/www.gaveanews.com\/?s={search_term_string}\"},\"query-input\":{\"@type\":\"PropertyValueSpecification\",\"valueRequired\":true,\"valueName\":\"search_term_string\"}}],\"inLanguage\":\"pt-BR\"},{\"@type\":\"Person\",\"@id\":\"https:\/\/www.gaveanews.com\/#\/schema\/person\/2ec14f73fb96be2caf28f91afb14749d\",\"name\":\"Equipe G\u00e1vea News\",\"image\":{\"@type\":\"ImageObject\",\"inLanguage\":\"pt-BR\",\"@id\":\"https:\/\/www.gaveanews.com\/#\/schema\/person\/image\/\",\"url\":\"https:\/\/secure.gravatar.com\/avatar\/1e1956f1facbffd3f8fa53a326721950116b3b9dc9bd44939c01180fd4a745a9?s=96&d=mm&r=g\",\"contentUrl\":\"https:\/\/secure.gravatar.com\/avatar\/1e1956f1facbffd3f8fa53a326721950116b3b9dc9bd44939c01180fd4a745a9?s=96&d=mm&r=g\",\"caption\":\"Equipe G\u00e1vea News\"}}]}<\/script>\n<!-- \/ Yoast SEO Premium plugin. -->","yoast_head_json":{"title":"Flamengo emite nota oficial e confirma mais uma venda para a Europa","description":"O valor da negocia\u00e7\u00e3o n\u00e3o foi informado de forma oficial, mas o portal G\u00e1vea News apurou as cifras da negocia\u00e7\u00e3o com exclusividade.","robots":{"index":"index","follow":"follow","max-snippet":"max-snippet:-1","max-image-preview":"max-image-preview:large","max-video-preview":"max-video-preview:-1"},"canonical":"https:\/\/www.gaveanews.com\/index.php\/2023\/08\/29\/flamengo-emite-nota-oficial-e-confirma-mais-uma-venda-para-a-europa\/","og_locale":"pt_BR","og_type":"article","og_title":"Flamengo emite nota oficial e confirma mais uma venda para a Europa","og_description":"O valor da negocia\u00e7\u00e3o n\u00e3o foi informado de forma oficial, mas o portal G\u00e1vea News apurou as cifras da negocia\u00e7\u00e3o com exclusividade.","og_url":"https:\/\/www.gaveanews.com\/index.php\/2023\/08\/29\/flamengo-emite-nota-oficial-e-confirma-mais-uma-venda-para-a-europa\/","og_site_name":"G\u00e1vea News","article_publisher":"https:\/\/facebook.com\/gaveaNews\/","article_published_time":"2023-08-29T18:18:54+00:00","article_modified_time":"2023-08-29T18:18:56+00:00","og_image":[{"width":846,"height":563,"url":"https:\/\/www.gaveanews.com\/wp-content\/uploads\/2019\/07\/Marcos-Braz-durante-coletiva-de-imprensa-no-Ninho-do-Urubu.webp","type":"image\/jpeg"}],"author":"Equipe G\u00e1vea News","twitter_card":"summary_large_image","twitter_misc":{"Escrito por":"Equipe G\u00e1vea News","Est. tempo de leitura":"2 minutos"},"schema":{"@context":"https:\/\/schema.org","@graph":[{"@type":"NewsArticle","@id":"https:\/\/www.gaveanews.com\/index.php\/2023\/08\/29\/flamengo-emite-nota-oficial-e-confirma-mais-uma-venda-para-a-europa\/#article","isPartOf":{"@id":"https:\/\/www.gaveanews.com\/index.php\/2023\/08\/29\/flamengo-emite-nota-oficial-e-confirma-mais-uma-venda-para-a-europa\/"},"author":{"name":"Equipe G\u00e1vea News","@id":"https:\/\/www.gaveanews.com\/#\/schema\/person\/2ec14f73fb96be2caf28f91afb14749d"},"headline":"Flamengo emite nota oficial e confirma mais uma venda para a Europa","datePublished":"2023-08-29T18:18:54+00:00","dateModified":"2023-08-29T18:18:56+00:00","mainEntityOfPage":{"@id":"https:\/\/www.gaveanews.com\/index.php\/2023\/08\/29\/flamengo-emite-nota-oficial-e-confirma-mais-uma-venda-para-a-europa\/"},"wordCount":334,"commentCount":0,"image":{"@id":"https:\/\/www.gaveanews.com\/index.php\/2023\/08\/29\/flamengo-emite-nota-oficial-e-confirma-mais-uma-venda-para-a-europa\/#primaryimage"},"thumbnailUrl":"https:\/\/www.gaveanews.com\/wp-content\/uploads\/2019\/07\/Marcos-Braz-durante-coletiva-de-imprensa-no-Ninho-do-Urubu.webp","articleSection":["Flamengo"],"inLanguage":"pt-BR","potentialAction":[{"@type":"CommentAction","name":"Comment","target":["https:\/\/www.gaveanews.com\/index.php\/2023\/08\/29\/flamengo-emite-nota-oficial-e-confirma-mais-uma-venda-para-a-europa\/#respond"]}],"copyrightYear":"2023","copyrightHolder":{"@id":"https:\/\/www.gaveanews.com\/#organization"}},{"@type":"WebPage","@id":"https:\/\/www.gaveanews.com\/index.php\/2023\/08\/29\/flamengo-emite-nota-oficial-e-confirma-mais-uma-venda-para-a-europa\/","url":"https:\/\/www.gaveanews.com\/index.php\/2023\/08\/29\/flamengo-emite-nota-oficial-e-confirma-mais-uma-venda-para-a-europa\/","name":"Flamengo emite nota oficial e confirma mais uma venda para a Europa","isPartOf":{"@id":"https:\/\/www.gaveanews.com\/#website"},"primaryImageOfPage":{"@id":"https:\/\/www.gaveanews.com\/index.php\/2023\/08\/29\/flamengo-emite-nota-oficial-e-confirma-mais-uma-venda-para-a-europa\/#primaryimage"},"image":{"@id":"https:\/\/www.gaveanews.com\/index.php\/2023\/08\/29\/flamengo-emite-nota-oficial-e-confirma-mais-uma-venda-para-a-europa\/#primaryimage"},"thumbnailUrl":"https:\/\/www.gaveanews.com\/wp-content\/uploads\/2019\/07\/Marcos-Braz-durante-coletiva-de-imprensa-no-Ninho-do-Urubu.webp","datePublished":"2023-08-29T18:18:54+00:00","dateModified":"2023-08-29T18:18:56+00:00","author":{"@id":"https:\/\/www.gaveanews.com\/#\/schema\/person\/2ec14f73fb96be2caf28f91afb14749d"},"description":"O valor da negocia\u00e7\u00e3o n\u00e3o foi informado de forma oficial, mas o portal G\u00e1vea News apurou as cifras da negocia\u00e7\u00e3o com exclusividade.","breadcrumb":{"@id":"https:\/\/www.gaveanews.com\/index.php\/2023\/08\/29\/flamengo-emite-nota-oficial-e-confirma-mais-uma-venda-para-a-europa\/#breadcrumb"},"inLanguage":"pt-BR","potentialAction":[{"@type":"ReadAction","target":["https:\/\/www.gaveanews.com\/index.php\/2023\/08\/29\/flamengo-emite-nota-oficial-e-confirma-mais-uma-venda-para-a-europa\/"]}]},{"@type":"ImageObject","inLanguage":"pt-BR","@id":"https:\/\/www.gaveanews.com\/index.php\/2023\/08\/29\/flamengo-emite-nota-oficial-e-confirma-mais-uma-venda-para-a-europa\/#primaryimage","url":"https:\/\/www.gaveanews.com\/wp-content\/uploads\/2019\/07\/Marcos-Braz-durante-coletiva-de-imprensa-no-Ninho-do-Urubu.webp","contentUrl":"https:\/\/www.gaveanews.com\/wp-content\/uploads\/2019\/07\/Marcos-Braz-durante-coletiva-de-imprensa-no-Ninho-do-Urubu.webp","width":846,"height":563,"caption":"Marcos Braz durante coletiva de imprensa no Ninho do Urubu (Foto: Alexandre Vidal\/Flamengo)"},{"@type":"BreadcrumbList","@id":"https:\/\/www.gaveanews.com\/index.php\/2023\/08\/29\/flamengo-emite-nota-oficial-e-confirma-mais-uma-venda-para-a-europa\/#breadcrumb","itemListElement":[{"@type":"ListItem","position":1,"name":"Home","item":"https:\/\/www.gaveanews.com\/"},{"@type":"ListItem","position":2,"name":"Flamengo emite nota oficial e confirma mais uma venda para a Europa"}]},{"@type":"WebSite","@id":"https:\/\/www.gaveanews.com\/#website","url":"https:\/\/www.gaveanews.com\/","name":"G\u00e1vea News","description":"Veja todas as not\u00edcias sobre o Flamengo: Contrata\u00e7\u00f5es, categorias de base, resultados das partidas, tabela de classifica\u00e7\u00e3o, pr\u00f3ximos jogos!","potentialAction":[{"@type":"SearchAction","target":{"@type":"EntryPoint","urlTemplate":"https:\/\/www.gaveanews.com\/?s={search_term_string}"},"query-input":{"@type":"PropertyValueSpecification","valueRequired":true,"valueName":"search_term_string"}}],"inLanguage":"pt-BR"},{"@type":"Person","@id":"https:\/\/www.gaveanews.com\/#\/schema\/person\/2ec14f73fb96be2caf28f91afb14749d","name":"Equipe G\u00e1vea News","image":{"@type":"ImageObject","inLanguage":"pt-BR","@id":"https:\/\/www.gaveanews.com\/#\/schema\/person\/image\/","url":"https:\/\/secure.gravatar.com\/avatar\/1e1956f1facbffd3f8fa53a326721950116b3b9dc9bd44939c01180fd4a745a9?s=96&d=mm&r=g","contentUrl":"https:\/\/secure.gravatar.com\/avatar\/1e1956f1facbffd3f8fa53a326721950116b3b9dc9bd44939c01180fd4a745a9?s=96&d=mm&r=g","caption":"Equipe G\u00e1vea News"}}]}},"_links":{"self":[{"href":"https:\/\/www.gaveanews.com\/index.php\/wp-json\/wp\/v2\/posts\/105717","targetHints":{"allow":["GET"]}}],"collection":[{"href":"https:\/\/www.gaveanews.com\/index.php\/wp-json\/wp\/v2\/posts"}],"about":[{"href":"https:\/\/www.gaveanews.com\/index.php\/wp-json\/wp\/v2\/types\/post"}],"author":[{"embeddable":true,"href":"https:\/\/www.gaveanews.com\/index.php\/wp-json\/wp\/v2\/users\/1"}],"replies":[{"embeddable":true,"href":"https:\/\/www.gaveanews.com\/index.php\/wp-json\/wp\/v2\/comments?post=105717"}],"version-history":[{"count":0,"href":"https:\/\/www.gaveanews.com\/index.php\/wp-json\/wp\/v2\/posts\/105717\/revisions"}],"wp:featuredmedia":[{"embeddable":true,"href":"https:\/\/www.gaveanews.com\/index.php\/wp-json\/wp\/v2\/media\/23694"}],"wp:attachment":[{"href":"https:\/\/www.gaveanews.com\/index.php\/wp-json\/wp\/v2\/media?parent=105717"}],"wp:term":[{"taxonomy":"category","embeddable":true,"href":"https:\/\/www.gaveanews.com\/index.php\/wp-json\/wp\/v2\/categories?post=105717"},{"taxonomy":"post_tag","embeddable":true,"href":"https:\/\/www.gaveanews.com\/index.php\/wp-json\/wp\/v2\/tags?post=105717"}],"curies":[{"name":"wp","href":"https:\/\/api.w.org\/{rel}","templated":true}]}}