{"id":105731,"date":"2023-08-29T19:07:02","date_gmt":"2023-08-29T22:07:02","guid":{"rendered":"https:\/\/www.gaveanews.com\/?p=105731"},"modified":"2023-08-29T19:07:04","modified_gmt":"2023-08-29T22:07:04","slug":"ex-preparador-fisico-do-flamengo-e-pedro-chegam-a-acordo-e-encerram-processo-de-agressao","status":"publish","type":"post","link":"https:\/\/www.gaveanews.com\/index.php\/2023\/08\/29\/ex-preparador-fisico-do-flamengo-e-pedro-chegam-a-acordo-e-encerram-processo-de-agressao\/","title":{"rendered":"Ex-preparador f\u00edsico do Flamengo e Pedro chegam a acordo e encerram processo de agress\u00e3o"},"content":{"rendered":"\n<p>A pol\u00eamica envolvendo o epis\u00f3dio de agress\u00e3o de Pablo Fernandez, ex-preparador f\u00edsico do Flamengo, em Pedro no dia 29 de julho, na vit\u00f3ria sobre o Atl\u00e9tico-MG, no Independ\u00eancia, ganhou um cap\u00edtulo final nesta ter\u00e7a-feira.<\/p>\n\n\n\n<p>Em audi\u00eancia realizada no Juizado Especial Criminal de Belo Horizonte, Fernandez foi ao tribunal prestar depoimento, enquanto Pedro e sua defesa participaram online. As duas partes chegaram a um entendimento, e o argentino n\u00e3o sofrer\u00e1 nenhuma puni\u00e7\u00e3o.<\/p>\n\n\n\n<p><em>\u2014 Simplesmente foi uma fatalidade que ocasionou um preju\u00edzo para muita gente, em especial para mim e para Pedro. Tive hoje a oportunidade de pessoalmente pedir desculpa e est\u00e1 tudo esclarecido. Penso que foi o momento justo para finalizar essa situa\u00e7\u00e3o<\/em>, disse Fernandez, ao Globo Esporte.<\/p>\n\n\n\n<p><em>\u2014 Nenhum tipo de pagamento e nenhum tipo de entrega de cesta b\u00e1sica. Na primeira oportunidade ambos tiveram, ou seja Pablo e Pedro, eles conversaram e entenderam que n\u00e3o passou nada mais e nada menos do que um mal-entendido<\/em>, disse Marcelo Cruz, advogado de Fernandez, ao Globo Esporte.<\/p>\n\n\n\n<p><em>\u2014 No caso em quest\u00e3o e analisando o laudo do exame de corpo e delito, verificou-se les\u00e3o leve. Ou seja: crime de pequeno potencial ofensivo. De forma que, antes de se iniciar eventualmente a marcha processual, \u00e9 feita essa transa\u00e7\u00e3o penal. \u00c9 feita essa possibilidade de composi\u00e7\u00e3o entre as partes. O que ocorreu de forma esperada: tanto Pablo quanto Pedro chegaram a uma composi\u00e7\u00e3o. Ambos entenderam que foi um fato ocasional na vida deles, que nem Pablo e nem Pedro tinham algo um contra o outro. De forma que foi extinta a pretens\u00e3o punitiva na data de hoje e encerrado este processo<\/em>, completou.<\/p>\n\n\n\n<p>Retirado de: ESPN<\/p>\n","protected":false},"excerpt":{"rendered":"<p>A pol\u00eamica envolvendo o epis\u00f3dio de agress\u00e3o de Pablo Fernandez, ex-preparador f\u00edsico do Flamengo, em Pedro no dia 29 de julho, na vit\u00f3ria sobre o Atl\u00e9tico-MG, no Independ\u00eancia, ganhou um cap\u00edtulo final nesta ter\u00e7a-feira. Em audi\u00eancia realizada no Juizado Especial Criminal de Belo Horizonte, Fernandez foi ao tribunal prestar depoimento, enquanto Pedro e sua defesa [&hellip;]<\/p>\n","protected":false},"author":1,"featured_media":80063,"comment_status":"open","ping_status":"closed","sticky":false,"template":"","format":"standard","meta":{"footnotes":""},"categories":[1],"tags":[],"class_list":["post-105731","post","type-post","status-publish","format-standard","has-post-thumbnail","hentry","category-flamengo"],"yoast_head":"<!-- This site is optimized with the Yoast SEO Premium plugin v24.2 (Yoast SEO v26.9) - https:\/\/yoast.com\/product\/yoast-seo-premium-wordpress\/ -->\n<title>Ex-preparador f\u00edsico do Flamengo e Pedro chegam a acordo e encerram processo de agress\u00e3o<\/title>\n<meta name=\"robots\" content=\"index, follow, max-snippet:-1, max-image-preview:large, max-video-preview:-1\" \/>\n<link rel=\"canonical\" href=\"https:\/\/www.gaveanews.com\/index.php\/2023\/08\/29\/ex-preparador-fisico-do-flamengo-e-pedro-chegam-a-acordo-e-encerram-processo-de-agressao\/\" \/>\n<meta property=\"og:locale\" content=\"pt_BR\" \/>\n<meta property=\"og:type\" content=\"article\" \/>\n<meta property=\"og:title\" content=\"Ex-preparador f\u00edsico do Flamengo e Pedro chegam a acordo e encerram processo de agress\u00e3o\" \/>\n<meta property=\"og:description\" content=\"A pol\u00eamica envolvendo o epis\u00f3dio de agress\u00e3o de Pablo Fernandez, ex-preparador f\u00edsico do Flamengo, em Pedro no dia 29 de julho, na vit\u00f3ria sobre o Atl\u00e9tico-MG, no Independ\u00eancia, ganhou um cap\u00edtulo final nesta ter\u00e7a-feira. Em audi\u00eancia realizada no Juizado Especial Criminal de Belo Horizonte, Fernandez foi ao tribunal prestar depoimento, enquanto Pedro e sua defesa [&hellip;]\" \/>\n<meta property=\"og:url\" content=\"https:\/\/www.gaveanews.com\/index.php\/2023\/08\/29\/ex-preparador-fisico-do-flamengo-e-pedro-chegam-a-acordo-e-encerram-processo-de-agressao\/\" \/>\n<meta property=\"og:site_name\" content=\"G\u00e1vea News\" \/>\n<meta property=\"article:publisher\" content=\"https:\/\/facebook.com\/gaveaNews\/\" \/>\n<meta property=\"article:published_time\" content=\"2023-08-29T22:07:02+00:00\" \/>\n<meta property=\"article:modified_time\" content=\"2023-08-29T22:07:04+00:00\" \/>\n<meta property=\"og:image\" content=\"https:\/\/www.gaveanews.com\/wp-content\/uploads\/Pedro-em-acao-pelo-Flamengo.webp\" \/>\n\t<meta property=\"og:image:width\" content=\"1024\" \/>\n\t<meta property=\"og:image:height\" content=\"683\" \/>\n\t<meta property=\"og:image:type\" content=\"image\/jpeg\" \/>\n<meta name=\"author\" content=\"Equipe G\u00e1vea News\" \/>\n<meta name=\"twitter:card\" content=\"summary_large_image\" \/>\n<meta name=\"twitter:label1\" content=\"Escrito por\" \/>\n\t<meta name=\"twitter:data1\" content=\"Equipe G\u00e1vea News\" \/>\n\t<meta name=\"twitter:label2\" content=\"Est. tempo de leitura\" \/>\n\t<meta name=\"twitter:data2\" content=\"2 minutos\" \/>\n<script type=\"application\/ld+json\" class=\"yoast-schema-graph\">{\"@context\":\"https:\/\/schema.org\",\"@graph\":[{\"@type\":\"NewsArticle\",\"@id\":\"https:\/\/www.gaveanews.com\/index.php\/2023\/08\/29\/ex-preparador-fisico-do-flamengo-e-pedro-chegam-a-acordo-e-encerram-processo-de-agressao\/#article\",\"isPartOf\":{\"@id\":\"https:\/\/www.gaveanews.com\/index.php\/2023\/08\/29\/ex-preparador-fisico-do-flamengo-e-pedro-chegam-a-acordo-e-encerram-processo-de-agressao\/\"},\"author\":{\"name\":\"Equipe G\u00e1vea News\",\"@id\":\"https:\/\/www.gaveanews.com\/#\/schema\/person\/2ec14f73fb96be2caf28f91afb14749d\"},\"headline\":\"Ex-preparador f\u00edsico do Flamengo e Pedro chegam a acordo e encerram processo de agress\u00e3o\",\"datePublished\":\"2023-08-29T22:07:02+00:00\",\"dateModified\":\"2023-08-29T22:07:04+00:00\",\"mainEntityOfPage\":{\"@id\":\"https:\/\/www.gaveanews.com\/index.php\/2023\/08\/29\/ex-preparador-fisico-do-flamengo-e-pedro-chegam-a-acordo-e-encerram-processo-de-agressao\/\"},\"wordCount\":303,\"commentCount\":0,\"image\":{\"@id\":\"https:\/\/www.gaveanews.com\/index.php\/2023\/08\/29\/ex-preparador-fisico-do-flamengo-e-pedro-chegam-a-acordo-e-encerram-processo-de-agressao\/#primaryimage\"},\"thumbnailUrl\":\"https:\/\/www.gaveanews.com\/wp-content\/uploads\/Pedro-em-acao-pelo-Flamengo.webp\",\"articleSection\":[\"Flamengo\"],\"inLanguage\":\"pt-BR\",\"potentialAction\":[{\"@type\":\"CommentAction\",\"name\":\"Comment\",\"target\":[\"https:\/\/www.gaveanews.com\/index.php\/2023\/08\/29\/ex-preparador-fisico-do-flamengo-e-pedro-chegam-a-acordo-e-encerram-processo-de-agressao\/#respond\"]}],\"copyrightYear\":\"2023\",\"copyrightHolder\":{\"@id\":\"https:\/\/www.gaveanews.com\/#organization\"}},{\"@type\":\"WebPage\",\"@id\":\"https:\/\/www.gaveanews.com\/index.php\/2023\/08\/29\/ex-preparador-fisico-do-flamengo-e-pedro-chegam-a-acordo-e-encerram-processo-de-agressao\/\",\"url\":\"https:\/\/www.gaveanews.com\/index.php\/2023\/08\/29\/ex-preparador-fisico-do-flamengo-e-pedro-chegam-a-acordo-e-encerram-processo-de-agressao\/\",\"name\":\"Ex-preparador f\u00edsico do Flamengo e Pedro chegam a acordo e encerram processo de agress\u00e3o\",\"isPartOf\":{\"@id\":\"https:\/\/www.gaveanews.com\/#website\"},\"primaryImageOfPage\":{\"@id\":\"https:\/\/www.gaveanews.com\/index.php\/2023\/08\/29\/ex-preparador-fisico-do-flamengo-e-pedro-chegam-a-acordo-e-encerram-processo-de-agressao\/#primaryimage\"},\"image\":{\"@id\":\"https:\/\/www.gaveanews.com\/index.php\/2023\/08\/29\/ex-preparador-fisico-do-flamengo-e-pedro-chegam-a-acordo-e-encerram-processo-de-agressao\/#primaryimage\"},\"thumbnailUrl\":\"https:\/\/www.gaveanews.com\/wp-content\/uploads\/Pedro-em-acao-pelo-Flamengo.webp\",\"datePublished\":\"2023-08-29T22:07:02+00:00\",\"dateModified\":\"2023-08-29T22:07:04+00:00\",\"author\":{\"@id\":\"https:\/\/www.gaveanews.com\/#\/schema\/person\/2ec14f73fb96be2caf28f91afb14749d\"},\"breadcrumb\":{\"@id\":\"https:\/\/www.gaveanews.com\/index.php\/2023\/08\/29\/ex-preparador-fisico-do-flamengo-e-pedro-chegam-a-acordo-e-encerram-processo-de-agressao\/#breadcrumb\"},\"inLanguage\":\"pt-BR\",\"potentialAction\":[{\"@type\":\"ReadAction\",\"target\":[\"https:\/\/www.gaveanews.com\/index.php\/2023\/08\/29\/ex-preparador-fisico-do-flamengo-e-pedro-chegam-a-acordo-e-encerram-processo-de-agressao\/\"]}]},{\"@type\":\"ImageObject\",\"inLanguage\":\"pt-BR\",\"@id\":\"https:\/\/www.gaveanews.com\/index.php\/2023\/08\/29\/ex-preparador-fisico-do-flamengo-e-pedro-chegam-a-acordo-e-encerram-processo-de-agressao\/#primaryimage\",\"url\":\"https:\/\/www.gaveanews.com\/wp-content\/uploads\/Pedro-em-acao-pelo-Flamengo.webp\",\"contentUrl\":\"https:\/\/www.gaveanews.com\/wp-content\/uploads\/Pedro-em-acao-pelo-Flamengo.webp\",\"width\":1024,\"height\":683,\"caption\":\"Pedro em a\u00e7\u00e3o pelo Flamengo (Foto: Gilvan de Souza\/Flamengo)\"},{\"@type\":\"BreadcrumbList\",\"@id\":\"https:\/\/www.gaveanews.com\/index.php\/2023\/08\/29\/ex-preparador-fisico-do-flamengo-e-pedro-chegam-a-acordo-e-encerram-processo-de-agressao\/#breadcrumb\",\"itemListElement\":[{\"@type\":\"ListItem\",\"position\":1,\"name\":\"Home\",\"item\":\"https:\/\/www.gaveanews.com\/\"},{\"@type\":\"ListItem\",\"position\":2,\"name\":\"Ex-preparador f\u00edsico do Flamengo e Pedro chegam a acordo e encerram processo de agress\u00e3o\"}]},{\"@type\":\"WebSite\",\"@id\":\"https:\/\/www.gaveanews.com\/#website\",\"url\":\"https:\/\/www.gaveanews.com\/\",\"name\":\"G\u00e1vea News\",\"description\":\"Veja todas as not\u00edcias sobre o Flamengo: Contrata\u00e7\u00f5es, categorias de base, resultados das partidas, tabela de classifica\u00e7\u00e3o, pr\u00f3ximos jogos!\",\"potentialAction\":[{\"@type\":\"SearchAction\",\"target\":{\"@type\":\"EntryPoint\",\"urlTemplate\":\"https:\/\/www.gaveanews.com\/?s={search_term_string}\"},\"query-input\":{\"@type\":\"PropertyValueSpecification\",\"valueRequired\":true,\"valueName\":\"search_term_string\"}}],\"inLanguage\":\"pt-BR\"},{\"@type\":\"Person\",\"@id\":\"https:\/\/www.gaveanews.com\/#\/schema\/person\/2ec14f73fb96be2caf28f91afb14749d\",\"name\":\"Equipe G\u00e1vea News\",\"image\":{\"@type\":\"ImageObject\",\"inLanguage\":\"pt-BR\",\"@id\":\"https:\/\/www.gaveanews.com\/#\/schema\/person\/image\/\",\"url\":\"https:\/\/secure.gravatar.com\/avatar\/1e1956f1facbffd3f8fa53a326721950116b3b9dc9bd44939c01180fd4a745a9?s=96&d=mm&r=g\",\"contentUrl\":\"https:\/\/secure.gravatar.com\/avatar\/1e1956f1facbffd3f8fa53a326721950116b3b9dc9bd44939c01180fd4a745a9?s=96&d=mm&r=g\",\"caption\":\"Equipe G\u00e1vea News\"}}]}<\/script>\n<!-- \/ Yoast SEO Premium plugin. -->","yoast_head_json":{"title":"Ex-preparador f\u00edsico do Flamengo e Pedro chegam a acordo e encerram processo de agress\u00e3o","robots":{"index":"index","follow":"follow","max-snippet":"max-snippet:-1","max-image-preview":"max-image-preview:large","max-video-preview":"max-video-preview:-1"},"canonical":"https:\/\/www.gaveanews.com\/index.php\/2023\/08\/29\/ex-preparador-fisico-do-flamengo-e-pedro-chegam-a-acordo-e-encerram-processo-de-agressao\/","og_locale":"pt_BR","og_type":"article","og_title":"Ex-preparador f\u00edsico do Flamengo e Pedro chegam a acordo e encerram processo de agress\u00e3o","og_description":"A pol\u00eamica envolvendo o epis\u00f3dio de agress\u00e3o de Pablo Fernandez, ex-preparador f\u00edsico do Flamengo, em Pedro no dia 29 de julho, na vit\u00f3ria sobre o Atl\u00e9tico-MG, no Independ\u00eancia, ganhou um cap\u00edtulo final nesta ter\u00e7a-feira. Em audi\u00eancia realizada no Juizado Especial Criminal de Belo Horizonte, Fernandez foi ao tribunal prestar depoimento, enquanto Pedro e sua defesa [&hellip;]","og_url":"https:\/\/www.gaveanews.com\/index.php\/2023\/08\/29\/ex-preparador-fisico-do-flamengo-e-pedro-chegam-a-acordo-e-encerram-processo-de-agressao\/","og_site_name":"G\u00e1vea News","article_publisher":"https:\/\/facebook.com\/gaveaNews\/","article_published_time":"2023-08-29T22:07:02+00:00","article_modified_time":"2023-08-29T22:07:04+00:00","og_image":[{"width":1024,"height":683,"url":"https:\/\/www.gaveanews.com\/wp-content\/uploads\/Pedro-em-acao-pelo-Flamengo.webp","type":"image\/jpeg"}],"author":"Equipe G\u00e1vea News","twitter_card":"summary_large_image","twitter_misc":{"Escrito por":"Equipe G\u00e1vea News","Est. tempo de leitura":"2 minutos"},"schema":{"@context":"https:\/\/schema.org","@graph":[{"@type":"NewsArticle","@id":"https:\/\/www.gaveanews.com\/index.php\/2023\/08\/29\/ex-preparador-fisico-do-flamengo-e-pedro-chegam-a-acordo-e-encerram-processo-de-agressao\/#article","isPartOf":{"@id":"https:\/\/www.gaveanews.com\/index.php\/2023\/08\/29\/ex-preparador-fisico-do-flamengo-e-pedro-chegam-a-acordo-e-encerram-processo-de-agressao\/"},"author":{"name":"Equipe G\u00e1vea News","@id":"https:\/\/www.gaveanews.com\/#\/schema\/person\/2ec14f73fb96be2caf28f91afb14749d"},"headline":"Ex-preparador f\u00edsico do Flamengo e Pedro chegam a acordo e encerram processo de agress\u00e3o","datePublished":"2023-08-29T22:07:02+00:00","dateModified":"2023-08-29T22:07:04+00:00","mainEntityOfPage":{"@id":"https:\/\/www.gaveanews.com\/index.php\/2023\/08\/29\/ex-preparador-fisico-do-flamengo-e-pedro-chegam-a-acordo-e-encerram-processo-de-agressao\/"},"wordCount":303,"commentCount":0,"image":{"@id":"https:\/\/www.gaveanews.com\/index.php\/2023\/08\/29\/ex-preparador-fisico-do-flamengo-e-pedro-chegam-a-acordo-e-encerram-processo-de-agressao\/#primaryimage"},"thumbnailUrl":"https:\/\/www.gaveanews.com\/wp-content\/uploads\/Pedro-em-acao-pelo-Flamengo.webp","articleSection":["Flamengo"],"inLanguage":"pt-BR","potentialAction":[{"@type":"CommentAction","name":"Comment","target":["https:\/\/www.gaveanews.com\/index.php\/2023\/08\/29\/ex-preparador-fisico-do-flamengo-e-pedro-chegam-a-acordo-e-encerram-processo-de-agressao\/#respond"]}],"copyrightYear":"2023","copyrightHolder":{"@id":"https:\/\/www.gaveanews.com\/#organization"}},{"@type":"WebPage","@id":"https:\/\/www.gaveanews.com\/index.php\/2023\/08\/29\/ex-preparador-fisico-do-flamengo-e-pedro-chegam-a-acordo-e-encerram-processo-de-agressao\/","url":"https:\/\/www.gaveanews.com\/index.php\/2023\/08\/29\/ex-preparador-fisico-do-flamengo-e-pedro-chegam-a-acordo-e-encerram-processo-de-agressao\/","name":"Ex-preparador f\u00edsico do Flamengo e Pedro chegam a acordo e encerram processo de agress\u00e3o","isPartOf":{"@id":"https:\/\/www.gaveanews.com\/#website"},"primaryImageOfPage":{"@id":"https:\/\/www.gaveanews.com\/index.php\/2023\/08\/29\/ex-preparador-fisico-do-flamengo-e-pedro-chegam-a-acordo-e-encerram-processo-de-agressao\/#primaryimage"},"image":{"@id":"https:\/\/www.gaveanews.com\/index.php\/2023\/08\/29\/ex-preparador-fisico-do-flamengo-e-pedro-chegam-a-acordo-e-encerram-processo-de-agressao\/#primaryimage"},"thumbnailUrl":"https:\/\/www.gaveanews.com\/wp-content\/uploads\/Pedro-em-acao-pelo-Flamengo.webp","datePublished":"2023-08-29T22:07:02+00:00","dateModified":"2023-08-29T22:07:04+00:00","author":{"@id":"https:\/\/www.gaveanews.com\/#\/schema\/person\/2ec14f73fb96be2caf28f91afb14749d"},"breadcrumb":{"@id":"https:\/\/www.gaveanews.com\/index.php\/2023\/08\/29\/ex-preparador-fisico-do-flamengo-e-pedro-chegam-a-acordo-e-encerram-processo-de-agressao\/#breadcrumb"},"inLanguage":"pt-BR","potentialAction":[{"@type":"ReadAction","target":["https:\/\/www.gaveanews.com\/index.php\/2023\/08\/29\/ex-preparador-fisico-do-flamengo-e-pedro-chegam-a-acordo-e-encerram-processo-de-agressao\/"]}]},{"@type":"ImageObject","inLanguage":"pt-BR","@id":"https:\/\/www.gaveanews.com\/index.php\/2023\/08\/29\/ex-preparador-fisico-do-flamengo-e-pedro-chegam-a-acordo-e-encerram-processo-de-agressao\/#primaryimage","url":"https:\/\/www.gaveanews.com\/wp-content\/uploads\/Pedro-em-acao-pelo-Flamengo.webp","contentUrl":"https:\/\/www.gaveanews.com\/wp-content\/uploads\/Pedro-em-acao-pelo-Flamengo.webp","width":1024,"height":683,"caption":"Pedro em a\u00e7\u00e3o pelo Flamengo (Foto: Gilvan de Souza\/Flamengo)"},{"@type":"BreadcrumbList","@id":"https:\/\/www.gaveanews.com\/index.php\/2023\/08\/29\/ex-preparador-fisico-do-flamengo-e-pedro-chegam-a-acordo-e-encerram-processo-de-agressao\/#breadcrumb","itemListElement":[{"@type":"ListItem","position":1,"name":"Home","item":"https:\/\/www.gaveanews.com\/"},{"@type":"ListItem","position":2,"name":"Ex-preparador f\u00edsico do Flamengo e Pedro chegam a acordo e encerram processo de agress\u00e3o"}]},{"@type":"WebSite","@id":"https:\/\/www.gaveanews.com\/#website","url":"https:\/\/www.gaveanews.com\/","name":"G\u00e1vea News","description":"Veja todas as not\u00edcias sobre o Flamengo: Contrata\u00e7\u00f5es, categorias de base, resultados das partidas, tabela de classifica\u00e7\u00e3o, pr\u00f3ximos jogos!","potentialAction":[{"@type":"SearchAction","target":{"@type":"EntryPoint","urlTemplate":"https:\/\/www.gaveanews.com\/?s={search_term_string}"},"query-input":{"@type":"PropertyValueSpecification","valueRequired":true,"valueName":"search_term_string"}}],"inLanguage":"pt-BR"},{"@type":"Person","@id":"https:\/\/www.gaveanews.com\/#\/schema\/person\/2ec14f73fb96be2caf28f91afb14749d","name":"Equipe G\u00e1vea News","image":{"@type":"ImageObject","inLanguage":"pt-BR","@id":"https:\/\/www.gaveanews.com\/#\/schema\/person\/image\/","url":"https:\/\/secure.gravatar.com\/avatar\/1e1956f1facbffd3f8fa53a326721950116b3b9dc9bd44939c01180fd4a745a9?s=96&d=mm&r=g","contentUrl":"https:\/\/secure.gravatar.com\/avatar\/1e1956f1facbffd3f8fa53a326721950116b3b9dc9bd44939c01180fd4a745a9?s=96&d=mm&r=g","caption":"Equipe G\u00e1vea News"}}]}},"_links":{"self":[{"href":"https:\/\/www.gaveanews.com\/index.php\/wp-json\/wp\/v2\/posts\/105731","targetHints":{"allow":["GET"]}}],"collection":[{"href":"https:\/\/www.gaveanews.com\/index.php\/wp-json\/wp\/v2\/posts"}],"about":[{"href":"https:\/\/www.gaveanews.com\/index.php\/wp-json\/wp\/v2\/types\/post"}],"author":[{"embeddable":true,"href":"https:\/\/www.gaveanews.com\/index.php\/wp-json\/wp\/v2\/users\/1"}],"replies":[{"embeddable":true,"href":"https:\/\/www.gaveanews.com\/index.php\/wp-json\/wp\/v2\/comments?post=105731"}],"version-history":[{"count":0,"href":"https:\/\/www.gaveanews.com\/index.php\/wp-json\/wp\/v2\/posts\/105731\/revisions"}],"wp:featuredmedia":[{"embeddable":true,"href":"https:\/\/www.gaveanews.com\/index.php\/wp-json\/wp\/v2\/media\/80063"}],"wp:attachment":[{"href":"https:\/\/www.gaveanews.com\/index.php\/wp-json\/wp\/v2\/media?parent=105731"}],"wp:term":[{"taxonomy":"category","embeddable":true,"href":"https:\/\/www.gaveanews.com\/index.php\/wp-json\/wp\/v2\/categories?post=105731"},{"taxonomy":"post_tag","embeddable":true,"href":"https:\/\/www.gaveanews.com\/index.php\/wp-json\/wp\/v2\/tags?post=105731"}],"curies":[{"name":"wp","href":"https:\/\/api.w.org\/{rel}","templated":true}]}}