{"id":105754,"date":"2023-08-30T06:15:50","date_gmt":"2023-08-30T09:15:50","guid":{"rendered":"https:\/\/www.gaveanews.com\/?p=105754"},"modified":"2024-04-07T00:04:09","modified_gmt":"2024-04-07T03:04:09","slug":"problemas-do-elenco-com-sampaoli-duelo-entra-gabigol-x-braz-protesto-em-festa-de-aniversario-bastidores-quentes-no-flamengo","status":"publish","type":"post","link":"https:\/\/www.gaveanews.com\/index.php\/2023\/08\/30\/problemas-do-elenco-com-sampaoli-duelo-entra-gabigol-x-braz-protesto-em-festa-de-aniversario-bastidores-quentes-no-flamengo\/","title":{"rendered":"Problemas do elenco com Sampaoli, &#8216;duelo&#8217; entra Gabigol x Braz, protesto em festa de anivers\u00e1rio: bastidores quentes no Flamengo"},"content":{"rendered":"\n<p>Gabigol completa 27 anos nesta quarta-feira (30). A festa de anivers\u00e1rio, que aconteceu na noite anterior e acabou marcada por protesto da torcida na porta do local, foi apenas a ponta do iceberg de todo o momento turbulento do Flamengo e que respinga no camisa 10 dentro e fora das quatro linhas.<\/p>\n\n\n\n<p>\u00cddolo da torcida por tudo que conquistou no clube desde a chegada em 2019, ele n\u00e3o vive uma boa rela\u00e7\u00e3o com a arquibancada. Al\u00e9m de tudo o que rolou na \u00faltima ter\u00e7a-feira (29), ele deixou o jogo contra o Internacional vaiado por parte da torcida.<\/p>\n\n\n\n<p>Dentro das quatro linhas, Gabigol vive o pior momento desde 2019. Apesar de titular absoluto com Jorge Sampaoli, ele n\u00e3o vem correspondendo tecnicamente. S\u00e3o 20 gols marcados no ano at\u00e9 aqui. Pelo Brasileir\u00e3o, foram cinco, sendo quatro de p\u00eanalti. O camisa 10 est\u00e1 longe de ser aquele jogador que caiu nas gra\u00e7as da torcida e se tornou o \u00edcone da gera\u00e7\u00e3o vitoriosa.<\/p>\n\n\n\n<p>Al\u00e9m disso, ele n\u00e3o vive um momento de tranquilidade no Ninho do Urubu. A rela\u00e7\u00e3o com o vice-presidente de futebol, Marcos Braz, n\u00e3o \u00e9 das melhores como em anos anteriores. Tanto \u00e9 que o clima chegou ao limite durante a partida contra o Fortaleza, no dia 1\u00ba de julho. Gabigol machucou o tornozelo e iniciou uma forte discuss\u00e3o com o cartola.<\/p>\n\n\n\n<p>Primeiro que o atleta queria deixar o Maracan\u00e3 revoltado com a les\u00e3o. No entanto, caso tivesse deixado o est\u00e1dio e fosse sorteado para o doping, ele seria considerado culpado. Foi nessa que Braz entrou em a\u00e7\u00e3o para travar a rebeldia do camisa 10. A partir da\u00ed, os dois bateram boca de forma \u00e1spera e quase chegaram \u00e0s vias de fato.<\/p>\n\n\n\n<p>Gabigol esbravejou para cima de Braz e cobrou um gramado de qualidade. De imediato, o dirigente rebateu: &#8216;Quer gramado bom? Vai para a Premier League&#8217;. A resposta revoltou o atacante, que cobrou trabalho de Braz: &#8216;O que voc\u00ea faz aqui?&#8217;. A discuss\u00e3o seguiu de forma \u00e1spera, com o dirigente rebatendo: &#8216;O que voc\u00ea fez na Europa?&#8217;.<\/p>\n\n\n\n<p>A discuss\u00e3o foi bastante feia e rendeu cicatrizes abertas at\u00e9 hoje. Os dois pouco se falam. Braz, inclusive, tem ido ao Ninho do Urubu com bem menos frequ\u00eancia do que em outras \u00e9pocas.<\/p>\n\n\n\n<h2 class=\"wp-block-heading\" id=\"h-comportamento-de-gabigol-na-mira-de-landim\">Comportamento de Gabigol na mira de Landim<\/h2>\n\n\n\n<p>No in\u00edcio do ano, Gabigol passou a utilizar a 10, eternimada por Zico. Recebeu a &#8216;ben\u00e7\u00e3o&#8217; do Galinho para vestir a camisa hist\u00f3rica do clube. Questionado sobre o caso, o presidente Rodolfo Landim deu um &#8216;papo reto&#8217; no atacante.<\/p>\n\n\n\n<p>Em entrevista ao programa \u201cNo Mundo da Bola\u201d, da TV Brasil, o dirigente contou que teve uma conversa s\u00e9ria com Gabi no final da \u00faltima temporada.<\/p>\n\n\n\n<p>&#8216;Eu conversei com o Gabriel. Ele faz essa campanha, sabia da sa\u00edda do Diego. Na hora que passa, ele fala &#8216;presidente, a minha 10. O 10 sou eu&#8217;. Era assim comigo. Um dia encontrei com ele no refeit\u00f3rio e falei.<em> &#8220;A camisa 10 tem um simbolismo maior, por ser a camisa 10 do Zico, vem uma s\u00e9rie de coisas. Exemplo, responsabilidade, uma s\u00e9rie de outro atributos, comportamento, que s\u00e3o importantes para algu\u00e9m que vai vestir a camisa 10 do Flamengo&#8221;<\/em>, come\u00e7ou por afirmar:<\/p>\n\n\n\n<p>&#8221;<em>Voc\u00ea vai ter que demonstrar para mim que est\u00e1 preparado em termos de mudan\u00e7as, posturas que voc\u00ea tem. Acho que voc\u00ea sabe do que estou falando. A expectativa que temos em cima de voc\u00ea<\/em>&#8221;, concluiu.<\/p>\n\n\n\n<h2 class=\"wp-block-heading\" id=\"h-sampaoli-e-o-racha-entre-dirigentes\">Sampaoli e o racha entre dirigentes<\/h2>\n\n\n\n<p>Ap\u00f3s o sorteio dos mandos da final da Copa do Brasil, na \u00faltima segunda-feira (28), o vice-presidente de futebol do Flamengo, Marcos Braz, deixou a sede da confedera\u00e7\u00e3o brasileira com Sampaoli para uma conversa reservada sobre o futuro do time. A dupla foi almo\u00e7ar em um ala reservada de um restaurante em um shopping pr\u00f3ximo \u00e0 CBF, na zona oeste do Rio de Janeiro.<\/p>\n\n\n\n<p>As partes envolvidas garantem que o encontro n\u00e3o tem car\u00e1ter decisivo sobre a perman\u00eancia do treinador, entendendo ainda a reuni\u00e3o como parte normal do planejamento para as pr\u00f3ximas semanas. As aus\u00eancias frequentes do vereador e vice-presidente no ambiente do CT Ninho do Urubu acabam motivando encontros fora do ambiente de treinamento.<\/p>\n\n\n\n<p>No entanto, a perman\u00eancia de Sampaoli ainda \u00e9 uma inc\u00f3gnita. Parte da diretoria rubro-negra defende a demiss\u00e3o do treinador argentino antes dos jogos marcados para os dias 17 e dia 24 de setembro, enquanto Landim \u00e9 quem segura o comandante.<\/p>\n\n\n\n<p>Como sempre faz em momentos de crise, o presidente foi ao CT para conversar com os jogadores, com o departamento de futebol e para demonstrar apoio durante momento delicado.<\/p>\n\n\n\n<p>Desta vez, a sua presen\u00e7a \u00e9 ainda mais direcionada ao t\u00e9cnico Sampaoli. Maior entusiasta da contrata\u00e7\u00e3o do argentino e defensor da perman\u00eancia no cargo, Landim voltou a afirmar a todos no clube que confia no t\u00e9cnico. Apesar de isolado neste tema, o presidente n\u00e3o cede e quer o treinador at\u00e9 a final da Copa do Brasil.<\/p>\n\n\n\n<h2 class=\"wp-block-heading\" id=\"h-sampaoli-e-a-falta-de-respeito-com-nomes-importantes\">Sampaoli e a &#8216;falta de respeito&#8217; com nomes importantes<\/h2>\n\n\n\n<p>Sampaoli tem como caracter\u00edstica falar pouco com os atletas sobre suas decis\u00f5es. E um nome multicampe\u00e3o pelo clube acabou sendo deixado de lado no Ninho: Rodrigo Caio.<\/p>\n\n\n\n<p>Um dos l\u00edderes do elenco e bastante querido no CT, o jogador atuou apenas duas vezes com Sampaoli e por pouqu\u00edssimos minutos das partidas. E at\u00e9 hoje n\u00e3o ouviu uma explica\u00e7\u00e3o do comandante para n\u00e3o ser utilizado.<\/p>\n\n\n\n<p>Sem entrar em campo, Rodrigo Caio continua demonstrando o profissionalismo nos treinos em busca de espa\u00e7o. Mas, a cada jogo em que n\u00e3o atua, \u00e9 visto com cara de poucos amigos, j\u00e1 que nunca \u00e9 acionado pelo comandante, que tem Pablo como reserva imediato para o trio L\u00e9o Pereira, Fabr\u00edcio Bruno e David Luiz.<\/p>\n\n\n\n<p>Com v\u00ednculo at\u00e9 o fim ano, Rodrigo Caio n\u00e3o deve renovar com o Flamengo. A diretoria n\u00e3o procurou o atleta, que vem sofrendo com les\u00f5es nos \u00faltimos e tem um alto sal\u00e1rio. A tend\u00eancia \u00e9 que deixe o clube.<\/p>\n\n\n\n<p>O perfil de poucas palavras de Sampaoli se estende a todo o elenco. O clima \u00e9 pesado desde o caso Pedro e h\u00e1 pouca esperan\u00e7a de mudan\u00e7a. O argentino foi contratado em meio a um questionamento em cima do elenco sobre uma &#8216;falta de fome&#8217; na temporada, marcada por fracassos desde o in\u00edcio do ano.<\/p>\n\n\n\n<p>Nos \u00faltimos jogos, a postura pouco vibrante chamou aten\u00e7\u00e3o. Com exce\u00e7\u00e3o de Landim, a diretoria entende que o momento \u00e9 de mudan\u00e7a para dar uma &#8216;chacoalhada&#8217; a tempo de o Flamengo reagir para a final da Copa do Brasil.<\/p>\n\n\n\n<p>Sampaoli, apesar do jeito agitado na beira do campo, n\u00e3o conseguiu despertar uma postura mais vibrante do elenco. A gest\u00e3o do elenco feita &#8211; ou n\u00e3o feita &#8211; pelo treinador \u00e9 algo que n\u00e3o agrada dentro do Ninho.<\/p>\n\n\n\n<h2 class=\"wp-block-heading\" id=\"h-final-contra-o-botafogo\">&#8216;Final&#8217; contra o Botafogo<\/h2>\n\n\n\n<p>O duelo contra o Botafogo no s\u00e1bado (2) \u00e9 de fato uma decis\u00e3o para o Flamengo. Seja para aumentar as remotas chances de t\u00edtulo no Brasileir\u00e3o, ao diminuir a vantagem para o l\u00edder, ou para Sampaoli ganhar um respiro at\u00e9 a final da Copa do Brasil, que acontecer\u00e1 nos dias 17 e 24 do pr\u00f3ximo m\u00eas. Em caso de derrota, \u00e9 prov\u00e1vel que Sampaoli sofra consequ\u00eancia de mais um resultado ruim.<\/p>\n\n\n\n<p>Retirado de: ESPN<\/p>\n","protected":false},"excerpt":{"rendered":"<p>Gabigol completa 27 anos nesta quarta-feira (30). A festa de anivers\u00e1rio, que aconteceu na noite anterior e acabou marcada por protesto da torcida na porta do local, foi apenas a ponta do iceberg de todo o momento turbulento do Flamengo e que respinga no camisa 10 dentro e fora das quatro linhas. \u00cddolo da torcida [&hellip;]<\/p>\n","protected":false},"author":6,"featured_media":104717,"comment_status":"open","ping_status":"closed","sticky":false,"template":"","format":"standard","meta":{"footnotes":""},"categories":[1],"tags":[173],"class_list":["post-105754","post","type-post","status-publish","format-standard","has-post-thumbnail","hentry","category-flamengo","tag-marcos-braz"],"yoast_head":"<!-- This site is optimized with the Yoast SEO Premium plugin v24.2 (Yoast SEO v26.9) - https:\/\/yoast.com\/product\/yoast-seo-premium-wordpress\/ -->\n<title>Problemas do elenco com Sampaoli, &#039;duelo&#039; entra Gabigol x Braz, protesto em festa de anivers\u00e1rio: bastidores quentes no Flamengo<\/title>\n<meta name=\"robots\" content=\"index, follow, max-snippet:-1, max-image-preview:large, max-video-preview:-1\" \/>\n<link rel=\"canonical\" href=\"https:\/\/www.gaveanews.com\/index.php\/2023\/08\/30\/problemas-do-elenco-com-sampaoli-duelo-entra-gabigol-x-braz-protesto-em-festa-de-aniversario-bastidores-quentes-no-flamengo\/\" \/>\n<meta property=\"og:locale\" content=\"pt_BR\" \/>\n<meta property=\"og:type\" content=\"article\" \/>\n<meta property=\"og:title\" content=\"Problemas do elenco com Sampaoli, &#039;duelo&#039; entra Gabigol x Braz, protesto em festa de anivers\u00e1rio: bastidores quentes no Flamengo\" \/>\n<meta property=\"og:description\" content=\"Gabigol completa 27 anos nesta quarta-feira (30). A festa de anivers\u00e1rio, que aconteceu na noite anterior e acabou marcada por protesto da torcida na porta do local, foi apenas a ponta do iceberg de todo o momento turbulento do Flamengo e que respinga no camisa 10 dentro e fora das quatro linhas. \u00cddolo da torcida [&hellip;]\" \/>\n<meta property=\"og:url\" content=\"https:\/\/www.gaveanews.com\/index.php\/2023\/08\/30\/problemas-do-elenco-com-sampaoli-duelo-entra-gabigol-x-braz-protesto-em-festa-de-aniversario-bastidores-quentes-no-flamengo\/\" \/>\n<meta property=\"og:site_name\" content=\"G\u00e1vea News\" \/>\n<meta property=\"article:publisher\" content=\"https:\/\/facebook.com\/gaveaNews\/\" \/>\n<meta property=\"article:published_time\" content=\"2023-08-30T09:15:50+00:00\" \/>\n<meta property=\"article:modified_time\" content=\"2024-04-07T03:04:09+00:00\" \/>\n<meta property=\"og:image\" content=\"https:\/\/www.gaveanews.com\/wp-content\/uploads\/102763752-esp-rio-de-janeiro-rj-19-04-2023-copa-libertadores-da-america-jogo-entre-flamengo.webp\" \/>\n\t<meta property=\"og:image:width\" content=\"924\" \/>\n\t<meta property=\"og:image:height\" content=\"1222\" \/>\n\t<meta property=\"og:image:type\" content=\"image\/webp\" \/>\n<meta name=\"author\" content=\"Leonardo Ant\u00f4nio\" \/>\n<meta name=\"twitter:card\" content=\"summary_large_image\" \/>\n<meta name=\"twitter:label1\" content=\"Escrito por\" \/>\n\t<meta name=\"twitter:data1\" content=\"Leonardo Ant\u00f4nio\" \/>\n\t<meta name=\"twitter:label2\" content=\"Est. tempo de leitura\" \/>\n\t<meta name=\"twitter:data2\" content=\"7 minutos\" \/>\n<script type=\"application\/ld+json\" class=\"yoast-schema-graph\">{\"@context\":\"https:\/\/schema.org\",\"@graph\":[{\"@type\":\"NewsArticle\",\"@id\":\"https:\/\/www.gaveanews.com\/index.php\/2023\/08\/30\/problemas-do-elenco-com-sampaoli-duelo-entra-gabigol-x-braz-protesto-em-festa-de-aniversario-bastidores-quentes-no-flamengo\/#article\",\"isPartOf\":{\"@id\":\"https:\/\/www.gaveanews.com\/index.php\/2023\/08\/30\/problemas-do-elenco-com-sampaoli-duelo-entra-gabigol-x-braz-protesto-em-festa-de-aniversario-bastidores-quentes-no-flamengo\/\"},\"author\":{\"name\":\"Leonardo Ant\u00f4nio\",\"@id\":\"https:\/\/www.gaveanews.com\/#\/schema\/person\/2d29802e96a726e735077717fb5c6f20\"},\"headline\":\"Problemas do elenco com Sampaoli, &#8216;duelo&#8217; entra Gabigol x Braz, protesto em festa de anivers\u00e1rio: bastidores quentes no Flamengo\",\"datePublished\":\"2023-08-30T09:15:50+00:00\",\"dateModified\":\"2024-04-07T03:04:09+00:00\",\"mainEntityOfPage\":{\"@id\":\"https:\/\/www.gaveanews.com\/index.php\/2023\/08\/30\/problemas-do-elenco-com-sampaoli-duelo-entra-gabigol-x-braz-protesto-em-festa-de-aniversario-bastidores-quentes-no-flamengo\/\"},\"wordCount\":1255,\"commentCount\":0,\"image\":{\"@id\":\"https:\/\/www.gaveanews.com\/index.php\/2023\/08\/30\/problemas-do-elenco-com-sampaoli-duelo-entra-gabigol-x-braz-protesto-em-festa-de-aniversario-bastidores-quentes-no-flamengo\/#primaryimage\"},\"thumbnailUrl\":\"https:\/\/www.gaveanews.com\/wp-content\/uploads\/102763752-esp-rio-de-janeiro-rj-19-04-2023-copa-libertadores-da-america-jogo-entre-flamengo.webp\",\"keywords\":[\"Marcos Braz\"],\"articleSection\":[\"Flamengo\"],\"inLanguage\":\"pt-BR\",\"potentialAction\":[{\"@type\":\"CommentAction\",\"name\":\"Comment\",\"target\":[\"https:\/\/www.gaveanews.com\/index.php\/2023\/08\/30\/problemas-do-elenco-com-sampaoli-duelo-entra-gabigol-x-braz-protesto-em-festa-de-aniversario-bastidores-quentes-no-flamengo\/#respond\"]}],\"copyrightYear\":\"2023\",\"copyrightHolder\":{\"@id\":\"https:\/\/www.gaveanews.com\/#organization\"}},{\"@type\":\"WebPage\",\"@id\":\"https:\/\/www.gaveanews.com\/index.php\/2023\/08\/30\/problemas-do-elenco-com-sampaoli-duelo-entra-gabigol-x-braz-protesto-em-festa-de-aniversario-bastidores-quentes-no-flamengo\/\",\"url\":\"https:\/\/www.gaveanews.com\/index.php\/2023\/08\/30\/problemas-do-elenco-com-sampaoli-duelo-entra-gabigol-x-braz-protesto-em-festa-de-aniversario-bastidores-quentes-no-flamengo\/\",\"name\":\"Problemas do elenco com Sampaoli, 'duelo' entra Gabigol x Braz, protesto em festa de anivers\u00e1rio: bastidores quentes no Flamengo\",\"isPartOf\":{\"@id\":\"https:\/\/www.gaveanews.com\/#website\"},\"primaryImageOfPage\":{\"@id\":\"https:\/\/www.gaveanews.com\/index.php\/2023\/08\/30\/problemas-do-elenco-com-sampaoli-duelo-entra-gabigol-x-braz-protesto-em-festa-de-aniversario-bastidores-quentes-no-flamengo\/#primaryimage\"},\"image\":{\"@id\":\"https:\/\/www.gaveanews.com\/index.php\/2023\/08\/30\/problemas-do-elenco-com-sampaoli-duelo-entra-gabigol-x-braz-protesto-em-festa-de-aniversario-bastidores-quentes-no-flamengo\/#primaryimage\"},\"thumbnailUrl\":\"https:\/\/www.gaveanews.com\/wp-content\/uploads\/102763752-esp-rio-de-janeiro-rj-19-04-2023-copa-libertadores-da-america-jogo-entre-flamengo.webp\",\"datePublished\":\"2023-08-30T09:15:50+00:00\",\"dateModified\":\"2024-04-07T03:04:09+00:00\",\"author\":{\"@id\":\"https:\/\/www.gaveanews.com\/#\/schema\/person\/2d29802e96a726e735077717fb5c6f20\"},\"breadcrumb\":{\"@id\":\"https:\/\/www.gaveanews.com\/index.php\/2023\/08\/30\/problemas-do-elenco-com-sampaoli-duelo-entra-gabigol-x-braz-protesto-em-festa-de-aniversario-bastidores-quentes-no-flamengo\/#breadcrumb\"},\"inLanguage\":\"pt-BR\",\"potentialAction\":[{\"@type\":\"ReadAction\",\"target\":[\"https:\/\/www.gaveanews.com\/index.php\/2023\/08\/30\/problemas-do-elenco-com-sampaoli-duelo-entra-gabigol-x-braz-protesto-em-festa-de-aniversario-bastidores-quentes-no-flamengo\/\"]}]},{\"@type\":\"ImageObject\",\"inLanguage\":\"pt-BR\",\"@id\":\"https:\/\/www.gaveanews.com\/index.php\/2023\/08\/30\/problemas-do-elenco-com-sampaoli-duelo-entra-gabigol-x-braz-protesto-em-festa-de-aniversario-bastidores-quentes-no-flamengo\/#primaryimage\",\"url\":\"https:\/\/www.gaveanews.com\/wp-content\/uploads\/102763752-esp-rio-de-janeiro-rj-19-04-2023-copa-libertadores-da-america-jogo-entre-flamengo.webp\",\"contentUrl\":\"https:\/\/www.gaveanews.com\/wp-content\/uploads\/102763752-esp-rio-de-janeiro-rj-19-04-2023-copa-libertadores-da-america-jogo-entre-flamengo.webp\",\"width\":924,\"height\":1222,\"caption\":\"Pedro com Sampaoli ao fundo - Foto: Alexandre Cassiano\"},{\"@type\":\"BreadcrumbList\",\"@id\":\"https:\/\/www.gaveanews.com\/index.php\/2023\/08\/30\/problemas-do-elenco-com-sampaoli-duelo-entra-gabigol-x-braz-protesto-em-festa-de-aniversario-bastidores-quentes-no-flamengo\/#breadcrumb\",\"itemListElement\":[{\"@type\":\"ListItem\",\"position\":1,\"name\":\"Home\",\"item\":\"https:\/\/www.gaveanews.com\/\"},{\"@type\":\"ListItem\",\"position\":2,\"name\":\"Problemas do elenco com Sampaoli, &#8216;duelo&#8217; entra Gabigol x Braz, protesto em festa de anivers\u00e1rio: bastidores quentes no Flamengo\"}]},{\"@type\":\"WebSite\",\"@id\":\"https:\/\/www.gaveanews.com\/#website\",\"url\":\"https:\/\/www.gaveanews.com\/\",\"name\":\"G\u00e1vea News\",\"description\":\"Veja todas as not\u00edcias sobre o Flamengo: Contrata\u00e7\u00f5es, categorias de base, resultados das partidas, tabela de classifica\u00e7\u00e3o, pr\u00f3ximos jogos!\",\"potentialAction\":[{\"@type\":\"SearchAction\",\"target\":{\"@type\":\"EntryPoint\",\"urlTemplate\":\"https:\/\/www.gaveanews.com\/?s={search_term_string}\"},\"query-input\":{\"@type\":\"PropertyValueSpecification\",\"valueRequired\":true,\"valueName\":\"search_term_string\"}}],\"inLanguage\":\"pt-BR\"},{\"@type\":\"Person\",\"@id\":\"https:\/\/www.gaveanews.com\/#\/schema\/person\/2d29802e96a726e735077717fb5c6f20\",\"name\":\"Leonardo Ant\u00f4nio\",\"image\":{\"@type\":\"ImageObject\",\"inLanguage\":\"pt-BR\",\"@id\":\"https:\/\/www.gaveanews.com\/#\/schema\/person\/image\/\",\"url\":\"https:\/\/secure.gravatar.com\/avatar\/b9ffc9ff64af5c915e7cb1824991ab1b4aa29b902a6a9a83be9d1c8ba449fce8?s=96&d=mm&r=g\",\"contentUrl\":\"https:\/\/secure.gravatar.com\/avatar\/b9ffc9ff64af5c915e7cb1824991ab1b4aa29b902a6a9a83be9d1c8ba449fce8?s=96&d=mm&r=g\",\"caption\":\"Leonardo Ant\u00f4nio\"}}]}<\/script>\n<!-- \/ Yoast SEO Premium plugin. -->","yoast_head_json":{"title":"Problemas do elenco com Sampaoli, 'duelo' entra Gabigol x Braz, protesto em festa de anivers\u00e1rio: bastidores quentes no Flamengo","robots":{"index":"index","follow":"follow","max-snippet":"max-snippet:-1","max-image-preview":"max-image-preview:large","max-video-preview":"max-video-preview:-1"},"canonical":"https:\/\/www.gaveanews.com\/index.php\/2023\/08\/30\/problemas-do-elenco-com-sampaoli-duelo-entra-gabigol-x-braz-protesto-em-festa-de-aniversario-bastidores-quentes-no-flamengo\/","og_locale":"pt_BR","og_type":"article","og_title":"Problemas do elenco com Sampaoli, 'duelo' entra Gabigol x Braz, protesto em festa de anivers\u00e1rio: bastidores quentes no Flamengo","og_description":"Gabigol completa 27 anos nesta quarta-feira (30). A festa de anivers\u00e1rio, que aconteceu na noite anterior e acabou marcada por protesto da torcida na porta do local, foi apenas a ponta do iceberg de todo o momento turbulento do Flamengo e que respinga no camisa 10 dentro e fora das quatro linhas. \u00cddolo da torcida [&hellip;]","og_url":"https:\/\/www.gaveanews.com\/index.php\/2023\/08\/30\/problemas-do-elenco-com-sampaoli-duelo-entra-gabigol-x-braz-protesto-em-festa-de-aniversario-bastidores-quentes-no-flamengo\/","og_site_name":"G\u00e1vea News","article_publisher":"https:\/\/facebook.com\/gaveaNews\/","article_published_time":"2023-08-30T09:15:50+00:00","article_modified_time":"2024-04-07T03:04:09+00:00","og_image":[{"width":924,"height":1222,"url":"https:\/\/www.gaveanews.com\/wp-content\/uploads\/102763752-esp-rio-de-janeiro-rj-19-04-2023-copa-libertadores-da-america-jogo-entre-flamengo.webp","type":"image\/webp"}],"author":"Leonardo Ant\u00f4nio","twitter_card":"summary_large_image","twitter_misc":{"Escrito por":"Leonardo Ant\u00f4nio","Est. tempo de leitura":"7 minutos"},"schema":{"@context":"https:\/\/schema.org","@graph":[{"@type":"NewsArticle","@id":"https:\/\/www.gaveanews.com\/index.php\/2023\/08\/30\/problemas-do-elenco-com-sampaoli-duelo-entra-gabigol-x-braz-protesto-em-festa-de-aniversario-bastidores-quentes-no-flamengo\/#article","isPartOf":{"@id":"https:\/\/www.gaveanews.com\/index.php\/2023\/08\/30\/problemas-do-elenco-com-sampaoli-duelo-entra-gabigol-x-braz-protesto-em-festa-de-aniversario-bastidores-quentes-no-flamengo\/"},"author":{"name":"Leonardo Ant\u00f4nio","@id":"https:\/\/www.gaveanews.com\/#\/schema\/person\/2d29802e96a726e735077717fb5c6f20"},"headline":"Problemas do elenco com Sampaoli, &#8216;duelo&#8217; entra Gabigol x Braz, protesto em festa de anivers\u00e1rio: bastidores quentes no Flamengo","datePublished":"2023-08-30T09:15:50+00:00","dateModified":"2024-04-07T03:04:09+00:00","mainEntityOfPage":{"@id":"https:\/\/www.gaveanews.com\/index.php\/2023\/08\/30\/problemas-do-elenco-com-sampaoli-duelo-entra-gabigol-x-braz-protesto-em-festa-de-aniversario-bastidores-quentes-no-flamengo\/"},"wordCount":1255,"commentCount":0,"image":{"@id":"https:\/\/www.gaveanews.com\/index.php\/2023\/08\/30\/problemas-do-elenco-com-sampaoli-duelo-entra-gabigol-x-braz-protesto-em-festa-de-aniversario-bastidores-quentes-no-flamengo\/#primaryimage"},"thumbnailUrl":"https:\/\/www.gaveanews.com\/wp-content\/uploads\/102763752-esp-rio-de-janeiro-rj-19-04-2023-copa-libertadores-da-america-jogo-entre-flamengo.webp","keywords":["Marcos Braz"],"articleSection":["Flamengo"],"inLanguage":"pt-BR","potentialAction":[{"@type":"CommentAction","name":"Comment","target":["https:\/\/www.gaveanews.com\/index.php\/2023\/08\/30\/problemas-do-elenco-com-sampaoli-duelo-entra-gabigol-x-braz-protesto-em-festa-de-aniversario-bastidores-quentes-no-flamengo\/#respond"]}],"copyrightYear":"2023","copyrightHolder":{"@id":"https:\/\/www.gaveanews.com\/#organization"}},{"@type":"WebPage","@id":"https:\/\/www.gaveanews.com\/index.php\/2023\/08\/30\/problemas-do-elenco-com-sampaoli-duelo-entra-gabigol-x-braz-protesto-em-festa-de-aniversario-bastidores-quentes-no-flamengo\/","url":"https:\/\/www.gaveanews.com\/index.php\/2023\/08\/30\/problemas-do-elenco-com-sampaoli-duelo-entra-gabigol-x-braz-protesto-em-festa-de-aniversario-bastidores-quentes-no-flamengo\/","name":"Problemas do elenco com Sampaoli, 'duelo' entra Gabigol x Braz, protesto em festa de anivers\u00e1rio: bastidores quentes no Flamengo","isPartOf":{"@id":"https:\/\/www.gaveanews.com\/#website"},"primaryImageOfPage":{"@id":"https:\/\/www.gaveanews.com\/index.php\/2023\/08\/30\/problemas-do-elenco-com-sampaoli-duelo-entra-gabigol-x-braz-protesto-em-festa-de-aniversario-bastidores-quentes-no-flamengo\/#primaryimage"},"image":{"@id":"https:\/\/www.gaveanews.com\/index.php\/2023\/08\/30\/problemas-do-elenco-com-sampaoli-duelo-entra-gabigol-x-braz-protesto-em-festa-de-aniversario-bastidores-quentes-no-flamengo\/#primaryimage"},"thumbnailUrl":"https:\/\/www.gaveanews.com\/wp-content\/uploads\/102763752-esp-rio-de-janeiro-rj-19-04-2023-copa-libertadores-da-america-jogo-entre-flamengo.webp","datePublished":"2023-08-30T09:15:50+00:00","dateModified":"2024-04-07T03:04:09+00:00","author":{"@id":"https:\/\/www.gaveanews.com\/#\/schema\/person\/2d29802e96a726e735077717fb5c6f20"},"breadcrumb":{"@id":"https:\/\/www.gaveanews.com\/index.php\/2023\/08\/30\/problemas-do-elenco-com-sampaoli-duelo-entra-gabigol-x-braz-protesto-em-festa-de-aniversario-bastidores-quentes-no-flamengo\/#breadcrumb"},"inLanguage":"pt-BR","potentialAction":[{"@type":"ReadAction","target":["https:\/\/www.gaveanews.com\/index.php\/2023\/08\/30\/problemas-do-elenco-com-sampaoli-duelo-entra-gabigol-x-braz-protesto-em-festa-de-aniversario-bastidores-quentes-no-flamengo\/"]}]},{"@type":"ImageObject","inLanguage":"pt-BR","@id":"https:\/\/www.gaveanews.com\/index.php\/2023\/08\/30\/problemas-do-elenco-com-sampaoli-duelo-entra-gabigol-x-braz-protesto-em-festa-de-aniversario-bastidores-quentes-no-flamengo\/#primaryimage","url":"https:\/\/www.gaveanews.com\/wp-content\/uploads\/102763752-esp-rio-de-janeiro-rj-19-04-2023-copa-libertadores-da-america-jogo-entre-flamengo.webp","contentUrl":"https:\/\/www.gaveanews.com\/wp-content\/uploads\/102763752-esp-rio-de-janeiro-rj-19-04-2023-copa-libertadores-da-america-jogo-entre-flamengo.webp","width":924,"height":1222,"caption":"Pedro com Sampaoli ao fundo - Foto: Alexandre Cassiano"},{"@type":"BreadcrumbList","@id":"https:\/\/www.gaveanews.com\/index.php\/2023\/08\/30\/problemas-do-elenco-com-sampaoli-duelo-entra-gabigol-x-braz-protesto-em-festa-de-aniversario-bastidores-quentes-no-flamengo\/#breadcrumb","itemListElement":[{"@type":"ListItem","position":1,"name":"Home","item":"https:\/\/www.gaveanews.com\/"},{"@type":"ListItem","position":2,"name":"Problemas do elenco com Sampaoli, &#8216;duelo&#8217; entra Gabigol x Braz, protesto em festa de anivers\u00e1rio: bastidores quentes no Flamengo"}]},{"@type":"WebSite","@id":"https:\/\/www.gaveanews.com\/#website","url":"https:\/\/www.gaveanews.com\/","name":"G\u00e1vea News","description":"Veja todas as not\u00edcias sobre o Flamengo: Contrata\u00e7\u00f5es, categorias de base, resultados das partidas, tabela de classifica\u00e7\u00e3o, pr\u00f3ximos jogos!","potentialAction":[{"@type":"SearchAction","target":{"@type":"EntryPoint","urlTemplate":"https:\/\/www.gaveanews.com\/?s={search_term_string}"},"query-input":{"@type":"PropertyValueSpecification","valueRequired":true,"valueName":"search_term_string"}}],"inLanguage":"pt-BR"},{"@type":"Person","@id":"https:\/\/www.gaveanews.com\/#\/schema\/person\/2d29802e96a726e735077717fb5c6f20","name":"Leonardo Ant\u00f4nio","image":{"@type":"ImageObject","inLanguage":"pt-BR","@id":"https:\/\/www.gaveanews.com\/#\/schema\/person\/image\/","url":"https:\/\/secure.gravatar.com\/avatar\/b9ffc9ff64af5c915e7cb1824991ab1b4aa29b902a6a9a83be9d1c8ba449fce8?s=96&d=mm&r=g","contentUrl":"https:\/\/secure.gravatar.com\/avatar\/b9ffc9ff64af5c915e7cb1824991ab1b4aa29b902a6a9a83be9d1c8ba449fce8?s=96&d=mm&r=g","caption":"Leonardo Ant\u00f4nio"}}]}},"_links":{"self":[{"href":"https:\/\/www.gaveanews.com\/index.php\/wp-json\/wp\/v2\/posts\/105754","targetHints":{"allow":["GET"]}}],"collection":[{"href":"https:\/\/www.gaveanews.com\/index.php\/wp-json\/wp\/v2\/posts"}],"about":[{"href":"https:\/\/www.gaveanews.com\/index.php\/wp-json\/wp\/v2\/types\/post"}],"author":[{"embeddable":true,"href":"https:\/\/www.gaveanews.com\/index.php\/wp-json\/wp\/v2\/users\/6"}],"replies":[{"embeddable":true,"href":"https:\/\/www.gaveanews.com\/index.php\/wp-json\/wp\/v2\/comments?post=105754"}],"version-history":[{"count":1,"href":"https:\/\/www.gaveanews.com\/index.php\/wp-json\/wp\/v2\/posts\/105754\/revisions"}],"predecessor-version":[{"id":135556,"href":"https:\/\/www.gaveanews.com\/index.php\/wp-json\/wp\/v2\/posts\/105754\/revisions\/135556"}],"wp:featuredmedia":[{"embeddable":true,"href":"https:\/\/www.gaveanews.com\/index.php\/wp-json\/wp\/v2\/media\/104717"}],"wp:attachment":[{"href":"https:\/\/www.gaveanews.com\/index.php\/wp-json\/wp\/v2\/media?parent=105754"}],"wp:term":[{"taxonomy":"category","embeddable":true,"href":"https:\/\/www.gaveanews.com\/index.php\/wp-json\/wp\/v2\/categories?post=105754"},{"taxonomy":"post_tag","embeddable":true,"href":"https:\/\/www.gaveanews.com\/index.php\/wp-json\/wp\/v2\/tags?post=105754"}],"curies":[{"name":"wp","href":"https:\/\/api.w.org\/{rel}","templated":true}]}}