{"id":105756,"date":"2023-08-30T06:40:48","date_gmt":"2023-08-30T09:40:48","guid":{"rendered":"https:\/\/www.gaveanews.com\/?p=105756"},"modified":"2023-08-30T06:40:50","modified_gmt":"2023-08-30T09:40:50","slug":"conmebol-define-mudancas-para-a-copa-libertadores-de-2024","status":"publish","type":"post","link":"https:\/\/www.gaveanews.com\/index.php\/2023\/08\/30\/conmebol-define-mudancas-para-a-copa-libertadores-de-2024\/","title":{"rendered":"Conmebol define mudan\u00e7as para a Copa Libertadores de 2024"},"content":{"rendered":"\n<p>O calend\u00e1rio de jogos da Libertadores de 2024 ter\u00e1 de ser modificado por causa da realiza\u00e7\u00e3o da Copa Am\u00e9rica dos EUA. Na pr\u00e1tica, a Conmebol ter\u00e1 de cortar no meio a competi\u00e7\u00e3o de clubes, que passar\u00e1 a ter uma final mais tarde. Assim, coincidir\u00e1 com as derradeiras rodadas do Brasileiro.<\/p>\n\n\n\n<p>A Copa Am\u00e9rica ocorrer\u00e1 de 20 de junho a 14 julho, per\u00edodo em que n\u00e3o haver\u00e1 competi\u00e7\u00f5es de clubes da Am\u00e9rica do Sul. A Conmebol j\u00e1 fez o calend\u00e1rio de jogos em torno dessa competi\u00e7\u00e3o.<\/p>\n\n\n\n<p>A Libertadores ter\u00e1 suas tr\u00eas fases pr\u00e9vias em fevereiro e mar\u00e7o, como ocorreu em 2023. Mas a fase de grupos de 2024 ficar\u00e1 concentrada com seis jogos do in\u00edcio de abril at\u00e9 o final de maio. Ou seja, quase todo meio de semana ter\u00e1 partida da competi\u00e7\u00e3o, e da Sul-Americana.<\/p>\n\n\n\n<p>Na temporada de 2023, essa fase se estendeu por tr\u00eas meses, de abril a junho.<\/p>\n\n\n\n<p>Depois da Copa Am\u00e9rica, haver\u00e1 um sorteio do mata-mata da Libertadores no final de julho. Em agosto, iniciam-se as oitavas de final da competi\u00e7\u00e3o. Em setembro, ser\u00e3o as quartas-de-final. Em outubro, ocorrer\u00e3o as semifinais.<\/p>\n\n\n\n<p>A final da Libertadores de 2024 est\u00e1 marcada para 30 de novembro. Em compara\u00e7\u00e3o, na atual temporada, a decis\u00e3o do Maracan\u00e3 ser\u00e1 em 4 de novembro. A decis\u00e3o da Sul-Americana, em 2024, ser\u00e1 uma semana antes, provavelmente em 23 de novembro.<\/p>\n\n\n\n<p>Assim, a Conmebol repete o que fez nos anos de 2019 e 2021 quando tamb\u00e9m houve Copas Am\u00e9ricas, ambas realizadas no Brasil. Nesses dois anos, a final \u00fanica da Libertadores ocorreu nos derradeiros dias de novembro.<\/p>\n\n\n\n<p>Lembremos que o Flamengo foi campe\u00e3o da Libertadores em 2019 e ganhou o Brasileiro no dia seguinte, com uma derrota do Palmeiras para o Gr\u00eamio. Assim, a decis\u00e3o do torneio continental voltar\u00e1 a coincidir com a defini\u00e7\u00e3o da S\u00e9rie A.<\/p>\n\n\n\n<p>N\u00e3o foi iniciado o processo para escolha do local da final da Libertadores 2024. Mas a Argentina \u00e9 forte op\u00e7\u00e3o se apresentar uma candidatura. Em cinco anos, n\u00e3o houve final na Argentina que \u00e9 o segundo maior pa\u00eds da regi\u00e3o.<\/p>\n\n\n\n<p>Retirado de: UOL<\/p>\n","protected":false},"excerpt":{"rendered":"<p>O calend\u00e1rio de jogos da Libertadores de 2024 ter\u00e1 de ser modificado por causa da realiza\u00e7\u00e3o da Copa Am\u00e9rica dos EUA. Na pr\u00e1tica, a Conmebol ter\u00e1 de cortar no meio a competi\u00e7\u00e3o de clubes, que passar\u00e1 a ter uma final mais tarde. Assim, coincidir\u00e1 com as derradeiras rodadas do Brasileiro. A Copa Am\u00e9rica ocorrer\u00e1 de [&hellip;]<\/p>\n","protected":false},"author":6,"featured_media":90054,"comment_status":"open","ping_status":"closed","sticky":false,"template":"","format":"standard","meta":{"footnotes":""},"categories":[1],"tags":[],"class_list":["post-105756","post","type-post","status-publish","format-standard","has-post-thumbnail","hentry","category-flamengo"],"yoast_head":"<!-- This site is optimized with the Yoast SEO Premium plugin v24.2 (Yoast SEO v26.9) - https:\/\/yoast.com\/product\/yoast-seo-premium-wordpress\/ -->\n<title>Conmebol define mudan\u00e7as para a Copa Libertadores de 2024<\/title>\n<meta name=\"robots\" content=\"index, follow, max-snippet:-1, max-image-preview:large, max-video-preview:-1\" \/>\n<link rel=\"canonical\" href=\"https:\/\/www.gaveanews.com\/index.php\/2023\/08\/30\/conmebol-define-mudancas-para-a-copa-libertadores-de-2024\/\" \/>\n<meta property=\"og:locale\" content=\"pt_BR\" \/>\n<meta property=\"og:type\" content=\"article\" \/>\n<meta property=\"og:title\" content=\"Conmebol define mudan\u00e7as para a Copa Libertadores de 2024\" \/>\n<meta property=\"og:description\" content=\"O calend\u00e1rio de jogos da Libertadores de 2024 ter\u00e1 de ser modificado por causa da realiza\u00e7\u00e3o da Copa Am\u00e9rica dos EUA. Na pr\u00e1tica, a Conmebol ter\u00e1 de cortar no meio a competi\u00e7\u00e3o de clubes, que passar\u00e1 a ter uma final mais tarde. Assim, coincidir\u00e1 com as derradeiras rodadas do Brasileiro. A Copa Am\u00e9rica ocorrer\u00e1 de [&hellip;]\" \/>\n<meta property=\"og:url\" content=\"https:\/\/www.gaveanews.com\/index.php\/2023\/08\/30\/conmebol-define-mudancas-para-a-copa-libertadores-de-2024\/\" \/>\n<meta property=\"og:site_name\" content=\"G\u00e1vea News\" \/>\n<meta property=\"article:publisher\" content=\"https:\/\/facebook.com\/gaveaNews\/\" \/>\n<meta property=\"article:published_time\" content=\"2023-08-30T09:40:48+00:00\" \/>\n<meta property=\"article:modified_time\" content=\"2023-08-30T09:40:50+00:00\" \/>\n<meta property=\"og:image\" content=\"https:\/\/www.gaveanews.com\/wp-content\/uploads\/Taca-Libertadores-da-America.webp\" \/>\n\t<meta property=\"og:image:width\" content=\"799\" \/>\n\t<meta property=\"og:image:height\" content=\"533\" \/>\n\t<meta property=\"og:image:type\" content=\"image\/jpeg\" \/>\n<meta name=\"author\" content=\"Leonardo Ant\u00f4nio\" \/>\n<meta name=\"twitter:card\" content=\"summary_large_image\" \/>\n<meta name=\"twitter:label1\" content=\"Escrito por\" \/>\n\t<meta name=\"twitter:data1\" content=\"Leonardo Ant\u00f4nio\" \/>\n\t<meta name=\"twitter:label2\" content=\"Est. tempo de leitura\" \/>\n\t<meta name=\"twitter:data2\" content=\"2 minutos\" \/>\n<script type=\"application\/ld+json\" class=\"yoast-schema-graph\">{\"@context\":\"https:\/\/schema.org\",\"@graph\":[{\"@type\":\"NewsArticle\",\"@id\":\"https:\/\/www.gaveanews.com\/index.php\/2023\/08\/30\/conmebol-define-mudancas-para-a-copa-libertadores-de-2024\/#article\",\"isPartOf\":{\"@id\":\"https:\/\/www.gaveanews.com\/index.php\/2023\/08\/30\/conmebol-define-mudancas-para-a-copa-libertadores-de-2024\/\"},\"author\":{\"name\":\"Leonardo Ant\u00f4nio\",\"@id\":\"https:\/\/www.gaveanews.com\/#\/schema\/person\/2d29802e96a726e735077717fb5c6f20\"},\"headline\":\"Conmebol define mudan\u00e7as para a Copa Libertadores de 2024\",\"datePublished\":\"2023-08-30T09:40:48+00:00\",\"dateModified\":\"2023-08-30T09:40:50+00:00\",\"mainEntityOfPage\":{\"@id\":\"https:\/\/www.gaveanews.com\/index.php\/2023\/08\/30\/conmebol-define-mudancas-para-a-copa-libertadores-de-2024\/\"},\"wordCount\":373,\"commentCount\":0,\"image\":{\"@id\":\"https:\/\/www.gaveanews.com\/index.php\/2023\/08\/30\/conmebol-define-mudancas-para-a-copa-libertadores-de-2024\/#primaryimage\"},\"thumbnailUrl\":\"https:\/\/www.gaveanews.com\/wp-content\/uploads\/Taca-Libertadores-da-America.webp\",\"articleSection\":[\"Flamengo\"],\"inLanguage\":\"pt-BR\",\"potentialAction\":[{\"@type\":\"CommentAction\",\"name\":\"Comment\",\"target\":[\"https:\/\/www.gaveanews.com\/index.php\/2023\/08\/30\/conmebol-define-mudancas-para-a-copa-libertadores-de-2024\/#respond\"]}],\"copyrightYear\":\"2023\",\"copyrightHolder\":{\"@id\":\"https:\/\/www.gaveanews.com\/#organization\"}},{\"@type\":\"WebPage\",\"@id\":\"https:\/\/www.gaveanews.com\/index.php\/2023\/08\/30\/conmebol-define-mudancas-para-a-copa-libertadores-de-2024\/\",\"url\":\"https:\/\/www.gaveanews.com\/index.php\/2023\/08\/30\/conmebol-define-mudancas-para-a-copa-libertadores-de-2024\/\",\"name\":\"Conmebol define mudan\u00e7as para a Copa Libertadores de 2024\",\"isPartOf\":{\"@id\":\"https:\/\/www.gaveanews.com\/#website\"},\"primaryImageOfPage\":{\"@id\":\"https:\/\/www.gaveanews.com\/index.php\/2023\/08\/30\/conmebol-define-mudancas-para-a-copa-libertadores-de-2024\/#primaryimage\"},\"image\":{\"@id\":\"https:\/\/www.gaveanews.com\/index.php\/2023\/08\/30\/conmebol-define-mudancas-para-a-copa-libertadores-de-2024\/#primaryimage\"},\"thumbnailUrl\":\"https:\/\/www.gaveanews.com\/wp-content\/uploads\/Taca-Libertadores-da-America.webp\",\"datePublished\":\"2023-08-30T09:40:48+00:00\",\"dateModified\":\"2023-08-30T09:40:50+00:00\",\"author\":{\"@id\":\"https:\/\/www.gaveanews.com\/#\/schema\/person\/2d29802e96a726e735077717fb5c6f20\"},\"breadcrumb\":{\"@id\":\"https:\/\/www.gaveanews.com\/index.php\/2023\/08\/30\/conmebol-define-mudancas-para-a-copa-libertadores-de-2024\/#breadcrumb\"},\"inLanguage\":\"pt-BR\",\"potentialAction\":[{\"@type\":\"ReadAction\",\"target\":[\"https:\/\/www.gaveanews.com\/index.php\/2023\/08\/30\/conmebol-define-mudancas-para-a-copa-libertadores-de-2024\/\"]}]},{\"@type\":\"ImageObject\",\"inLanguage\":\"pt-BR\",\"@id\":\"https:\/\/www.gaveanews.com\/index.php\/2023\/08\/30\/conmebol-define-mudancas-para-a-copa-libertadores-de-2024\/#primaryimage\",\"url\":\"https:\/\/www.gaveanews.com\/wp-content\/uploads\/Taca-Libertadores-da-America.webp\",\"contentUrl\":\"https:\/\/www.gaveanews.com\/wp-content\/uploads\/Taca-Libertadores-da-America.webp\",\"width\":799,\"height\":533,\"caption\":\"Ta\u00e7a da Copa Libertadores da Am\u00e9rica (Foto: Gilvan de Souza\/Flamengo)\"},{\"@type\":\"BreadcrumbList\",\"@id\":\"https:\/\/www.gaveanews.com\/index.php\/2023\/08\/30\/conmebol-define-mudancas-para-a-copa-libertadores-de-2024\/#breadcrumb\",\"itemListElement\":[{\"@type\":\"ListItem\",\"position\":1,\"name\":\"Home\",\"item\":\"https:\/\/www.gaveanews.com\/\"},{\"@type\":\"ListItem\",\"position\":2,\"name\":\"Conmebol define mudan\u00e7as para a Copa Libertadores de 2024\"}]},{\"@type\":\"WebSite\",\"@id\":\"https:\/\/www.gaveanews.com\/#website\",\"url\":\"https:\/\/www.gaveanews.com\/\",\"name\":\"G\u00e1vea News\",\"description\":\"Veja todas as not\u00edcias sobre o Flamengo: Contrata\u00e7\u00f5es, categorias de base, resultados das partidas, tabela de classifica\u00e7\u00e3o, pr\u00f3ximos jogos!\",\"potentialAction\":[{\"@type\":\"SearchAction\",\"target\":{\"@type\":\"EntryPoint\",\"urlTemplate\":\"https:\/\/www.gaveanews.com\/?s={search_term_string}\"},\"query-input\":{\"@type\":\"PropertyValueSpecification\",\"valueRequired\":true,\"valueName\":\"search_term_string\"}}],\"inLanguage\":\"pt-BR\"},{\"@type\":\"Person\",\"@id\":\"https:\/\/www.gaveanews.com\/#\/schema\/person\/2d29802e96a726e735077717fb5c6f20\",\"name\":\"Leonardo Ant\u00f4nio\",\"image\":{\"@type\":\"ImageObject\",\"inLanguage\":\"pt-BR\",\"@id\":\"https:\/\/www.gaveanews.com\/#\/schema\/person\/image\/\",\"url\":\"https:\/\/secure.gravatar.com\/avatar\/b9ffc9ff64af5c915e7cb1824991ab1b4aa29b902a6a9a83be9d1c8ba449fce8?s=96&d=mm&r=g\",\"contentUrl\":\"https:\/\/secure.gravatar.com\/avatar\/b9ffc9ff64af5c915e7cb1824991ab1b4aa29b902a6a9a83be9d1c8ba449fce8?s=96&d=mm&r=g\",\"caption\":\"Leonardo Ant\u00f4nio\"}}]}<\/script>\n<!-- \/ Yoast SEO Premium plugin. -->","yoast_head_json":{"title":"Conmebol define mudan\u00e7as para a Copa Libertadores de 2024","robots":{"index":"index","follow":"follow","max-snippet":"max-snippet:-1","max-image-preview":"max-image-preview:large","max-video-preview":"max-video-preview:-1"},"canonical":"https:\/\/www.gaveanews.com\/index.php\/2023\/08\/30\/conmebol-define-mudancas-para-a-copa-libertadores-de-2024\/","og_locale":"pt_BR","og_type":"article","og_title":"Conmebol define mudan\u00e7as para a Copa Libertadores de 2024","og_description":"O calend\u00e1rio de jogos da Libertadores de 2024 ter\u00e1 de ser modificado por causa da realiza\u00e7\u00e3o da Copa Am\u00e9rica dos EUA. Na pr\u00e1tica, a Conmebol ter\u00e1 de cortar no meio a competi\u00e7\u00e3o de clubes, que passar\u00e1 a ter uma final mais tarde. Assim, coincidir\u00e1 com as derradeiras rodadas do Brasileiro. A Copa Am\u00e9rica ocorrer\u00e1 de [&hellip;]","og_url":"https:\/\/www.gaveanews.com\/index.php\/2023\/08\/30\/conmebol-define-mudancas-para-a-copa-libertadores-de-2024\/","og_site_name":"G\u00e1vea News","article_publisher":"https:\/\/facebook.com\/gaveaNews\/","article_published_time":"2023-08-30T09:40:48+00:00","article_modified_time":"2023-08-30T09:40:50+00:00","og_image":[{"width":799,"height":533,"url":"https:\/\/www.gaveanews.com\/wp-content\/uploads\/Taca-Libertadores-da-America.webp","type":"image\/jpeg"}],"author":"Leonardo Ant\u00f4nio","twitter_card":"summary_large_image","twitter_misc":{"Escrito por":"Leonardo Ant\u00f4nio","Est. tempo de leitura":"2 minutos"},"schema":{"@context":"https:\/\/schema.org","@graph":[{"@type":"NewsArticle","@id":"https:\/\/www.gaveanews.com\/index.php\/2023\/08\/30\/conmebol-define-mudancas-para-a-copa-libertadores-de-2024\/#article","isPartOf":{"@id":"https:\/\/www.gaveanews.com\/index.php\/2023\/08\/30\/conmebol-define-mudancas-para-a-copa-libertadores-de-2024\/"},"author":{"name":"Leonardo Ant\u00f4nio","@id":"https:\/\/www.gaveanews.com\/#\/schema\/person\/2d29802e96a726e735077717fb5c6f20"},"headline":"Conmebol define mudan\u00e7as para a Copa Libertadores de 2024","datePublished":"2023-08-30T09:40:48+00:00","dateModified":"2023-08-30T09:40:50+00:00","mainEntityOfPage":{"@id":"https:\/\/www.gaveanews.com\/index.php\/2023\/08\/30\/conmebol-define-mudancas-para-a-copa-libertadores-de-2024\/"},"wordCount":373,"commentCount":0,"image":{"@id":"https:\/\/www.gaveanews.com\/index.php\/2023\/08\/30\/conmebol-define-mudancas-para-a-copa-libertadores-de-2024\/#primaryimage"},"thumbnailUrl":"https:\/\/www.gaveanews.com\/wp-content\/uploads\/Taca-Libertadores-da-America.webp","articleSection":["Flamengo"],"inLanguage":"pt-BR","potentialAction":[{"@type":"CommentAction","name":"Comment","target":["https:\/\/www.gaveanews.com\/index.php\/2023\/08\/30\/conmebol-define-mudancas-para-a-copa-libertadores-de-2024\/#respond"]}],"copyrightYear":"2023","copyrightHolder":{"@id":"https:\/\/www.gaveanews.com\/#organization"}},{"@type":"WebPage","@id":"https:\/\/www.gaveanews.com\/index.php\/2023\/08\/30\/conmebol-define-mudancas-para-a-copa-libertadores-de-2024\/","url":"https:\/\/www.gaveanews.com\/index.php\/2023\/08\/30\/conmebol-define-mudancas-para-a-copa-libertadores-de-2024\/","name":"Conmebol define mudan\u00e7as para a Copa Libertadores de 2024","isPartOf":{"@id":"https:\/\/www.gaveanews.com\/#website"},"primaryImageOfPage":{"@id":"https:\/\/www.gaveanews.com\/index.php\/2023\/08\/30\/conmebol-define-mudancas-para-a-copa-libertadores-de-2024\/#primaryimage"},"image":{"@id":"https:\/\/www.gaveanews.com\/index.php\/2023\/08\/30\/conmebol-define-mudancas-para-a-copa-libertadores-de-2024\/#primaryimage"},"thumbnailUrl":"https:\/\/www.gaveanews.com\/wp-content\/uploads\/Taca-Libertadores-da-America.webp","datePublished":"2023-08-30T09:40:48+00:00","dateModified":"2023-08-30T09:40:50+00:00","author":{"@id":"https:\/\/www.gaveanews.com\/#\/schema\/person\/2d29802e96a726e735077717fb5c6f20"},"breadcrumb":{"@id":"https:\/\/www.gaveanews.com\/index.php\/2023\/08\/30\/conmebol-define-mudancas-para-a-copa-libertadores-de-2024\/#breadcrumb"},"inLanguage":"pt-BR","potentialAction":[{"@type":"ReadAction","target":["https:\/\/www.gaveanews.com\/index.php\/2023\/08\/30\/conmebol-define-mudancas-para-a-copa-libertadores-de-2024\/"]}]},{"@type":"ImageObject","inLanguage":"pt-BR","@id":"https:\/\/www.gaveanews.com\/index.php\/2023\/08\/30\/conmebol-define-mudancas-para-a-copa-libertadores-de-2024\/#primaryimage","url":"https:\/\/www.gaveanews.com\/wp-content\/uploads\/Taca-Libertadores-da-America.webp","contentUrl":"https:\/\/www.gaveanews.com\/wp-content\/uploads\/Taca-Libertadores-da-America.webp","width":799,"height":533,"caption":"Ta\u00e7a da Copa Libertadores da Am\u00e9rica (Foto: Gilvan de Souza\/Flamengo)"},{"@type":"BreadcrumbList","@id":"https:\/\/www.gaveanews.com\/index.php\/2023\/08\/30\/conmebol-define-mudancas-para-a-copa-libertadores-de-2024\/#breadcrumb","itemListElement":[{"@type":"ListItem","position":1,"name":"Home","item":"https:\/\/www.gaveanews.com\/"},{"@type":"ListItem","position":2,"name":"Conmebol define mudan\u00e7as para a Copa Libertadores de 2024"}]},{"@type":"WebSite","@id":"https:\/\/www.gaveanews.com\/#website","url":"https:\/\/www.gaveanews.com\/","name":"G\u00e1vea News","description":"Veja todas as not\u00edcias sobre o Flamengo: Contrata\u00e7\u00f5es, categorias de base, resultados das partidas, tabela de classifica\u00e7\u00e3o, pr\u00f3ximos jogos!","potentialAction":[{"@type":"SearchAction","target":{"@type":"EntryPoint","urlTemplate":"https:\/\/www.gaveanews.com\/?s={search_term_string}"},"query-input":{"@type":"PropertyValueSpecification","valueRequired":true,"valueName":"search_term_string"}}],"inLanguage":"pt-BR"},{"@type":"Person","@id":"https:\/\/www.gaveanews.com\/#\/schema\/person\/2d29802e96a726e735077717fb5c6f20","name":"Leonardo Ant\u00f4nio","image":{"@type":"ImageObject","inLanguage":"pt-BR","@id":"https:\/\/www.gaveanews.com\/#\/schema\/person\/image\/","url":"https:\/\/secure.gravatar.com\/avatar\/b9ffc9ff64af5c915e7cb1824991ab1b4aa29b902a6a9a83be9d1c8ba449fce8?s=96&d=mm&r=g","contentUrl":"https:\/\/secure.gravatar.com\/avatar\/b9ffc9ff64af5c915e7cb1824991ab1b4aa29b902a6a9a83be9d1c8ba449fce8?s=96&d=mm&r=g","caption":"Leonardo Ant\u00f4nio"}}]}},"_links":{"self":[{"href":"https:\/\/www.gaveanews.com\/index.php\/wp-json\/wp\/v2\/posts\/105756","targetHints":{"allow":["GET"]}}],"collection":[{"href":"https:\/\/www.gaveanews.com\/index.php\/wp-json\/wp\/v2\/posts"}],"about":[{"href":"https:\/\/www.gaveanews.com\/index.php\/wp-json\/wp\/v2\/types\/post"}],"author":[{"embeddable":true,"href":"https:\/\/www.gaveanews.com\/index.php\/wp-json\/wp\/v2\/users\/6"}],"replies":[{"embeddable":true,"href":"https:\/\/www.gaveanews.com\/index.php\/wp-json\/wp\/v2\/comments?post=105756"}],"version-history":[{"count":0,"href":"https:\/\/www.gaveanews.com\/index.php\/wp-json\/wp\/v2\/posts\/105756\/revisions"}],"wp:featuredmedia":[{"embeddable":true,"href":"https:\/\/www.gaveanews.com\/index.php\/wp-json\/wp\/v2\/media\/90054"}],"wp:attachment":[{"href":"https:\/\/www.gaveanews.com\/index.php\/wp-json\/wp\/v2\/media?parent=105756"}],"wp:term":[{"taxonomy":"category","embeddable":true,"href":"https:\/\/www.gaveanews.com\/index.php\/wp-json\/wp\/v2\/categories?post=105756"},{"taxonomy":"post_tag","embeddable":true,"href":"https:\/\/www.gaveanews.com\/index.php\/wp-json\/wp\/v2\/tags?post=105756"}],"curies":[{"name":"wp","href":"https:\/\/api.w.org\/{rel}","templated":true}]}}