{"id":105777,"date":"2023-08-30T12:38:38","date_gmt":"2023-08-30T15:38:38","guid":{"rendered":"https:\/\/www.gaveanews.com\/?p=105777"},"modified":"2024-04-07T14:05:40","modified_gmt":"2024-04-07T17:05:40","slug":"torcida-do-flamengo-debocha-de-marcos-braz-devido-a-lesao-de-arrascaeta-e-cita-claudinho","status":"publish","type":"post","link":"https:\/\/www.gaveanews.com\/index.php\/2023\/08\/30\/torcida-do-flamengo-debocha-de-marcos-braz-devido-a-lesao-de-arrascaeta-e-cita-claudinho\/","title":{"rendered":"Torcida do Flamengo debocha de Marcos Braz devido a les\u00e3o de Arrascaeta e cita Claudinho"},"content":{"rendered":"\n<p>Por: Let\u00edcia Gerheim<br><br><a href=\"https:\/\/www.gaveanews.com\/index.php\/2023\/08\/30\/flamengo-adotara-tratamento-intensivo-em-tres-turnos-e-medicina-regenerativa-para-recuperar-arrascaeta-e-luiz-araujo-entenda\/\">As les\u00f5es de Arrascaeta e Luiz Ara\u00fajo<\/a> criaram um novo motivo para o torcedor do Flamengo protestar contra a diretoria rubro-negra. Sem um reserva para o uruguaio desde sua chegada em 2019, a situa\u00e7\u00e3o se torna ainda mais complicada para a equipe que hoje mal consegue resultados com ele em campo.<\/p>\n\n\n\n<p>A not\u00edcia da prov\u00e1vel aus\u00eancia de Arrasca para as partidas da final da Copa do Brasil deixou muitos torcedores revoltados com os dirigentes do Fla, que tiveram nomes em pauta na janela de transfer\u00eancias do meio do ano mas n\u00e3o acertaram nenhuma contrata\u00e7\u00e3o para o meio-campo.<\/p>\n\n\n\n<p>Nas redes sociais, diversos flamenguistas hostilizaram e debocharam da c\u00fapula rubro-negra, com principal foco em Marcos Braz, por n\u00e3o ter contratado um reserva para a posi\u00e7\u00e3o de Arrascaeta desde a chegada do uruguaio ao time da G\u00e1vea.<\/p>\n\n\n\n<h2 class=\"wp-block-heading\" id=\"h-confira\">Confira:<\/h2>\n\n\n\n<figure class=\"wp-block-embed is-type-rich is-provider-twitter wp-block-embed-twitter\"><div class=\"wp-block-embed__wrapper\">\n<blockquote class=\"twitter-tweet\" data-width=\"550\" data-dnt=\"true\"><p lang=\"pt\" dir=\"ltr\">Arrascaeta lesionado!<br>Ainda bem que o BRAZ e o SPINDEL conseguiram contratar um reserva pra ele nesses 5 anos de gest\u00e3o!<\/p>&mdash; Felipe Fontoura (@ofelipefontoura) <a href=\"https:\/\/twitter.com\/ofelipefontoura\/status\/1696187126214213723?ref_src=twsrc%5Etfw\">August 28, 2023<\/a><\/blockquote><script async src=\"https:\/\/platform.twitter.com\/widgets.js\" charset=\"utf-8\"><\/script>\n<\/div><\/figure>\n\n\n\n<figure class=\"wp-block-embed is-type-rich is-provider-twitter wp-block-embed-twitter\"><div class=\"wp-block-embed__wrapper\">\n<blockquote class=\"twitter-tweet\" data-width=\"550\" data-dnt=\"true\"><p lang=\"pt\" dir=\"ltr\">mas o Marcos Braz e o Landim acham que d\u00e1 pra ficar mais um ano sem um reserva pro arrascaeta<\/p>&mdash; caioziN \u1d9c\u02b3\u1da0 \ud83c\uddf9\ud83c\uddf7 (@B16caio) <a href=\"https:\/\/twitter.com\/B16caio\/status\/1695554287441522929?ref_src=twsrc%5Etfw\">August 26, 2023<\/a><\/blockquote><script async src=\"https:\/\/platform.twitter.com\/widgets.js\" charset=\"utf-8\"><\/script>\n<\/div><\/figure>\n\n\n\n<figure class=\"wp-block-embed is-type-rich is-provider-twitter wp-block-embed-twitter\"><div class=\"wp-block-embed__wrapper\">\n<blockquote class=\"twitter-tweet\" data-width=\"550\" data-dnt=\"true\"><p lang=\"pt\" dir=\"ltr\">T\u00f4 zero preocupada com a les\u00e3o do Arrascaeta at\u00e9 pq o nosso querido Marcos Braz contratou Wendel, De L\u00e1 Cruz e Claudinho na janela.<\/p>&mdash; bianca. (@_bicrf) <a href=\"https:\/\/twitter.com\/_bicrf\/status\/1696177874816909576?ref_src=twsrc%5Etfw\">August 28, 2023<\/a><\/blockquote><script async src=\"https:\/\/platform.twitter.com\/widgets.js\" charset=\"utf-8\"><\/script>\n<\/div><\/figure>\n\n\n\n<figure class=\"wp-block-embed is-type-rich is-provider-twitter wp-block-embed-twitter\"><div class=\"wp-block-embed__wrapper\">\n<blockquote class=\"twitter-tweet\" data-width=\"550\" data-dnt=\"true\"><p lang=\"pt\" dir=\"ltr\">Parab\u00e9ns aos anti-rubro-negros Landim e Braz!<br>N\u00e3o teremos o Arrascaeta na final da Copa do Brasil.<br>De La Cruz, que seria o nosso al\u00edvio, n\u00e3o veio! Claudinho, n\u00e3o veio!<br>Acreditar que o Everton Ribeiro d\u00ea conta, \u00e9 desesperador!<br>Esse \u00e9 o Flamengo, bilion\u00e1rio mas com um DF MERDA!<\/p>&mdash; Jo\u00e3o Neto (@ojoaoaaneto) <a href=\"https:\/\/twitter.com\/ojoaoaaneto\/status\/1696213610807066915?ref_src=twsrc%5Etfw\">August 28, 2023<\/a><\/blockquote><script async src=\"https:\/\/platform.twitter.com\/widgets.js\" charset=\"utf-8\"><\/script>\n<\/div><\/figure>\n\n\n\n<figure class=\"wp-block-embed is-type-rich is-provider-twitter wp-block-embed-twitter\"><div class=\"wp-block-embed__wrapper\">\n<blockquote class=\"twitter-tweet\" data-width=\"550\" data-dnt=\"true\"><p lang=\"pt\" dir=\"ltr\">Arrascaeta mais uma temporada com uma les\u00e3o e n\u00e3o tem um reserva pra ele e ningu\u00e9m prendeu o braz ainda<\/p>&mdash; tem mulher que nao depende de homem problema delas (@vininovesete) <a href=\"https:\/\/twitter.com\/vininovesete\/status\/1696320054873178203?ref_src=twsrc%5Etfw\">August 29, 2023<\/a><\/blockquote><script async src=\"https:\/\/platform.twitter.com\/widgets.js\" charset=\"utf-8\"><\/script>\n<\/div><\/figure>\n\n\n\n<figure class=\"wp-block-embed is-type-rich is-provider-twitter wp-block-embed-twitter\"><div class=\"wp-block-embed__wrapper\">\n<blockquote class=\"twitter-tweet\" data-width=\"550\" data-dnt=\"true\"><p lang=\"pt\" dir=\"ltr\">4 anos e n\u00e3o tem UM reserva pro Arrascaeta, parab\u00e9ns pela incompet\u00eancia Br\u00e1z seu fdp<\/p>&mdash; iza. (@yasxrf) <a href=\"https:\/\/twitter.com\/yasxrf\/status\/1695553909236896157?ref_src=twsrc%5Etfw\">August 26, 2023<\/a><\/blockquote><script async src=\"https:\/\/platform.twitter.com\/widgets.js\" charset=\"utf-8\"><\/script>\n<\/div><\/figure>\n\n\n\n<figure class=\"wp-block-embed is-type-rich is-provider-twitter wp-block-embed-twitter\"><div class=\"wp-block-embed__wrapper\">\n<blockquote class=\"twitter-tweet\" data-width=\"550\" data-dnt=\"true\"><p lang=\"pt\" dir=\"ltr\">S\u00e3o 4 anos pedindo um substituto pro Arrascaeta.. a incompet\u00eancia de Landim, Marcos Braz e cia \u00e9 algo assustador. Qualquer imbecil consegue ver as car\u00eancias do Flamengo, menos eles.<\/p>&mdash; Victoria (@victoria__braga) <a href=\"https:\/\/twitter.com\/victoria__braga\/status\/1696203166063247511?ref_src=twsrc%5Etfw\">August 28, 2023<\/a><\/blockquote><script async src=\"https:\/\/platform.twitter.com\/widgets.js\" charset=\"utf-8\"><\/script>\n<\/div><\/figure>\n\n\n\n<figure class=\"wp-block-embed is-type-rich is-provider-twitter wp-block-embed-twitter\"><div class=\"wp-block-embed__wrapper\">\n<blockquote class=\"twitter-tweet\" data-width=\"550\" data-dnt=\"true\"><p lang=\"pt\" dir=\"ltr\">dificilmente vamos ter o Arrascaeta na final da copa do Brasil e o Braz ficou a janela toda preso em 2 nomes para no final trazer nenhum. Ainda vendeu o Matheus Fran\u00e7a. Planejamento.<\/p>&mdash; manu (@evertxnribeirx) <a href=\"https:\/\/twitter.com\/evertxnribeirx\/status\/1696183734892982340?ref_src=twsrc%5Etfw\">August 28, 2023<\/a><\/blockquote><script async src=\"https:\/\/platform.twitter.com\/widgets.js\" charset=\"utf-8\"><\/script>\n<\/div><\/figure>\n\n\n\n<figure class=\"wp-block-embed is-type-rich is-provider-twitter wp-block-embed-twitter\"><div class=\"wp-block-embed__wrapper\">\n<blockquote class=\"twitter-tweet\" data-width=\"550\" data-dnt=\"true\"><p lang=\"pt\" dir=\"ltr\">Ainda bem que Marcos Braz contratou De La Cruz, Wendel e Claudinho\u2026<br>4 anos sem reserva para Arrascaeta e ER.<br>A conta do amadorismo de Marcos Braz\/Spindel\/Landim chegou. <a href=\"https:\/\/t.co\/CbsuIsnnK8\">https:\/\/t.co\/CbsuIsnnK8<\/a><\/p>&mdash; Denise (@decunhaz) <a href=\"https:\/\/twitter.com\/decunhaz\/status\/1696179297419989149?ref_src=twsrc%5Etfw\">August 28, 2023<\/a><\/blockquote><script async src=\"https:\/\/platform.twitter.com\/widgets.js\" charset=\"utf-8\"><\/script>\n<\/div><\/figure>\n","protected":false},"excerpt":{"rendered":"<p>Por: Let\u00edcia Gerheim As les\u00f5es de Arrascaeta e Luiz Ara\u00fajo criaram um novo motivo para o torcedor do Flamengo protestar contra a diretoria rubro-negra. Sem um reserva para o uruguaio desde sua chegada em 2019, a situa\u00e7\u00e3o se torna ainda mais complicada para a equipe que hoje mal consegue resultados com ele em campo. A [&hellip;]<\/p>\n","protected":false},"author":4,"featured_media":78759,"comment_status":"open","ping_status":"closed","sticky":false,"template":"","format":"standard","meta":{"footnotes":""},"categories":[1],"tags":[211,173],"class_list":["post-105777","post","type-post","status-publish","format-standard","has-post-thumbnail","hentry","category-flamengo","tag-giorgian-daniel-de-arrascaeta-benedetti","tag-marcos-braz"],"yoast_head":"<!-- This site is optimized with the Yoast SEO Premium plugin v24.2 (Yoast SEO v26.9) - https:\/\/yoast.com\/product\/yoast-seo-premium-wordpress\/ -->\n<title>Torcida do Flamengo debocha de Marcos Braz devido a les\u00e3o de Arrascaeta e cita Claudinho<\/title>\n<meta name=\"robots\" content=\"index, follow, max-snippet:-1, max-image-preview:large, max-video-preview:-1\" \/>\n<link rel=\"canonical\" href=\"https:\/\/www.gaveanews.com\/index.php\/2023\/08\/30\/torcida-do-flamengo-debocha-de-marcos-braz-devido-a-lesao-de-arrascaeta-e-cita-claudinho\/\" \/>\n<meta property=\"og:locale\" content=\"pt_BR\" \/>\n<meta property=\"og:type\" content=\"article\" \/>\n<meta property=\"og:title\" content=\"Torcida do Flamengo debocha de Marcos Braz devido a les\u00e3o de Arrascaeta e cita Claudinho\" \/>\n<meta property=\"og:description\" content=\"Por: Let\u00edcia Gerheim As les\u00f5es de Arrascaeta e Luiz Ara\u00fajo criaram um novo motivo para o torcedor do Flamengo protestar contra a diretoria rubro-negra. Sem um reserva para o uruguaio desde sua chegada em 2019, a situa\u00e7\u00e3o se torna ainda mais complicada para a equipe que hoje mal consegue resultados com ele em campo. A [&hellip;]\" \/>\n<meta property=\"og:url\" content=\"https:\/\/www.gaveanews.com\/index.php\/2023\/08\/30\/torcida-do-flamengo-debocha-de-marcos-braz-devido-a-lesao-de-arrascaeta-e-cita-claudinho\/\" \/>\n<meta property=\"og:site_name\" content=\"G\u00e1vea News\" \/>\n<meta property=\"article:publisher\" content=\"https:\/\/facebook.com\/gaveaNews\/\" \/>\n<meta property=\"article:published_time\" content=\"2023-08-30T15:38:38+00:00\" \/>\n<meta property=\"article:modified_time\" content=\"2024-04-07T17:05:40+00:00\" \/>\n<meta property=\"og:image\" content=\"https:\/\/www.gaveanews.com\/wp-content\/uploads\/Arrascaeta-em-acao-pelo-Flamengo.webp\" \/>\n\t<meta property=\"og:image:width\" content=\"800\" \/>\n\t<meta property=\"og:image:height\" content=\"533\" \/>\n\t<meta property=\"og:image:type\" content=\"image\/jpeg\" \/>\n<meta name=\"author\" content=\"Let\u00edcia Gerheim\" \/>\n<meta name=\"twitter:card\" content=\"summary_large_image\" \/>\n<meta name=\"twitter:label1\" content=\"Escrito por\" \/>\n\t<meta name=\"twitter:data1\" content=\"Let\u00edcia Gerheim\" \/>\n\t<meta name=\"twitter:label2\" content=\"Est. tempo de leitura\" \/>\n\t<meta name=\"twitter:data2\" content=\"1 minuto\" \/>\n<script type=\"application\/ld+json\" class=\"yoast-schema-graph\">{\"@context\":\"https:\/\/schema.org\",\"@graph\":[{\"@type\":\"NewsArticle\",\"@id\":\"https:\/\/www.gaveanews.com\/index.php\/2023\/08\/30\/torcida-do-flamengo-debocha-de-marcos-braz-devido-a-lesao-de-arrascaeta-e-cita-claudinho\/#article\",\"isPartOf\":{\"@id\":\"https:\/\/www.gaveanews.com\/index.php\/2023\/08\/30\/torcida-do-flamengo-debocha-de-marcos-braz-devido-a-lesao-de-arrascaeta-e-cita-claudinho\/\"},\"author\":{\"name\":\"Let\u00edcia Gerheim\",\"@id\":\"https:\/\/www.gaveanews.com\/#\/schema\/person\/714c67050b836198af2450ba1c142a67\"},\"headline\":\"Torcida do Flamengo debocha de Marcos Braz devido a les\u00e3o de Arrascaeta e cita Claudinho\",\"datePublished\":\"2023-08-30T15:38:38+00:00\",\"dateModified\":\"2024-04-07T17:05:40+00:00\",\"mainEntityOfPage\":{\"@id\":\"https:\/\/www.gaveanews.com\/index.php\/2023\/08\/30\/torcida-do-flamengo-debocha-de-marcos-braz-devido-a-lesao-de-arrascaeta-e-cita-claudinho\/\"},\"wordCount\":223,\"commentCount\":0,\"image\":{\"@id\":\"https:\/\/www.gaveanews.com\/index.php\/2023\/08\/30\/torcida-do-flamengo-debocha-de-marcos-braz-devido-a-lesao-de-arrascaeta-e-cita-claudinho\/#primaryimage\"},\"thumbnailUrl\":\"https:\/\/www.gaveanews.com\/wp-content\/uploads\/Arrascaeta-em-acao-pelo-Flamengo.webp\",\"keywords\":[\"Giorgian Daniel De Arrascaeta Benedetti\",\"Marcos Braz\"],\"articleSection\":[\"Flamengo\"],\"inLanguage\":\"pt-BR\",\"potentialAction\":[{\"@type\":\"CommentAction\",\"name\":\"Comment\",\"target\":[\"https:\/\/www.gaveanews.com\/index.php\/2023\/08\/30\/torcida-do-flamengo-debocha-de-marcos-braz-devido-a-lesao-de-arrascaeta-e-cita-claudinho\/#respond\"]}],\"copyrightYear\":\"2023\",\"copyrightHolder\":{\"@id\":\"https:\/\/www.gaveanews.com\/#organization\"}},{\"@type\":\"WebPage\",\"@id\":\"https:\/\/www.gaveanews.com\/index.php\/2023\/08\/30\/torcida-do-flamengo-debocha-de-marcos-braz-devido-a-lesao-de-arrascaeta-e-cita-claudinho\/\",\"url\":\"https:\/\/www.gaveanews.com\/index.php\/2023\/08\/30\/torcida-do-flamengo-debocha-de-marcos-braz-devido-a-lesao-de-arrascaeta-e-cita-claudinho\/\",\"name\":\"Torcida do Flamengo debocha de Marcos Braz devido a les\u00e3o de Arrascaeta e cita Claudinho\",\"isPartOf\":{\"@id\":\"https:\/\/www.gaveanews.com\/#website\"},\"primaryImageOfPage\":{\"@id\":\"https:\/\/www.gaveanews.com\/index.php\/2023\/08\/30\/torcida-do-flamengo-debocha-de-marcos-braz-devido-a-lesao-de-arrascaeta-e-cita-claudinho\/#primaryimage\"},\"image\":{\"@id\":\"https:\/\/www.gaveanews.com\/index.php\/2023\/08\/30\/torcida-do-flamengo-debocha-de-marcos-braz-devido-a-lesao-de-arrascaeta-e-cita-claudinho\/#primaryimage\"},\"thumbnailUrl\":\"https:\/\/www.gaveanews.com\/wp-content\/uploads\/Arrascaeta-em-acao-pelo-Flamengo.webp\",\"datePublished\":\"2023-08-30T15:38:38+00:00\",\"dateModified\":\"2024-04-07T17:05:40+00:00\",\"author\":{\"@id\":\"https:\/\/www.gaveanews.com\/#\/schema\/person\/714c67050b836198af2450ba1c142a67\"},\"breadcrumb\":{\"@id\":\"https:\/\/www.gaveanews.com\/index.php\/2023\/08\/30\/torcida-do-flamengo-debocha-de-marcos-braz-devido-a-lesao-de-arrascaeta-e-cita-claudinho\/#breadcrumb\"},\"inLanguage\":\"pt-BR\",\"potentialAction\":[{\"@type\":\"ReadAction\",\"target\":[\"https:\/\/www.gaveanews.com\/index.php\/2023\/08\/30\/torcida-do-flamengo-debocha-de-marcos-braz-devido-a-lesao-de-arrascaeta-e-cita-claudinho\/\"]}]},{\"@type\":\"ImageObject\",\"inLanguage\":\"pt-BR\",\"@id\":\"https:\/\/www.gaveanews.com\/index.php\/2023\/08\/30\/torcida-do-flamengo-debocha-de-marcos-braz-devido-a-lesao-de-arrascaeta-e-cita-claudinho\/#primaryimage\",\"url\":\"https:\/\/www.gaveanews.com\/wp-content\/uploads\/Arrascaeta-em-acao-pelo-Flamengo.webp\",\"contentUrl\":\"https:\/\/www.gaveanews.com\/wp-content\/uploads\/Arrascaeta-em-acao-pelo-Flamengo.webp\",\"width\":800,\"height\":533,\"caption\":\"Arrascaeta em a\u00e7\u00e3o pelo Flamengo (Foto: Marcelo Cortes\/Flamengo)\"},{\"@type\":\"BreadcrumbList\",\"@id\":\"https:\/\/www.gaveanews.com\/index.php\/2023\/08\/30\/torcida-do-flamengo-debocha-de-marcos-braz-devido-a-lesao-de-arrascaeta-e-cita-claudinho\/#breadcrumb\",\"itemListElement\":[{\"@type\":\"ListItem\",\"position\":1,\"name\":\"Home\",\"item\":\"https:\/\/www.gaveanews.com\/\"},{\"@type\":\"ListItem\",\"position\":2,\"name\":\"Torcida do Flamengo debocha de Marcos Braz devido a les\u00e3o de Arrascaeta e cita Claudinho\"}]},{\"@type\":\"WebSite\",\"@id\":\"https:\/\/www.gaveanews.com\/#website\",\"url\":\"https:\/\/www.gaveanews.com\/\",\"name\":\"G\u00e1vea News\",\"description\":\"Veja todas as not\u00edcias sobre o Flamengo: Contrata\u00e7\u00f5es, categorias de base, resultados das partidas, tabela de classifica\u00e7\u00e3o, pr\u00f3ximos jogos!\",\"potentialAction\":[{\"@type\":\"SearchAction\",\"target\":{\"@type\":\"EntryPoint\",\"urlTemplate\":\"https:\/\/www.gaveanews.com\/?s={search_term_string}\"},\"query-input\":{\"@type\":\"PropertyValueSpecification\",\"valueRequired\":true,\"valueName\":\"search_term_string\"}}],\"inLanguage\":\"pt-BR\"},{\"@type\":\"Person\",\"@id\":\"https:\/\/www.gaveanews.com\/#\/schema\/person\/714c67050b836198af2450ba1c142a67\",\"name\":\"Let\u00edcia Gerheim\",\"image\":{\"@type\":\"ImageObject\",\"inLanguage\":\"pt-BR\",\"@id\":\"https:\/\/www.gaveanews.com\/#\/schema\/person\/image\/\",\"url\":\"https:\/\/secure.gravatar.com\/avatar\/60734739c50fcebfbac509e2a826ccd0ff405c019bc73aab9354f19ecad1dcb4?s=96&d=mm&r=g\",\"contentUrl\":\"https:\/\/secure.gravatar.com\/avatar\/60734739c50fcebfbac509e2a826ccd0ff405c019bc73aab9354f19ecad1dcb4?s=96&d=mm&r=g\",\"caption\":\"Let\u00edcia Gerheim\"}}]}<\/script>\n<!-- \/ Yoast SEO Premium plugin. -->","yoast_head_json":{"title":"Torcida do Flamengo debocha de Marcos Braz devido a les\u00e3o de Arrascaeta e cita Claudinho","robots":{"index":"index","follow":"follow","max-snippet":"max-snippet:-1","max-image-preview":"max-image-preview:large","max-video-preview":"max-video-preview:-1"},"canonical":"https:\/\/www.gaveanews.com\/index.php\/2023\/08\/30\/torcida-do-flamengo-debocha-de-marcos-braz-devido-a-lesao-de-arrascaeta-e-cita-claudinho\/","og_locale":"pt_BR","og_type":"article","og_title":"Torcida do Flamengo debocha de Marcos Braz devido a les\u00e3o de Arrascaeta e cita Claudinho","og_description":"Por: Let\u00edcia Gerheim As les\u00f5es de Arrascaeta e Luiz Ara\u00fajo criaram um novo motivo para o torcedor do Flamengo protestar contra a diretoria rubro-negra. Sem um reserva para o uruguaio desde sua chegada em 2019, a situa\u00e7\u00e3o se torna ainda mais complicada para a equipe que hoje mal consegue resultados com ele em campo. A [&hellip;]","og_url":"https:\/\/www.gaveanews.com\/index.php\/2023\/08\/30\/torcida-do-flamengo-debocha-de-marcos-braz-devido-a-lesao-de-arrascaeta-e-cita-claudinho\/","og_site_name":"G\u00e1vea News","article_publisher":"https:\/\/facebook.com\/gaveaNews\/","article_published_time":"2023-08-30T15:38:38+00:00","article_modified_time":"2024-04-07T17:05:40+00:00","og_image":[{"width":800,"height":533,"url":"https:\/\/www.gaveanews.com\/wp-content\/uploads\/Arrascaeta-em-acao-pelo-Flamengo.webp","type":"image\/jpeg"}],"author":"Let\u00edcia Gerheim","twitter_card":"summary_large_image","twitter_misc":{"Escrito por":"Let\u00edcia Gerheim","Est. tempo de leitura":"1 minuto"},"schema":{"@context":"https:\/\/schema.org","@graph":[{"@type":"NewsArticle","@id":"https:\/\/www.gaveanews.com\/index.php\/2023\/08\/30\/torcida-do-flamengo-debocha-de-marcos-braz-devido-a-lesao-de-arrascaeta-e-cita-claudinho\/#article","isPartOf":{"@id":"https:\/\/www.gaveanews.com\/index.php\/2023\/08\/30\/torcida-do-flamengo-debocha-de-marcos-braz-devido-a-lesao-de-arrascaeta-e-cita-claudinho\/"},"author":{"name":"Let\u00edcia Gerheim","@id":"https:\/\/www.gaveanews.com\/#\/schema\/person\/714c67050b836198af2450ba1c142a67"},"headline":"Torcida do Flamengo debocha de Marcos Braz devido a les\u00e3o de Arrascaeta e cita Claudinho","datePublished":"2023-08-30T15:38:38+00:00","dateModified":"2024-04-07T17:05:40+00:00","mainEntityOfPage":{"@id":"https:\/\/www.gaveanews.com\/index.php\/2023\/08\/30\/torcida-do-flamengo-debocha-de-marcos-braz-devido-a-lesao-de-arrascaeta-e-cita-claudinho\/"},"wordCount":223,"commentCount":0,"image":{"@id":"https:\/\/www.gaveanews.com\/index.php\/2023\/08\/30\/torcida-do-flamengo-debocha-de-marcos-braz-devido-a-lesao-de-arrascaeta-e-cita-claudinho\/#primaryimage"},"thumbnailUrl":"https:\/\/www.gaveanews.com\/wp-content\/uploads\/Arrascaeta-em-acao-pelo-Flamengo.webp","keywords":["Giorgian Daniel De Arrascaeta Benedetti","Marcos Braz"],"articleSection":["Flamengo"],"inLanguage":"pt-BR","potentialAction":[{"@type":"CommentAction","name":"Comment","target":["https:\/\/www.gaveanews.com\/index.php\/2023\/08\/30\/torcida-do-flamengo-debocha-de-marcos-braz-devido-a-lesao-de-arrascaeta-e-cita-claudinho\/#respond"]}],"copyrightYear":"2023","copyrightHolder":{"@id":"https:\/\/www.gaveanews.com\/#organization"}},{"@type":"WebPage","@id":"https:\/\/www.gaveanews.com\/index.php\/2023\/08\/30\/torcida-do-flamengo-debocha-de-marcos-braz-devido-a-lesao-de-arrascaeta-e-cita-claudinho\/","url":"https:\/\/www.gaveanews.com\/index.php\/2023\/08\/30\/torcida-do-flamengo-debocha-de-marcos-braz-devido-a-lesao-de-arrascaeta-e-cita-claudinho\/","name":"Torcida do Flamengo debocha de Marcos Braz devido a les\u00e3o de Arrascaeta e cita Claudinho","isPartOf":{"@id":"https:\/\/www.gaveanews.com\/#website"},"primaryImageOfPage":{"@id":"https:\/\/www.gaveanews.com\/index.php\/2023\/08\/30\/torcida-do-flamengo-debocha-de-marcos-braz-devido-a-lesao-de-arrascaeta-e-cita-claudinho\/#primaryimage"},"image":{"@id":"https:\/\/www.gaveanews.com\/index.php\/2023\/08\/30\/torcida-do-flamengo-debocha-de-marcos-braz-devido-a-lesao-de-arrascaeta-e-cita-claudinho\/#primaryimage"},"thumbnailUrl":"https:\/\/www.gaveanews.com\/wp-content\/uploads\/Arrascaeta-em-acao-pelo-Flamengo.webp","datePublished":"2023-08-30T15:38:38+00:00","dateModified":"2024-04-07T17:05:40+00:00","author":{"@id":"https:\/\/www.gaveanews.com\/#\/schema\/person\/714c67050b836198af2450ba1c142a67"},"breadcrumb":{"@id":"https:\/\/www.gaveanews.com\/index.php\/2023\/08\/30\/torcida-do-flamengo-debocha-de-marcos-braz-devido-a-lesao-de-arrascaeta-e-cita-claudinho\/#breadcrumb"},"inLanguage":"pt-BR","potentialAction":[{"@type":"ReadAction","target":["https:\/\/www.gaveanews.com\/index.php\/2023\/08\/30\/torcida-do-flamengo-debocha-de-marcos-braz-devido-a-lesao-de-arrascaeta-e-cita-claudinho\/"]}]},{"@type":"ImageObject","inLanguage":"pt-BR","@id":"https:\/\/www.gaveanews.com\/index.php\/2023\/08\/30\/torcida-do-flamengo-debocha-de-marcos-braz-devido-a-lesao-de-arrascaeta-e-cita-claudinho\/#primaryimage","url":"https:\/\/www.gaveanews.com\/wp-content\/uploads\/Arrascaeta-em-acao-pelo-Flamengo.webp","contentUrl":"https:\/\/www.gaveanews.com\/wp-content\/uploads\/Arrascaeta-em-acao-pelo-Flamengo.webp","width":800,"height":533,"caption":"Arrascaeta em a\u00e7\u00e3o pelo Flamengo (Foto: Marcelo Cortes\/Flamengo)"},{"@type":"BreadcrumbList","@id":"https:\/\/www.gaveanews.com\/index.php\/2023\/08\/30\/torcida-do-flamengo-debocha-de-marcos-braz-devido-a-lesao-de-arrascaeta-e-cita-claudinho\/#breadcrumb","itemListElement":[{"@type":"ListItem","position":1,"name":"Home","item":"https:\/\/www.gaveanews.com\/"},{"@type":"ListItem","position":2,"name":"Torcida do Flamengo debocha de Marcos Braz devido a les\u00e3o de Arrascaeta e cita Claudinho"}]},{"@type":"WebSite","@id":"https:\/\/www.gaveanews.com\/#website","url":"https:\/\/www.gaveanews.com\/","name":"G\u00e1vea News","description":"Veja todas as not\u00edcias sobre o Flamengo: Contrata\u00e7\u00f5es, categorias de base, resultados das partidas, tabela de classifica\u00e7\u00e3o, pr\u00f3ximos jogos!","potentialAction":[{"@type":"SearchAction","target":{"@type":"EntryPoint","urlTemplate":"https:\/\/www.gaveanews.com\/?s={search_term_string}"},"query-input":{"@type":"PropertyValueSpecification","valueRequired":true,"valueName":"search_term_string"}}],"inLanguage":"pt-BR"},{"@type":"Person","@id":"https:\/\/www.gaveanews.com\/#\/schema\/person\/714c67050b836198af2450ba1c142a67","name":"Let\u00edcia Gerheim","image":{"@type":"ImageObject","inLanguage":"pt-BR","@id":"https:\/\/www.gaveanews.com\/#\/schema\/person\/image\/","url":"https:\/\/secure.gravatar.com\/avatar\/60734739c50fcebfbac509e2a826ccd0ff405c019bc73aab9354f19ecad1dcb4?s=96&d=mm&r=g","contentUrl":"https:\/\/secure.gravatar.com\/avatar\/60734739c50fcebfbac509e2a826ccd0ff405c019bc73aab9354f19ecad1dcb4?s=96&d=mm&r=g","caption":"Let\u00edcia Gerheim"}}]}},"_links":{"self":[{"href":"https:\/\/www.gaveanews.com\/index.php\/wp-json\/wp\/v2\/posts\/105777","targetHints":{"allow":["GET"]}}],"collection":[{"href":"https:\/\/www.gaveanews.com\/index.php\/wp-json\/wp\/v2\/posts"}],"about":[{"href":"https:\/\/www.gaveanews.com\/index.php\/wp-json\/wp\/v2\/types\/post"}],"author":[{"embeddable":true,"href":"https:\/\/www.gaveanews.com\/index.php\/wp-json\/wp\/v2\/users\/4"}],"replies":[{"embeddable":true,"href":"https:\/\/www.gaveanews.com\/index.php\/wp-json\/wp\/v2\/comments?post=105777"}],"version-history":[{"count":1,"href":"https:\/\/www.gaveanews.com\/index.php\/wp-json\/wp\/v2\/posts\/105777\/revisions"}],"predecessor-version":[{"id":135554,"href":"https:\/\/www.gaveanews.com\/index.php\/wp-json\/wp\/v2\/posts\/105777\/revisions\/135554"}],"wp:featuredmedia":[{"embeddable":true,"href":"https:\/\/www.gaveanews.com\/index.php\/wp-json\/wp\/v2\/media\/78759"}],"wp:attachment":[{"href":"https:\/\/www.gaveanews.com\/index.php\/wp-json\/wp\/v2\/media?parent=105777"}],"wp:term":[{"taxonomy":"category","embeddable":true,"href":"https:\/\/www.gaveanews.com\/index.php\/wp-json\/wp\/v2\/categories?post=105777"},{"taxonomy":"post_tag","embeddable":true,"href":"https:\/\/www.gaveanews.com\/index.php\/wp-json\/wp\/v2\/tags?post=105777"}],"curies":[{"name":"wp","href":"https:\/\/api.w.org\/{rel}","templated":true}]}}