{"id":105779,"date":"2023-08-30T13:02:30","date_gmt":"2023-08-30T16:02:30","guid":{"rendered":"https:\/\/www.gaveanews.com\/?p=105779"},"modified":"2023-08-30T13:02:32","modified_gmt":"2023-08-30T16:02:32","slug":"em-meio-a-protestos-de-torcedores-do-flamengo-gabigol-completa-27-anos","status":"publish","type":"post","link":"https:\/\/www.gaveanews.com\/index.php\/2023\/08\/30\/em-meio-a-protestos-de-torcedores-do-flamengo-gabigol-completa-27-anos\/","title":{"rendered":"Em meio a protestos de torcedores do Flamengo, Gabigol completa 27 anos"},"content":{"rendered":"\n<p>Por: Let\u00edcia Gerheim<br><br>Membro da equipe rubro-negra desde 2019, Gabigol completa 27 anos de vida nesta quarta-feira (30). O camisa 10 disputa sua quinta temporada vestindo o Manto Sagrado e \u00e9 um dos principais atletas do atual elenco.<\/p>\n\n\n\n<p>O jogador se identifica com o Mais Querido e sua torcida, afirmando at\u00e9 mesmo se considerar um carioca. Mas o grande sucesso do atleta no clube aconteceu mesmo pelas grandes atua\u00e7\u00f5es e a longa lista de t\u00edtulos conquistados desde sua chegada.<\/p>\n\n\n\n<p>J\u00e1 s\u00e3o onze ta\u00e7as levantadas desde a chegada ao Flamengo: Campeonato Carioca (2019, 2020 e 2021), Brasileir\u00e3o (2019 e 2020), Copa do Brasil (2022), Libertadores (2019 e 2022), Supercopa (2020 e 2021) e Recopa (2020).<\/p>\n\n\n\n<p>As 256 atua\u00e7\u00f5es pelo clube renderam diversas mem\u00f3rias como os gols marcados na final da Libertadores de 2019. No total, ele marcou 153 gols e deu 43 assist\u00eancias, rendendo tamb\u00e9m diversas artilharias nas competi\u00e7\u00f5es.<\/p>\n\n\n\n<p>O Flamengo publicou uma mensagem comemorando o anivers\u00e1rio do camisa 10 nas redes sociais.<\/p>\n\n\n\n<h2 class=\"wp-block-heading\" id=\"h-confira\">Confira:<\/h2>\n\n\n\n<figure class=\"wp-block-embed is-type-rich is-provider-twitter wp-block-embed-twitter\"><div class=\"wp-block-embed__wrapper\">\n<blockquote class=\"twitter-tweet\" data-width=\"550\" data-dnt=\"true\"><p lang=\"zxx\" dir=\"ltr\"><a href=\"https:\/\/t.co\/cYyX6HupDx\">pic.twitter.com\/cYyX6HupDx<\/a><\/p>&mdash; Flamengo (@Flamengo) <a href=\"https:\/\/twitter.com\/Flamengo\/status\/1696871622471205282?ref_src=twsrc%5Etfw\">August 30, 2023<\/a><\/blockquote><script async src=\"https:\/\/platform.twitter.com\/widgets.js\" charset=\"utf-8\"><\/script>\n<\/div><\/figure>\n\n\n\n<h2 class=\"wp-block-heading\" id=\"h-protestos-de-torcedores\">Protestos de torcedores<\/h2>\n\n\n\n<p>Apesar da identifica\u00e7\u00e3o do jogador com os torcedores e da hist\u00f3ria feita no Flamengo, Gabigol n\u00e3o est\u00e1 em sua melhor fase e \u00e9 alvo de protestos de torcedores. O atacante n\u00e3o foi poupado em sua festa de anivers\u00e1rio e precisou de aux\u00edlio do policiamento para conter flamenguistas que foram ao local para protestar contra o atual momento do time.<\/p>\n","protected":false},"excerpt":{"rendered":"<p>Por: Let\u00edcia Gerheim Membro da equipe rubro-negra desde 2019, Gabigol completa 27 anos de vida nesta quarta-feira (30). O camisa 10 disputa sua quinta temporada vestindo o Manto Sagrado e \u00e9 um dos principais atletas do atual elenco. O jogador se identifica com o Mais Querido e sua torcida, afirmando at\u00e9 mesmo se considerar um [&hellip;]<\/p>\n","protected":false},"author":4,"featured_media":99904,"comment_status":"open","ping_status":"closed","sticky":false,"template":"","format":"standard","meta":{"footnotes":""},"categories":[1],"tags":[],"class_list":["post-105779","post","type-post","status-publish","format-standard","has-post-thumbnail","hentry","category-flamengo"],"yoast_head":"<!-- This site is optimized with the Yoast SEO Premium plugin v24.2 (Yoast SEO v26.9) - https:\/\/yoast.com\/product\/yoast-seo-premium-wordpress\/ -->\n<title>Em meio a protestos de torcedores do Flamengo, Gabigol completa 27 anos<\/title>\n<meta name=\"robots\" content=\"index, follow, max-snippet:-1, max-image-preview:large, max-video-preview:-1\" \/>\n<link rel=\"canonical\" href=\"https:\/\/www.gaveanews.com\/index.php\/2023\/08\/30\/em-meio-a-protestos-de-torcedores-do-flamengo-gabigol-completa-27-anos\/\" \/>\n<meta property=\"og:locale\" content=\"pt_BR\" \/>\n<meta property=\"og:type\" content=\"article\" \/>\n<meta property=\"og:title\" content=\"Em meio a protestos de torcedores do Flamengo, Gabigol completa 27 anos\" \/>\n<meta property=\"og:description\" content=\"Por: Let\u00edcia Gerheim Membro da equipe rubro-negra desde 2019, Gabigol completa 27 anos de vida nesta quarta-feira (30). O camisa 10 disputa sua quinta temporada vestindo o Manto Sagrado e \u00e9 um dos principais atletas do atual elenco. O jogador se identifica com o Mais Querido e sua torcida, afirmando at\u00e9 mesmo se considerar um [&hellip;]\" \/>\n<meta property=\"og:url\" content=\"https:\/\/www.gaveanews.com\/index.php\/2023\/08\/30\/em-meio-a-protestos-de-torcedores-do-flamengo-gabigol-completa-27-anos\/\" \/>\n<meta property=\"og:site_name\" content=\"G\u00e1vea News\" \/>\n<meta property=\"article:publisher\" content=\"https:\/\/facebook.com\/gaveaNews\/\" \/>\n<meta property=\"article:published_time\" content=\"2023-08-30T16:02:30+00:00\" \/>\n<meta property=\"article:modified_time\" content=\"2023-08-30T16:02:32+00:00\" \/>\n<meta property=\"og:image\" content=\"https:\/\/www.gaveanews.com\/wp-content\/uploads\/gabigol-flamengo-gol-fluminense-copa-do-brasil-maracana.webp\" \/>\n\t<meta property=\"og:image:width\" content=\"900\" \/>\n\t<meta property=\"og:image:height\" content=\"599\" \/>\n\t<meta property=\"og:image:type\" content=\"image\/jpeg\" \/>\n<meta name=\"author\" content=\"Let\u00edcia Gerheim\" \/>\n<meta name=\"twitter:card\" content=\"summary_large_image\" \/>\n<meta name=\"twitter:label1\" content=\"Escrito por\" \/>\n\t<meta name=\"twitter:data1\" content=\"Let\u00edcia Gerheim\" \/>\n\t<meta name=\"twitter:label2\" content=\"Est. tempo de leitura\" \/>\n\t<meta name=\"twitter:data2\" content=\"2 minutos\" \/>\n<script type=\"application\/ld+json\" class=\"yoast-schema-graph\">{\"@context\":\"https:\/\/schema.org\",\"@graph\":[{\"@type\":\"NewsArticle\",\"@id\":\"https:\/\/www.gaveanews.com\/index.php\/2023\/08\/30\/em-meio-a-protestos-de-torcedores-do-flamengo-gabigol-completa-27-anos\/#article\",\"isPartOf\":{\"@id\":\"https:\/\/www.gaveanews.com\/index.php\/2023\/08\/30\/em-meio-a-protestos-de-torcedores-do-flamengo-gabigol-completa-27-anos\/\"},\"author\":{\"name\":\"Let\u00edcia Gerheim\",\"@id\":\"https:\/\/www.gaveanews.com\/#\/schema\/person\/714c67050b836198af2450ba1c142a67\"},\"headline\":\"Em meio a protestos de torcedores do Flamengo, Gabigol completa 27 anos\",\"datePublished\":\"2023-08-30T16:02:30+00:00\",\"dateModified\":\"2023-08-30T16:02:32+00:00\",\"mainEntityOfPage\":{\"@id\":\"https:\/\/www.gaveanews.com\/index.php\/2023\/08\/30\/em-meio-a-protestos-de-torcedores-do-flamengo-gabigol-completa-27-anos\/\"},\"wordCount\":238,\"commentCount\":0,\"image\":{\"@id\":\"https:\/\/www.gaveanews.com\/index.php\/2023\/08\/30\/em-meio-a-protestos-de-torcedores-do-flamengo-gabigol-completa-27-anos\/#primaryimage\"},\"thumbnailUrl\":\"https:\/\/www.gaveanews.com\/wp-content\/uploads\/gabigol-flamengo-gol-fluminense-copa-do-brasil-maracana.webp\",\"articleSection\":[\"Flamengo\"],\"inLanguage\":\"pt-BR\",\"potentialAction\":[{\"@type\":\"CommentAction\",\"name\":\"Comment\",\"target\":[\"https:\/\/www.gaveanews.com\/index.php\/2023\/08\/30\/em-meio-a-protestos-de-torcedores-do-flamengo-gabigol-completa-27-anos\/#respond\"]}],\"copyrightYear\":\"2023\",\"copyrightHolder\":{\"@id\":\"https:\/\/www.gaveanews.com\/#organization\"}},{\"@type\":\"WebPage\",\"@id\":\"https:\/\/www.gaveanews.com\/index.php\/2023\/08\/30\/em-meio-a-protestos-de-torcedores-do-flamengo-gabigol-completa-27-anos\/\",\"url\":\"https:\/\/www.gaveanews.com\/index.php\/2023\/08\/30\/em-meio-a-protestos-de-torcedores-do-flamengo-gabigol-completa-27-anos\/\",\"name\":\"Em meio a protestos de torcedores do Flamengo, Gabigol completa 27 anos\",\"isPartOf\":{\"@id\":\"https:\/\/www.gaveanews.com\/#website\"},\"primaryImageOfPage\":{\"@id\":\"https:\/\/www.gaveanews.com\/index.php\/2023\/08\/30\/em-meio-a-protestos-de-torcedores-do-flamengo-gabigol-completa-27-anos\/#primaryimage\"},\"image\":{\"@id\":\"https:\/\/www.gaveanews.com\/index.php\/2023\/08\/30\/em-meio-a-protestos-de-torcedores-do-flamengo-gabigol-completa-27-anos\/#primaryimage\"},\"thumbnailUrl\":\"https:\/\/www.gaveanews.com\/wp-content\/uploads\/gabigol-flamengo-gol-fluminense-copa-do-brasil-maracana.webp\",\"datePublished\":\"2023-08-30T16:02:30+00:00\",\"dateModified\":\"2023-08-30T16:02:32+00:00\",\"author\":{\"@id\":\"https:\/\/www.gaveanews.com\/#\/schema\/person\/714c67050b836198af2450ba1c142a67\"},\"breadcrumb\":{\"@id\":\"https:\/\/www.gaveanews.com\/index.php\/2023\/08\/30\/em-meio-a-protestos-de-torcedores-do-flamengo-gabigol-completa-27-anos\/#breadcrumb\"},\"inLanguage\":\"pt-BR\",\"potentialAction\":[{\"@type\":\"ReadAction\",\"target\":[\"https:\/\/www.gaveanews.com\/index.php\/2023\/08\/30\/em-meio-a-protestos-de-torcedores-do-flamengo-gabigol-completa-27-anos\/\"]}]},{\"@type\":\"ImageObject\",\"inLanguage\":\"pt-BR\",\"@id\":\"https:\/\/www.gaveanews.com\/index.php\/2023\/08\/30\/em-meio-a-protestos-de-torcedores-do-flamengo-gabigol-completa-27-anos\/#primaryimage\",\"url\":\"https:\/\/www.gaveanews.com\/wp-content\/uploads\/gabigol-flamengo-gol-fluminense-copa-do-brasil-maracana.webp\",\"contentUrl\":\"https:\/\/www.gaveanews.com\/wp-content\/uploads\/gabigol-flamengo-gol-fluminense-copa-do-brasil-maracana.webp\",\"width\":900,\"height\":599,\"caption\":\"Gabigol comemora gol marcado pelo Flamengo contra o Fluminense no Maracan\u00e3 (Foto: Marcelo Cortes\/Flamengo)\"},{\"@type\":\"BreadcrumbList\",\"@id\":\"https:\/\/www.gaveanews.com\/index.php\/2023\/08\/30\/em-meio-a-protestos-de-torcedores-do-flamengo-gabigol-completa-27-anos\/#breadcrumb\",\"itemListElement\":[{\"@type\":\"ListItem\",\"position\":1,\"name\":\"Home\",\"item\":\"https:\/\/www.gaveanews.com\/\"},{\"@type\":\"ListItem\",\"position\":2,\"name\":\"Em meio a protestos de torcedores do Flamengo, Gabigol completa 27 anos\"}]},{\"@type\":\"WebSite\",\"@id\":\"https:\/\/www.gaveanews.com\/#website\",\"url\":\"https:\/\/www.gaveanews.com\/\",\"name\":\"G\u00e1vea News\",\"description\":\"Veja todas as not\u00edcias sobre o Flamengo: Contrata\u00e7\u00f5es, categorias de base, resultados das partidas, tabela de classifica\u00e7\u00e3o, pr\u00f3ximos jogos!\",\"potentialAction\":[{\"@type\":\"SearchAction\",\"target\":{\"@type\":\"EntryPoint\",\"urlTemplate\":\"https:\/\/www.gaveanews.com\/?s={search_term_string}\"},\"query-input\":{\"@type\":\"PropertyValueSpecification\",\"valueRequired\":true,\"valueName\":\"search_term_string\"}}],\"inLanguage\":\"pt-BR\"},{\"@type\":\"Person\",\"@id\":\"https:\/\/www.gaveanews.com\/#\/schema\/person\/714c67050b836198af2450ba1c142a67\",\"name\":\"Let\u00edcia Gerheim\",\"image\":{\"@type\":\"ImageObject\",\"inLanguage\":\"pt-BR\",\"@id\":\"https:\/\/www.gaveanews.com\/#\/schema\/person\/image\/\",\"url\":\"https:\/\/secure.gravatar.com\/avatar\/60734739c50fcebfbac509e2a826ccd0ff405c019bc73aab9354f19ecad1dcb4?s=96&d=mm&r=g\",\"contentUrl\":\"https:\/\/secure.gravatar.com\/avatar\/60734739c50fcebfbac509e2a826ccd0ff405c019bc73aab9354f19ecad1dcb4?s=96&d=mm&r=g\",\"caption\":\"Let\u00edcia Gerheim\"}}]}<\/script>\n<!-- \/ Yoast SEO Premium plugin. -->","yoast_head_json":{"title":"Em meio a protestos de torcedores do Flamengo, Gabigol completa 27 anos","robots":{"index":"index","follow":"follow","max-snippet":"max-snippet:-1","max-image-preview":"max-image-preview:large","max-video-preview":"max-video-preview:-1"},"canonical":"https:\/\/www.gaveanews.com\/index.php\/2023\/08\/30\/em-meio-a-protestos-de-torcedores-do-flamengo-gabigol-completa-27-anos\/","og_locale":"pt_BR","og_type":"article","og_title":"Em meio a protestos de torcedores do Flamengo, Gabigol completa 27 anos","og_description":"Por: Let\u00edcia Gerheim Membro da equipe rubro-negra desde 2019, Gabigol completa 27 anos de vida nesta quarta-feira (30). O camisa 10 disputa sua quinta temporada vestindo o Manto Sagrado e \u00e9 um dos principais atletas do atual elenco. O jogador se identifica com o Mais Querido e sua torcida, afirmando at\u00e9 mesmo se considerar um [&hellip;]","og_url":"https:\/\/www.gaveanews.com\/index.php\/2023\/08\/30\/em-meio-a-protestos-de-torcedores-do-flamengo-gabigol-completa-27-anos\/","og_site_name":"G\u00e1vea News","article_publisher":"https:\/\/facebook.com\/gaveaNews\/","article_published_time":"2023-08-30T16:02:30+00:00","article_modified_time":"2023-08-30T16:02:32+00:00","og_image":[{"width":900,"height":599,"url":"https:\/\/www.gaveanews.com\/wp-content\/uploads\/gabigol-flamengo-gol-fluminense-copa-do-brasil-maracana.webp","type":"image\/jpeg"}],"author":"Let\u00edcia Gerheim","twitter_card":"summary_large_image","twitter_misc":{"Escrito por":"Let\u00edcia Gerheim","Est. tempo de leitura":"2 minutos"},"schema":{"@context":"https:\/\/schema.org","@graph":[{"@type":"NewsArticle","@id":"https:\/\/www.gaveanews.com\/index.php\/2023\/08\/30\/em-meio-a-protestos-de-torcedores-do-flamengo-gabigol-completa-27-anos\/#article","isPartOf":{"@id":"https:\/\/www.gaveanews.com\/index.php\/2023\/08\/30\/em-meio-a-protestos-de-torcedores-do-flamengo-gabigol-completa-27-anos\/"},"author":{"name":"Let\u00edcia Gerheim","@id":"https:\/\/www.gaveanews.com\/#\/schema\/person\/714c67050b836198af2450ba1c142a67"},"headline":"Em meio a protestos de torcedores do Flamengo, Gabigol completa 27 anos","datePublished":"2023-08-30T16:02:30+00:00","dateModified":"2023-08-30T16:02:32+00:00","mainEntityOfPage":{"@id":"https:\/\/www.gaveanews.com\/index.php\/2023\/08\/30\/em-meio-a-protestos-de-torcedores-do-flamengo-gabigol-completa-27-anos\/"},"wordCount":238,"commentCount":0,"image":{"@id":"https:\/\/www.gaveanews.com\/index.php\/2023\/08\/30\/em-meio-a-protestos-de-torcedores-do-flamengo-gabigol-completa-27-anos\/#primaryimage"},"thumbnailUrl":"https:\/\/www.gaveanews.com\/wp-content\/uploads\/gabigol-flamengo-gol-fluminense-copa-do-brasil-maracana.webp","articleSection":["Flamengo"],"inLanguage":"pt-BR","potentialAction":[{"@type":"CommentAction","name":"Comment","target":["https:\/\/www.gaveanews.com\/index.php\/2023\/08\/30\/em-meio-a-protestos-de-torcedores-do-flamengo-gabigol-completa-27-anos\/#respond"]}],"copyrightYear":"2023","copyrightHolder":{"@id":"https:\/\/www.gaveanews.com\/#organization"}},{"@type":"WebPage","@id":"https:\/\/www.gaveanews.com\/index.php\/2023\/08\/30\/em-meio-a-protestos-de-torcedores-do-flamengo-gabigol-completa-27-anos\/","url":"https:\/\/www.gaveanews.com\/index.php\/2023\/08\/30\/em-meio-a-protestos-de-torcedores-do-flamengo-gabigol-completa-27-anos\/","name":"Em meio a protestos de torcedores do Flamengo, Gabigol completa 27 anos","isPartOf":{"@id":"https:\/\/www.gaveanews.com\/#website"},"primaryImageOfPage":{"@id":"https:\/\/www.gaveanews.com\/index.php\/2023\/08\/30\/em-meio-a-protestos-de-torcedores-do-flamengo-gabigol-completa-27-anos\/#primaryimage"},"image":{"@id":"https:\/\/www.gaveanews.com\/index.php\/2023\/08\/30\/em-meio-a-protestos-de-torcedores-do-flamengo-gabigol-completa-27-anos\/#primaryimage"},"thumbnailUrl":"https:\/\/www.gaveanews.com\/wp-content\/uploads\/gabigol-flamengo-gol-fluminense-copa-do-brasil-maracana.webp","datePublished":"2023-08-30T16:02:30+00:00","dateModified":"2023-08-30T16:02:32+00:00","author":{"@id":"https:\/\/www.gaveanews.com\/#\/schema\/person\/714c67050b836198af2450ba1c142a67"},"breadcrumb":{"@id":"https:\/\/www.gaveanews.com\/index.php\/2023\/08\/30\/em-meio-a-protestos-de-torcedores-do-flamengo-gabigol-completa-27-anos\/#breadcrumb"},"inLanguage":"pt-BR","potentialAction":[{"@type":"ReadAction","target":["https:\/\/www.gaveanews.com\/index.php\/2023\/08\/30\/em-meio-a-protestos-de-torcedores-do-flamengo-gabigol-completa-27-anos\/"]}]},{"@type":"ImageObject","inLanguage":"pt-BR","@id":"https:\/\/www.gaveanews.com\/index.php\/2023\/08\/30\/em-meio-a-protestos-de-torcedores-do-flamengo-gabigol-completa-27-anos\/#primaryimage","url":"https:\/\/www.gaveanews.com\/wp-content\/uploads\/gabigol-flamengo-gol-fluminense-copa-do-brasil-maracana.webp","contentUrl":"https:\/\/www.gaveanews.com\/wp-content\/uploads\/gabigol-flamengo-gol-fluminense-copa-do-brasil-maracana.webp","width":900,"height":599,"caption":"Gabigol comemora gol marcado pelo Flamengo contra o Fluminense no Maracan\u00e3 (Foto: Marcelo Cortes\/Flamengo)"},{"@type":"BreadcrumbList","@id":"https:\/\/www.gaveanews.com\/index.php\/2023\/08\/30\/em-meio-a-protestos-de-torcedores-do-flamengo-gabigol-completa-27-anos\/#breadcrumb","itemListElement":[{"@type":"ListItem","position":1,"name":"Home","item":"https:\/\/www.gaveanews.com\/"},{"@type":"ListItem","position":2,"name":"Em meio a protestos de torcedores do Flamengo, Gabigol completa 27 anos"}]},{"@type":"WebSite","@id":"https:\/\/www.gaveanews.com\/#website","url":"https:\/\/www.gaveanews.com\/","name":"G\u00e1vea News","description":"Veja todas as not\u00edcias sobre o Flamengo: Contrata\u00e7\u00f5es, categorias de base, resultados das partidas, tabela de classifica\u00e7\u00e3o, pr\u00f3ximos jogos!","potentialAction":[{"@type":"SearchAction","target":{"@type":"EntryPoint","urlTemplate":"https:\/\/www.gaveanews.com\/?s={search_term_string}"},"query-input":{"@type":"PropertyValueSpecification","valueRequired":true,"valueName":"search_term_string"}}],"inLanguage":"pt-BR"},{"@type":"Person","@id":"https:\/\/www.gaveanews.com\/#\/schema\/person\/714c67050b836198af2450ba1c142a67","name":"Let\u00edcia Gerheim","image":{"@type":"ImageObject","inLanguage":"pt-BR","@id":"https:\/\/www.gaveanews.com\/#\/schema\/person\/image\/","url":"https:\/\/secure.gravatar.com\/avatar\/60734739c50fcebfbac509e2a826ccd0ff405c019bc73aab9354f19ecad1dcb4?s=96&d=mm&r=g","contentUrl":"https:\/\/secure.gravatar.com\/avatar\/60734739c50fcebfbac509e2a826ccd0ff405c019bc73aab9354f19ecad1dcb4?s=96&d=mm&r=g","caption":"Let\u00edcia Gerheim"}}]}},"_links":{"self":[{"href":"https:\/\/www.gaveanews.com\/index.php\/wp-json\/wp\/v2\/posts\/105779","targetHints":{"allow":["GET"]}}],"collection":[{"href":"https:\/\/www.gaveanews.com\/index.php\/wp-json\/wp\/v2\/posts"}],"about":[{"href":"https:\/\/www.gaveanews.com\/index.php\/wp-json\/wp\/v2\/types\/post"}],"author":[{"embeddable":true,"href":"https:\/\/www.gaveanews.com\/index.php\/wp-json\/wp\/v2\/users\/4"}],"replies":[{"embeddable":true,"href":"https:\/\/www.gaveanews.com\/index.php\/wp-json\/wp\/v2\/comments?post=105779"}],"version-history":[{"count":0,"href":"https:\/\/www.gaveanews.com\/index.php\/wp-json\/wp\/v2\/posts\/105779\/revisions"}],"wp:featuredmedia":[{"embeddable":true,"href":"https:\/\/www.gaveanews.com\/index.php\/wp-json\/wp\/v2\/media\/99904"}],"wp:attachment":[{"href":"https:\/\/www.gaveanews.com\/index.php\/wp-json\/wp\/v2\/media?parent=105779"}],"wp:term":[{"taxonomy":"category","embeddable":true,"href":"https:\/\/www.gaveanews.com\/index.php\/wp-json\/wp\/v2\/categories?post=105779"},{"taxonomy":"post_tag","embeddable":true,"href":"https:\/\/www.gaveanews.com\/index.php\/wp-json\/wp\/v2\/tags?post=105779"}],"curies":[{"name":"wp","href":"https:\/\/api.w.org\/{rel}","templated":true}]}}