{"id":105784,"date":"2023-08-30T15:15:34","date_gmt":"2023-08-30T18:15:34","guid":{"rendered":"https:\/\/www.gaveanews.com\/?p=105784"},"modified":"2023-08-30T15:15:36","modified_gmt":"2023-08-30T18:15:36","slug":"apos-declaracao-polemica-flamengo-ira-processar-ex-jogador-por-insinuar-existencia-de-forcas-ocultas-a-favor-do-clube","status":"publish","type":"post","link":"https:\/\/www.gaveanews.com\/index.php\/2023\/08\/30\/apos-declaracao-polemica-flamengo-ira-processar-ex-jogador-por-insinuar-existencia-de-forcas-ocultas-a-favor-do-clube\/","title":{"rendered":"Ap\u00f3s declara\u00e7\u00e3o pol\u00eamica, Flamengo ir\u00e1 processar ex-jogador por insinuar exist\u00eancia de &#8220;for\u00e7as ocultas&#8221; a favor do clube"},"content":{"rendered":"\n<p>O Flamengo vai entrar com processo por danos morais contra Marcelinho Carioca, que defendeu o clube entre 1988 e 1993. Em seu canal de Youtube &#8220;R\u00e1dio Marcelinho Carioca&#8221;, o ex-jogador insinuou que o Rubro-Negro ser\u00e1 favorecido na final da Copa do Brasil contra o S\u00e3o Paulo falando em &#8220;for\u00e7as ocultas&#8221;.<\/p>\n\n\n\n<h2 class=\"wp-block-heading\" id=\"h-o-sao-paulo-vai-ter-que-jogar-contra-11-contra-12-ou-contra-13\">&#8220;O S\u00e3o Paulo vai ter que jogar contra 11, contra 12 ou contra 13.&#8221;<\/h2>\n\n\n\n<p>Em contato com o ge, o vice-presidente geral do Flamengo e tamb\u00e9m do departamento jur\u00eddico, Rodrigo Dunshee de Abranches, confirmou que clube mover\u00e1 a\u00e7\u00e3o por dano moral contra Marcelinho ap\u00f3s este <em>&#8220;macular a imagem do clube ao fazer acusa\u00e7\u00f5es graves sem qualquer prova&#8221;.<\/em><\/p>\n\n\n\n<h4 class=\"wp-block-heading\" id=\"h-e-preciso-respeitar-a-instituicao-flamengo-nao-pode-uma-pessoa-seja-quem-for-fazer-graves-acusacoes-sem-um-minimo-de-prova-isso-causa-danos-a-reputacao-e-a-imagem-do-clube-e-ele-sera-acionado-na-justica-decepcao-um-ex-atleta-fazer-um-papel-desses-afirmou-dunshee\"><em>&#8220;\u00c9 preciso respeitar a institui\u00e7\u00e3o Flamengo. N\u00e3o pode uma pessoa, seja quem for, fazer graves acusa\u00e7\u00f5es sem um m\u00ednimo de prova. Isso causa danos \u00e0 reputa\u00e7\u00e3o e \u00e0 imagem do clube, e ele ser\u00e1 acionado na justi\u00e7a. Decep\u00e7\u00e3o um ex-atleta fazer um papel desses&#8221;<\/em> &#8211; afirmou Dunshee.<\/h4>\n\n\n\n<p>Confira abaixo o di\u00e1logo em que Marcelinho, em transmiss\u00e3o ao vivo no canal &#8220;R\u00e1dio Marcelinho Carioca&#8221; insinuou o favorecimento ao Flamengo:<\/p>\n\n\n\n<p><em><strong>&#8220;Posso falar uma coisa que escutei no s\u00e1bado l\u00e1 em Recife. N\u00e3o posso falar o que escutei\u2026 O cara garantiu e falou assim: &#8220;o segundo jogo \u00e9 no Morumbi, escreve o que estou te falando porque eu estava no Rio&#8221;. Pode ser ao contr\u00e1rio, hein? A situa\u00e7\u00e3o toda.&#8221;<\/strong><\/em><\/p>\n\n\n\n<p>Perguntado se o mando de campo do S\u00e3o Paulo na decis\u00e3o seria uma forma de disfar\u00e7ar algo a favor do Flamengo, Marcelinho respondeu:<\/p>\n\n\n\n<p><em><strong>&#8220;Com certeza.&#8221;<\/strong><\/em><\/p>\n\n\n\n<p>O interlocutor ainda perguntou: <em>&#8220;Voc\u00ea acha que tem coisa nos bastidores pendendo para o Flamengo?&#8221;<\/em>. O ex-jogador, convicto, emendou:<\/p>\n\n\n\n<p><strong><em>Violent\u00edssima. Violent\u00edssima. Rapaz, mas o Flamengo \u00e9 um tima\u00e7o.<\/em><\/strong><\/p>\n\n\n\n<p>Marcelinho encerra os coment\u00e1rios a respeito do tema afirmando que o S\u00e3o Paulo teria de jogar muito para vencer o Flamengo por conta de uma suposta exist\u00eancia de &#8220;for\u00e7as ocultas&#8221; a favor dos cariocas.<\/p>\n\n\n\n<p>O S\u00e3o Paulo vai ter que jogar para caceta do mundo, do mundo. Por qu\u00ea? O ambiente do S\u00e3o Paulo \u00e9 maravilhoso, o Dorival J\u00fanior \u00e9 um cara extraordin\u00e1rio que mudou n\u00e3o s\u00f3 o ambiente, mas o time tamb\u00e9m. O time est\u00e1 jogando bem. V\u00e3o ter 70 mil pessoas no Morumbi na final?<\/p>\n\n\n\n<p><strong><em>&#8220;O Flamengo \u00e9 forte no Maracan\u00e3, mas fora tamb\u00e9m porque tem um time muito bom. O ambiente n\u00e3o \u00e9 legal, mas as for\u00e7as ocultas que imergem no Rio\u2026 Se voc\u00ea pula no Rio, toma banho. Mas voc\u00ea n\u00e3o pula num Rio onde tem piranha porque pode te pegar. A mordida n\u00e3o est\u00e1 l\u00e1, a mordida pode vir aqui no Morumbi.&#8221;<\/em><\/strong><\/p>\n\n\n\n<p><em><strong>&#8220;O S\u00e3o Paulo vai ter que jogar contra 11, contra 12 ou contra 13.&#8221;<\/strong><\/em><\/p>\n\n\n\n<p>Hoje aos 51 anos e exercendo a fun\u00e7\u00e3o de jornalista, Marcelinho Carioca profissionalizou-se no Flamengo. Fez 242 partidas com a camisa do clube, marcou 49 gols e foi campe\u00e3o carioca (1991), da Copa do Brasil (1990) e do Brasileiro (1992).<\/p>\n\n\n\n<p>Retirado de: Globo Esporte<\/p>\n","protected":false},"excerpt":{"rendered":"<p>O Flamengo vai entrar com processo por danos morais contra Marcelinho Carioca, que defendeu o clube entre 1988 e 1993. Em seu canal de Youtube &#8220;R\u00e1dio Marcelinho Carioca&#8221;, o ex-jogador insinuou que o Rubro-Negro ser\u00e1 favorecido na final da Copa do Brasil contra o S\u00e3o Paulo falando em &#8220;for\u00e7as ocultas&#8221;. &#8220;O S\u00e3o Paulo vai ter [&hellip;]<\/p>\n","protected":false},"author":6,"featured_media":82158,"comment_status":"open","ping_status":"closed","sticky":false,"template":"","format":"standard","meta":{"footnotes":""},"categories":[1],"tags":[],"class_list":["post-105784","post","type-post","status-publish","format-standard","has-post-thumbnail","hentry","category-flamengo"],"yoast_head":"<!-- This site is optimized with the Yoast SEO Premium plugin v24.2 (Yoast SEO v26.9) - https:\/\/yoast.com\/product\/yoast-seo-premium-wordpress\/ -->\n<title>Ap\u00f3s declara\u00e7\u00e3o pol\u00eamica, Flamengo ir\u00e1 processar ex-jogador por insinuar exist\u00eancia de &quot;for\u00e7as ocultas&quot; a favor do clube<\/title>\n<meta name=\"robots\" content=\"index, follow, max-snippet:-1, max-image-preview:large, max-video-preview:-1\" \/>\n<link rel=\"canonical\" href=\"https:\/\/www.gaveanews.com\/index.php\/2023\/08\/30\/apos-declaracao-polemica-flamengo-ira-processar-ex-jogador-por-insinuar-existencia-de-forcas-ocultas-a-favor-do-clube\/\" \/>\n<meta property=\"og:locale\" content=\"pt_BR\" \/>\n<meta property=\"og:type\" content=\"article\" \/>\n<meta property=\"og:title\" content=\"Ap\u00f3s declara\u00e7\u00e3o pol\u00eamica, Flamengo ir\u00e1 processar ex-jogador por insinuar exist\u00eancia de &quot;for\u00e7as ocultas&quot; a favor do clube\" \/>\n<meta property=\"og:description\" content=\"O Flamengo vai entrar com processo por danos morais contra Marcelinho Carioca, que defendeu o clube entre 1988 e 1993. Em seu canal de Youtube &#8220;R\u00e1dio Marcelinho Carioca&#8221;, o ex-jogador insinuou que o Rubro-Negro ser\u00e1 favorecido na final da Copa do Brasil contra o S\u00e3o Paulo falando em &#8220;for\u00e7as ocultas&#8221;. &#8220;O S\u00e3o Paulo vai ter [&hellip;]\" \/>\n<meta property=\"og:url\" content=\"https:\/\/www.gaveanews.com\/index.php\/2023\/08\/30\/apos-declaracao-polemica-flamengo-ira-processar-ex-jogador-por-insinuar-existencia-de-forcas-ocultas-a-favor-do-clube\/\" \/>\n<meta property=\"og:site_name\" content=\"G\u00e1vea News\" \/>\n<meta property=\"article:publisher\" content=\"https:\/\/facebook.com\/gaveaNews\/\" \/>\n<meta property=\"article:published_time\" content=\"2023-08-30T18:15:34+00:00\" \/>\n<meta property=\"article:modified_time\" content=\"2023-08-30T18:15:36+00:00\" \/>\n<meta property=\"og:image\" content=\"https:\/\/www.gaveanews.com\/wp-content\/uploads\/Rodrigo-Dunshee-e-Rodolfo-Landim.webp\" \/>\n\t<meta property=\"og:image:width\" content=\"1000\" \/>\n\t<meta property=\"og:image:height\" content=\"665\" \/>\n\t<meta property=\"og:image:type\" content=\"image\/webp\" \/>\n<meta name=\"author\" content=\"Leonardo Ant\u00f4nio\" \/>\n<meta name=\"twitter:card\" content=\"summary_large_image\" \/>\n<meta name=\"twitter:label1\" content=\"Escrito por\" \/>\n\t<meta name=\"twitter:data1\" content=\"Leonardo Ant\u00f4nio\" \/>\n\t<meta name=\"twitter:label2\" content=\"Est. tempo de leitura\" \/>\n\t<meta name=\"twitter:data2\" content=\"3 minutos\" \/>\n<script type=\"application\/ld+json\" class=\"yoast-schema-graph\">{\"@context\":\"https:\/\/schema.org\",\"@graph\":[{\"@type\":\"NewsArticle\",\"@id\":\"https:\/\/www.gaveanews.com\/index.php\/2023\/08\/30\/apos-declaracao-polemica-flamengo-ira-processar-ex-jogador-por-insinuar-existencia-de-forcas-ocultas-a-favor-do-clube\/#article\",\"isPartOf\":{\"@id\":\"https:\/\/www.gaveanews.com\/index.php\/2023\/08\/30\/apos-declaracao-polemica-flamengo-ira-processar-ex-jogador-por-insinuar-existencia-de-forcas-ocultas-a-favor-do-clube\/\"},\"author\":{\"name\":\"Leonardo Ant\u00f4nio\",\"@id\":\"https:\/\/www.gaveanews.com\/#\/schema\/person\/2d29802e96a726e735077717fb5c6f20\"},\"headline\":\"Ap\u00f3s declara\u00e7\u00e3o pol\u00eamica, Flamengo ir\u00e1 processar ex-jogador por insinuar exist\u00eancia de &#8220;for\u00e7as ocultas&#8221; a favor do clube\",\"datePublished\":\"2023-08-30T18:15:34+00:00\",\"dateModified\":\"2023-08-30T18:15:36+00:00\",\"mainEntityOfPage\":{\"@id\":\"https:\/\/www.gaveanews.com\/index.php\/2023\/08\/30\/apos-declaracao-polemica-flamengo-ira-processar-ex-jogador-por-insinuar-existencia-de-forcas-ocultas-a-favor-do-clube\/\"},\"wordCount\":527,\"commentCount\":0,\"image\":{\"@id\":\"https:\/\/www.gaveanews.com\/index.php\/2023\/08\/30\/apos-declaracao-polemica-flamengo-ira-processar-ex-jogador-por-insinuar-existencia-de-forcas-ocultas-a-favor-do-clube\/#primaryimage\"},\"thumbnailUrl\":\"https:\/\/www.gaveanews.com\/wp-content\/uploads\/Rodrigo-Dunshee-e-Rodolfo-Landim.webp\",\"articleSection\":[\"Flamengo\"],\"inLanguage\":\"pt-BR\",\"potentialAction\":[{\"@type\":\"CommentAction\",\"name\":\"Comment\",\"target\":[\"https:\/\/www.gaveanews.com\/index.php\/2023\/08\/30\/apos-declaracao-polemica-flamengo-ira-processar-ex-jogador-por-insinuar-existencia-de-forcas-ocultas-a-favor-do-clube\/#respond\"]}],\"copyrightYear\":\"2023\",\"copyrightHolder\":{\"@id\":\"https:\/\/www.gaveanews.com\/#organization\"}},{\"@type\":\"WebPage\",\"@id\":\"https:\/\/www.gaveanews.com\/index.php\/2023\/08\/30\/apos-declaracao-polemica-flamengo-ira-processar-ex-jogador-por-insinuar-existencia-de-forcas-ocultas-a-favor-do-clube\/\",\"url\":\"https:\/\/www.gaveanews.com\/index.php\/2023\/08\/30\/apos-declaracao-polemica-flamengo-ira-processar-ex-jogador-por-insinuar-existencia-de-forcas-ocultas-a-favor-do-clube\/\",\"name\":\"Ap\u00f3s declara\u00e7\u00e3o pol\u00eamica, Flamengo ir\u00e1 processar ex-jogador por insinuar exist\u00eancia de \\\"for\u00e7as ocultas\\\" a favor do clube\",\"isPartOf\":{\"@id\":\"https:\/\/www.gaveanews.com\/#website\"},\"primaryImageOfPage\":{\"@id\":\"https:\/\/www.gaveanews.com\/index.php\/2023\/08\/30\/apos-declaracao-polemica-flamengo-ira-processar-ex-jogador-por-insinuar-existencia-de-forcas-ocultas-a-favor-do-clube\/#primaryimage\"},\"image\":{\"@id\":\"https:\/\/www.gaveanews.com\/index.php\/2023\/08\/30\/apos-declaracao-polemica-flamengo-ira-processar-ex-jogador-por-insinuar-existencia-de-forcas-ocultas-a-favor-do-clube\/#primaryimage\"},\"thumbnailUrl\":\"https:\/\/www.gaveanews.com\/wp-content\/uploads\/Rodrigo-Dunshee-e-Rodolfo-Landim.webp\",\"datePublished\":\"2023-08-30T18:15:34+00:00\",\"dateModified\":\"2023-08-30T18:15:36+00:00\",\"author\":{\"@id\":\"https:\/\/www.gaveanews.com\/#\/schema\/person\/2d29802e96a726e735077717fb5c6f20\"},\"breadcrumb\":{\"@id\":\"https:\/\/www.gaveanews.com\/index.php\/2023\/08\/30\/apos-declaracao-polemica-flamengo-ira-processar-ex-jogador-por-insinuar-existencia-de-forcas-ocultas-a-favor-do-clube\/#breadcrumb\"},\"inLanguage\":\"pt-BR\",\"potentialAction\":[{\"@type\":\"ReadAction\",\"target\":[\"https:\/\/www.gaveanews.com\/index.php\/2023\/08\/30\/apos-declaracao-polemica-flamengo-ira-processar-ex-jogador-por-insinuar-existencia-de-forcas-ocultas-a-favor-do-clube\/\"]}]},{\"@type\":\"ImageObject\",\"inLanguage\":\"pt-BR\",\"@id\":\"https:\/\/www.gaveanews.com\/index.php\/2023\/08\/30\/apos-declaracao-polemica-flamengo-ira-processar-ex-jogador-por-insinuar-existencia-de-forcas-ocultas-a-favor-do-clube\/#primaryimage\",\"url\":\"https:\/\/www.gaveanews.com\/wp-content\/uploads\/Rodrigo-Dunshee-e-Rodolfo-Landim.webp\",\"contentUrl\":\"https:\/\/www.gaveanews.com\/wp-content\/uploads\/Rodrigo-Dunshee-e-Rodolfo-Landim.webp\",\"width\":1000,\"height\":665,\"caption\":\"Rodrigo Dunshee e Rodolfo Landim (Foto: Ag\u00eancia Foto BR)\"},{\"@type\":\"BreadcrumbList\",\"@id\":\"https:\/\/www.gaveanews.com\/index.php\/2023\/08\/30\/apos-declaracao-polemica-flamengo-ira-processar-ex-jogador-por-insinuar-existencia-de-forcas-ocultas-a-favor-do-clube\/#breadcrumb\",\"itemListElement\":[{\"@type\":\"ListItem\",\"position\":1,\"name\":\"Home\",\"item\":\"https:\/\/www.gaveanews.com\/\"},{\"@type\":\"ListItem\",\"position\":2,\"name\":\"Ap\u00f3s declara\u00e7\u00e3o pol\u00eamica, Flamengo ir\u00e1 processar ex-jogador por insinuar exist\u00eancia de &#8220;for\u00e7as ocultas&#8221; a favor do clube\"}]},{\"@type\":\"WebSite\",\"@id\":\"https:\/\/www.gaveanews.com\/#website\",\"url\":\"https:\/\/www.gaveanews.com\/\",\"name\":\"G\u00e1vea News\",\"description\":\"Veja todas as not\u00edcias sobre o Flamengo: Contrata\u00e7\u00f5es, categorias de base, resultados das partidas, tabela de classifica\u00e7\u00e3o, pr\u00f3ximos jogos!\",\"potentialAction\":[{\"@type\":\"SearchAction\",\"target\":{\"@type\":\"EntryPoint\",\"urlTemplate\":\"https:\/\/www.gaveanews.com\/?s={search_term_string}\"},\"query-input\":{\"@type\":\"PropertyValueSpecification\",\"valueRequired\":true,\"valueName\":\"search_term_string\"}}],\"inLanguage\":\"pt-BR\"},{\"@type\":\"Person\",\"@id\":\"https:\/\/www.gaveanews.com\/#\/schema\/person\/2d29802e96a726e735077717fb5c6f20\",\"name\":\"Leonardo Ant\u00f4nio\",\"image\":{\"@type\":\"ImageObject\",\"inLanguage\":\"pt-BR\",\"@id\":\"https:\/\/www.gaveanews.com\/#\/schema\/person\/image\/\",\"url\":\"https:\/\/secure.gravatar.com\/avatar\/b9ffc9ff64af5c915e7cb1824991ab1b4aa29b902a6a9a83be9d1c8ba449fce8?s=96&d=mm&r=g\",\"contentUrl\":\"https:\/\/secure.gravatar.com\/avatar\/b9ffc9ff64af5c915e7cb1824991ab1b4aa29b902a6a9a83be9d1c8ba449fce8?s=96&d=mm&r=g\",\"caption\":\"Leonardo Ant\u00f4nio\"}}]}<\/script>\n<!-- \/ Yoast SEO Premium plugin. -->","yoast_head_json":{"title":"Ap\u00f3s declara\u00e7\u00e3o pol\u00eamica, Flamengo ir\u00e1 processar ex-jogador por insinuar exist\u00eancia de \"for\u00e7as ocultas\" a favor do clube","robots":{"index":"index","follow":"follow","max-snippet":"max-snippet:-1","max-image-preview":"max-image-preview:large","max-video-preview":"max-video-preview:-1"},"canonical":"https:\/\/www.gaveanews.com\/index.php\/2023\/08\/30\/apos-declaracao-polemica-flamengo-ira-processar-ex-jogador-por-insinuar-existencia-de-forcas-ocultas-a-favor-do-clube\/","og_locale":"pt_BR","og_type":"article","og_title":"Ap\u00f3s declara\u00e7\u00e3o pol\u00eamica, Flamengo ir\u00e1 processar ex-jogador por insinuar exist\u00eancia de \"for\u00e7as ocultas\" a favor do clube","og_description":"O Flamengo vai entrar com processo por danos morais contra Marcelinho Carioca, que defendeu o clube entre 1988 e 1993. Em seu canal de Youtube &#8220;R\u00e1dio Marcelinho Carioca&#8221;, o ex-jogador insinuou que o Rubro-Negro ser\u00e1 favorecido na final da Copa do Brasil contra o S\u00e3o Paulo falando em &#8220;for\u00e7as ocultas&#8221;. &#8220;O S\u00e3o Paulo vai ter [&hellip;]","og_url":"https:\/\/www.gaveanews.com\/index.php\/2023\/08\/30\/apos-declaracao-polemica-flamengo-ira-processar-ex-jogador-por-insinuar-existencia-de-forcas-ocultas-a-favor-do-clube\/","og_site_name":"G\u00e1vea News","article_publisher":"https:\/\/facebook.com\/gaveaNews\/","article_published_time":"2023-08-30T18:15:34+00:00","article_modified_time":"2023-08-30T18:15:36+00:00","og_image":[{"width":1000,"height":665,"url":"https:\/\/www.gaveanews.com\/wp-content\/uploads\/Rodrigo-Dunshee-e-Rodolfo-Landim.webp","type":"image\/webp"}],"author":"Leonardo Ant\u00f4nio","twitter_card":"summary_large_image","twitter_misc":{"Escrito por":"Leonardo Ant\u00f4nio","Est. tempo de leitura":"3 minutos"},"schema":{"@context":"https:\/\/schema.org","@graph":[{"@type":"NewsArticle","@id":"https:\/\/www.gaveanews.com\/index.php\/2023\/08\/30\/apos-declaracao-polemica-flamengo-ira-processar-ex-jogador-por-insinuar-existencia-de-forcas-ocultas-a-favor-do-clube\/#article","isPartOf":{"@id":"https:\/\/www.gaveanews.com\/index.php\/2023\/08\/30\/apos-declaracao-polemica-flamengo-ira-processar-ex-jogador-por-insinuar-existencia-de-forcas-ocultas-a-favor-do-clube\/"},"author":{"name":"Leonardo Ant\u00f4nio","@id":"https:\/\/www.gaveanews.com\/#\/schema\/person\/2d29802e96a726e735077717fb5c6f20"},"headline":"Ap\u00f3s declara\u00e7\u00e3o pol\u00eamica, Flamengo ir\u00e1 processar ex-jogador por insinuar exist\u00eancia de &#8220;for\u00e7as ocultas&#8221; a favor do clube","datePublished":"2023-08-30T18:15:34+00:00","dateModified":"2023-08-30T18:15:36+00:00","mainEntityOfPage":{"@id":"https:\/\/www.gaveanews.com\/index.php\/2023\/08\/30\/apos-declaracao-polemica-flamengo-ira-processar-ex-jogador-por-insinuar-existencia-de-forcas-ocultas-a-favor-do-clube\/"},"wordCount":527,"commentCount":0,"image":{"@id":"https:\/\/www.gaveanews.com\/index.php\/2023\/08\/30\/apos-declaracao-polemica-flamengo-ira-processar-ex-jogador-por-insinuar-existencia-de-forcas-ocultas-a-favor-do-clube\/#primaryimage"},"thumbnailUrl":"https:\/\/www.gaveanews.com\/wp-content\/uploads\/Rodrigo-Dunshee-e-Rodolfo-Landim.webp","articleSection":["Flamengo"],"inLanguage":"pt-BR","potentialAction":[{"@type":"CommentAction","name":"Comment","target":["https:\/\/www.gaveanews.com\/index.php\/2023\/08\/30\/apos-declaracao-polemica-flamengo-ira-processar-ex-jogador-por-insinuar-existencia-de-forcas-ocultas-a-favor-do-clube\/#respond"]}],"copyrightYear":"2023","copyrightHolder":{"@id":"https:\/\/www.gaveanews.com\/#organization"}},{"@type":"WebPage","@id":"https:\/\/www.gaveanews.com\/index.php\/2023\/08\/30\/apos-declaracao-polemica-flamengo-ira-processar-ex-jogador-por-insinuar-existencia-de-forcas-ocultas-a-favor-do-clube\/","url":"https:\/\/www.gaveanews.com\/index.php\/2023\/08\/30\/apos-declaracao-polemica-flamengo-ira-processar-ex-jogador-por-insinuar-existencia-de-forcas-ocultas-a-favor-do-clube\/","name":"Ap\u00f3s declara\u00e7\u00e3o pol\u00eamica, Flamengo ir\u00e1 processar ex-jogador por insinuar exist\u00eancia de \"for\u00e7as ocultas\" a favor do clube","isPartOf":{"@id":"https:\/\/www.gaveanews.com\/#website"},"primaryImageOfPage":{"@id":"https:\/\/www.gaveanews.com\/index.php\/2023\/08\/30\/apos-declaracao-polemica-flamengo-ira-processar-ex-jogador-por-insinuar-existencia-de-forcas-ocultas-a-favor-do-clube\/#primaryimage"},"image":{"@id":"https:\/\/www.gaveanews.com\/index.php\/2023\/08\/30\/apos-declaracao-polemica-flamengo-ira-processar-ex-jogador-por-insinuar-existencia-de-forcas-ocultas-a-favor-do-clube\/#primaryimage"},"thumbnailUrl":"https:\/\/www.gaveanews.com\/wp-content\/uploads\/Rodrigo-Dunshee-e-Rodolfo-Landim.webp","datePublished":"2023-08-30T18:15:34+00:00","dateModified":"2023-08-30T18:15:36+00:00","author":{"@id":"https:\/\/www.gaveanews.com\/#\/schema\/person\/2d29802e96a726e735077717fb5c6f20"},"breadcrumb":{"@id":"https:\/\/www.gaveanews.com\/index.php\/2023\/08\/30\/apos-declaracao-polemica-flamengo-ira-processar-ex-jogador-por-insinuar-existencia-de-forcas-ocultas-a-favor-do-clube\/#breadcrumb"},"inLanguage":"pt-BR","potentialAction":[{"@type":"ReadAction","target":["https:\/\/www.gaveanews.com\/index.php\/2023\/08\/30\/apos-declaracao-polemica-flamengo-ira-processar-ex-jogador-por-insinuar-existencia-de-forcas-ocultas-a-favor-do-clube\/"]}]},{"@type":"ImageObject","inLanguage":"pt-BR","@id":"https:\/\/www.gaveanews.com\/index.php\/2023\/08\/30\/apos-declaracao-polemica-flamengo-ira-processar-ex-jogador-por-insinuar-existencia-de-forcas-ocultas-a-favor-do-clube\/#primaryimage","url":"https:\/\/www.gaveanews.com\/wp-content\/uploads\/Rodrigo-Dunshee-e-Rodolfo-Landim.webp","contentUrl":"https:\/\/www.gaveanews.com\/wp-content\/uploads\/Rodrigo-Dunshee-e-Rodolfo-Landim.webp","width":1000,"height":665,"caption":"Rodrigo Dunshee e Rodolfo Landim (Foto: Ag\u00eancia Foto BR)"},{"@type":"BreadcrumbList","@id":"https:\/\/www.gaveanews.com\/index.php\/2023\/08\/30\/apos-declaracao-polemica-flamengo-ira-processar-ex-jogador-por-insinuar-existencia-de-forcas-ocultas-a-favor-do-clube\/#breadcrumb","itemListElement":[{"@type":"ListItem","position":1,"name":"Home","item":"https:\/\/www.gaveanews.com\/"},{"@type":"ListItem","position":2,"name":"Ap\u00f3s declara\u00e7\u00e3o pol\u00eamica, Flamengo ir\u00e1 processar ex-jogador por insinuar exist\u00eancia de &#8220;for\u00e7as ocultas&#8221; a favor do clube"}]},{"@type":"WebSite","@id":"https:\/\/www.gaveanews.com\/#website","url":"https:\/\/www.gaveanews.com\/","name":"G\u00e1vea News","description":"Veja todas as not\u00edcias sobre o Flamengo: Contrata\u00e7\u00f5es, categorias de base, resultados das partidas, tabela de classifica\u00e7\u00e3o, pr\u00f3ximos jogos!","potentialAction":[{"@type":"SearchAction","target":{"@type":"EntryPoint","urlTemplate":"https:\/\/www.gaveanews.com\/?s={search_term_string}"},"query-input":{"@type":"PropertyValueSpecification","valueRequired":true,"valueName":"search_term_string"}}],"inLanguage":"pt-BR"},{"@type":"Person","@id":"https:\/\/www.gaveanews.com\/#\/schema\/person\/2d29802e96a726e735077717fb5c6f20","name":"Leonardo Ant\u00f4nio","image":{"@type":"ImageObject","inLanguage":"pt-BR","@id":"https:\/\/www.gaveanews.com\/#\/schema\/person\/image\/","url":"https:\/\/secure.gravatar.com\/avatar\/b9ffc9ff64af5c915e7cb1824991ab1b4aa29b902a6a9a83be9d1c8ba449fce8?s=96&d=mm&r=g","contentUrl":"https:\/\/secure.gravatar.com\/avatar\/b9ffc9ff64af5c915e7cb1824991ab1b4aa29b902a6a9a83be9d1c8ba449fce8?s=96&d=mm&r=g","caption":"Leonardo Ant\u00f4nio"}}]}},"_links":{"self":[{"href":"https:\/\/www.gaveanews.com\/index.php\/wp-json\/wp\/v2\/posts\/105784","targetHints":{"allow":["GET"]}}],"collection":[{"href":"https:\/\/www.gaveanews.com\/index.php\/wp-json\/wp\/v2\/posts"}],"about":[{"href":"https:\/\/www.gaveanews.com\/index.php\/wp-json\/wp\/v2\/types\/post"}],"author":[{"embeddable":true,"href":"https:\/\/www.gaveanews.com\/index.php\/wp-json\/wp\/v2\/users\/6"}],"replies":[{"embeddable":true,"href":"https:\/\/www.gaveanews.com\/index.php\/wp-json\/wp\/v2\/comments?post=105784"}],"version-history":[{"count":0,"href":"https:\/\/www.gaveanews.com\/index.php\/wp-json\/wp\/v2\/posts\/105784\/revisions"}],"wp:featuredmedia":[{"embeddable":true,"href":"https:\/\/www.gaveanews.com\/index.php\/wp-json\/wp\/v2\/media\/82158"}],"wp:attachment":[{"href":"https:\/\/www.gaveanews.com\/index.php\/wp-json\/wp\/v2\/media?parent=105784"}],"wp:term":[{"taxonomy":"category","embeddable":true,"href":"https:\/\/www.gaveanews.com\/index.php\/wp-json\/wp\/v2\/categories?post=105784"},{"taxonomy":"post_tag","embeddable":true,"href":"https:\/\/www.gaveanews.com\/index.php\/wp-json\/wp\/v2\/tags?post=105784"}],"curies":[{"name":"wp","href":"https:\/\/api.w.org\/{rel}","templated":true}]}}