{"id":105905,"date":"2023-09-01T09:31:56","date_gmt":"2023-09-01T12:31:56","guid":{"rendered":"https:\/\/www.gaveanews.com\/?p=105905"},"modified":"2023-09-02T16:53:03","modified_gmt":"2023-09-02T19:53:03","slug":"apos-informacao-de-que-flamengo-ira-processa-lo-marcelinho-carioca-quebra-o-silencio-e-volta-atras-em-suas-decalaracoes","status":"publish","type":"post","link":"https:\/\/www.gaveanews.com\/index.php\/2023\/09\/01\/apos-informacao-de-que-flamengo-ira-processa-lo-marcelinho-carioca-quebra-o-silencio-e-volta-atras-em-suas-decalaracoes\/","title":{"rendered":"Ap\u00f3s informa\u00e7\u00e3o de que Flamengo ir\u00e1 processa-lo, Marcelinho Carioca quebra o sil\u00eancio e volta atr\u00e1s em suas decalara\u00e7\u00f5es"},"content":{"rendered":"\n<p>Ap\u00f3s afirmar que o S\u00e3o Paulo, na final da Copa do Brasil, \u201cvai ter que jogar contra 11, contra 12 ou contra 13\u201d, Marcelinho Carioca voltou atr\u00e1s. Em seu discurso, ele sinalizou que \u201cfor\u00e7as ocultas\u201d estariam por tr\u00e1s nos bastidores da decis\u00e3o para favorecer o Rubro-Negro, algo que seria um cen\u00e1rio \u201cviolent\u00edssimo\u201d. Diante disso, o Flamengo se revoltou com o comportamento e decidiu que ir\u00e1 processar o ex-jogador.<\/p>\n\n\n\n<p>\u201c\u00c9 preciso respeitar a institui\u00e7\u00e3o Flamengo. N\u00e3o pode uma pessoa, seja quem for, fazer graves acusa\u00e7\u00f5es sem um m\u00ednimo de prova. Isso causa danos \u00e0 reputa\u00e7\u00e3o e \u00e0 imagem do clube, e ele ser\u00e1 acionado na justi\u00e7a. Decep\u00e7\u00e3o um ex-atleta fazer um papel desses.\u201d, relatou Rodrigo Dunshee, vice-presidente geral e jur\u00eddico do Flamengo, ao GE.<\/p>\n\n\n\n<p>Em discurso sobre o caso, Marcelinho Carioca pediu desculpas aos dirigentes e torcedores do Flamengo. Garantindo que foi mal interpretado ao ouvir sobre o assunto entre os boleiros, o \u201cP\u00e9 de Anjo\u201d deixou claro o sentimento de gratid\u00e3o, motivo pelo qual jamais quis causar danos \u00e0 imagem da equipe carioca.<\/p>\n\n\n\n<p>\u201c<em>Eu quero falar do meu cora\u00e7\u00e3o. Fiz uma declara\u00e7\u00e3o onde fui muito mal interpretado, mas eu nunca tive vergonha de pedir desculpas porque a humildade precede a honra e a soberba precede a queda. Eu queria dizer, em especial, para todos os torcedores rubro-negros e direcionando tamb\u00e9m para todos os dirigentes, presid\u00eancia e o departamento jur\u00eddico. Se eu fui mal interpretado, estou aqui para pedir desculpas do fundo do meu cora\u00e7\u00e3o. Eu jamais seria ingrato ao clube que me deu plano odontol\u00f3gico, plano m\u00e9dico, assistente social, cesta b\u00e1sica e ajuda de custo, chegando no Flamengo com 14 anos, onde meu sonho era conhecer o Zico, tive a oportunidade de jogar ao lado dele e treinar faltas com ele.\u201d<\/em>, disse na \u201cR\u00e1dio Marcelinho Carioca\u201d.<\/p>\n\n\n\n<p>\u201c<em>Gratid\u00e3o n\u00e3o tem pre\u00e7o, eu jamais vou cuspir o prato que me alimentou por sete anos. Eu sou grato ao Flamengo porque ele me ascendeu ao futebol brasileiro e mundial. Aleatoriamente, escutando de outros boleiros, eu fui mal interpretado.\u201d<\/em>, completou.<\/p>\n\n\n\n<h2 class=\"wp-block-heading\" id=\"h-carinho-pelo-flamengo\">Carinho pelo Flamengo<\/h2>\n\n\n\n<p>Na sequ\u00eancia, Marcelinho Carioca apontou que sempre foi bem tratado pelos rubro-negros. Por\u00e9m, por quest\u00f5es externas, ele n\u00e3o seguiu atuando pelo Rubro-Negro, mas o fato n\u00e3o gerou nenhum tipo de raiva. Encerrando o pedido de desculpas exaltando a base do clube, o ex-jogador n\u00e3o mencionou se a postura em quest\u00e3o ser\u00e1 suficiente para evitar o processo movido pela diretoria.<\/p>\n\n\n\n<p>\u201c<em>Eu jamais falei mal do Flamengo, que eu tenho um carinho enorme e gratid\u00e3o eterna. Nunca falei da torcida. No \u00faltimo jogo de Flamengo x Corinthians, eu estava com o Petkovic, todo mundo cumprimentando e elogiando e falando do sucesso no Corinthians e que estava fazendo sucesso aqui e poderia ter seguido\u2026 infelizmente, gestores, na \u00e9poca, n\u00e3o deixaram eu fazer esse trabalho. N\u00e3o s\u00f3 eu, mas o J\u00fanior Baiano, Marquinhos, Djalminha, Paulo Nunes\u2026 mas eu estou aqui para falar disso, estou aqui para pedir desculpas \u00e0 dire\u00e7\u00e3o e \u00e0 presid\u00eancia. Se entristeceu o torcedor, eu pe\u00e7o desculpas do fundo do meu cora\u00e7\u00e3o. Minha inten\u00e7\u00e3o n\u00e3o foi magoar ou diminuir o clube que \u00e9 gigante, e cuidou desse cidad\u00e3o aqui quando ele era pequenininho. Tem at\u00e9 um slogan: craque o Flamengo faz em casa, e o Flamengo fez esse craque aqui, eu sou muito grato e pe\u00e7o desculpas.\u201d<\/em>, concluiu.<\/p>\n\n\n\n<p>Retirado de: Torcedores<\/p>\n","protected":false},"excerpt":{"rendered":"<p>Ap\u00f3s afirmar que o S\u00e3o Paulo, na final da Copa do Brasil, \u201cvai ter que jogar contra 11, contra 12 ou contra 13\u201d, Marcelinho Carioca voltou atr\u00e1s. Em seu discurso, ele sinalizou que \u201cfor\u00e7as ocultas\u201d estariam por tr\u00e1s nos bastidores da decis\u00e3o para favorecer o Rubro-Negro, algo que seria um cen\u00e1rio \u201cviolent\u00edssimo\u201d. Diante disso, o [&hellip;]<\/p>\n","protected":false},"author":6,"featured_media":102876,"comment_status":"open","ping_status":"closed","sticky":false,"template":"","format":"standard","meta":{"footnotes":""},"categories":[1],"tags":[],"class_list":["post-105905","post","type-post","status-publish","format-standard","has-post-thumbnail","hentry","category-flamengo"],"yoast_head":"<!-- This site is optimized with the Yoast SEO Premium plugin v24.2 (Yoast SEO v26.9) - https:\/\/yoast.com\/product\/yoast-seo-premium-wordpress\/ -->\n<title>Ap\u00f3s informa\u00e7\u00e3o de que Flamengo ir\u00e1 processa-lo, Marcelinho Carioca quebra o sil\u00eancio e volta atr\u00e1s em suas decalara\u00e7\u00f5es<\/title>\n<meta name=\"robots\" content=\"index, follow, max-snippet:-1, max-image-preview:large, max-video-preview:-1\" \/>\n<link rel=\"canonical\" href=\"https:\/\/www.gaveanews.com\/index.php\/2023\/09\/01\/apos-informacao-de-que-flamengo-ira-processa-lo-marcelinho-carioca-quebra-o-silencio-e-volta-atras-em-suas-decalaracoes\/\" \/>\n<meta property=\"og:locale\" content=\"pt_BR\" \/>\n<meta property=\"og:type\" content=\"article\" \/>\n<meta property=\"og:title\" content=\"Ap\u00f3s informa\u00e7\u00e3o de que Flamengo ir\u00e1 processa-lo, Marcelinho Carioca quebra o sil\u00eancio e volta atr\u00e1s em suas decalara\u00e7\u00f5es\" \/>\n<meta property=\"og:description\" content=\"Ap\u00f3s afirmar que o S\u00e3o Paulo, na final da Copa do Brasil, \u201cvai ter que jogar contra 11, contra 12 ou contra 13\u201d, Marcelinho Carioca voltou atr\u00e1s. Em seu discurso, ele sinalizou que \u201cfor\u00e7as ocultas\u201d estariam por tr\u00e1s nos bastidores da decis\u00e3o para favorecer o Rubro-Negro, algo que seria um cen\u00e1rio \u201cviolent\u00edssimo\u201d. Diante disso, o [&hellip;]\" \/>\n<meta property=\"og:url\" content=\"https:\/\/www.gaveanews.com\/index.php\/2023\/09\/01\/apos-informacao-de-que-flamengo-ira-processa-lo-marcelinho-carioca-quebra-o-silencio-e-volta-atras-em-suas-decalaracoes\/\" \/>\n<meta property=\"og:site_name\" content=\"G\u00e1vea News\" \/>\n<meta property=\"article:publisher\" content=\"https:\/\/facebook.com\/gaveaNews\/\" \/>\n<meta property=\"article:published_time\" content=\"2023-09-01T12:31:56+00:00\" \/>\n<meta property=\"article:modified_time\" content=\"2023-09-02T19:53:03+00:00\" \/>\n<meta property=\"og:image\" content=\"https:\/\/www.gaveanews.com\/wp-content\/uploads\/marcelinho-carioca-flamengo.webp\" \/>\n\t<meta property=\"og:image:width\" content=\"1024\" \/>\n\t<meta property=\"og:image:height\" content=\"576\" \/>\n\t<meta property=\"og:image:type\" content=\"image\/jpeg\" \/>\n<meta name=\"author\" content=\"Leonardo Ant\u00f4nio\" \/>\n<meta name=\"twitter:card\" content=\"summary_large_image\" \/>\n<meta name=\"twitter:label1\" content=\"Escrito por\" \/>\n\t<meta name=\"twitter:data1\" content=\"Leonardo Ant\u00f4nio\" \/>\n\t<meta name=\"twitter:label2\" content=\"Est. tempo de leitura\" \/>\n\t<meta name=\"twitter:data2\" content=\"4 minutos\" \/>\n<script type=\"application\/ld+json\" class=\"yoast-schema-graph\">{\"@context\":\"https:\/\/schema.org\",\"@graph\":[{\"@type\":\"NewsArticle\",\"@id\":\"https:\/\/www.gaveanews.com\/index.php\/2023\/09\/01\/apos-informacao-de-que-flamengo-ira-processa-lo-marcelinho-carioca-quebra-o-silencio-e-volta-atras-em-suas-decalaracoes\/#article\",\"isPartOf\":{\"@id\":\"https:\/\/www.gaveanews.com\/index.php\/2023\/09\/01\/apos-informacao-de-que-flamengo-ira-processa-lo-marcelinho-carioca-quebra-o-silencio-e-volta-atras-em-suas-decalaracoes\/\"},\"author\":{\"name\":\"Leonardo Ant\u00f4nio\",\"@id\":\"https:\/\/www.gaveanews.com\/#\/schema\/person\/2d29802e96a726e735077717fb5c6f20\"},\"headline\":\"Ap\u00f3s informa\u00e7\u00e3o de que Flamengo ir\u00e1 processa-lo, Marcelinho Carioca quebra o sil\u00eancio e volta atr\u00e1s em suas decalara\u00e7\u00f5es\",\"datePublished\":\"2023-09-01T12:31:56+00:00\",\"dateModified\":\"2023-09-02T19:53:03+00:00\",\"mainEntityOfPage\":{\"@id\":\"https:\/\/www.gaveanews.com\/index.php\/2023\/09\/01\/apos-informacao-de-que-flamengo-ira-processa-lo-marcelinho-carioca-quebra-o-silencio-e-volta-atras-em-suas-decalaracoes\/\"},\"wordCount\":610,\"commentCount\":0,\"image\":{\"@id\":\"https:\/\/www.gaveanews.com\/index.php\/2023\/09\/01\/apos-informacao-de-que-flamengo-ira-processa-lo-marcelinho-carioca-quebra-o-silencio-e-volta-atras-em-suas-decalaracoes\/#primaryimage\"},\"thumbnailUrl\":\"https:\/\/www.gaveanews.com\/wp-content\/uploads\/marcelinho-carioca-flamengo.webp\",\"articleSection\":[\"Flamengo\"],\"inLanguage\":\"pt-BR\",\"potentialAction\":[{\"@type\":\"CommentAction\",\"name\":\"Comment\",\"target\":[\"https:\/\/www.gaveanews.com\/index.php\/2023\/09\/01\/apos-informacao-de-que-flamengo-ira-processa-lo-marcelinho-carioca-quebra-o-silencio-e-volta-atras-em-suas-decalaracoes\/#respond\"]}],\"copyrightYear\":\"2023\",\"copyrightHolder\":{\"@id\":\"https:\/\/www.gaveanews.com\/#organization\"}},{\"@type\":\"WebPage\",\"@id\":\"https:\/\/www.gaveanews.com\/index.php\/2023\/09\/01\/apos-informacao-de-que-flamengo-ira-processa-lo-marcelinho-carioca-quebra-o-silencio-e-volta-atras-em-suas-decalaracoes\/\",\"url\":\"https:\/\/www.gaveanews.com\/index.php\/2023\/09\/01\/apos-informacao-de-que-flamengo-ira-processa-lo-marcelinho-carioca-quebra-o-silencio-e-volta-atras-em-suas-decalaracoes\/\",\"name\":\"Ap\u00f3s informa\u00e7\u00e3o de que Flamengo ir\u00e1 processa-lo, Marcelinho Carioca quebra o sil\u00eancio e volta atr\u00e1s em suas decalara\u00e7\u00f5es\",\"isPartOf\":{\"@id\":\"https:\/\/www.gaveanews.com\/#website\"},\"primaryImageOfPage\":{\"@id\":\"https:\/\/www.gaveanews.com\/index.php\/2023\/09\/01\/apos-informacao-de-que-flamengo-ira-processa-lo-marcelinho-carioca-quebra-o-silencio-e-volta-atras-em-suas-decalaracoes\/#primaryimage\"},\"image\":{\"@id\":\"https:\/\/www.gaveanews.com\/index.php\/2023\/09\/01\/apos-informacao-de-que-flamengo-ira-processa-lo-marcelinho-carioca-quebra-o-silencio-e-volta-atras-em-suas-decalaracoes\/#primaryimage\"},\"thumbnailUrl\":\"https:\/\/www.gaveanews.com\/wp-content\/uploads\/marcelinho-carioca-flamengo.webp\",\"datePublished\":\"2023-09-01T12:31:56+00:00\",\"dateModified\":\"2023-09-02T19:53:03+00:00\",\"author\":{\"@id\":\"https:\/\/www.gaveanews.com\/#\/schema\/person\/2d29802e96a726e735077717fb5c6f20\"},\"breadcrumb\":{\"@id\":\"https:\/\/www.gaveanews.com\/index.php\/2023\/09\/01\/apos-informacao-de-que-flamengo-ira-processa-lo-marcelinho-carioca-quebra-o-silencio-e-volta-atras-em-suas-decalaracoes\/#breadcrumb\"},\"inLanguage\":\"pt-BR\",\"potentialAction\":[{\"@type\":\"ReadAction\",\"target\":[\"https:\/\/www.gaveanews.com\/index.php\/2023\/09\/01\/apos-informacao-de-que-flamengo-ira-processa-lo-marcelinho-carioca-quebra-o-silencio-e-volta-atras-em-suas-decalaracoes\/\"]}]},{\"@type\":\"ImageObject\",\"inLanguage\":\"pt-BR\",\"@id\":\"https:\/\/www.gaveanews.com\/index.php\/2023\/09\/01\/apos-informacao-de-que-flamengo-ira-processa-lo-marcelinho-carioca-quebra-o-silencio-e-volta-atras-em-suas-decalaracoes\/#primaryimage\",\"url\":\"https:\/\/www.gaveanews.com\/wp-content\/uploads\/marcelinho-carioca-flamengo.webp\",\"contentUrl\":\"https:\/\/www.gaveanews.com\/wp-content\/uploads\/marcelinho-carioca-flamengo.webp\",\"width\":1024,\"height\":576,\"caption\":\"Marcelinho Carioca, ex-jogador do Flamengo (Foto: Reprodu\u00e7\u00e3o)\"},{\"@type\":\"BreadcrumbList\",\"@id\":\"https:\/\/www.gaveanews.com\/index.php\/2023\/09\/01\/apos-informacao-de-que-flamengo-ira-processa-lo-marcelinho-carioca-quebra-o-silencio-e-volta-atras-em-suas-decalaracoes\/#breadcrumb\",\"itemListElement\":[{\"@type\":\"ListItem\",\"position\":1,\"name\":\"Home\",\"item\":\"https:\/\/www.gaveanews.com\/\"},{\"@type\":\"ListItem\",\"position\":2,\"name\":\"Ap\u00f3s informa\u00e7\u00e3o de que Flamengo ir\u00e1 processa-lo, Marcelinho Carioca quebra o sil\u00eancio e volta atr\u00e1s em suas decalara\u00e7\u00f5es\"}]},{\"@type\":\"WebSite\",\"@id\":\"https:\/\/www.gaveanews.com\/#website\",\"url\":\"https:\/\/www.gaveanews.com\/\",\"name\":\"G\u00e1vea News\",\"description\":\"Veja todas as not\u00edcias sobre o Flamengo: Contrata\u00e7\u00f5es, categorias de base, resultados das partidas, tabela de classifica\u00e7\u00e3o, pr\u00f3ximos jogos!\",\"potentialAction\":[{\"@type\":\"SearchAction\",\"target\":{\"@type\":\"EntryPoint\",\"urlTemplate\":\"https:\/\/www.gaveanews.com\/?s={search_term_string}\"},\"query-input\":{\"@type\":\"PropertyValueSpecification\",\"valueRequired\":true,\"valueName\":\"search_term_string\"}}],\"inLanguage\":\"pt-BR\"},{\"@type\":\"Person\",\"@id\":\"https:\/\/www.gaveanews.com\/#\/schema\/person\/2d29802e96a726e735077717fb5c6f20\",\"name\":\"Leonardo Ant\u00f4nio\",\"image\":{\"@type\":\"ImageObject\",\"inLanguage\":\"pt-BR\",\"@id\":\"https:\/\/www.gaveanews.com\/#\/schema\/person\/image\/\",\"url\":\"https:\/\/secure.gravatar.com\/avatar\/b9ffc9ff64af5c915e7cb1824991ab1b4aa29b902a6a9a83be9d1c8ba449fce8?s=96&d=mm&r=g\",\"contentUrl\":\"https:\/\/secure.gravatar.com\/avatar\/b9ffc9ff64af5c915e7cb1824991ab1b4aa29b902a6a9a83be9d1c8ba449fce8?s=96&d=mm&r=g\",\"caption\":\"Leonardo Ant\u00f4nio\"}}]}<\/script>\n<!-- \/ Yoast SEO Premium plugin. -->","yoast_head_json":{"title":"Ap\u00f3s informa\u00e7\u00e3o de que Flamengo ir\u00e1 processa-lo, Marcelinho Carioca quebra o sil\u00eancio e volta atr\u00e1s em suas decalara\u00e7\u00f5es","robots":{"index":"index","follow":"follow","max-snippet":"max-snippet:-1","max-image-preview":"max-image-preview:large","max-video-preview":"max-video-preview:-1"},"canonical":"https:\/\/www.gaveanews.com\/index.php\/2023\/09\/01\/apos-informacao-de-que-flamengo-ira-processa-lo-marcelinho-carioca-quebra-o-silencio-e-volta-atras-em-suas-decalaracoes\/","og_locale":"pt_BR","og_type":"article","og_title":"Ap\u00f3s informa\u00e7\u00e3o de que Flamengo ir\u00e1 processa-lo, Marcelinho Carioca quebra o sil\u00eancio e volta atr\u00e1s em suas decalara\u00e7\u00f5es","og_description":"Ap\u00f3s afirmar que o S\u00e3o Paulo, na final da Copa do Brasil, \u201cvai ter que jogar contra 11, contra 12 ou contra 13\u201d, Marcelinho Carioca voltou atr\u00e1s. Em seu discurso, ele sinalizou que \u201cfor\u00e7as ocultas\u201d estariam por tr\u00e1s nos bastidores da decis\u00e3o para favorecer o Rubro-Negro, algo que seria um cen\u00e1rio \u201cviolent\u00edssimo\u201d. Diante disso, o [&hellip;]","og_url":"https:\/\/www.gaveanews.com\/index.php\/2023\/09\/01\/apos-informacao-de-que-flamengo-ira-processa-lo-marcelinho-carioca-quebra-o-silencio-e-volta-atras-em-suas-decalaracoes\/","og_site_name":"G\u00e1vea News","article_publisher":"https:\/\/facebook.com\/gaveaNews\/","article_published_time":"2023-09-01T12:31:56+00:00","article_modified_time":"2023-09-02T19:53:03+00:00","og_image":[{"width":1024,"height":576,"url":"https:\/\/www.gaveanews.com\/wp-content\/uploads\/marcelinho-carioca-flamengo.webp","type":"image\/jpeg"}],"author":"Leonardo Ant\u00f4nio","twitter_card":"summary_large_image","twitter_misc":{"Escrito por":"Leonardo Ant\u00f4nio","Est. tempo de leitura":"4 minutos"},"schema":{"@context":"https:\/\/schema.org","@graph":[{"@type":"NewsArticle","@id":"https:\/\/www.gaveanews.com\/index.php\/2023\/09\/01\/apos-informacao-de-que-flamengo-ira-processa-lo-marcelinho-carioca-quebra-o-silencio-e-volta-atras-em-suas-decalaracoes\/#article","isPartOf":{"@id":"https:\/\/www.gaveanews.com\/index.php\/2023\/09\/01\/apos-informacao-de-que-flamengo-ira-processa-lo-marcelinho-carioca-quebra-o-silencio-e-volta-atras-em-suas-decalaracoes\/"},"author":{"name":"Leonardo Ant\u00f4nio","@id":"https:\/\/www.gaveanews.com\/#\/schema\/person\/2d29802e96a726e735077717fb5c6f20"},"headline":"Ap\u00f3s informa\u00e7\u00e3o de que Flamengo ir\u00e1 processa-lo, Marcelinho Carioca quebra o sil\u00eancio e volta atr\u00e1s em suas decalara\u00e7\u00f5es","datePublished":"2023-09-01T12:31:56+00:00","dateModified":"2023-09-02T19:53:03+00:00","mainEntityOfPage":{"@id":"https:\/\/www.gaveanews.com\/index.php\/2023\/09\/01\/apos-informacao-de-que-flamengo-ira-processa-lo-marcelinho-carioca-quebra-o-silencio-e-volta-atras-em-suas-decalaracoes\/"},"wordCount":610,"commentCount":0,"image":{"@id":"https:\/\/www.gaveanews.com\/index.php\/2023\/09\/01\/apos-informacao-de-que-flamengo-ira-processa-lo-marcelinho-carioca-quebra-o-silencio-e-volta-atras-em-suas-decalaracoes\/#primaryimage"},"thumbnailUrl":"https:\/\/www.gaveanews.com\/wp-content\/uploads\/marcelinho-carioca-flamengo.webp","articleSection":["Flamengo"],"inLanguage":"pt-BR","potentialAction":[{"@type":"CommentAction","name":"Comment","target":["https:\/\/www.gaveanews.com\/index.php\/2023\/09\/01\/apos-informacao-de-que-flamengo-ira-processa-lo-marcelinho-carioca-quebra-o-silencio-e-volta-atras-em-suas-decalaracoes\/#respond"]}],"copyrightYear":"2023","copyrightHolder":{"@id":"https:\/\/www.gaveanews.com\/#organization"}},{"@type":"WebPage","@id":"https:\/\/www.gaveanews.com\/index.php\/2023\/09\/01\/apos-informacao-de-que-flamengo-ira-processa-lo-marcelinho-carioca-quebra-o-silencio-e-volta-atras-em-suas-decalaracoes\/","url":"https:\/\/www.gaveanews.com\/index.php\/2023\/09\/01\/apos-informacao-de-que-flamengo-ira-processa-lo-marcelinho-carioca-quebra-o-silencio-e-volta-atras-em-suas-decalaracoes\/","name":"Ap\u00f3s informa\u00e7\u00e3o de que Flamengo ir\u00e1 processa-lo, Marcelinho Carioca quebra o sil\u00eancio e volta atr\u00e1s em suas decalara\u00e7\u00f5es","isPartOf":{"@id":"https:\/\/www.gaveanews.com\/#website"},"primaryImageOfPage":{"@id":"https:\/\/www.gaveanews.com\/index.php\/2023\/09\/01\/apos-informacao-de-que-flamengo-ira-processa-lo-marcelinho-carioca-quebra-o-silencio-e-volta-atras-em-suas-decalaracoes\/#primaryimage"},"image":{"@id":"https:\/\/www.gaveanews.com\/index.php\/2023\/09\/01\/apos-informacao-de-que-flamengo-ira-processa-lo-marcelinho-carioca-quebra-o-silencio-e-volta-atras-em-suas-decalaracoes\/#primaryimage"},"thumbnailUrl":"https:\/\/www.gaveanews.com\/wp-content\/uploads\/marcelinho-carioca-flamengo.webp","datePublished":"2023-09-01T12:31:56+00:00","dateModified":"2023-09-02T19:53:03+00:00","author":{"@id":"https:\/\/www.gaveanews.com\/#\/schema\/person\/2d29802e96a726e735077717fb5c6f20"},"breadcrumb":{"@id":"https:\/\/www.gaveanews.com\/index.php\/2023\/09\/01\/apos-informacao-de-que-flamengo-ira-processa-lo-marcelinho-carioca-quebra-o-silencio-e-volta-atras-em-suas-decalaracoes\/#breadcrumb"},"inLanguage":"pt-BR","potentialAction":[{"@type":"ReadAction","target":["https:\/\/www.gaveanews.com\/index.php\/2023\/09\/01\/apos-informacao-de-que-flamengo-ira-processa-lo-marcelinho-carioca-quebra-o-silencio-e-volta-atras-em-suas-decalaracoes\/"]}]},{"@type":"ImageObject","inLanguage":"pt-BR","@id":"https:\/\/www.gaveanews.com\/index.php\/2023\/09\/01\/apos-informacao-de-que-flamengo-ira-processa-lo-marcelinho-carioca-quebra-o-silencio-e-volta-atras-em-suas-decalaracoes\/#primaryimage","url":"https:\/\/www.gaveanews.com\/wp-content\/uploads\/marcelinho-carioca-flamengo.webp","contentUrl":"https:\/\/www.gaveanews.com\/wp-content\/uploads\/marcelinho-carioca-flamengo.webp","width":1024,"height":576,"caption":"Marcelinho Carioca, ex-jogador do Flamengo (Foto: Reprodu\u00e7\u00e3o)"},{"@type":"BreadcrumbList","@id":"https:\/\/www.gaveanews.com\/index.php\/2023\/09\/01\/apos-informacao-de-que-flamengo-ira-processa-lo-marcelinho-carioca-quebra-o-silencio-e-volta-atras-em-suas-decalaracoes\/#breadcrumb","itemListElement":[{"@type":"ListItem","position":1,"name":"Home","item":"https:\/\/www.gaveanews.com\/"},{"@type":"ListItem","position":2,"name":"Ap\u00f3s informa\u00e7\u00e3o de que Flamengo ir\u00e1 processa-lo, Marcelinho Carioca quebra o sil\u00eancio e volta atr\u00e1s em suas decalara\u00e7\u00f5es"}]},{"@type":"WebSite","@id":"https:\/\/www.gaveanews.com\/#website","url":"https:\/\/www.gaveanews.com\/","name":"G\u00e1vea News","description":"Veja todas as not\u00edcias sobre o Flamengo: Contrata\u00e7\u00f5es, categorias de base, resultados das partidas, tabela de classifica\u00e7\u00e3o, pr\u00f3ximos jogos!","potentialAction":[{"@type":"SearchAction","target":{"@type":"EntryPoint","urlTemplate":"https:\/\/www.gaveanews.com\/?s={search_term_string}"},"query-input":{"@type":"PropertyValueSpecification","valueRequired":true,"valueName":"search_term_string"}}],"inLanguage":"pt-BR"},{"@type":"Person","@id":"https:\/\/www.gaveanews.com\/#\/schema\/person\/2d29802e96a726e735077717fb5c6f20","name":"Leonardo Ant\u00f4nio","image":{"@type":"ImageObject","inLanguage":"pt-BR","@id":"https:\/\/www.gaveanews.com\/#\/schema\/person\/image\/","url":"https:\/\/secure.gravatar.com\/avatar\/b9ffc9ff64af5c915e7cb1824991ab1b4aa29b902a6a9a83be9d1c8ba449fce8?s=96&d=mm&r=g","contentUrl":"https:\/\/secure.gravatar.com\/avatar\/b9ffc9ff64af5c915e7cb1824991ab1b4aa29b902a6a9a83be9d1c8ba449fce8?s=96&d=mm&r=g","caption":"Leonardo Ant\u00f4nio"}}]}},"_links":{"self":[{"href":"https:\/\/www.gaveanews.com\/index.php\/wp-json\/wp\/v2\/posts\/105905","targetHints":{"allow":["GET"]}}],"collection":[{"href":"https:\/\/www.gaveanews.com\/index.php\/wp-json\/wp\/v2\/posts"}],"about":[{"href":"https:\/\/www.gaveanews.com\/index.php\/wp-json\/wp\/v2\/types\/post"}],"author":[{"embeddable":true,"href":"https:\/\/www.gaveanews.com\/index.php\/wp-json\/wp\/v2\/users\/6"}],"replies":[{"embeddable":true,"href":"https:\/\/www.gaveanews.com\/index.php\/wp-json\/wp\/v2\/comments?post=105905"}],"version-history":[{"count":0,"href":"https:\/\/www.gaveanews.com\/index.php\/wp-json\/wp\/v2\/posts\/105905\/revisions"}],"wp:featuredmedia":[{"embeddable":true,"href":"https:\/\/www.gaveanews.com\/index.php\/wp-json\/wp\/v2\/media\/102876"}],"wp:attachment":[{"href":"https:\/\/www.gaveanews.com\/index.php\/wp-json\/wp\/v2\/media?parent=105905"}],"wp:term":[{"taxonomy":"category","embeddable":true,"href":"https:\/\/www.gaveanews.com\/index.php\/wp-json\/wp\/v2\/categories?post=105905"},{"taxonomy":"post_tag","embeddable":true,"href":"https:\/\/www.gaveanews.com\/index.php\/wp-json\/wp\/v2\/tags?post=105905"}],"curies":[{"name":"wp","href":"https:\/\/api.w.org\/{rel}","templated":true}]}}