{"id":105906,"date":"2023-09-01T10:28:47","date_gmt":"2023-09-01T13:28:47","guid":{"rendered":"https:\/\/www.gaveanews.com\/?p=105906"},"modified":"2023-09-01T10:28:49","modified_gmt":"2023-09-01T13:28:49","slug":"zagueiro-do-flamengo-david-luiz-se-revolta-e-faz-denuncia","status":"publish","type":"post","link":"https:\/\/www.gaveanews.com\/index.php\/2023\/09\/01\/zagueiro-do-flamengo-david-luiz-se-revolta-e-faz-denuncia\/","title":{"rendered":"Zagueiro do Flamengo, David Luiz se revolta e faz den\u00fancia"},"content":{"rendered":"\n<p>Por: Let\u00edcia Gerheim<br><br>A irrita\u00e7\u00e3o de milh\u00f5es de brasileiros com tentativas de golpe nas redes sociais chegou at\u00e9 mesmo ao elenco do Flamengo. Nesta semana, David Luiz fez uma publica\u00e7\u00e3o no Instagram denunciando um n\u00famero de celular que tentou se passar por ele e estava pedindo dinheiro pelo WhatsApp.<\/p>\n\n\n\n<h2 class=\"wp-block-heading\" id=\"h-veja\">Veja:<\/h2>\n\n\n\n<figure class=\"wp-block-image size-large\"><img decoding=\"async\" src=\"https:\/\/pbs.twimg.com\/media\/F48SrmbXQAAB4z0?format=jpg\" alt=\"\"\/><\/figure>\n\n\n\n<p>O jogador precisou fazer a den\u00fancia e alertar seus contatos enquanto faz mais uma semana de treinamentos pelo Flamengo. O zagueiro comparece normalmente \u00e0s atividades coletivas rubro-negras e se prepara para o pr\u00f3ximo compromisso do time.<\/p>\n\n\n\n<p>No s\u00e1bado (02), o Flamengo vai a campo no Engenh\u00e3o para enfrentar o Botafogo pela rodada 22 do Brasileir\u00e3o. O cl\u00e1ssico carioca acontecer\u00e1 \u00e0s 21h (hor\u00e1rio de Bras\u00edlia).<\/p>\n","protected":false},"excerpt":{"rendered":"<p>Por: Let\u00edcia Gerheim A irrita\u00e7\u00e3o de milh\u00f5es de brasileiros com tentativas de golpe nas redes sociais chegou at\u00e9 mesmo ao elenco do Flamengo. Nesta semana, David Luiz fez uma publica\u00e7\u00e3o no Instagram denunciando um n\u00famero de celular que tentou se passar por ele e estava pedindo dinheiro pelo WhatsApp. Veja: O jogador precisou fazer a [&hellip;]<\/p>\n","protected":false},"author":4,"featured_media":86775,"comment_status":"open","ping_status":"closed","sticky":false,"template":"","format":"standard","meta":{"footnotes":""},"categories":[1],"tags":[],"class_list":["post-105906","post","type-post","status-publish","format-standard","has-post-thumbnail","hentry","category-flamengo"],"yoast_head":"<!-- This site is optimized with the Yoast SEO Premium plugin v24.2 (Yoast SEO v26.9) - https:\/\/yoast.com\/product\/yoast-seo-premium-wordpress\/ -->\n<title>Zagueiro do Flamengo, David Luiz se revolta e faz den\u00fancia<\/title>\n<meta name=\"robots\" content=\"index, follow, max-snippet:-1, max-image-preview:large, max-video-preview:-1\" \/>\n<link rel=\"canonical\" href=\"https:\/\/www.gaveanews.com\/index.php\/2023\/09\/01\/zagueiro-do-flamengo-david-luiz-se-revolta-e-faz-denuncia\/\" \/>\n<meta property=\"og:locale\" content=\"pt_BR\" \/>\n<meta property=\"og:type\" content=\"article\" \/>\n<meta property=\"og:title\" content=\"Zagueiro do Flamengo, David Luiz se revolta e faz den\u00fancia\" \/>\n<meta property=\"og:description\" content=\"Por: Let\u00edcia Gerheim A irrita\u00e7\u00e3o de milh\u00f5es de brasileiros com tentativas de golpe nas redes sociais chegou at\u00e9 mesmo ao elenco do Flamengo. Nesta semana, David Luiz fez uma publica\u00e7\u00e3o no Instagram denunciando um n\u00famero de celular que tentou se passar por ele e estava pedindo dinheiro pelo WhatsApp. Veja: O jogador precisou fazer a [&hellip;]\" \/>\n<meta property=\"og:url\" content=\"https:\/\/www.gaveanews.com\/index.php\/2023\/09\/01\/zagueiro-do-flamengo-david-luiz-se-revolta-e-faz-denuncia\/\" \/>\n<meta property=\"og:site_name\" content=\"G\u00e1vea News\" \/>\n<meta property=\"article:publisher\" content=\"https:\/\/facebook.com\/gaveaNews\/\" \/>\n<meta property=\"article:published_time\" content=\"2023-09-01T13:28:47+00:00\" \/>\n<meta property=\"article:modified_time\" content=\"2023-09-01T13:28:49+00:00\" \/>\n<meta property=\"og:image\" content=\"https:\/\/www.gaveanews.com\/wp-content\/uploads\/Daivd-Luiz-em-Velez-x-Flamengo-pela-Libertadores.webp\" \/>\n\t<meta property=\"og:image:width\" content=\"800\" \/>\n\t<meta property=\"og:image:height\" content=\"533\" \/>\n\t<meta property=\"og:image:type\" content=\"image\/jpeg\" \/>\n<meta name=\"author\" content=\"Let\u00edcia Gerheim\" \/>\n<meta name=\"twitter:card\" content=\"summary_large_image\" \/>\n<meta name=\"twitter:label1\" content=\"Escrito por\" \/>\n\t<meta name=\"twitter:data1\" content=\"Let\u00edcia Gerheim\" \/>\n\t<meta name=\"twitter:label2\" content=\"Est. tempo de leitura\" \/>\n\t<meta name=\"twitter:data2\" content=\"1 minuto\" \/>\n<script type=\"application\/ld+json\" class=\"yoast-schema-graph\">{\"@context\":\"https:\/\/schema.org\",\"@graph\":[{\"@type\":\"NewsArticle\",\"@id\":\"https:\/\/www.gaveanews.com\/index.php\/2023\/09\/01\/zagueiro-do-flamengo-david-luiz-se-revolta-e-faz-denuncia\/#article\",\"isPartOf\":{\"@id\":\"https:\/\/www.gaveanews.com\/index.php\/2023\/09\/01\/zagueiro-do-flamengo-david-luiz-se-revolta-e-faz-denuncia\/\"},\"author\":{\"name\":\"Let\u00edcia Gerheim\",\"@id\":\"https:\/\/www.gaveanews.com\/#\/schema\/person\/714c67050b836198af2450ba1c142a67\"},\"headline\":\"Zagueiro do Flamengo, David Luiz se revolta e faz den\u00fancia\",\"datePublished\":\"2023-09-01T13:28:47+00:00\",\"dateModified\":\"2023-09-01T13:28:49+00:00\",\"mainEntityOfPage\":{\"@id\":\"https:\/\/www.gaveanews.com\/index.php\/2023\/09\/01\/zagueiro-do-flamengo-david-luiz-se-revolta-e-faz-denuncia\/\"},\"wordCount\":136,\"commentCount\":0,\"image\":{\"@id\":\"https:\/\/www.gaveanews.com\/index.php\/2023\/09\/01\/zagueiro-do-flamengo-david-luiz-se-revolta-e-faz-denuncia\/#primaryimage\"},\"thumbnailUrl\":\"https:\/\/www.gaveanews.com\/wp-content\/uploads\/Daivd-Luiz-em-Velez-x-Flamengo-pela-Libertadores.webp\",\"articleSection\":[\"Flamengo\"],\"inLanguage\":\"pt-BR\",\"potentialAction\":[{\"@type\":\"CommentAction\",\"name\":\"Comment\",\"target\":[\"https:\/\/www.gaveanews.com\/index.php\/2023\/09\/01\/zagueiro-do-flamengo-david-luiz-se-revolta-e-faz-denuncia\/#respond\"]}],\"copyrightYear\":\"2023\",\"copyrightHolder\":{\"@id\":\"https:\/\/www.gaveanews.com\/#organization\"}},{\"@type\":\"WebPage\",\"@id\":\"https:\/\/www.gaveanews.com\/index.php\/2023\/09\/01\/zagueiro-do-flamengo-david-luiz-se-revolta-e-faz-denuncia\/\",\"url\":\"https:\/\/www.gaveanews.com\/index.php\/2023\/09\/01\/zagueiro-do-flamengo-david-luiz-se-revolta-e-faz-denuncia\/\",\"name\":\"Zagueiro do Flamengo, David Luiz se revolta e faz den\u00fancia\",\"isPartOf\":{\"@id\":\"https:\/\/www.gaveanews.com\/#website\"},\"primaryImageOfPage\":{\"@id\":\"https:\/\/www.gaveanews.com\/index.php\/2023\/09\/01\/zagueiro-do-flamengo-david-luiz-se-revolta-e-faz-denuncia\/#primaryimage\"},\"image\":{\"@id\":\"https:\/\/www.gaveanews.com\/index.php\/2023\/09\/01\/zagueiro-do-flamengo-david-luiz-se-revolta-e-faz-denuncia\/#primaryimage\"},\"thumbnailUrl\":\"https:\/\/www.gaveanews.com\/wp-content\/uploads\/Daivd-Luiz-em-Velez-x-Flamengo-pela-Libertadores.webp\",\"datePublished\":\"2023-09-01T13:28:47+00:00\",\"dateModified\":\"2023-09-01T13:28:49+00:00\",\"author\":{\"@id\":\"https:\/\/www.gaveanews.com\/#\/schema\/person\/714c67050b836198af2450ba1c142a67\"},\"breadcrumb\":{\"@id\":\"https:\/\/www.gaveanews.com\/index.php\/2023\/09\/01\/zagueiro-do-flamengo-david-luiz-se-revolta-e-faz-denuncia\/#breadcrumb\"},\"inLanguage\":\"pt-BR\",\"potentialAction\":[{\"@type\":\"ReadAction\",\"target\":[\"https:\/\/www.gaveanews.com\/index.php\/2023\/09\/01\/zagueiro-do-flamengo-david-luiz-se-revolta-e-faz-denuncia\/\"]}]},{\"@type\":\"ImageObject\",\"inLanguage\":\"pt-BR\",\"@id\":\"https:\/\/www.gaveanews.com\/index.php\/2023\/09\/01\/zagueiro-do-flamengo-david-luiz-se-revolta-e-faz-denuncia\/#primaryimage\",\"url\":\"https:\/\/www.gaveanews.com\/wp-content\/uploads\/Daivd-Luiz-em-Velez-x-Flamengo-pela-Libertadores.webp\",\"contentUrl\":\"https:\/\/www.gaveanews.com\/wp-content\/uploads\/Daivd-Luiz-em-Velez-x-Flamengo-pela-Libertadores.webp\",\"width\":800,\"height\":533,\"caption\":\"David Luiz em V\u00e9lez x Flamengo pela Libertadores (Foto: Marcelo Cortes\/Flamengo)\"},{\"@type\":\"BreadcrumbList\",\"@id\":\"https:\/\/www.gaveanews.com\/index.php\/2023\/09\/01\/zagueiro-do-flamengo-david-luiz-se-revolta-e-faz-denuncia\/#breadcrumb\",\"itemListElement\":[{\"@type\":\"ListItem\",\"position\":1,\"name\":\"Home\",\"item\":\"https:\/\/www.gaveanews.com\/\"},{\"@type\":\"ListItem\",\"position\":2,\"name\":\"Zagueiro do Flamengo, David Luiz se revolta e faz den\u00fancia\"}]},{\"@type\":\"WebSite\",\"@id\":\"https:\/\/www.gaveanews.com\/#website\",\"url\":\"https:\/\/www.gaveanews.com\/\",\"name\":\"G\u00e1vea News\",\"description\":\"Veja todas as not\u00edcias sobre o Flamengo: Contrata\u00e7\u00f5es, categorias de base, resultados das partidas, tabela de classifica\u00e7\u00e3o, pr\u00f3ximos jogos!\",\"potentialAction\":[{\"@type\":\"SearchAction\",\"target\":{\"@type\":\"EntryPoint\",\"urlTemplate\":\"https:\/\/www.gaveanews.com\/?s={search_term_string}\"},\"query-input\":{\"@type\":\"PropertyValueSpecification\",\"valueRequired\":true,\"valueName\":\"search_term_string\"}}],\"inLanguage\":\"pt-BR\"},{\"@type\":\"Person\",\"@id\":\"https:\/\/www.gaveanews.com\/#\/schema\/person\/714c67050b836198af2450ba1c142a67\",\"name\":\"Let\u00edcia Gerheim\",\"image\":{\"@type\":\"ImageObject\",\"inLanguage\":\"pt-BR\",\"@id\":\"https:\/\/www.gaveanews.com\/#\/schema\/person\/image\/\",\"url\":\"https:\/\/secure.gravatar.com\/avatar\/60734739c50fcebfbac509e2a826ccd0ff405c019bc73aab9354f19ecad1dcb4?s=96&d=mm&r=g\",\"contentUrl\":\"https:\/\/secure.gravatar.com\/avatar\/60734739c50fcebfbac509e2a826ccd0ff405c019bc73aab9354f19ecad1dcb4?s=96&d=mm&r=g\",\"caption\":\"Let\u00edcia Gerheim\"}}]}<\/script>\n<!-- \/ Yoast SEO Premium plugin. -->","yoast_head_json":{"title":"Zagueiro do Flamengo, David Luiz se revolta e faz den\u00fancia","robots":{"index":"index","follow":"follow","max-snippet":"max-snippet:-1","max-image-preview":"max-image-preview:large","max-video-preview":"max-video-preview:-1"},"canonical":"https:\/\/www.gaveanews.com\/index.php\/2023\/09\/01\/zagueiro-do-flamengo-david-luiz-se-revolta-e-faz-denuncia\/","og_locale":"pt_BR","og_type":"article","og_title":"Zagueiro do Flamengo, David Luiz se revolta e faz den\u00fancia","og_description":"Por: Let\u00edcia Gerheim A irrita\u00e7\u00e3o de milh\u00f5es de brasileiros com tentativas de golpe nas redes sociais chegou at\u00e9 mesmo ao elenco do Flamengo. Nesta semana, David Luiz fez uma publica\u00e7\u00e3o no Instagram denunciando um n\u00famero de celular que tentou se passar por ele e estava pedindo dinheiro pelo WhatsApp. Veja: O jogador precisou fazer a [&hellip;]","og_url":"https:\/\/www.gaveanews.com\/index.php\/2023\/09\/01\/zagueiro-do-flamengo-david-luiz-se-revolta-e-faz-denuncia\/","og_site_name":"G\u00e1vea News","article_publisher":"https:\/\/facebook.com\/gaveaNews\/","article_published_time":"2023-09-01T13:28:47+00:00","article_modified_time":"2023-09-01T13:28:49+00:00","og_image":[{"width":800,"height":533,"url":"https:\/\/www.gaveanews.com\/wp-content\/uploads\/Daivd-Luiz-em-Velez-x-Flamengo-pela-Libertadores.webp","type":"image\/jpeg"}],"author":"Let\u00edcia Gerheim","twitter_card":"summary_large_image","twitter_misc":{"Escrito por":"Let\u00edcia Gerheim","Est. tempo de leitura":"1 minuto"},"schema":{"@context":"https:\/\/schema.org","@graph":[{"@type":"NewsArticle","@id":"https:\/\/www.gaveanews.com\/index.php\/2023\/09\/01\/zagueiro-do-flamengo-david-luiz-se-revolta-e-faz-denuncia\/#article","isPartOf":{"@id":"https:\/\/www.gaveanews.com\/index.php\/2023\/09\/01\/zagueiro-do-flamengo-david-luiz-se-revolta-e-faz-denuncia\/"},"author":{"name":"Let\u00edcia Gerheim","@id":"https:\/\/www.gaveanews.com\/#\/schema\/person\/714c67050b836198af2450ba1c142a67"},"headline":"Zagueiro do Flamengo, David Luiz se revolta e faz den\u00fancia","datePublished":"2023-09-01T13:28:47+00:00","dateModified":"2023-09-01T13:28:49+00:00","mainEntityOfPage":{"@id":"https:\/\/www.gaveanews.com\/index.php\/2023\/09\/01\/zagueiro-do-flamengo-david-luiz-se-revolta-e-faz-denuncia\/"},"wordCount":136,"commentCount":0,"image":{"@id":"https:\/\/www.gaveanews.com\/index.php\/2023\/09\/01\/zagueiro-do-flamengo-david-luiz-se-revolta-e-faz-denuncia\/#primaryimage"},"thumbnailUrl":"https:\/\/www.gaveanews.com\/wp-content\/uploads\/Daivd-Luiz-em-Velez-x-Flamengo-pela-Libertadores.webp","articleSection":["Flamengo"],"inLanguage":"pt-BR","potentialAction":[{"@type":"CommentAction","name":"Comment","target":["https:\/\/www.gaveanews.com\/index.php\/2023\/09\/01\/zagueiro-do-flamengo-david-luiz-se-revolta-e-faz-denuncia\/#respond"]}],"copyrightYear":"2023","copyrightHolder":{"@id":"https:\/\/www.gaveanews.com\/#organization"}},{"@type":"WebPage","@id":"https:\/\/www.gaveanews.com\/index.php\/2023\/09\/01\/zagueiro-do-flamengo-david-luiz-se-revolta-e-faz-denuncia\/","url":"https:\/\/www.gaveanews.com\/index.php\/2023\/09\/01\/zagueiro-do-flamengo-david-luiz-se-revolta-e-faz-denuncia\/","name":"Zagueiro do Flamengo, David Luiz se revolta e faz den\u00fancia","isPartOf":{"@id":"https:\/\/www.gaveanews.com\/#website"},"primaryImageOfPage":{"@id":"https:\/\/www.gaveanews.com\/index.php\/2023\/09\/01\/zagueiro-do-flamengo-david-luiz-se-revolta-e-faz-denuncia\/#primaryimage"},"image":{"@id":"https:\/\/www.gaveanews.com\/index.php\/2023\/09\/01\/zagueiro-do-flamengo-david-luiz-se-revolta-e-faz-denuncia\/#primaryimage"},"thumbnailUrl":"https:\/\/www.gaveanews.com\/wp-content\/uploads\/Daivd-Luiz-em-Velez-x-Flamengo-pela-Libertadores.webp","datePublished":"2023-09-01T13:28:47+00:00","dateModified":"2023-09-01T13:28:49+00:00","author":{"@id":"https:\/\/www.gaveanews.com\/#\/schema\/person\/714c67050b836198af2450ba1c142a67"},"breadcrumb":{"@id":"https:\/\/www.gaveanews.com\/index.php\/2023\/09\/01\/zagueiro-do-flamengo-david-luiz-se-revolta-e-faz-denuncia\/#breadcrumb"},"inLanguage":"pt-BR","potentialAction":[{"@type":"ReadAction","target":["https:\/\/www.gaveanews.com\/index.php\/2023\/09\/01\/zagueiro-do-flamengo-david-luiz-se-revolta-e-faz-denuncia\/"]}]},{"@type":"ImageObject","inLanguage":"pt-BR","@id":"https:\/\/www.gaveanews.com\/index.php\/2023\/09\/01\/zagueiro-do-flamengo-david-luiz-se-revolta-e-faz-denuncia\/#primaryimage","url":"https:\/\/www.gaveanews.com\/wp-content\/uploads\/Daivd-Luiz-em-Velez-x-Flamengo-pela-Libertadores.webp","contentUrl":"https:\/\/www.gaveanews.com\/wp-content\/uploads\/Daivd-Luiz-em-Velez-x-Flamengo-pela-Libertadores.webp","width":800,"height":533,"caption":"David Luiz em V\u00e9lez x Flamengo pela Libertadores (Foto: Marcelo Cortes\/Flamengo)"},{"@type":"BreadcrumbList","@id":"https:\/\/www.gaveanews.com\/index.php\/2023\/09\/01\/zagueiro-do-flamengo-david-luiz-se-revolta-e-faz-denuncia\/#breadcrumb","itemListElement":[{"@type":"ListItem","position":1,"name":"Home","item":"https:\/\/www.gaveanews.com\/"},{"@type":"ListItem","position":2,"name":"Zagueiro do Flamengo, David Luiz se revolta e faz den\u00fancia"}]},{"@type":"WebSite","@id":"https:\/\/www.gaveanews.com\/#website","url":"https:\/\/www.gaveanews.com\/","name":"G\u00e1vea News","description":"Veja todas as not\u00edcias sobre o Flamengo: Contrata\u00e7\u00f5es, categorias de base, resultados das partidas, tabela de classifica\u00e7\u00e3o, pr\u00f3ximos jogos!","potentialAction":[{"@type":"SearchAction","target":{"@type":"EntryPoint","urlTemplate":"https:\/\/www.gaveanews.com\/?s={search_term_string}"},"query-input":{"@type":"PropertyValueSpecification","valueRequired":true,"valueName":"search_term_string"}}],"inLanguage":"pt-BR"},{"@type":"Person","@id":"https:\/\/www.gaveanews.com\/#\/schema\/person\/714c67050b836198af2450ba1c142a67","name":"Let\u00edcia Gerheim","image":{"@type":"ImageObject","inLanguage":"pt-BR","@id":"https:\/\/www.gaveanews.com\/#\/schema\/person\/image\/","url":"https:\/\/secure.gravatar.com\/avatar\/60734739c50fcebfbac509e2a826ccd0ff405c019bc73aab9354f19ecad1dcb4?s=96&d=mm&r=g","contentUrl":"https:\/\/secure.gravatar.com\/avatar\/60734739c50fcebfbac509e2a826ccd0ff405c019bc73aab9354f19ecad1dcb4?s=96&d=mm&r=g","caption":"Let\u00edcia Gerheim"}}]}},"_links":{"self":[{"href":"https:\/\/www.gaveanews.com\/index.php\/wp-json\/wp\/v2\/posts\/105906","targetHints":{"allow":["GET"]}}],"collection":[{"href":"https:\/\/www.gaveanews.com\/index.php\/wp-json\/wp\/v2\/posts"}],"about":[{"href":"https:\/\/www.gaveanews.com\/index.php\/wp-json\/wp\/v2\/types\/post"}],"author":[{"embeddable":true,"href":"https:\/\/www.gaveanews.com\/index.php\/wp-json\/wp\/v2\/users\/4"}],"replies":[{"embeddable":true,"href":"https:\/\/www.gaveanews.com\/index.php\/wp-json\/wp\/v2\/comments?post=105906"}],"version-history":[{"count":0,"href":"https:\/\/www.gaveanews.com\/index.php\/wp-json\/wp\/v2\/posts\/105906\/revisions"}],"wp:featuredmedia":[{"embeddable":true,"href":"https:\/\/www.gaveanews.com\/index.php\/wp-json\/wp\/v2\/media\/86775"}],"wp:attachment":[{"href":"https:\/\/www.gaveanews.com\/index.php\/wp-json\/wp\/v2\/media?parent=105906"}],"wp:term":[{"taxonomy":"category","embeddable":true,"href":"https:\/\/www.gaveanews.com\/index.php\/wp-json\/wp\/v2\/categories?post=105906"},{"taxonomy":"post_tag","embeddable":true,"href":"https:\/\/www.gaveanews.com\/index.php\/wp-json\/wp\/v2\/tags?post=105906"}],"curies":[{"name":"wp","href":"https:\/\/api.w.org\/{rel}","templated":true}]}}