{"id":106443,"date":"2023-09-11T22:34:49","date_gmt":"2023-09-12T01:34:49","guid":{"rendered":"https:\/\/www.gaveanews.com\/?p=106443"},"modified":"2024-04-06T23:05:47","modified_gmt":"2024-04-07T02:05:47","slug":"mauro-cezar-pereira-manda-recado-para-vitor-pereira","status":"publish","type":"post","link":"https:\/\/www.gaveanews.com\/index.php\/2023\/09\/11\/mauro-cezar-pereira-manda-recado-para-vitor-pereira\/","title":{"rendered":"Mauro Cezar Pereira manda recado para V\u00edtor Pereira"},"content":{"rendered":"\n<p>V\u00edtor Pereira teve passagem pelos dois clubes de maior torcida do Brasil e n\u00e3o teve um final feliz em Corinthians e Flamengo. No \u00faltimo s\u00e1bado (9), o treinador portugu\u00eas concedeu uma pol\u00eamica entrevista e falou sobre uma suposta \u201cfalta de educa\u00e7\u00e3o\u201d dos brasileiros. Mauro Cezar se pronunciou sobre a declara\u00e7\u00e3o do t\u00e9cnico e o ironizou:<\/p>\n\n\n\n<p>\u201cVitor Pereira \u00e9 um bom treinador que n\u00e3o se destacou no Brasil. Fez trabalho de razo\u00e1vel para bom no Corinthians (claramente melhor do que o atual) e fracassou no Flamengo por culpa n\u00e3o apenas dele, mas tamb\u00e9m pelas mazelas do futebol rubro-negro e seu elenco, um ambiente triturador de t\u00e9cnicos\u201d, iniciou dizendo Mauro Cezar, que disparou logo em seguida:<\/p>\n\n\n\n<p>\u201cSobre a falta de educa\u00e7\u00e3o por aqui, ele tem boa dose de raz\u00e3o e temos que admitir isso, sim. Mas os fatos mostram que n\u00e3o se trata de uma exclusividade dos brasileiros\u201d, ironizou o jornalista.<\/p>\n\n\n\n<p>O treinador falou sobre sua passagem no futebol brasileiro e declarou: \u201cO que gostei menos foi da falta de educa\u00e7\u00e3o. Muita falta de educa\u00e7\u00e3o. N\u00e3o estou apontando especificamente A, B ou C, mas \u00e9 uma falta de educa\u00e7\u00e3o geral. \u00c9 preciso ter est\u00f4mago\u201d, reclamou VP, em entrevista no programa \u201cThinking Football Summit\u201d.<\/p>\n\n\n\n<p>\u201cN\u00e3o \u00e9 da imprensa, \u00e9 do futebol em si e tudo que envolve. \u00c0s vezes, passa do limite da emo\u00e7\u00e3o. Extravasa e dizem coisas que n\u00f3s aqui (em Portugal) ainda n\u00e3o estamos preparados. L\u00e1 pode ser normal, percebi que \u00e9 cultural, mas para n\u00f3s \u00e9 dif\u00edcil\u201d, disse ele.<\/p>\n\n\n\n<p>Como argumento, Mauro Cezar citou algumas declara\u00e7\u00f5es e atitudes de V\u00edtor Pereira enquanto esteve no Brasil.<\/p>\n\n\n\n<p>\u201cEm 13 de agosto de 2022 o t\u00e9cnico foi perguntado se temia perder o emprego. E retrucou. \u2018Voc\u00ea deve estar brincando comigo com esta pergunta. Eu, nesta fase da minha vida, da minha carreira, ter medo de perder o emprego? Voc\u00ea sabe quanto dinheiro tenho no banco, meu amigo? Tenho uma vida estabilizada, n\u00e3o preciso\u2026 Isso para mim passa ao lado&#8217;\u201d, mencionou Mauro Cezar em seu blog.<\/p>\n\n\n\n<p>O portugu\u00eas tem como um dos pontos negativos tamb\u00e9m o epis\u00f3dio envolvendo sua sogra. Ele deixou o Corinthians dizendo que iria focar nos cuidados de sa\u00fade da m\u00e3e de sua esposa, mas semanas depois resolveu assinar com o Flamengo.<\/p>\n\n\n\n<p>Retirado de: Torcedores<\/p>\n","protected":false},"excerpt":{"rendered":"<p>V\u00edtor Pereira teve passagem pelos dois clubes de maior torcida do Brasil e n\u00e3o teve um final feliz em Corinthians e Flamengo. No \u00faltimo s\u00e1bado (9), o treinador portugu\u00eas concedeu uma pol\u00eamica entrevista e falou sobre uma suposta \u201cfalta de educa\u00e7\u00e3o\u201d dos brasileiros. Mauro Cezar se pronunciou sobre a declara\u00e7\u00e3o do t\u00e9cnico e o ironizou: [&hellip;]<\/p>\n","protected":false},"author":1,"featured_media":101020,"comment_status":"open","ping_status":"closed","sticky":false,"template":"","format":"standard","meta":{"footnotes":""},"categories":[1],"tags":[170],"class_list":["post-106443","post","type-post","status-publish","format-standard","has-post-thumbnail","hentry","category-flamengo","tag-mauro-cezar-pereira"],"yoast_head":"<!-- This site is optimized with the Yoast SEO Premium plugin v24.2 (Yoast SEO v26.9) - https:\/\/yoast.com\/product\/yoast-seo-premium-wordpress\/ -->\n<title>Mauro Cezar Pereira manda recado para V\u00edtor Pereira<\/title>\n<meta name=\"robots\" content=\"index, follow, max-snippet:-1, max-image-preview:large, max-video-preview:-1\" \/>\n<link rel=\"canonical\" href=\"https:\/\/www.gaveanews.com\/index.php\/2023\/09\/11\/mauro-cezar-pereira-manda-recado-para-vitor-pereira\/\" \/>\n<meta property=\"og:locale\" content=\"pt_BR\" \/>\n<meta property=\"og:type\" content=\"article\" \/>\n<meta property=\"og:title\" content=\"Mauro Cezar Pereira manda recado para V\u00edtor Pereira\" \/>\n<meta property=\"og:description\" content=\"V\u00edtor Pereira teve passagem pelos dois clubes de maior torcida do Brasil e n\u00e3o teve um final feliz em Corinthians e Flamengo. No \u00faltimo s\u00e1bado (9), o treinador portugu\u00eas concedeu uma pol\u00eamica entrevista e falou sobre uma suposta \u201cfalta de educa\u00e7\u00e3o\u201d dos brasileiros. Mauro Cezar se pronunciou sobre a declara\u00e7\u00e3o do t\u00e9cnico e o ironizou: [&hellip;]\" \/>\n<meta property=\"og:url\" content=\"https:\/\/www.gaveanews.com\/index.php\/2023\/09\/11\/mauro-cezar-pereira-manda-recado-para-vitor-pereira\/\" \/>\n<meta property=\"og:site_name\" content=\"G\u00e1vea News\" \/>\n<meta property=\"article:publisher\" content=\"https:\/\/facebook.com\/gaveaNews\/\" \/>\n<meta property=\"article:published_time\" content=\"2023-09-12T01:34:49+00:00\" \/>\n<meta property=\"article:modified_time\" content=\"2024-04-07T02:05:47+00:00\" \/>\n<meta property=\"og:image\" content=\"https:\/\/www.gaveanews.com\/wp-content\/uploads\/Mauro-Cezar.webp\" \/>\n\t<meta property=\"og:image:width\" content=\"846\" \/>\n\t<meta property=\"og:image:height\" content=\"564\" \/>\n\t<meta property=\"og:image:type\" content=\"image\/webp\" \/>\n<meta name=\"author\" content=\"Equipe G\u00e1vea News\" \/>\n<meta name=\"twitter:card\" content=\"summary_large_image\" \/>\n<meta name=\"twitter:label1\" content=\"Escrito por\" \/>\n\t<meta name=\"twitter:data1\" content=\"Equipe G\u00e1vea News\" \/>\n\t<meta name=\"twitter:label2\" content=\"Est. tempo de leitura\" \/>\n\t<meta name=\"twitter:data2\" content=\"3 minutos\" \/>\n<script type=\"application\/ld+json\" class=\"yoast-schema-graph\">{\"@context\":\"https:\/\/schema.org\",\"@graph\":[{\"@type\":\"NewsArticle\",\"@id\":\"https:\/\/www.gaveanews.com\/index.php\/2023\/09\/11\/mauro-cezar-pereira-manda-recado-para-vitor-pereira\/#article\",\"isPartOf\":{\"@id\":\"https:\/\/www.gaveanews.com\/index.php\/2023\/09\/11\/mauro-cezar-pereira-manda-recado-para-vitor-pereira\/\"},\"author\":{\"name\":\"Equipe G\u00e1vea News\",\"@id\":\"https:\/\/www.gaveanews.com\/#\/schema\/person\/2ec14f73fb96be2caf28f91afb14749d\"},\"headline\":\"Mauro Cezar Pereira manda recado para V\u00edtor Pereira\",\"datePublished\":\"2023-09-12T01:34:49+00:00\",\"dateModified\":\"2024-04-07T02:05:47+00:00\",\"mainEntityOfPage\":{\"@id\":\"https:\/\/www.gaveanews.com\/index.php\/2023\/09\/11\/mauro-cezar-pereira-manda-recado-para-vitor-pereira\/\"},\"wordCount\":409,\"commentCount\":0,\"image\":{\"@id\":\"https:\/\/www.gaveanews.com\/index.php\/2023\/09\/11\/mauro-cezar-pereira-manda-recado-para-vitor-pereira\/#primaryimage\"},\"thumbnailUrl\":\"https:\/\/www.gaveanews.com\/wp-content\/uploads\/Mauro-Cezar.webp\",\"keywords\":[\"Mauro Cezar Pereira\"],\"articleSection\":[\"Flamengo\"],\"inLanguage\":\"pt-BR\",\"potentialAction\":[{\"@type\":\"CommentAction\",\"name\":\"Comment\",\"target\":[\"https:\/\/www.gaveanews.com\/index.php\/2023\/09\/11\/mauro-cezar-pereira-manda-recado-para-vitor-pereira\/#respond\"]}],\"copyrightYear\":\"2023\",\"copyrightHolder\":{\"@id\":\"https:\/\/www.gaveanews.com\/#organization\"}},{\"@type\":\"WebPage\",\"@id\":\"https:\/\/www.gaveanews.com\/index.php\/2023\/09\/11\/mauro-cezar-pereira-manda-recado-para-vitor-pereira\/\",\"url\":\"https:\/\/www.gaveanews.com\/index.php\/2023\/09\/11\/mauro-cezar-pereira-manda-recado-para-vitor-pereira\/\",\"name\":\"Mauro Cezar Pereira manda recado para V\u00edtor Pereira\",\"isPartOf\":{\"@id\":\"https:\/\/www.gaveanews.com\/#website\"},\"primaryImageOfPage\":{\"@id\":\"https:\/\/www.gaveanews.com\/index.php\/2023\/09\/11\/mauro-cezar-pereira-manda-recado-para-vitor-pereira\/#primaryimage\"},\"image\":{\"@id\":\"https:\/\/www.gaveanews.com\/index.php\/2023\/09\/11\/mauro-cezar-pereira-manda-recado-para-vitor-pereira\/#primaryimage\"},\"thumbnailUrl\":\"https:\/\/www.gaveanews.com\/wp-content\/uploads\/Mauro-Cezar.webp\",\"datePublished\":\"2023-09-12T01:34:49+00:00\",\"dateModified\":\"2024-04-07T02:05:47+00:00\",\"author\":{\"@id\":\"https:\/\/www.gaveanews.com\/#\/schema\/person\/2ec14f73fb96be2caf28f91afb14749d\"},\"breadcrumb\":{\"@id\":\"https:\/\/www.gaveanews.com\/index.php\/2023\/09\/11\/mauro-cezar-pereira-manda-recado-para-vitor-pereira\/#breadcrumb\"},\"inLanguage\":\"pt-BR\",\"potentialAction\":[{\"@type\":\"ReadAction\",\"target\":[\"https:\/\/www.gaveanews.com\/index.php\/2023\/09\/11\/mauro-cezar-pereira-manda-recado-para-vitor-pereira\/\"]}]},{\"@type\":\"ImageObject\",\"inLanguage\":\"pt-BR\",\"@id\":\"https:\/\/www.gaveanews.com\/index.php\/2023\/09\/11\/mauro-cezar-pereira-manda-recado-para-vitor-pereira\/#primaryimage\",\"url\":\"https:\/\/www.gaveanews.com\/wp-content\/uploads\/Mauro-Cezar.webp\",\"contentUrl\":\"https:\/\/www.gaveanews.com\/wp-content\/uploads\/Mauro-Cezar.webp\",\"width\":846,\"height\":564,\"caption\":\"Mauro Cesar em Programa pela Jovem Pan - Foto: Reprodu\u00e7\u00e3o\/Jovem Pan\"},{\"@type\":\"BreadcrumbList\",\"@id\":\"https:\/\/www.gaveanews.com\/index.php\/2023\/09\/11\/mauro-cezar-pereira-manda-recado-para-vitor-pereira\/#breadcrumb\",\"itemListElement\":[{\"@type\":\"ListItem\",\"position\":1,\"name\":\"Home\",\"item\":\"https:\/\/www.gaveanews.com\/\"},{\"@type\":\"ListItem\",\"position\":2,\"name\":\"Mauro Cezar Pereira manda recado para V\u00edtor Pereira\"}]},{\"@type\":\"WebSite\",\"@id\":\"https:\/\/www.gaveanews.com\/#website\",\"url\":\"https:\/\/www.gaveanews.com\/\",\"name\":\"G\u00e1vea News\",\"description\":\"Veja todas as not\u00edcias sobre o Flamengo: Contrata\u00e7\u00f5es, categorias de base, resultados das partidas, tabela de classifica\u00e7\u00e3o, pr\u00f3ximos jogos!\",\"potentialAction\":[{\"@type\":\"SearchAction\",\"target\":{\"@type\":\"EntryPoint\",\"urlTemplate\":\"https:\/\/www.gaveanews.com\/?s={search_term_string}\"},\"query-input\":{\"@type\":\"PropertyValueSpecification\",\"valueRequired\":true,\"valueName\":\"search_term_string\"}}],\"inLanguage\":\"pt-BR\"},{\"@type\":\"Person\",\"@id\":\"https:\/\/www.gaveanews.com\/#\/schema\/person\/2ec14f73fb96be2caf28f91afb14749d\",\"name\":\"Equipe G\u00e1vea News\",\"image\":{\"@type\":\"ImageObject\",\"inLanguage\":\"pt-BR\",\"@id\":\"https:\/\/www.gaveanews.com\/#\/schema\/person\/image\/\",\"url\":\"https:\/\/secure.gravatar.com\/avatar\/1e1956f1facbffd3f8fa53a326721950116b3b9dc9bd44939c01180fd4a745a9?s=96&d=mm&r=g\",\"contentUrl\":\"https:\/\/secure.gravatar.com\/avatar\/1e1956f1facbffd3f8fa53a326721950116b3b9dc9bd44939c01180fd4a745a9?s=96&d=mm&r=g\",\"caption\":\"Equipe G\u00e1vea News\"}}]}<\/script>\n<!-- \/ Yoast SEO Premium plugin. -->","yoast_head_json":{"title":"Mauro Cezar Pereira manda recado para V\u00edtor Pereira","robots":{"index":"index","follow":"follow","max-snippet":"max-snippet:-1","max-image-preview":"max-image-preview:large","max-video-preview":"max-video-preview:-1"},"canonical":"https:\/\/www.gaveanews.com\/index.php\/2023\/09\/11\/mauro-cezar-pereira-manda-recado-para-vitor-pereira\/","og_locale":"pt_BR","og_type":"article","og_title":"Mauro Cezar Pereira manda recado para V\u00edtor Pereira","og_description":"V\u00edtor Pereira teve passagem pelos dois clubes de maior torcida do Brasil e n\u00e3o teve um final feliz em Corinthians e Flamengo. No \u00faltimo s\u00e1bado (9), o treinador portugu\u00eas concedeu uma pol\u00eamica entrevista e falou sobre uma suposta \u201cfalta de educa\u00e7\u00e3o\u201d dos brasileiros. Mauro Cezar se pronunciou sobre a declara\u00e7\u00e3o do t\u00e9cnico e o ironizou: [&hellip;]","og_url":"https:\/\/www.gaveanews.com\/index.php\/2023\/09\/11\/mauro-cezar-pereira-manda-recado-para-vitor-pereira\/","og_site_name":"G\u00e1vea News","article_publisher":"https:\/\/facebook.com\/gaveaNews\/","article_published_time":"2023-09-12T01:34:49+00:00","article_modified_time":"2024-04-07T02:05:47+00:00","og_image":[{"width":846,"height":564,"url":"https:\/\/www.gaveanews.com\/wp-content\/uploads\/Mauro-Cezar.webp","type":"image\/webp"}],"author":"Equipe G\u00e1vea News","twitter_card":"summary_large_image","twitter_misc":{"Escrito por":"Equipe G\u00e1vea News","Est. tempo de leitura":"3 minutos"},"schema":{"@context":"https:\/\/schema.org","@graph":[{"@type":"NewsArticle","@id":"https:\/\/www.gaveanews.com\/index.php\/2023\/09\/11\/mauro-cezar-pereira-manda-recado-para-vitor-pereira\/#article","isPartOf":{"@id":"https:\/\/www.gaveanews.com\/index.php\/2023\/09\/11\/mauro-cezar-pereira-manda-recado-para-vitor-pereira\/"},"author":{"name":"Equipe G\u00e1vea News","@id":"https:\/\/www.gaveanews.com\/#\/schema\/person\/2ec14f73fb96be2caf28f91afb14749d"},"headline":"Mauro Cezar Pereira manda recado para V\u00edtor Pereira","datePublished":"2023-09-12T01:34:49+00:00","dateModified":"2024-04-07T02:05:47+00:00","mainEntityOfPage":{"@id":"https:\/\/www.gaveanews.com\/index.php\/2023\/09\/11\/mauro-cezar-pereira-manda-recado-para-vitor-pereira\/"},"wordCount":409,"commentCount":0,"image":{"@id":"https:\/\/www.gaveanews.com\/index.php\/2023\/09\/11\/mauro-cezar-pereira-manda-recado-para-vitor-pereira\/#primaryimage"},"thumbnailUrl":"https:\/\/www.gaveanews.com\/wp-content\/uploads\/Mauro-Cezar.webp","keywords":["Mauro Cezar Pereira"],"articleSection":["Flamengo"],"inLanguage":"pt-BR","potentialAction":[{"@type":"CommentAction","name":"Comment","target":["https:\/\/www.gaveanews.com\/index.php\/2023\/09\/11\/mauro-cezar-pereira-manda-recado-para-vitor-pereira\/#respond"]}],"copyrightYear":"2023","copyrightHolder":{"@id":"https:\/\/www.gaveanews.com\/#organization"}},{"@type":"WebPage","@id":"https:\/\/www.gaveanews.com\/index.php\/2023\/09\/11\/mauro-cezar-pereira-manda-recado-para-vitor-pereira\/","url":"https:\/\/www.gaveanews.com\/index.php\/2023\/09\/11\/mauro-cezar-pereira-manda-recado-para-vitor-pereira\/","name":"Mauro Cezar Pereira manda recado para V\u00edtor Pereira","isPartOf":{"@id":"https:\/\/www.gaveanews.com\/#website"},"primaryImageOfPage":{"@id":"https:\/\/www.gaveanews.com\/index.php\/2023\/09\/11\/mauro-cezar-pereira-manda-recado-para-vitor-pereira\/#primaryimage"},"image":{"@id":"https:\/\/www.gaveanews.com\/index.php\/2023\/09\/11\/mauro-cezar-pereira-manda-recado-para-vitor-pereira\/#primaryimage"},"thumbnailUrl":"https:\/\/www.gaveanews.com\/wp-content\/uploads\/Mauro-Cezar.webp","datePublished":"2023-09-12T01:34:49+00:00","dateModified":"2024-04-07T02:05:47+00:00","author":{"@id":"https:\/\/www.gaveanews.com\/#\/schema\/person\/2ec14f73fb96be2caf28f91afb14749d"},"breadcrumb":{"@id":"https:\/\/www.gaveanews.com\/index.php\/2023\/09\/11\/mauro-cezar-pereira-manda-recado-para-vitor-pereira\/#breadcrumb"},"inLanguage":"pt-BR","potentialAction":[{"@type":"ReadAction","target":["https:\/\/www.gaveanews.com\/index.php\/2023\/09\/11\/mauro-cezar-pereira-manda-recado-para-vitor-pereira\/"]}]},{"@type":"ImageObject","inLanguage":"pt-BR","@id":"https:\/\/www.gaveanews.com\/index.php\/2023\/09\/11\/mauro-cezar-pereira-manda-recado-para-vitor-pereira\/#primaryimage","url":"https:\/\/www.gaveanews.com\/wp-content\/uploads\/Mauro-Cezar.webp","contentUrl":"https:\/\/www.gaveanews.com\/wp-content\/uploads\/Mauro-Cezar.webp","width":846,"height":564,"caption":"Mauro Cesar em Programa pela Jovem Pan - Foto: Reprodu\u00e7\u00e3o\/Jovem Pan"},{"@type":"BreadcrumbList","@id":"https:\/\/www.gaveanews.com\/index.php\/2023\/09\/11\/mauro-cezar-pereira-manda-recado-para-vitor-pereira\/#breadcrumb","itemListElement":[{"@type":"ListItem","position":1,"name":"Home","item":"https:\/\/www.gaveanews.com\/"},{"@type":"ListItem","position":2,"name":"Mauro Cezar Pereira manda recado para V\u00edtor Pereira"}]},{"@type":"WebSite","@id":"https:\/\/www.gaveanews.com\/#website","url":"https:\/\/www.gaveanews.com\/","name":"G\u00e1vea News","description":"Veja todas as not\u00edcias sobre o Flamengo: Contrata\u00e7\u00f5es, categorias de base, resultados das partidas, tabela de classifica\u00e7\u00e3o, pr\u00f3ximos jogos!","potentialAction":[{"@type":"SearchAction","target":{"@type":"EntryPoint","urlTemplate":"https:\/\/www.gaveanews.com\/?s={search_term_string}"},"query-input":{"@type":"PropertyValueSpecification","valueRequired":true,"valueName":"search_term_string"}}],"inLanguage":"pt-BR"},{"@type":"Person","@id":"https:\/\/www.gaveanews.com\/#\/schema\/person\/2ec14f73fb96be2caf28f91afb14749d","name":"Equipe G\u00e1vea News","image":{"@type":"ImageObject","inLanguage":"pt-BR","@id":"https:\/\/www.gaveanews.com\/#\/schema\/person\/image\/","url":"https:\/\/secure.gravatar.com\/avatar\/1e1956f1facbffd3f8fa53a326721950116b3b9dc9bd44939c01180fd4a745a9?s=96&d=mm&r=g","contentUrl":"https:\/\/secure.gravatar.com\/avatar\/1e1956f1facbffd3f8fa53a326721950116b3b9dc9bd44939c01180fd4a745a9?s=96&d=mm&r=g","caption":"Equipe G\u00e1vea News"}}]}},"_links":{"self":[{"href":"https:\/\/www.gaveanews.com\/index.php\/wp-json\/wp\/v2\/posts\/106443","targetHints":{"allow":["GET"]}}],"collection":[{"href":"https:\/\/www.gaveanews.com\/index.php\/wp-json\/wp\/v2\/posts"}],"about":[{"href":"https:\/\/www.gaveanews.com\/index.php\/wp-json\/wp\/v2\/types\/post"}],"author":[{"embeddable":true,"href":"https:\/\/www.gaveanews.com\/index.php\/wp-json\/wp\/v2\/users\/1"}],"replies":[{"embeddable":true,"href":"https:\/\/www.gaveanews.com\/index.php\/wp-json\/wp\/v2\/comments?post=106443"}],"version-history":[{"count":1,"href":"https:\/\/www.gaveanews.com\/index.php\/wp-json\/wp\/v2\/posts\/106443\/revisions"}],"predecessor-version":[{"id":134455,"href":"https:\/\/www.gaveanews.com\/index.php\/wp-json\/wp\/v2\/posts\/106443\/revisions\/134455"}],"wp:featuredmedia":[{"embeddable":true,"href":"https:\/\/www.gaveanews.com\/index.php\/wp-json\/wp\/v2\/media\/101020"}],"wp:attachment":[{"href":"https:\/\/www.gaveanews.com\/index.php\/wp-json\/wp\/v2\/media?parent=106443"}],"wp:term":[{"taxonomy":"category","embeddable":true,"href":"https:\/\/www.gaveanews.com\/index.php\/wp-json\/wp\/v2\/categories?post=106443"},{"taxonomy":"post_tag","embeddable":true,"href":"https:\/\/www.gaveanews.com\/index.php\/wp-json\/wp\/v2\/tags?post=106443"}],"curies":[{"name":"wp","href":"https:\/\/api.w.org\/{rel}","templated":true}]}}