{"id":106449,"date":"2023-09-12T00:02:45","date_gmt":"2023-09-12T03:02:45","guid":{"rendered":"https:\/\/www.gaveanews.com\/?p=106449"},"modified":"2024-04-07T09:39:27","modified_gmt":"2024-04-07T12:39:27","slug":"bruno-e-leo-pereira-do-flamengo-aparecem-no-top-10-de-ranking-entre-jogadores-das-americas","status":"publish","type":"post","link":"https:\/\/www.gaveanews.com\/index.php\/2023\/09\/12\/bruno-e-leo-pereira-do-flamengo-aparecem-no-top-10-de-ranking-entre-jogadores-das-americas\/","title":{"rendered":"Fabr\u00edcio Bruno e L\u00e9o Pereira, do Flamengo, aparecem no Top-10 de ranking entre jogadores das Am\u00e9ricas"},"content":{"rendered":"\n<p>Nos \u00faltimos dias, os jogadores do Flamengo treinaram forte no Ninho do Urubu. Sampaoli teve mais uma semana para intensificar as atividades, pensando na decis\u00e3o da Copa do Brasil, contra o S\u00e3o Paulo.<\/p>\n\n\n\n<p>Com um elenco muito qualificado, o treinador rubro-negro espera conseguir desempenhar o melhor dos seus atletas nesses dias que antecedem a decis\u00e3o, para tentar levantar o primeiro t\u00edtulo do Flamengo na temporada.<\/p>\n\n\n\n<p>Dois jogadores que s\u00e3o homens de confian\u00e7a de Sampaoli, Fabr\u00edcio Bruno e L\u00e9o Pereira tem formado a zaga do Flamengo. Os zagueiros demonstram muita qualidade, principalmente com a bola no p\u00e9, o que os coloca em um ranking importante.<\/p>\n\n\n\n<p>Segundo levantamento do portal \u2018Data Fut\u2019, Fabr\u00edcio Bruno e L\u00e9o Pereira aparecem entre os dez jogadores das Am\u00e9ricas que mais acertam passes por jogo na temporada. Fabr\u00edcio \u00e9 o 9\u00ba com m\u00e9dia de 59.9 passes certos, L\u00e9o Pereira \u00e9 o 10\u00ba com m\u00e9dia de 58.8 com passes certos.<\/p>\n\n\n\n<p><strong>Veja abaixo a lista completa:<\/strong><\/p>\n\n\n\n<ol class=\"wp-block-list\">\n<li>Andr\u00e9 (74.4)&nbsp; \u2014 Fluminense (Brasil)<\/li>\n\n\n\n<li>Riqui Puig (67.0)&nbsp; \u2014 Galaxy (Estados Unidos)<\/li>\n\n\n\n<li>Beraldo (65.9)&nbsp; \u2014 S\u00e3o Paulo (Brasil)<\/li>\n\n\n\n<li>Fidalgo (65.1)&nbsp; \u2014 Am\u00e9rica (M\u00e9xico)<\/li>\n\n\n\n<li>Fontas (63.7)&nbsp; \u2014 Kansas (Estados Unidos)<\/li>\n\n\n\n<li>Brugman (63.1)&nbsp; \u2014 Galaxy (Estados Unidos)<\/li>\n\n\n\n<li>Thiago Martins (60.8)&nbsp; \u2014 NYFC (Estados Unidos)<\/li>\n\n\n\n<li>Huerta (60.7)&nbsp; \u2014 Toluca (M\u00e9xico)<\/li>\n\n\n\n<li>Fabr\u00edcio Bruno (59.5) \u2014 Flamengo (Brasil)<\/li>\n\n\n\n<li>L\u00e9o Pereira (58.8)&nbsp; \u2014 Flamengo (Brasil)<\/li>\n<\/ol>\n\n\n\n<p>Retirado de: Di\u00e1rio do Fla<\/p>\n","protected":false},"excerpt":{"rendered":"<p>Nos \u00faltimos dias, os jogadores do Flamengo treinaram forte no Ninho do Urubu. Sampaoli teve mais uma semana para intensificar as atividades, pensando na decis\u00e3o da Copa do Brasil, contra o S\u00e3o Paulo. Com um elenco muito qualificado, o treinador rubro-negro espera conseguir desempenhar o melhor dos seus atletas nesses dias que antecedem a decis\u00e3o, [&hellip;]<\/p>\n","protected":false},"author":1,"featured_media":95347,"comment_status":"open","ping_status":"closed","sticky":false,"template":"","format":"standard","meta":{"footnotes":""},"categories":[1],"tags":[186,175],"class_list":["post-106449","post","type-post","status-publish","format-standard","has-post-thumbnail","hentry","category-flamengo","tag-fabricio-bruno-soares-de-faria","tag-leonardo-leo-pereira"],"yoast_head":"<!-- This site is optimized with the Yoast SEO Premium plugin v24.2 (Yoast SEO v26.9) - https:\/\/yoast.com\/product\/yoast-seo-premium-wordpress\/ -->\n<title>Fabr\u00edcio Bruno e L\u00e9o Pereira, do Flamengo, aparecem no Top-10 de ranking entre jogadores das Am\u00e9ricas<\/title>\n<meta name=\"robots\" content=\"index, follow, max-snippet:-1, max-image-preview:large, max-video-preview:-1\" \/>\n<link rel=\"canonical\" href=\"https:\/\/www.gaveanews.com\/index.php\/2023\/09\/12\/bruno-e-leo-pereira-do-flamengo-aparecem-no-top-10-de-ranking-entre-jogadores-das-americas\/\" \/>\n<meta property=\"og:locale\" content=\"pt_BR\" \/>\n<meta property=\"og:type\" content=\"article\" \/>\n<meta property=\"og:title\" content=\"Fabr\u00edcio Bruno e L\u00e9o Pereira, do Flamengo, aparecem no Top-10 de ranking entre jogadores das Am\u00e9ricas\" \/>\n<meta property=\"og:description\" content=\"Nos \u00faltimos dias, os jogadores do Flamengo treinaram forte no Ninho do Urubu. Sampaoli teve mais uma semana para intensificar as atividades, pensando na decis\u00e3o da Copa do Brasil, contra o S\u00e3o Paulo. Com um elenco muito qualificado, o treinador rubro-negro espera conseguir desempenhar o melhor dos seus atletas nesses dias que antecedem a decis\u00e3o, [&hellip;]\" \/>\n<meta property=\"og:url\" content=\"https:\/\/www.gaveanews.com\/index.php\/2023\/09\/12\/bruno-e-leo-pereira-do-flamengo-aparecem-no-top-10-de-ranking-entre-jogadores-das-americas\/\" \/>\n<meta property=\"og:site_name\" content=\"G\u00e1vea News\" \/>\n<meta property=\"article:publisher\" content=\"https:\/\/facebook.com\/gaveaNews\/\" \/>\n<meta property=\"article:published_time\" content=\"2023-09-12T03:02:45+00:00\" \/>\n<meta property=\"article:modified_time\" content=\"2024-04-07T12:39:27+00:00\" \/>\n<meta property=\"og:image\" content=\"https:\/\/www.gaveanews.com\/wp-content\/uploads\/fabricio-bruno-flamengo.webp\" \/>\n\t<meta property=\"og:image:width\" content=\"1600\" \/>\n\t<meta property=\"og:image:height\" content=\"1065\" \/>\n\t<meta property=\"og:image:type\" content=\"image\/jpeg\" \/>\n<meta name=\"author\" content=\"Equipe G\u00e1vea News\" \/>\n<meta name=\"twitter:card\" content=\"summary_large_image\" \/>\n<meta name=\"twitter:label1\" content=\"Escrito por\" \/>\n\t<meta name=\"twitter:data1\" content=\"Equipe G\u00e1vea News\" \/>\n\t<meta name=\"twitter:label2\" content=\"Est. tempo de leitura\" \/>\n\t<meta name=\"twitter:data2\" content=\"2 minutos\" \/>\n<script type=\"application\/ld+json\" class=\"yoast-schema-graph\">{\"@context\":\"https:\/\/schema.org\",\"@graph\":[{\"@type\":\"NewsArticle\",\"@id\":\"https:\/\/www.gaveanews.com\/index.php\/2023\/09\/12\/bruno-e-leo-pereira-do-flamengo-aparecem-no-top-10-de-ranking-entre-jogadores-das-americas\/#article\",\"isPartOf\":{\"@id\":\"https:\/\/www.gaveanews.com\/index.php\/2023\/09\/12\/bruno-e-leo-pereira-do-flamengo-aparecem-no-top-10-de-ranking-entre-jogadores-das-americas\/\"},\"author\":{\"name\":\"Equipe G\u00e1vea News\",\"@id\":\"https:\/\/www.gaveanews.com\/#\/schema\/person\/2ec14f73fb96be2caf28f91afb14749d\"},\"headline\":\"Fabr\u00edcio Bruno e L\u00e9o Pereira, do Flamengo, aparecem no Top-10 de ranking entre jogadores das Am\u00e9ricas\",\"datePublished\":\"2023-09-12T03:02:45+00:00\",\"dateModified\":\"2024-04-07T12:39:27+00:00\",\"mainEntityOfPage\":{\"@id\":\"https:\/\/www.gaveanews.com\/index.php\/2023\/09\/12\/bruno-e-leo-pereira-do-flamengo-aparecem-no-top-10-de-ranking-entre-jogadores-das-americas\/\"},\"wordCount\":245,\"commentCount\":0,\"image\":{\"@id\":\"https:\/\/www.gaveanews.com\/index.php\/2023\/09\/12\/bruno-e-leo-pereira-do-flamengo-aparecem-no-top-10-de-ranking-entre-jogadores-das-americas\/#primaryimage\"},\"thumbnailUrl\":\"https:\/\/www.gaveanews.com\/wp-content\/uploads\/fabricio-bruno-flamengo.webp\",\"keywords\":[\"Fabr\u00edcio Bruno Soares de Faria\",\"Leonardo Pereira\"],\"articleSection\":[\"Flamengo\"],\"inLanguage\":\"pt-BR\",\"potentialAction\":[{\"@type\":\"CommentAction\",\"name\":\"Comment\",\"target\":[\"https:\/\/www.gaveanews.com\/index.php\/2023\/09\/12\/bruno-e-leo-pereira-do-flamengo-aparecem-no-top-10-de-ranking-entre-jogadores-das-americas\/#respond\"]}],\"copyrightYear\":\"2023\",\"copyrightHolder\":{\"@id\":\"https:\/\/www.gaveanews.com\/#organization\"}},{\"@type\":\"WebPage\",\"@id\":\"https:\/\/www.gaveanews.com\/index.php\/2023\/09\/12\/bruno-e-leo-pereira-do-flamengo-aparecem-no-top-10-de-ranking-entre-jogadores-das-americas\/\",\"url\":\"https:\/\/www.gaveanews.com\/index.php\/2023\/09\/12\/bruno-e-leo-pereira-do-flamengo-aparecem-no-top-10-de-ranking-entre-jogadores-das-americas\/\",\"name\":\"Fabr\u00edcio Bruno e L\u00e9o Pereira, do Flamengo, aparecem no Top-10 de ranking entre jogadores das Am\u00e9ricas\",\"isPartOf\":{\"@id\":\"https:\/\/www.gaveanews.com\/#website\"},\"primaryImageOfPage\":{\"@id\":\"https:\/\/www.gaveanews.com\/index.php\/2023\/09\/12\/bruno-e-leo-pereira-do-flamengo-aparecem-no-top-10-de-ranking-entre-jogadores-das-americas\/#primaryimage\"},\"image\":{\"@id\":\"https:\/\/www.gaveanews.com\/index.php\/2023\/09\/12\/bruno-e-leo-pereira-do-flamengo-aparecem-no-top-10-de-ranking-entre-jogadores-das-americas\/#primaryimage\"},\"thumbnailUrl\":\"https:\/\/www.gaveanews.com\/wp-content\/uploads\/fabricio-bruno-flamengo.webp\",\"datePublished\":\"2023-09-12T03:02:45+00:00\",\"dateModified\":\"2024-04-07T12:39:27+00:00\",\"author\":{\"@id\":\"https:\/\/www.gaveanews.com\/#\/schema\/person\/2ec14f73fb96be2caf28f91afb14749d\"},\"breadcrumb\":{\"@id\":\"https:\/\/www.gaveanews.com\/index.php\/2023\/09\/12\/bruno-e-leo-pereira-do-flamengo-aparecem-no-top-10-de-ranking-entre-jogadores-das-americas\/#breadcrumb\"},\"inLanguage\":\"pt-BR\",\"potentialAction\":[{\"@type\":\"ReadAction\",\"target\":[\"https:\/\/www.gaveanews.com\/index.php\/2023\/09\/12\/bruno-e-leo-pereira-do-flamengo-aparecem-no-top-10-de-ranking-entre-jogadores-das-americas\/\"]}]},{\"@type\":\"ImageObject\",\"inLanguage\":\"pt-BR\",\"@id\":\"https:\/\/www.gaveanews.com\/index.php\/2023\/09\/12\/bruno-e-leo-pereira-do-flamengo-aparecem-no-top-10-de-ranking-entre-jogadores-das-americas\/#primaryimage\",\"url\":\"https:\/\/www.gaveanews.com\/wp-content\/uploads\/fabricio-bruno-flamengo.webp\",\"contentUrl\":\"https:\/\/www.gaveanews.com\/wp-content\/uploads\/fabricio-bruno-flamengo.webp\",\"width\":1600,\"height\":1065,\"caption\":\"Fabr\u00edcio Bruno marca gol pelo Flamengo contra o Vasco (Foto: Marcelo Cortes\/Flamengo)\"},{\"@type\":\"BreadcrumbList\",\"@id\":\"https:\/\/www.gaveanews.com\/index.php\/2023\/09\/12\/bruno-e-leo-pereira-do-flamengo-aparecem-no-top-10-de-ranking-entre-jogadores-das-americas\/#breadcrumb\",\"itemListElement\":[{\"@type\":\"ListItem\",\"position\":1,\"name\":\"Home\",\"item\":\"https:\/\/www.gaveanews.com\/\"},{\"@type\":\"ListItem\",\"position\":2,\"name\":\"Fabr\u00edcio Bruno e L\u00e9o Pereira, do Flamengo, aparecem no Top-10 de ranking entre jogadores das Am\u00e9ricas\"}]},{\"@type\":\"WebSite\",\"@id\":\"https:\/\/www.gaveanews.com\/#website\",\"url\":\"https:\/\/www.gaveanews.com\/\",\"name\":\"G\u00e1vea News\",\"description\":\"Veja todas as not\u00edcias sobre o Flamengo: Contrata\u00e7\u00f5es, categorias de base, resultados das partidas, tabela de classifica\u00e7\u00e3o, pr\u00f3ximos jogos!\",\"potentialAction\":[{\"@type\":\"SearchAction\",\"target\":{\"@type\":\"EntryPoint\",\"urlTemplate\":\"https:\/\/www.gaveanews.com\/?s={search_term_string}\"},\"query-input\":{\"@type\":\"PropertyValueSpecification\",\"valueRequired\":true,\"valueName\":\"search_term_string\"}}],\"inLanguage\":\"pt-BR\"},{\"@type\":\"Person\",\"@id\":\"https:\/\/www.gaveanews.com\/#\/schema\/person\/2ec14f73fb96be2caf28f91afb14749d\",\"name\":\"Equipe G\u00e1vea News\",\"image\":{\"@type\":\"ImageObject\",\"inLanguage\":\"pt-BR\",\"@id\":\"https:\/\/www.gaveanews.com\/#\/schema\/person\/image\/\",\"url\":\"https:\/\/secure.gravatar.com\/avatar\/1e1956f1facbffd3f8fa53a326721950116b3b9dc9bd44939c01180fd4a745a9?s=96&d=mm&r=g\",\"contentUrl\":\"https:\/\/secure.gravatar.com\/avatar\/1e1956f1facbffd3f8fa53a326721950116b3b9dc9bd44939c01180fd4a745a9?s=96&d=mm&r=g\",\"caption\":\"Equipe G\u00e1vea News\"}}]}<\/script>\n<!-- \/ Yoast SEO Premium plugin. -->","yoast_head_json":{"title":"Fabr\u00edcio Bruno e L\u00e9o Pereira, do Flamengo, aparecem no Top-10 de ranking entre jogadores das Am\u00e9ricas","robots":{"index":"index","follow":"follow","max-snippet":"max-snippet:-1","max-image-preview":"max-image-preview:large","max-video-preview":"max-video-preview:-1"},"canonical":"https:\/\/www.gaveanews.com\/index.php\/2023\/09\/12\/bruno-e-leo-pereira-do-flamengo-aparecem-no-top-10-de-ranking-entre-jogadores-das-americas\/","og_locale":"pt_BR","og_type":"article","og_title":"Fabr\u00edcio Bruno e L\u00e9o Pereira, do Flamengo, aparecem no Top-10 de ranking entre jogadores das Am\u00e9ricas","og_description":"Nos \u00faltimos dias, os jogadores do Flamengo treinaram forte no Ninho do Urubu. Sampaoli teve mais uma semana para intensificar as atividades, pensando na decis\u00e3o da Copa do Brasil, contra o S\u00e3o Paulo. Com um elenco muito qualificado, o treinador rubro-negro espera conseguir desempenhar o melhor dos seus atletas nesses dias que antecedem a decis\u00e3o, [&hellip;]","og_url":"https:\/\/www.gaveanews.com\/index.php\/2023\/09\/12\/bruno-e-leo-pereira-do-flamengo-aparecem-no-top-10-de-ranking-entre-jogadores-das-americas\/","og_site_name":"G\u00e1vea News","article_publisher":"https:\/\/facebook.com\/gaveaNews\/","article_published_time":"2023-09-12T03:02:45+00:00","article_modified_time":"2024-04-07T12:39:27+00:00","og_image":[{"width":1600,"height":1065,"url":"https:\/\/www.gaveanews.com\/wp-content\/uploads\/fabricio-bruno-flamengo.webp","type":"image\/jpeg"}],"author":"Equipe G\u00e1vea News","twitter_card":"summary_large_image","twitter_misc":{"Escrito por":"Equipe G\u00e1vea News","Est. tempo de leitura":"2 minutos"},"schema":{"@context":"https:\/\/schema.org","@graph":[{"@type":"NewsArticle","@id":"https:\/\/www.gaveanews.com\/index.php\/2023\/09\/12\/bruno-e-leo-pereira-do-flamengo-aparecem-no-top-10-de-ranking-entre-jogadores-das-americas\/#article","isPartOf":{"@id":"https:\/\/www.gaveanews.com\/index.php\/2023\/09\/12\/bruno-e-leo-pereira-do-flamengo-aparecem-no-top-10-de-ranking-entre-jogadores-das-americas\/"},"author":{"name":"Equipe G\u00e1vea News","@id":"https:\/\/www.gaveanews.com\/#\/schema\/person\/2ec14f73fb96be2caf28f91afb14749d"},"headline":"Fabr\u00edcio Bruno e L\u00e9o Pereira, do Flamengo, aparecem no Top-10 de ranking entre jogadores das Am\u00e9ricas","datePublished":"2023-09-12T03:02:45+00:00","dateModified":"2024-04-07T12:39:27+00:00","mainEntityOfPage":{"@id":"https:\/\/www.gaveanews.com\/index.php\/2023\/09\/12\/bruno-e-leo-pereira-do-flamengo-aparecem-no-top-10-de-ranking-entre-jogadores-das-americas\/"},"wordCount":245,"commentCount":0,"image":{"@id":"https:\/\/www.gaveanews.com\/index.php\/2023\/09\/12\/bruno-e-leo-pereira-do-flamengo-aparecem-no-top-10-de-ranking-entre-jogadores-das-americas\/#primaryimage"},"thumbnailUrl":"https:\/\/www.gaveanews.com\/wp-content\/uploads\/fabricio-bruno-flamengo.webp","keywords":["Fabr\u00edcio Bruno Soares de Faria","Leonardo Pereira"],"articleSection":["Flamengo"],"inLanguage":"pt-BR","potentialAction":[{"@type":"CommentAction","name":"Comment","target":["https:\/\/www.gaveanews.com\/index.php\/2023\/09\/12\/bruno-e-leo-pereira-do-flamengo-aparecem-no-top-10-de-ranking-entre-jogadores-das-americas\/#respond"]}],"copyrightYear":"2023","copyrightHolder":{"@id":"https:\/\/www.gaveanews.com\/#organization"}},{"@type":"WebPage","@id":"https:\/\/www.gaveanews.com\/index.php\/2023\/09\/12\/bruno-e-leo-pereira-do-flamengo-aparecem-no-top-10-de-ranking-entre-jogadores-das-americas\/","url":"https:\/\/www.gaveanews.com\/index.php\/2023\/09\/12\/bruno-e-leo-pereira-do-flamengo-aparecem-no-top-10-de-ranking-entre-jogadores-das-americas\/","name":"Fabr\u00edcio Bruno e L\u00e9o Pereira, do Flamengo, aparecem no Top-10 de ranking entre jogadores das Am\u00e9ricas","isPartOf":{"@id":"https:\/\/www.gaveanews.com\/#website"},"primaryImageOfPage":{"@id":"https:\/\/www.gaveanews.com\/index.php\/2023\/09\/12\/bruno-e-leo-pereira-do-flamengo-aparecem-no-top-10-de-ranking-entre-jogadores-das-americas\/#primaryimage"},"image":{"@id":"https:\/\/www.gaveanews.com\/index.php\/2023\/09\/12\/bruno-e-leo-pereira-do-flamengo-aparecem-no-top-10-de-ranking-entre-jogadores-das-americas\/#primaryimage"},"thumbnailUrl":"https:\/\/www.gaveanews.com\/wp-content\/uploads\/fabricio-bruno-flamengo.webp","datePublished":"2023-09-12T03:02:45+00:00","dateModified":"2024-04-07T12:39:27+00:00","author":{"@id":"https:\/\/www.gaveanews.com\/#\/schema\/person\/2ec14f73fb96be2caf28f91afb14749d"},"breadcrumb":{"@id":"https:\/\/www.gaveanews.com\/index.php\/2023\/09\/12\/bruno-e-leo-pereira-do-flamengo-aparecem-no-top-10-de-ranking-entre-jogadores-das-americas\/#breadcrumb"},"inLanguage":"pt-BR","potentialAction":[{"@type":"ReadAction","target":["https:\/\/www.gaveanews.com\/index.php\/2023\/09\/12\/bruno-e-leo-pereira-do-flamengo-aparecem-no-top-10-de-ranking-entre-jogadores-das-americas\/"]}]},{"@type":"ImageObject","inLanguage":"pt-BR","@id":"https:\/\/www.gaveanews.com\/index.php\/2023\/09\/12\/bruno-e-leo-pereira-do-flamengo-aparecem-no-top-10-de-ranking-entre-jogadores-das-americas\/#primaryimage","url":"https:\/\/www.gaveanews.com\/wp-content\/uploads\/fabricio-bruno-flamengo.webp","contentUrl":"https:\/\/www.gaveanews.com\/wp-content\/uploads\/fabricio-bruno-flamengo.webp","width":1600,"height":1065,"caption":"Fabr\u00edcio Bruno marca gol pelo Flamengo contra o Vasco (Foto: Marcelo Cortes\/Flamengo)"},{"@type":"BreadcrumbList","@id":"https:\/\/www.gaveanews.com\/index.php\/2023\/09\/12\/bruno-e-leo-pereira-do-flamengo-aparecem-no-top-10-de-ranking-entre-jogadores-das-americas\/#breadcrumb","itemListElement":[{"@type":"ListItem","position":1,"name":"Home","item":"https:\/\/www.gaveanews.com\/"},{"@type":"ListItem","position":2,"name":"Fabr\u00edcio Bruno e L\u00e9o Pereira, do Flamengo, aparecem no Top-10 de ranking entre jogadores das Am\u00e9ricas"}]},{"@type":"WebSite","@id":"https:\/\/www.gaveanews.com\/#website","url":"https:\/\/www.gaveanews.com\/","name":"G\u00e1vea News","description":"Veja todas as not\u00edcias sobre o Flamengo: Contrata\u00e7\u00f5es, categorias de base, resultados das partidas, tabela de classifica\u00e7\u00e3o, pr\u00f3ximos jogos!","potentialAction":[{"@type":"SearchAction","target":{"@type":"EntryPoint","urlTemplate":"https:\/\/www.gaveanews.com\/?s={search_term_string}"},"query-input":{"@type":"PropertyValueSpecification","valueRequired":true,"valueName":"search_term_string"}}],"inLanguage":"pt-BR"},{"@type":"Person","@id":"https:\/\/www.gaveanews.com\/#\/schema\/person\/2ec14f73fb96be2caf28f91afb14749d","name":"Equipe G\u00e1vea News","image":{"@type":"ImageObject","inLanguage":"pt-BR","@id":"https:\/\/www.gaveanews.com\/#\/schema\/person\/image\/","url":"https:\/\/secure.gravatar.com\/avatar\/1e1956f1facbffd3f8fa53a326721950116b3b9dc9bd44939c01180fd4a745a9?s=96&d=mm&r=g","contentUrl":"https:\/\/secure.gravatar.com\/avatar\/1e1956f1facbffd3f8fa53a326721950116b3b9dc9bd44939c01180fd4a745a9?s=96&d=mm&r=g","caption":"Equipe G\u00e1vea News"}}]}},"_links":{"self":[{"href":"https:\/\/www.gaveanews.com\/index.php\/wp-json\/wp\/v2\/posts\/106449","targetHints":{"allow":["GET"]}}],"collection":[{"href":"https:\/\/www.gaveanews.com\/index.php\/wp-json\/wp\/v2\/posts"}],"about":[{"href":"https:\/\/www.gaveanews.com\/index.php\/wp-json\/wp\/v2\/types\/post"}],"author":[{"embeddable":true,"href":"https:\/\/www.gaveanews.com\/index.php\/wp-json\/wp\/v2\/users\/1"}],"replies":[{"embeddable":true,"href":"https:\/\/www.gaveanews.com\/index.php\/wp-json\/wp\/v2\/comments?post=106449"}],"version-history":[{"count":1,"href":"https:\/\/www.gaveanews.com\/index.php\/wp-json\/wp\/v2\/posts\/106449\/revisions"}],"predecessor-version":[{"id":136138,"href":"https:\/\/www.gaveanews.com\/index.php\/wp-json\/wp\/v2\/posts\/106449\/revisions\/136138"}],"wp:featuredmedia":[{"embeddable":true,"href":"https:\/\/www.gaveanews.com\/index.php\/wp-json\/wp\/v2\/media\/95347"}],"wp:attachment":[{"href":"https:\/\/www.gaveanews.com\/index.php\/wp-json\/wp\/v2\/media?parent=106449"}],"wp:term":[{"taxonomy":"category","embeddable":true,"href":"https:\/\/www.gaveanews.com\/index.php\/wp-json\/wp\/v2\/categories?post=106449"},{"taxonomy":"post_tag","embeddable":true,"href":"https:\/\/www.gaveanews.com\/index.php\/wp-json\/wp\/v2\/tags?post=106449"}],"curies":[{"name":"wp","href":"https:\/\/api.w.org\/{rel}","templated":true}]}}