{"id":107065,"date":"2023-09-22T14:04:45","date_gmt":"2023-09-22T17:04:45","guid":{"rendered":"https:\/\/www.gaveanews.com\/?p=107065"},"modified":"2023-09-22T14:04:48","modified_gmt":"2023-09-22T17:04:48","slug":"flamengo-compra-terreno-para-a-construcao-do-estadio","status":"publish","type":"post","link":"https:\/\/www.gaveanews.com\/index.php\/2023\/09\/22\/flamengo-compra-terreno-para-a-construcao-do-estadio\/","title":{"rendered":"Flamengo compra terreno para a constru\u00e7\u00e3o do est\u00e1dio"},"content":{"rendered":"\n<p>Se por um lado o sonho de construir um est\u00e1dio para o time profissional do Flamengo segue distante, por outro, as categorias de base e a equipe feminina est\u00e3o muito pr\u00f3ximos de realizar este projeto.<\/p>\n\n\n\n<p>De acordo com o colunista Fabr\u00edcio Lopes, do jornal \u2018O Dia\u2019, o Meng\u00e3o teria comprado um terreno em Vargem Grande. O local fica em frente ao Ninho do Urubu e receberia jogos da base e do time feminino.<\/p>\n\n\n\n<p>Ainda segundo o portal, a Escola Municipal \u00c1lvaro Sodr\u00e9 fica localizada dentro do terreno, mas a inten\u00e7\u00e3o do clube \u00e9 n\u00e3o alterar a estrutura e o dia-a-dia da institui\u00e7\u00e3o.<\/p>\n\n\n\n<p>Retirado de: Di\u00e1rio do Fla<\/p>\n","protected":false},"excerpt":{"rendered":"<p>Se por um lado o sonho de construir um est\u00e1dio para o time profissional do Flamengo segue distante, por outro, as categorias de base e a equipe feminina est\u00e3o muito pr\u00f3ximos de realizar este projeto. De acordo com o colunista Fabr\u00edcio Lopes, do jornal \u2018O Dia\u2019, o Meng\u00e3o teria comprado um terreno em Vargem Grande. [&hellip;]<\/p>\n","protected":false},"author":1,"featured_media":15077,"comment_status":"open","ping_status":"closed","sticky":false,"template":"","format":"standard","meta":{"footnotes":""},"categories":[1],"tags":[],"class_list":["post-107065","post","type-post","status-publish","format-standard","has-post-thumbnail","hentry","category-flamengo"],"yoast_head":"<!-- This site is optimized with the Yoast SEO Premium plugin v24.2 (Yoast SEO v26.9) - https:\/\/yoast.com\/product\/yoast-seo-premium-wordpress\/ -->\n<title>Flamengo compra terreno para a constru\u00e7\u00e3o do est\u00e1dio<\/title>\n<meta name=\"robots\" content=\"index, follow, max-snippet:-1, max-image-preview:large, max-video-preview:-1\" \/>\n<link rel=\"canonical\" href=\"https:\/\/www.gaveanews.com\/index.php\/2023\/09\/22\/flamengo-compra-terreno-para-a-construcao-do-estadio\/\" \/>\n<meta property=\"og:locale\" content=\"pt_BR\" \/>\n<meta property=\"og:type\" content=\"article\" \/>\n<meta property=\"og:title\" content=\"Flamengo compra terreno para a constru\u00e7\u00e3o do est\u00e1dio\" \/>\n<meta property=\"og:description\" content=\"Se por um lado o sonho de construir um est\u00e1dio para o time profissional do Flamengo segue distante, por outro, as categorias de base e a equipe feminina est\u00e3o muito pr\u00f3ximos de realizar este projeto. De acordo com o colunista Fabr\u00edcio Lopes, do jornal \u2018O Dia\u2019, o Meng\u00e3o teria comprado um terreno em Vargem Grande. [&hellip;]\" \/>\n<meta property=\"og:url\" content=\"https:\/\/www.gaveanews.com\/index.php\/2023\/09\/22\/flamengo-compra-terreno-para-a-construcao-do-estadio\/\" \/>\n<meta property=\"og:site_name\" content=\"G\u00e1vea News\" \/>\n<meta property=\"article:publisher\" content=\"https:\/\/facebook.com\/gaveaNews\/\" \/>\n<meta property=\"article:published_time\" content=\"2023-09-22T17:04:45+00:00\" \/>\n<meta property=\"article:modified_time\" content=\"2023-09-22T17:04:48+00:00\" \/>\n<meta property=\"og:image\" content=\"https:\/\/www.gaveanews.com\/wp-content\/uploads\/2019\/03\/Rodolfo-Landim-durante-entrevista-coletiva-na-Gavea.webp\" \/>\n\t<meta property=\"og:image:width\" content=\"1\" \/>\n\t<meta property=\"og:image:height\" content=\"1\" \/>\n\t<meta property=\"og:image:type\" content=\"image\/jpeg\" \/>\n<meta name=\"author\" content=\"Equipe G\u00e1vea News\" \/>\n<meta name=\"twitter:card\" content=\"summary_large_image\" \/>\n<meta name=\"twitter:label1\" content=\"Escrito por\" \/>\n\t<meta name=\"twitter:data1\" content=\"Equipe G\u00e1vea News\" \/>\n\t<meta name=\"twitter:label2\" content=\"Est. tempo de leitura\" \/>\n\t<meta name=\"twitter:data2\" content=\"1 minuto\" \/>\n<script type=\"application\/ld+json\" class=\"yoast-schema-graph\">{\"@context\":\"https:\/\/schema.org\",\"@graph\":[{\"@type\":\"NewsArticle\",\"@id\":\"https:\/\/www.gaveanews.com\/index.php\/2023\/09\/22\/flamengo-compra-terreno-para-a-construcao-do-estadio\/#article\",\"isPartOf\":{\"@id\":\"https:\/\/www.gaveanews.com\/index.php\/2023\/09\/22\/flamengo-compra-terreno-para-a-construcao-do-estadio\/\"},\"author\":{\"name\":\"Equipe G\u00e1vea News\",\"@id\":\"https:\/\/www.gaveanews.com\/#\/schema\/person\/2ec14f73fb96be2caf28f91afb14749d\"},\"headline\":\"Flamengo compra terreno para a constru\u00e7\u00e3o do est\u00e1dio\",\"datePublished\":\"2023-09-22T17:04:45+00:00\",\"dateModified\":\"2023-09-22T17:04:48+00:00\",\"mainEntityOfPage\":{\"@id\":\"https:\/\/www.gaveanews.com\/index.php\/2023\/09\/22\/flamengo-compra-terreno-para-a-construcao-do-estadio\/\"},\"wordCount\":125,\"commentCount\":0,\"image\":{\"@id\":\"https:\/\/www.gaveanews.com\/index.php\/2023\/09\/22\/flamengo-compra-terreno-para-a-construcao-do-estadio\/#primaryimage\"},\"thumbnailUrl\":\"https:\/\/www.gaveanews.com\/wp-content\/uploads\/2019\/03\/Rodolfo-Landim-durante-entrevista-coletiva-na-Gavea.webp\",\"articleSection\":[\"Flamengo\"],\"inLanguage\":\"pt-BR\",\"potentialAction\":[{\"@type\":\"CommentAction\",\"name\":\"Comment\",\"target\":[\"https:\/\/www.gaveanews.com\/index.php\/2023\/09\/22\/flamengo-compra-terreno-para-a-construcao-do-estadio\/#respond\"]}],\"copyrightYear\":\"2023\",\"copyrightHolder\":{\"@id\":\"https:\/\/www.gaveanews.com\/#organization\"}},{\"@type\":\"WebPage\",\"@id\":\"https:\/\/www.gaveanews.com\/index.php\/2023\/09\/22\/flamengo-compra-terreno-para-a-construcao-do-estadio\/\",\"url\":\"https:\/\/www.gaveanews.com\/index.php\/2023\/09\/22\/flamengo-compra-terreno-para-a-construcao-do-estadio\/\",\"name\":\"Flamengo compra terreno para a constru\u00e7\u00e3o do est\u00e1dio\",\"isPartOf\":{\"@id\":\"https:\/\/www.gaveanews.com\/#website\"},\"primaryImageOfPage\":{\"@id\":\"https:\/\/www.gaveanews.com\/index.php\/2023\/09\/22\/flamengo-compra-terreno-para-a-construcao-do-estadio\/#primaryimage\"},\"image\":{\"@id\":\"https:\/\/www.gaveanews.com\/index.php\/2023\/09\/22\/flamengo-compra-terreno-para-a-construcao-do-estadio\/#primaryimage\"},\"thumbnailUrl\":\"https:\/\/www.gaveanews.com\/wp-content\/uploads\/2019\/03\/Rodolfo-Landim-durante-entrevista-coletiva-na-Gavea.webp\",\"datePublished\":\"2023-09-22T17:04:45+00:00\",\"dateModified\":\"2023-09-22T17:04:48+00:00\",\"author\":{\"@id\":\"https:\/\/www.gaveanews.com\/#\/schema\/person\/2ec14f73fb96be2caf28f91afb14749d\"},\"breadcrumb\":{\"@id\":\"https:\/\/www.gaveanews.com\/index.php\/2023\/09\/22\/flamengo-compra-terreno-para-a-construcao-do-estadio\/#breadcrumb\"},\"inLanguage\":\"pt-BR\",\"potentialAction\":[{\"@type\":\"ReadAction\",\"target\":[\"https:\/\/www.gaveanews.com\/index.php\/2023\/09\/22\/flamengo-compra-terreno-para-a-construcao-do-estadio\/\"]}]},{\"@type\":\"ImageObject\",\"inLanguage\":\"pt-BR\",\"@id\":\"https:\/\/www.gaveanews.com\/index.php\/2023\/09\/22\/flamengo-compra-terreno-para-a-construcao-do-estadio\/#primaryimage\",\"url\":\"https:\/\/www.gaveanews.com\/wp-content\/uploads\/2019\/03\/Rodolfo-Landim-durante-entrevista-coletiva-na-Gavea.webp\",\"contentUrl\":\"https:\/\/www.gaveanews.com\/wp-content\/uploads\/2019\/03\/Rodolfo-Landim-durante-entrevista-coletiva-na-Gavea.webp\",\"width\":900,\"height\":599,\"caption\":\"Rodolfo Landim durante entrevista coletiva na G\u00e1vea (Foto: Ag\u00eancia Foto BR)\"},{\"@type\":\"BreadcrumbList\",\"@id\":\"https:\/\/www.gaveanews.com\/index.php\/2023\/09\/22\/flamengo-compra-terreno-para-a-construcao-do-estadio\/#breadcrumb\",\"itemListElement\":[{\"@type\":\"ListItem\",\"position\":1,\"name\":\"Home\",\"item\":\"https:\/\/www.gaveanews.com\/\"},{\"@type\":\"ListItem\",\"position\":2,\"name\":\"Flamengo compra terreno para a constru\u00e7\u00e3o do est\u00e1dio\"}]},{\"@type\":\"WebSite\",\"@id\":\"https:\/\/www.gaveanews.com\/#website\",\"url\":\"https:\/\/www.gaveanews.com\/\",\"name\":\"G\u00e1vea News\",\"description\":\"Veja todas as not\u00edcias sobre o Flamengo: Contrata\u00e7\u00f5es, categorias de base, resultados das partidas, tabela de classifica\u00e7\u00e3o, pr\u00f3ximos jogos!\",\"potentialAction\":[{\"@type\":\"SearchAction\",\"target\":{\"@type\":\"EntryPoint\",\"urlTemplate\":\"https:\/\/www.gaveanews.com\/?s={search_term_string}\"},\"query-input\":{\"@type\":\"PropertyValueSpecification\",\"valueRequired\":true,\"valueName\":\"search_term_string\"}}],\"inLanguage\":\"pt-BR\"},{\"@type\":\"Person\",\"@id\":\"https:\/\/www.gaveanews.com\/#\/schema\/person\/2ec14f73fb96be2caf28f91afb14749d\",\"name\":\"Equipe G\u00e1vea News\",\"image\":{\"@type\":\"ImageObject\",\"inLanguage\":\"pt-BR\",\"@id\":\"https:\/\/www.gaveanews.com\/#\/schema\/person\/image\/\",\"url\":\"https:\/\/secure.gravatar.com\/avatar\/1e1956f1facbffd3f8fa53a326721950116b3b9dc9bd44939c01180fd4a745a9?s=96&d=mm&r=g\",\"contentUrl\":\"https:\/\/secure.gravatar.com\/avatar\/1e1956f1facbffd3f8fa53a326721950116b3b9dc9bd44939c01180fd4a745a9?s=96&d=mm&r=g\",\"caption\":\"Equipe G\u00e1vea News\"}}]}<\/script>\n<!-- \/ Yoast SEO Premium plugin. -->","yoast_head_json":{"title":"Flamengo compra terreno para a constru\u00e7\u00e3o do est\u00e1dio","robots":{"index":"index","follow":"follow","max-snippet":"max-snippet:-1","max-image-preview":"max-image-preview:large","max-video-preview":"max-video-preview:-1"},"canonical":"https:\/\/www.gaveanews.com\/index.php\/2023\/09\/22\/flamengo-compra-terreno-para-a-construcao-do-estadio\/","og_locale":"pt_BR","og_type":"article","og_title":"Flamengo compra terreno para a constru\u00e7\u00e3o do est\u00e1dio","og_description":"Se por um lado o sonho de construir um est\u00e1dio para o time profissional do Flamengo segue distante, por outro, as categorias de base e a equipe feminina est\u00e3o muito pr\u00f3ximos de realizar este projeto. De acordo com o colunista Fabr\u00edcio Lopes, do jornal \u2018O Dia\u2019, o Meng\u00e3o teria comprado um terreno em Vargem Grande. [&hellip;]","og_url":"https:\/\/www.gaveanews.com\/index.php\/2023\/09\/22\/flamengo-compra-terreno-para-a-construcao-do-estadio\/","og_site_name":"G\u00e1vea News","article_publisher":"https:\/\/facebook.com\/gaveaNews\/","article_published_time":"2023-09-22T17:04:45+00:00","article_modified_time":"2023-09-22T17:04:48+00:00","og_image":[{"url":"https:\/\/www.gaveanews.com\/wp-content\/uploads\/2019\/03\/Rodolfo-Landim-durante-entrevista-coletiva-na-Gavea.webp","width":1,"height":1,"type":"image\/jpeg"}],"author":"Equipe G\u00e1vea News","twitter_card":"summary_large_image","twitter_misc":{"Escrito por":"Equipe G\u00e1vea News","Est. tempo de leitura":"1 minuto"},"schema":{"@context":"https:\/\/schema.org","@graph":[{"@type":"NewsArticle","@id":"https:\/\/www.gaveanews.com\/index.php\/2023\/09\/22\/flamengo-compra-terreno-para-a-construcao-do-estadio\/#article","isPartOf":{"@id":"https:\/\/www.gaveanews.com\/index.php\/2023\/09\/22\/flamengo-compra-terreno-para-a-construcao-do-estadio\/"},"author":{"name":"Equipe G\u00e1vea News","@id":"https:\/\/www.gaveanews.com\/#\/schema\/person\/2ec14f73fb96be2caf28f91afb14749d"},"headline":"Flamengo compra terreno para a constru\u00e7\u00e3o do est\u00e1dio","datePublished":"2023-09-22T17:04:45+00:00","dateModified":"2023-09-22T17:04:48+00:00","mainEntityOfPage":{"@id":"https:\/\/www.gaveanews.com\/index.php\/2023\/09\/22\/flamengo-compra-terreno-para-a-construcao-do-estadio\/"},"wordCount":125,"commentCount":0,"image":{"@id":"https:\/\/www.gaveanews.com\/index.php\/2023\/09\/22\/flamengo-compra-terreno-para-a-construcao-do-estadio\/#primaryimage"},"thumbnailUrl":"https:\/\/www.gaveanews.com\/wp-content\/uploads\/2019\/03\/Rodolfo-Landim-durante-entrevista-coletiva-na-Gavea.webp","articleSection":["Flamengo"],"inLanguage":"pt-BR","potentialAction":[{"@type":"CommentAction","name":"Comment","target":["https:\/\/www.gaveanews.com\/index.php\/2023\/09\/22\/flamengo-compra-terreno-para-a-construcao-do-estadio\/#respond"]}],"copyrightYear":"2023","copyrightHolder":{"@id":"https:\/\/www.gaveanews.com\/#organization"}},{"@type":"WebPage","@id":"https:\/\/www.gaveanews.com\/index.php\/2023\/09\/22\/flamengo-compra-terreno-para-a-construcao-do-estadio\/","url":"https:\/\/www.gaveanews.com\/index.php\/2023\/09\/22\/flamengo-compra-terreno-para-a-construcao-do-estadio\/","name":"Flamengo compra terreno para a constru\u00e7\u00e3o do est\u00e1dio","isPartOf":{"@id":"https:\/\/www.gaveanews.com\/#website"},"primaryImageOfPage":{"@id":"https:\/\/www.gaveanews.com\/index.php\/2023\/09\/22\/flamengo-compra-terreno-para-a-construcao-do-estadio\/#primaryimage"},"image":{"@id":"https:\/\/www.gaveanews.com\/index.php\/2023\/09\/22\/flamengo-compra-terreno-para-a-construcao-do-estadio\/#primaryimage"},"thumbnailUrl":"https:\/\/www.gaveanews.com\/wp-content\/uploads\/2019\/03\/Rodolfo-Landim-durante-entrevista-coletiva-na-Gavea.webp","datePublished":"2023-09-22T17:04:45+00:00","dateModified":"2023-09-22T17:04:48+00:00","author":{"@id":"https:\/\/www.gaveanews.com\/#\/schema\/person\/2ec14f73fb96be2caf28f91afb14749d"},"breadcrumb":{"@id":"https:\/\/www.gaveanews.com\/index.php\/2023\/09\/22\/flamengo-compra-terreno-para-a-construcao-do-estadio\/#breadcrumb"},"inLanguage":"pt-BR","potentialAction":[{"@type":"ReadAction","target":["https:\/\/www.gaveanews.com\/index.php\/2023\/09\/22\/flamengo-compra-terreno-para-a-construcao-do-estadio\/"]}]},{"@type":"ImageObject","inLanguage":"pt-BR","@id":"https:\/\/www.gaveanews.com\/index.php\/2023\/09\/22\/flamengo-compra-terreno-para-a-construcao-do-estadio\/#primaryimage","url":"https:\/\/www.gaveanews.com\/wp-content\/uploads\/2019\/03\/Rodolfo-Landim-durante-entrevista-coletiva-na-Gavea.webp","contentUrl":"https:\/\/www.gaveanews.com\/wp-content\/uploads\/2019\/03\/Rodolfo-Landim-durante-entrevista-coletiva-na-Gavea.webp","width":900,"height":599,"caption":"Rodolfo Landim durante entrevista coletiva na G\u00e1vea (Foto: Ag\u00eancia Foto BR)"},{"@type":"BreadcrumbList","@id":"https:\/\/www.gaveanews.com\/index.php\/2023\/09\/22\/flamengo-compra-terreno-para-a-construcao-do-estadio\/#breadcrumb","itemListElement":[{"@type":"ListItem","position":1,"name":"Home","item":"https:\/\/www.gaveanews.com\/"},{"@type":"ListItem","position":2,"name":"Flamengo compra terreno para a constru\u00e7\u00e3o do est\u00e1dio"}]},{"@type":"WebSite","@id":"https:\/\/www.gaveanews.com\/#website","url":"https:\/\/www.gaveanews.com\/","name":"G\u00e1vea News","description":"Veja todas as not\u00edcias sobre o Flamengo: Contrata\u00e7\u00f5es, categorias de base, resultados das partidas, tabela de classifica\u00e7\u00e3o, pr\u00f3ximos jogos!","potentialAction":[{"@type":"SearchAction","target":{"@type":"EntryPoint","urlTemplate":"https:\/\/www.gaveanews.com\/?s={search_term_string}"},"query-input":{"@type":"PropertyValueSpecification","valueRequired":true,"valueName":"search_term_string"}}],"inLanguage":"pt-BR"},{"@type":"Person","@id":"https:\/\/www.gaveanews.com\/#\/schema\/person\/2ec14f73fb96be2caf28f91afb14749d","name":"Equipe G\u00e1vea News","image":{"@type":"ImageObject","inLanguage":"pt-BR","@id":"https:\/\/www.gaveanews.com\/#\/schema\/person\/image\/","url":"https:\/\/secure.gravatar.com\/avatar\/1e1956f1facbffd3f8fa53a326721950116b3b9dc9bd44939c01180fd4a745a9?s=96&d=mm&r=g","contentUrl":"https:\/\/secure.gravatar.com\/avatar\/1e1956f1facbffd3f8fa53a326721950116b3b9dc9bd44939c01180fd4a745a9?s=96&d=mm&r=g","caption":"Equipe G\u00e1vea News"}}]}},"_links":{"self":[{"href":"https:\/\/www.gaveanews.com\/index.php\/wp-json\/wp\/v2\/posts\/107065","targetHints":{"allow":["GET"]}}],"collection":[{"href":"https:\/\/www.gaveanews.com\/index.php\/wp-json\/wp\/v2\/posts"}],"about":[{"href":"https:\/\/www.gaveanews.com\/index.php\/wp-json\/wp\/v2\/types\/post"}],"author":[{"embeddable":true,"href":"https:\/\/www.gaveanews.com\/index.php\/wp-json\/wp\/v2\/users\/1"}],"replies":[{"embeddable":true,"href":"https:\/\/www.gaveanews.com\/index.php\/wp-json\/wp\/v2\/comments?post=107065"}],"version-history":[{"count":0,"href":"https:\/\/www.gaveanews.com\/index.php\/wp-json\/wp\/v2\/posts\/107065\/revisions"}],"wp:featuredmedia":[{"embeddable":true,"href":"https:\/\/www.gaveanews.com\/index.php\/wp-json\/wp\/v2\/media\/15077"}],"wp:attachment":[{"href":"https:\/\/www.gaveanews.com\/index.php\/wp-json\/wp\/v2\/media?parent=107065"}],"wp:term":[{"taxonomy":"category","embeddable":true,"href":"https:\/\/www.gaveanews.com\/index.php\/wp-json\/wp\/v2\/categories?post=107065"},{"taxonomy":"post_tag","embeddable":true,"href":"https:\/\/www.gaveanews.com\/index.php\/wp-json\/wp\/v2\/tags?post=107065"}],"curies":[{"name":"wp","href":"https:\/\/api.w.org\/{rel}","templated":true}]}}