{"id":107099,"date":"2023-09-23T09:39:13","date_gmt":"2023-09-23T12:39:13","guid":{"rendered":"https:\/\/www.gaveanews.com\/?p=107099"},"modified":"2024-04-06T23:05:38","modified_gmt":"2024-04-07T02:05:38","slug":"mauro-cezar-pereira-se-irrita-com-situacao-de-bruno-henrique-do-flamengo","status":"publish","type":"post","link":"https:\/\/www.gaveanews.com\/index.php\/2023\/09\/23\/mauro-cezar-pereira-se-irrita-com-situacao-de-bruno-henrique-do-flamengo\/","title":{"rendered":"Mauro Cezar Pereira se irrita com situa\u00e7\u00e3o de Bruno Henrique, do Flamengo"},"content":{"rendered":"\n<p>O Flamengo ainda n\u00e3o chegou a um acordo de renova\u00e7\u00e3o com Bruno Henrique e segundo rumores, o atacante despertou o interesse do Palmeiras. Mauro Cezar Pereira abordou o assunto, o definindo como \u201cperda de tempo\u201d no \u201cBate Pronto\u201d desta sexta-feira (22). <\/p>\n\n\n\n<p>\u201c\u00c9 perda de tempo, n\u00e3o tem nada. Bruno Henrique estava discutindo com o Flamengo e pararam a negocia\u00e7\u00e3o porque est\u00e1 na final da Copa do Brasil. Na semana que vem devem voltar. Isso \u00e9 feito para tentar tumultuar. Se amanh\u00e3 acontecer, a\u00ed vai ser not\u00edcia\u201d, comentou. <\/p>\n\n\n\n<p>Bruno Henrique tem 33 anos e retornou aos gramados neste ano, quando se recuperou de uma les\u00e3o. O atacante tem sido um elemento indispens\u00e1vel no ataque do t\u00e9cnico Jorge Sampaoli.<\/p>\n\n\n\n<p>O pr\u00f3ximo desafio do Flamengo ser\u00e1 contra o S\u00e3o Paulo neste domingo, no Morumbi. As duas equipes disputar\u00e3o a final da Copa do Brasil, \u00e0s 16h, de Bras\u00edlia.<\/p>\n\n\n\n<p>Retirado de: Torcedores<\/p>\n","protected":false},"excerpt":{"rendered":"<p>O Flamengo ainda n\u00e3o chegou a um acordo de renova\u00e7\u00e3o com Bruno Henrique e segundo rumores, o atacante despertou o interesse do Palmeiras. Mauro Cezar Pereira abordou o assunto, o definindo como \u201cperda de tempo\u201d no \u201cBate Pronto\u201d desta sexta-feira (22). \u201c\u00c9 perda de tempo, n\u00e3o tem nada. Bruno Henrique estava discutindo com o Flamengo [&hellip;]<\/p>\n","protected":false},"author":1,"featured_media":101020,"comment_status":"open","ping_status":"closed","sticky":false,"template":"","format":"standard","meta":{"footnotes":""},"categories":[1],"tags":[170],"class_list":["post-107099","post","type-post","status-publish","format-standard","has-post-thumbnail","hentry","category-flamengo","tag-mauro-cezar-pereira"],"yoast_head":"<!-- This site is optimized with the Yoast SEO Premium plugin v24.2 (Yoast SEO v26.9) - https:\/\/yoast.com\/product\/yoast-seo-premium-wordpress\/ -->\n<title>Mauro Cezar Pereira se irrita com situa\u00e7\u00e3o de Bruno Henrique, do Flamengo<\/title>\n<meta name=\"robots\" content=\"index, follow, max-snippet:-1, max-image-preview:large, max-video-preview:-1\" \/>\n<link rel=\"canonical\" href=\"https:\/\/www.gaveanews.com\/index.php\/2023\/09\/23\/mauro-cezar-pereira-se-irrita-com-situacao-de-bruno-henrique-do-flamengo\/\" \/>\n<meta property=\"og:locale\" content=\"pt_BR\" \/>\n<meta property=\"og:type\" content=\"article\" \/>\n<meta property=\"og:title\" content=\"Mauro Cezar Pereira se irrita com situa\u00e7\u00e3o de Bruno Henrique, do Flamengo\" \/>\n<meta property=\"og:description\" content=\"O Flamengo ainda n\u00e3o chegou a um acordo de renova\u00e7\u00e3o com Bruno Henrique e segundo rumores, o atacante despertou o interesse do Palmeiras. Mauro Cezar Pereira abordou o assunto, o definindo como \u201cperda de tempo\u201d no \u201cBate Pronto\u201d desta sexta-feira (22). \u201c\u00c9 perda de tempo, n\u00e3o tem nada. Bruno Henrique estava discutindo com o Flamengo [&hellip;]\" \/>\n<meta property=\"og:url\" content=\"https:\/\/www.gaveanews.com\/index.php\/2023\/09\/23\/mauro-cezar-pereira-se-irrita-com-situacao-de-bruno-henrique-do-flamengo\/\" \/>\n<meta property=\"og:site_name\" content=\"G\u00e1vea News\" \/>\n<meta property=\"article:publisher\" content=\"https:\/\/facebook.com\/gaveaNews\/\" \/>\n<meta property=\"article:published_time\" content=\"2023-09-23T12:39:13+00:00\" \/>\n<meta property=\"article:modified_time\" content=\"2024-04-07T02:05:38+00:00\" \/>\n<meta property=\"og:image\" content=\"https:\/\/www.gaveanews.com\/wp-content\/uploads\/Mauro-Cezar.webp\" \/>\n\t<meta property=\"og:image:width\" content=\"846\" \/>\n\t<meta property=\"og:image:height\" content=\"564\" \/>\n\t<meta property=\"og:image:type\" content=\"image\/webp\" \/>\n<meta name=\"author\" content=\"Equipe G\u00e1vea News\" \/>\n<meta name=\"twitter:card\" content=\"summary_large_image\" \/>\n<meta name=\"twitter:label1\" content=\"Escrito por\" \/>\n\t<meta name=\"twitter:data1\" content=\"Equipe G\u00e1vea News\" \/>\n\t<meta name=\"twitter:label2\" content=\"Est. tempo de leitura\" \/>\n\t<meta name=\"twitter:data2\" content=\"1 minuto\" \/>\n<script type=\"application\/ld+json\" class=\"yoast-schema-graph\">{\"@context\":\"https:\/\/schema.org\",\"@graph\":[{\"@type\":\"NewsArticle\",\"@id\":\"https:\/\/www.gaveanews.com\/index.php\/2023\/09\/23\/mauro-cezar-pereira-se-irrita-com-situacao-de-bruno-henrique-do-flamengo\/#article\",\"isPartOf\":{\"@id\":\"https:\/\/www.gaveanews.com\/index.php\/2023\/09\/23\/mauro-cezar-pereira-se-irrita-com-situacao-de-bruno-henrique-do-flamengo\/\"},\"author\":{\"name\":\"Equipe G\u00e1vea News\",\"@id\":\"https:\/\/www.gaveanews.com\/#\/schema\/person\/2ec14f73fb96be2caf28f91afb14749d\"},\"headline\":\"Mauro Cezar Pereira se irrita com situa\u00e7\u00e3o de Bruno Henrique, do Flamengo\",\"datePublished\":\"2023-09-23T12:39:13+00:00\",\"dateModified\":\"2024-04-07T02:05:38+00:00\",\"mainEntityOfPage\":{\"@id\":\"https:\/\/www.gaveanews.com\/index.php\/2023\/09\/23\/mauro-cezar-pereira-se-irrita-com-situacao-de-bruno-henrique-do-flamengo\/\"},\"wordCount\":169,\"commentCount\":0,\"image\":{\"@id\":\"https:\/\/www.gaveanews.com\/index.php\/2023\/09\/23\/mauro-cezar-pereira-se-irrita-com-situacao-de-bruno-henrique-do-flamengo\/#primaryimage\"},\"thumbnailUrl\":\"https:\/\/www.gaveanews.com\/wp-content\/uploads\/Mauro-Cezar.webp\",\"keywords\":[\"Mauro Cezar Pereira\"],\"articleSection\":[\"Flamengo\"],\"inLanguage\":\"pt-BR\",\"potentialAction\":[{\"@type\":\"CommentAction\",\"name\":\"Comment\",\"target\":[\"https:\/\/www.gaveanews.com\/index.php\/2023\/09\/23\/mauro-cezar-pereira-se-irrita-com-situacao-de-bruno-henrique-do-flamengo\/#respond\"]}],\"copyrightYear\":\"2023\",\"copyrightHolder\":{\"@id\":\"https:\/\/www.gaveanews.com\/#organization\"}},{\"@type\":\"WebPage\",\"@id\":\"https:\/\/www.gaveanews.com\/index.php\/2023\/09\/23\/mauro-cezar-pereira-se-irrita-com-situacao-de-bruno-henrique-do-flamengo\/\",\"url\":\"https:\/\/www.gaveanews.com\/index.php\/2023\/09\/23\/mauro-cezar-pereira-se-irrita-com-situacao-de-bruno-henrique-do-flamengo\/\",\"name\":\"Mauro Cezar Pereira se irrita com situa\u00e7\u00e3o de Bruno Henrique, do Flamengo\",\"isPartOf\":{\"@id\":\"https:\/\/www.gaveanews.com\/#website\"},\"primaryImageOfPage\":{\"@id\":\"https:\/\/www.gaveanews.com\/index.php\/2023\/09\/23\/mauro-cezar-pereira-se-irrita-com-situacao-de-bruno-henrique-do-flamengo\/#primaryimage\"},\"image\":{\"@id\":\"https:\/\/www.gaveanews.com\/index.php\/2023\/09\/23\/mauro-cezar-pereira-se-irrita-com-situacao-de-bruno-henrique-do-flamengo\/#primaryimage\"},\"thumbnailUrl\":\"https:\/\/www.gaveanews.com\/wp-content\/uploads\/Mauro-Cezar.webp\",\"datePublished\":\"2023-09-23T12:39:13+00:00\",\"dateModified\":\"2024-04-07T02:05:38+00:00\",\"author\":{\"@id\":\"https:\/\/www.gaveanews.com\/#\/schema\/person\/2ec14f73fb96be2caf28f91afb14749d\"},\"breadcrumb\":{\"@id\":\"https:\/\/www.gaveanews.com\/index.php\/2023\/09\/23\/mauro-cezar-pereira-se-irrita-com-situacao-de-bruno-henrique-do-flamengo\/#breadcrumb\"},\"inLanguage\":\"pt-BR\",\"potentialAction\":[{\"@type\":\"ReadAction\",\"target\":[\"https:\/\/www.gaveanews.com\/index.php\/2023\/09\/23\/mauro-cezar-pereira-se-irrita-com-situacao-de-bruno-henrique-do-flamengo\/\"]}]},{\"@type\":\"ImageObject\",\"inLanguage\":\"pt-BR\",\"@id\":\"https:\/\/www.gaveanews.com\/index.php\/2023\/09\/23\/mauro-cezar-pereira-se-irrita-com-situacao-de-bruno-henrique-do-flamengo\/#primaryimage\",\"url\":\"https:\/\/www.gaveanews.com\/wp-content\/uploads\/Mauro-Cezar.webp\",\"contentUrl\":\"https:\/\/www.gaveanews.com\/wp-content\/uploads\/Mauro-Cezar.webp\",\"width\":846,\"height\":564,\"caption\":\"Mauro Cesar em Programa pela Jovem Pan - Foto: Reprodu\u00e7\u00e3o\/Jovem Pan\"},{\"@type\":\"BreadcrumbList\",\"@id\":\"https:\/\/www.gaveanews.com\/index.php\/2023\/09\/23\/mauro-cezar-pereira-se-irrita-com-situacao-de-bruno-henrique-do-flamengo\/#breadcrumb\",\"itemListElement\":[{\"@type\":\"ListItem\",\"position\":1,\"name\":\"Home\",\"item\":\"https:\/\/www.gaveanews.com\/\"},{\"@type\":\"ListItem\",\"position\":2,\"name\":\"Mauro Cezar Pereira se irrita com situa\u00e7\u00e3o de Bruno Henrique, do Flamengo\"}]},{\"@type\":\"WebSite\",\"@id\":\"https:\/\/www.gaveanews.com\/#website\",\"url\":\"https:\/\/www.gaveanews.com\/\",\"name\":\"G\u00e1vea News\",\"description\":\"Veja todas as not\u00edcias sobre o Flamengo: Contrata\u00e7\u00f5es, categorias de base, resultados das partidas, tabela de classifica\u00e7\u00e3o, pr\u00f3ximos jogos!\",\"potentialAction\":[{\"@type\":\"SearchAction\",\"target\":{\"@type\":\"EntryPoint\",\"urlTemplate\":\"https:\/\/www.gaveanews.com\/?s={search_term_string}\"},\"query-input\":{\"@type\":\"PropertyValueSpecification\",\"valueRequired\":true,\"valueName\":\"search_term_string\"}}],\"inLanguage\":\"pt-BR\"},{\"@type\":\"Person\",\"@id\":\"https:\/\/www.gaveanews.com\/#\/schema\/person\/2ec14f73fb96be2caf28f91afb14749d\",\"name\":\"Equipe G\u00e1vea News\",\"image\":{\"@type\":\"ImageObject\",\"inLanguage\":\"pt-BR\",\"@id\":\"https:\/\/www.gaveanews.com\/#\/schema\/person\/image\/\",\"url\":\"https:\/\/secure.gravatar.com\/avatar\/1e1956f1facbffd3f8fa53a326721950116b3b9dc9bd44939c01180fd4a745a9?s=96&d=mm&r=g\",\"contentUrl\":\"https:\/\/secure.gravatar.com\/avatar\/1e1956f1facbffd3f8fa53a326721950116b3b9dc9bd44939c01180fd4a745a9?s=96&d=mm&r=g\",\"caption\":\"Equipe G\u00e1vea News\"}}]}<\/script>\n<!-- \/ Yoast SEO Premium plugin. -->","yoast_head_json":{"title":"Mauro Cezar Pereira se irrita com situa\u00e7\u00e3o de Bruno Henrique, do Flamengo","robots":{"index":"index","follow":"follow","max-snippet":"max-snippet:-1","max-image-preview":"max-image-preview:large","max-video-preview":"max-video-preview:-1"},"canonical":"https:\/\/www.gaveanews.com\/index.php\/2023\/09\/23\/mauro-cezar-pereira-se-irrita-com-situacao-de-bruno-henrique-do-flamengo\/","og_locale":"pt_BR","og_type":"article","og_title":"Mauro Cezar Pereira se irrita com situa\u00e7\u00e3o de Bruno Henrique, do Flamengo","og_description":"O Flamengo ainda n\u00e3o chegou a um acordo de renova\u00e7\u00e3o com Bruno Henrique e segundo rumores, o atacante despertou o interesse do Palmeiras. Mauro Cezar Pereira abordou o assunto, o definindo como \u201cperda de tempo\u201d no \u201cBate Pronto\u201d desta sexta-feira (22). \u201c\u00c9 perda de tempo, n\u00e3o tem nada. Bruno Henrique estava discutindo com o Flamengo [&hellip;]","og_url":"https:\/\/www.gaveanews.com\/index.php\/2023\/09\/23\/mauro-cezar-pereira-se-irrita-com-situacao-de-bruno-henrique-do-flamengo\/","og_site_name":"G\u00e1vea News","article_publisher":"https:\/\/facebook.com\/gaveaNews\/","article_published_time":"2023-09-23T12:39:13+00:00","article_modified_time":"2024-04-07T02:05:38+00:00","og_image":[{"width":846,"height":564,"url":"https:\/\/www.gaveanews.com\/wp-content\/uploads\/Mauro-Cezar.webp","type":"image\/webp"}],"author":"Equipe G\u00e1vea News","twitter_card":"summary_large_image","twitter_misc":{"Escrito por":"Equipe G\u00e1vea News","Est. tempo de leitura":"1 minuto"},"schema":{"@context":"https:\/\/schema.org","@graph":[{"@type":"NewsArticle","@id":"https:\/\/www.gaveanews.com\/index.php\/2023\/09\/23\/mauro-cezar-pereira-se-irrita-com-situacao-de-bruno-henrique-do-flamengo\/#article","isPartOf":{"@id":"https:\/\/www.gaveanews.com\/index.php\/2023\/09\/23\/mauro-cezar-pereira-se-irrita-com-situacao-de-bruno-henrique-do-flamengo\/"},"author":{"name":"Equipe G\u00e1vea News","@id":"https:\/\/www.gaveanews.com\/#\/schema\/person\/2ec14f73fb96be2caf28f91afb14749d"},"headline":"Mauro Cezar Pereira se irrita com situa\u00e7\u00e3o de Bruno Henrique, do Flamengo","datePublished":"2023-09-23T12:39:13+00:00","dateModified":"2024-04-07T02:05:38+00:00","mainEntityOfPage":{"@id":"https:\/\/www.gaveanews.com\/index.php\/2023\/09\/23\/mauro-cezar-pereira-se-irrita-com-situacao-de-bruno-henrique-do-flamengo\/"},"wordCount":169,"commentCount":0,"image":{"@id":"https:\/\/www.gaveanews.com\/index.php\/2023\/09\/23\/mauro-cezar-pereira-se-irrita-com-situacao-de-bruno-henrique-do-flamengo\/#primaryimage"},"thumbnailUrl":"https:\/\/www.gaveanews.com\/wp-content\/uploads\/Mauro-Cezar.webp","keywords":["Mauro Cezar Pereira"],"articleSection":["Flamengo"],"inLanguage":"pt-BR","potentialAction":[{"@type":"CommentAction","name":"Comment","target":["https:\/\/www.gaveanews.com\/index.php\/2023\/09\/23\/mauro-cezar-pereira-se-irrita-com-situacao-de-bruno-henrique-do-flamengo\/#respond"]}],"copyrightYear":"2023","copyrightHolder":{"@id":"https:\/\/www.gaveanews.com\/#organization"}},{"@type":"WebPage","@id":"https:\/\/www.gaveanews.com\/index.php\/2023\/09\/23\/mauro-cezar-pereira-se-irrita-com-situacao-de-bruno-henrique-do-flamengo\/","url":"https:\/\/www.gaveanews.com\/index.php\/2023\/09\/23\/mauro-cezar-pereira-se-irrita-com-situacao-de-bruno-henrique-do-flamengo\/","name":"Mauro Cezar Pereira se irrita com situa\u00e7\u00e3o de Bruno Henrique, do Flamengo","isPartOf":{"@id":"https:\/\/www.gaveanews.com\/#website"},"primaryImageOfPage":{"@id":"https:\/\/www.gaveanews.com\/index.php\/2023\/09\/23\/mauro-cezar-pereira-se-irrita-com-situacao-de-bruno-henrique-do-flamengo\/#primaryimage"},"image":{"@id":"https:\/\/www.gaveanews.com\/index.php\/2023\/09\/23\/mauro-cezar-pereira-se-irrita-com-situacao-de-bruno-henrique-do-flamengo\/#primaryimage"},"thumbnailUrl":"https:\/\/www.gaveanews.com\/wp-content\/uploads\/Mauro-Cezar.webp","datePublished":"2023-09-23T12:39:13+00:00","dateModified":"2024-04-07T02:05:38+00:00","author":{"@id":"https:\/\/www.gaveanews.com\/#\/schema\/person\/2ec14f73fb96be2caf28f91afb14749d"},"breadcrumb":{"@id":"https:\/\/www.gaveanews.com\/index.php\/2023\/09\/23\/mauro-cezar-pereira-se-irrita-com-situacao-de-bruno-henrique-do-flamengo\/#breadcrumb"},"inLanguage":"pt-BR","potentialAction":[{"@type":"ReadAction","target":["https:\/\/www.gaveanews.com\/index.php\/2023\/09\/23\/mauro-cezar-pereira-se-irrita-com-situacao-de-bruno-henrique-do-flamengo\/"]}]},{"@type":"ImageObject","inLanguage":"pt-BR","@id":"https:\/\/www.gaveanews.com\/index.php\/2023\/09\/23\/mauro-cezar-pereira-se-irrita-com-situacao-de-bruno-henrique-do-flamengo\/#primaryimage","url":"https:\/\/www.gaveanews.com\/wp-content\/uploads\/Mauro-Cezar.webp","contentUrl":"https:\/\/www.gaveanews.com\/wp-content\/uploads\/Mauro-Cezar.webp","width":846,"height":564,"caption":"Mauro Cesar em Programa pela Jovem Pan - Foto: Reprodu\u00e7\u00e3o\/Jovem Pan"},{"@type":"BreadcrumbList","@id":"https:\/\/www.gaveanews.com\/index.php\/2023\/09\/23\/mauro-cezar-pereira-se-irrita-com-situacao-de-bruno-henrique-do-flamengo\/#breadcrumb","itemListElement":[{"@type":"ListItem","position":1,"name":"Home","item":"https:\/\/www.gaveanews.com\/"},{"@type":"ListItem","position":2,"name":"Mauro Cezar Pereira se irrita com situa\u00e7\u00e3o de Bruno Henrique, do Flamengo"}]},{"@type":"WebSite","@id":"https:\/\/www.gaveanews.com\/#website","url":"https:\/\/www.gaveanews.com\/","name":"G\u00e1vea News","description":"Veja todas as not\u00edcias sobre o Flamengo: Contrata\u00e7\u00f5es, categorias de base, resultados das partidas, tabela de classifica\u00e7\u00e3o, pr\u00f3ximos jogos!","potentialAction":[{"@type":"SearchAction","target":{"@type":"EntryPoint","urlTemplate":"https:\/\/www.gaveanews.com\/?s={search_term_string}"},"query-input":{"@type":"PropertyValueSpecification","valueRequired":true,"valueName":"search_term_string"}}],"inLanguage":"pt-BR"},{"@type":"Person","@id":"https:\/\/www.gaveanews.com\/#\/schema\/person\/2ec14f73fb96be2caf28f91afb14749d","name":"Equipe G\u00e1vea News","image":{"@type":"ImageObject","inLanguage":"pt-BR","@id":"https:\/\/www.gaveanews.com\/#\/schema\/person\/image\/","url":"https:\/\/secure.gravatar.com\/avatar\/1e1956f1facbffd3f8fa53a326721950116b3b9dc9bd44939c01180fd4a745a9?s=96&d=mm&r=g","contentUrl":"https:\/\/secure.gravatar.com\/avatar\/1e1956f1facbffd3f8fa53a326721950116b3b9dc9bd44939c01180fd4a745a9?s=96&d=mm&r=g","caption":"Equipe G\u00e1vea News"}}]}},"_links":{"self":[{"href":"https:\/\/www.gaveanews.com\/index.php\/wp-json\/wp\/v2\/posts\/107099","targetHints":{"allow":["GET"]}}],"collection":[{"href":"https:\/\/www.gaveanews.com\/index.php\/wp-json\/wp\/v2\/posts"}],"about":[{"href":"https:\/\/www.gaveanews.com\/index.php\/wp-json\/wp\/v2\/types\/post"}],"author":[{"embeddable":true,"href":"https:\/\/www.gaveanews.com\/index.php\/wp-json\/wp\/v2\/users\/1"}],"replies":[{"embeddable":true,"href":"https:\/\/www.gaveanews.com\/index.php\/wp-json\/wp\/v2\/comments?post=107099"}],"version-history":[{"count":1,"href":"https:\/\/www.gaveanews.com\/index.php\/wp-json\/wp\/v2\/posts\/107099\/revisions"}],"predecessor-version":[{"id":134417,"href":"https:\/\/www.gaveanews.com\/index.php\/wp-json\/wp\/v2\/posts\/107099\/revisions\/134417"}],"wp:featuredmedia":[{"embeddable":true,"href":"https:\/\/www.gaveanews.com\/index.php\/wp-json\/wp\/v2\/media\/101020"}],"wp:attachment":[{"href":"https:\/\/www.gaveanews.com\/index.php\/wp-json\/wp\/v2\/media?parent=107099"}],"wp:term":[{"taxonomy":"category","embeddable":true,"href":"https:\/\/www.gaveanews.com\/index.php\/wp-json\/wp\/v2\/categories?post=107099"},{"taxonomy":"post_tag","embeddable":true,"href":"https:\/\/www.gaveanews.com\/index.php\/wp-json\/wp\/v2\/tags?post=107099"}],"curies":[{"name":"wp","href":"https:\/\/api.w.org\/{rel}","templated":true}]}}