{"id":107164,"date":"2023-09-24T18:44:58","date_gmt":"2023-09-24T21:44:58","guid":{"rendered":"https:\/\/www.gaveanews.com\/?p=107164"},"modified":"2023-09-24T18:45:01","modified_gmt":"2023-09-24T21:45:01","slug":"apresentador-crava-que-bruno-henrique-do-flamengo-ira-assinar-com-o-palmeiras","status":"publish","type":"post","link":"https:\/\/www.gaveanews.com\/index.php\/2023\/09\/24\/apresentador-crava-que-bruno-henrique-do-flamengo-ira-assinar-com-o-palmeiras\/","title":{"rendered":"Apresentador crava que Bruno Henrique, do Flamengo, ir\u00e1 assinar com o Palmeiras"},"content":{"rendered":"\n<p>O Palmeiras pode surpreender seu torcedor com uma contrata\u00e7\u00e3o para l\u00e1 de bomb\u00e1stica para a pr\u00f3xima temporada. Depois de sofrer muitas cr\u00edticas por uma postura bastante t\u00edmida no mercado da bola, o Verd\u00e3o planeja investir pesado para qualificar seu elenco visando 2024, sobretudo o setor ofensivo do time comandado por Abel Ferreira. A informa\u00e7\u00e3o foi dada por Benjamin Back, o Benja, apresentador da CNN.<\/p>\n\n\n\n<p>Durante o programa Domingol, Benja revelou que o Palmeiras possui um acordo j\u00e1 alinhado com Bruno Henrique, atacante do Flamengo. Com o contrato terminando em dezembro, o camisa 27 pode deixar o rubro-negro. At\u00e9 o momento, o clube carioca apresentou uma primeira oferta, mas que foi recusada pelos representantes do atleta.<\/p>\n\n\n\n<p>\u201cPor falar em Bruno Henrique, eu tenho a informa\u00e7\u00e3o que ele j\u00e1 acertou com o Palmeiras. A informa\u00e7\u00e3o \u00e9 que ele j\u00e1 acertou. Ele pediu dois anos para o Flamengo, mas o Flamengo n\u00e3o quis. A informa\u00e7\u00e3o que eu tenho \u00e9 que o Bruno Henrique joga no Palmeiras em 2024. A fonte \u00e9 boa\u201d, crava Benja.<\/p>\n\n\n\n<p>Aos 32 anos, Bruno Henrique deseja uma valoriza\u00e7\u00e3o por parte dos dirigentes do Flamengo, principalmente no que envolve tempo contratual. Nas primeiras conversas n\u00e3o houve acordo, mas, tudo indica que as partes ter\u00e3o um novo encontro ap\u00f3s a final da Copa do Brasil.<\/p>\n\n\n\n<p>Retirado de: Torcedores<\/p>\n","protected":false},"excerpt":{"rendered":"<p>O Palmeiras pode surpreender seu torcedor com uma contrata\u00e7\u00e3o para l\u00e1 de bomb\u00e1stica para a pr\u00f3xima temporada. Depois de sofrer muitas cr\u00edticas por uma postura bastante t\u00edmida no mercado da bola, o Verd\u00e3o planeja investir pesado para qualificar seu elenco visando 2024, sobretudo o setor ofensivo do time comandado por Abel Ferreira. A informa\u00e7\u00e3o foi [&hellip;]<\/p>\n","protected":false},"author":1,"featured_media":81155,"comment_status":"open","ping_status":"closed","sticky":false,"template":"","format":"standard","meta":{"footnotes":""},"categories":[1],"tags":[],"class_list":["post-107164","post","type-post","status-publish","format-standard","has-post-thumbnail","hentry","category-flamengo"],"yoast_head":"<!-- This site is optimized with the Yoast SEO Premium plugin v24.2 (Yoast SEO v26.9) - https:\/\/yoast.com\/product\/yoast-seo-premium-wordpress\/ -->\n<title>Apresentador crava que Bruno Henrique, do Flamengo, ir\u00e1 assinar com o Palmeiras<\/title>\n<meta name=\"robots\" content=\"index, follow, max-snippet:-1, max-image-preview:large, max-video-preview:-1\" \/>\n<link rel=\"canonical\" href=\"https:\/\/www.gaveanews.com\/index.php\/2023\/09\/24\/apresentador-crava-que-bruno-henrique-do-flamengo-ira-assinar-com-o-palmeiras\/\" \/>\n<meta property=\"og:locale\" content=\"pt_BR\" \/>\n<meta property=\"og:type\" content=\"article\" \/>\n<meta property=\"og:title\" content=\"Apresentador crava que Bruno Henrique, do Flamengo, ir\u00e1 assinar com o Palmeiras\" \/>\n<meta property=\"og:description\" content=\"O Palmeiras pode surpreender seu torcedor com uma contrata\u00e7\u00e3o para l\u00e1 de bomb\u00e1stica para a pr\u00f3xima temporada. Depois de sofrer muitas cr\u00edticas por uma postura bastante t\u00edmida no mercado da bola, o Verd\u00e3o planeja investir pesado para qualificar seu elenco visando 2024, sobretudo o setor ofensivo do time comandado por Abel Ferreira. A informa\u00e7\u00e3o foi [&hellip;]\" \/>\n<meta property=\"og:url\" content=\"https:\/\/www.gaveanews.com\/index.php\/2023\/09\/24\/apresentador-crava-que-bruno-henrique-do-flamengo-ira-assinar-com-o-palmeiras\/\" \/>\n<meta property=\"og:site_name\" content=\"G\u00e1vea News\" \/>\n<meta property=\"article:publisher\" content=\"https:\/\/facebook.com\/gaveaNews\/\" \/>\n<meta property=\"article:published_time\" content=\"2023-09-24T21:44:58+00:00\" \/>\n<meta property=\"article:modified_time\" content=\"2023-09-24T21:45:01+00:00\" \/>\n<meta property=\"og:image\" content=\"https:\/\/www.gaveanews.com\/wp-content\/uploads\/Bruno-Henrique-e-Joao-Gomes-em-jogo-do-Flamengo-contra-o-Talleres.webp\" \/>\n\t<meta property=\"og:image:width\" content=\"799\" \/>\n\t<meta property=\"og:image:height\" content=\"533\" \/>\n\t<meta property=\"og:image:type\" content=\"image\/jpeg\" \/>\n<meta name=\"author\" content=\"Equipe G\u00e1vea News\" \/>\n<meta name=\"twitter:card\" content=\"summary_large_image\" \/>\n<meta name=\"twitter:label1\" content=\"Escrito por\" \/>\n\t<meta name=\"twitter:data1\" content=\"Equipe G\u00e1vea News\" \/>\n\t<meta name=\"twitter:label2\" content=\"Est. tempo de leitura\" \/>\n\t<meta name=\"twitter:data2\" content=\"2 minutos\" \/>\n<script type=\"application\/ld+json\" class=\"yoast-schema-graph\">{\"@context\":\"https:\/\/schema.org\",\"@graph\":[{\"@type\":\"NewsArticle\",\"@id\":\"https:\/\/www.gaveanews.com\/index.php\/2023\/09\/24\/apresentador-crava-que-bruno-henrique-do-flamengo-ira-assinar-com-o-palmeiras\/#article\",\"isPartOf\":{\"@id\":\"https:\/\/www.gaveanews.com\/index.php\/2023\/09\/24\/apresentador-crava-que-bruno-henrique-do-flamengo-ira-assinar-com-o-palmeiras\/\"},\"author\":{\"name\":\"Equipe G\u00e1vea News\",\"@id\":\"https:\/\/www.gaveanews.com\/#\/schema\/person\/2ec14f73fb96be2caf28f91afb14749d\"},\"headline\":\"Apresentador crava que Bruno Henrique, do Flamengo, ir\u00e1 assinar com o Palmeiras\",\"datePublished\":\"2023-09-24T21:44:58+00:00\",\"dateModified\":\"2023-09-24T21:45:01+00:00\",\"mainEntityOfPage\":{\"@id\":\"https:\/\/www.gaveanews.com\/index.php\/2023\/09\/24\/apresentador-crava-que-bruno-henrique-do-flamengo-ira-assinar-com-o-palmeiras\/\"},\"wordCount\":237,\"commentCount\":0,\"image\":{\"@id\":\"https:\/\/www.gaveanews.com\/index.php\/2023\/09\/24\/apresentador-crava-que-bruno-henrique-do-flamengo-ira-assinar-com-o-palmeiras\/#primaryimage\"},\"thumbnailUrl\":\"https:\/\/www.gaveanews.com\/wp-content\/uploads\/Bruno-Henrique-e-Joao-Gomes-em-jogo-do-Flamengo-contra-o-Talleres.webp\",\"articleSection\":[\"Flamengo\"],\"inLanguage\":\"pt-BR\",\"potentialAction\":[{\"@type\":\"CommentAction\",\"name\":\"Comment\",\"target\":[\"https:\/\/www.gaveanews.com\/index.php\/2023\/09\/24\/apresentador-crava-que-bruno-henrique-do-flamengo-ira-assinar-com-o-palmeiras\/#respond\"]}],\"copyrightYear\":\"2023\",\"copyrightHolder\":{\"@id\":\"https:\/\/www.gaveanews.com\/#organization\"}},{\"@type\":\"WebPage\",\"@id\":\"https:\/\/www.gaveanews.com\/index.php\/2023\/09\/24\/apresentador-crava-que-bruno-henrique-do-flamengo-ira-assinar-com-o-palmeiras\/\",\"url\":\"https:\/\/www.gaveanews.com\/index.php\/2023\/09\/24\/apresentador-crava-que-bruno-henrique-do-flamengo-ira-assinar-com-o-palmeiras\/\",\"name\":\"Apresentador crava que Bruno Henrique, do Flamengo, ir\u00e1 assinar com o Palmeiras\",\"isPartOf\":{\"@id\":\"https:\/\/www.gaveanews.com\/#website\"},\"primaryImageOfPage\":{\"@id\":\"https:\/\/www.gaveanews.com\/index.php\/2023\/09\/24\/apresentador-crava-que-bruno-henrique-do-flamengo-ira-assinar-com-o-palmeiras\/#primaryimage\"},\"image\":{\"@id\":\"https:\/\/www.gaveanews.com\/index.php\/2023\/09\/24\/apresentador-crava-que-bruno-henrique-do-flamengo-ira-assinar-com-o-palmeiras\/#primaryimage\"},\"thumbnailUrl\":\"https:\/\/www.gaveanews.com\/wp-content\/uploads\/Bruno-Henrique-e-Joao-Gomes-em-jogo-do-Flamengo-contra-o-Talleres.webp\",\"datePublished\":\"2023-09-24T21:44:58+00:00\",\"dateModified\":\"2023-09-24T21:45:01+00:00\",\"author\":{\"@id\":\"https:\/\/www.gaveanews.com\/#\/schema\/person\/2ec14f73fb96be2caf28f91afb14749d\"},\"breadcrumb\":{\"@id\":\"https:\/\/www.gaveanews.com\/index.php\/2023\/09\/24\/apresentador-crava-que-bruno-henrique-do-flamengo-ira-assinar-com-o-palmeiras\/#breadcrumb\"},\"inLanguage\":\"pt-BR\",\"potentialAction\":[{\"@type\":\"ReadAction\",\"target\":[\"https:\/\/www.gaveanews.com\/index.php\/2023\/09\/24\/apresentador-crava-que-bruno-henrique-do-flamengo-ira-assinar-com-o-palmeiras\/\"]}]},{\"@type\":\"ImageObject\",\"inLanguage\":\"pt-BR\",\"@id\":\"https:\/\/www.gaveanews.com\/index.php\/2023\/09\/24\/apresentador-crava-que-bruno-henrique-do-flamengo-ira-assinar-com-o-palmeiras\/#primaryimage\",\"url\":\"https:\/\/www.gaveanews.com\/wp-content\/uploads\/Bruno-Henrique-e-Joao-Gomes-em-jogo-do-Flamengo-contra-o-Talleres.webp\",\"contentUrl\":\"https:\/\/www.gaveanews.com\/wp-content\/uploads\/Bruno-Henrique-e-Joao-Gomes-em-jogo-do-Flamengo-contra-o-Talleres.webp\",\"width\":799,\"height\":533,\"caption\":\"Bruno Henrique e Jo\u00e3o Gomes em jogo do Flamengo contra o Talleres (Foto: Marcelo Cortes\/Flamengo)\"},{\"@type\":\"BreadcrumbList\",\"@id\":\"https:\/\/www.gaveanews.com\/index.php\/2023\/09\/24\/apresentador-crava-que-bruno-henrique-do-flamengo-ira-assinar-com-o-palmeiras\/#breadcrumb\",\"itemListElement\":[{\"@type\":\"ListItem\",\"position\":1,\"name\":\"Home\",\"item\":\"https:\/\/www.gaveanews.com\/\"},{\"@type\":\"ListItem\",\"position\":2,\"name\":\"Apresentador crava que Bruno Henrique, do Flamengo, ir\u00e1 assinar com o Palmeiras\"}]},{\"@type\":\"WebSite\",\"@id\":\"https:\/\/www.gaveanews.com\/#website\",\"url\":\"https:\/\/www.gaveanews.com\/\",\"name\":\"G\u00e1vea News\",\"description\":\"Veja todas as not\u00edcias sobre o Flamengo: Contrata\u00e7\u00f5es, categorias de base, resultados das partidas, tabela de classifica\u00e7\u00e3o, pr\u00f3ximos jogos!\",\"potentialAction\":[{\"@type\":\"SearchAction\",\"target\":{\"@type\":\"EntryPoint\",\"urlTemplate\":\"https:\/\/www.gaveanews.com\/?s={search_term_string}\"},\"query-input\":{\"@type\":\"PropertyValueSpecification\",\"valueRequired\":true,\"valueName\":\"search_term_string\"}}],\"inLanguage\":\"pt-BR\"},{\"@type\":\"Person\",\"@id\":\"https:\/\/www.gaveanews.com\/#\/schema\/person\/2ec14f73fb96be2caf28f91afb14749d\",\"name\":\"Equipe G\u00e1vea News\",\"image\":{\"@type\":\"ImageObject\",\"inLanguage\":\"pt-BR\",\"@id\":\"https:\/\/www.gaveanews.com\/#\/schema\/person\/image\/\",\"url\":\"https:\/\/secure.gravatar.com\/avatar\/1e1956f1facbffd3f8fa53a326721950116b3b9dc9bd44939c01180fd4a745a9?s=96&d=mm&r=g\",\"contentUrl\":\"https:\/\/secure.gravatar.com\/avatar\/1e1956f1facbffd3f8fa53a326721950116b3b9dc9bd44939c01180fd4a745a9?s=96&d=mm&r=g\",\"caption\":\"Equipe G\u00e1vea News\"}}]}<\/script>\n<!-- \/ Yoast SEO Premium plugin. -->","yoast_head_json":{"title":"Apresentador crava que Bruno Henrique, do Flamengo, ir\u00e1 assinar com o Palmeiras","robots":{"index":"index","follow":"follow","max-snippet":"max-snippet:-1","max-image-preview":"max-image-preview:large","max-video-preview":"max-video-preview:-1"},"canonical":"https:\/\/www.gaveanews.com\/index.php\/2023\/09\/24\/apresentador-crava-que-bruno-henrique-do-flamengo-ira-assinar-com-o-palmeiras\/","og_locale":"pt_BR","og_type":"article","og_title":"Apresentador crava que Bruno Henrique, do Flamengo, ir\u00e1 assinar com o Palmeiras","og_description":"O Palmeiras pode surpreender seu torcedor com uma contrata\u00e7\u00e3o para l\u00e1 de bomb\u00e1stica para a pr\u00f3xima temporada. Depois de sofrer muitas cr\u00edticas por uma postura bastante t\u00edmida no mercado da bola, o Verd\u00e3o planeja investir pesado para qualificar seu elenco visando 2024, sobretudo o setor ofensivo do time comandado por Abel Ferreira. A informa\u00e7\u00e3o foi [&hellip;]","og_url":"https:\/\/www.gaveanews.com\/index.php\/2023\/09\/24\/apresentador-crava-que-bruno-henrique-do-flamengo-ira-assinar-com-o-palmeiras\/","og_site_name":"G\u00e1vea News","article_publisher":"https:\/\/facebook.com\/gaveaNews\/","article_published_time":"2023-09-24T21:44:58+00:00","article_modified_time":"2023-09-24T21:45:01+00:00","og_image":[{"width":799,"height":533,"url":"https:\/\/www.gaveanews.com\/wp-content\/uploads\/Bruno-Henrique-e-Joao-Gomes-em-jogo-do-Flamengo-contra-o-Talleres.webp","type":"image\/jpeg"}],"author":"Equipe G\u00e1vea News","twitter_card":"summary_large_image","twitter_misc":{"Escrito por":"Equipe G\u00e1vea News","Est. tempo de leitura":"2 minutos"},"schema":{"@context":"https:\/\/schema.org","@graph":[{"@type":"NewsArticle","@id":"https:\/\/www.gaveanews.com\/index.php\/2023\/09\/24\/apresentador-crava-que-bruno-henrique-do-flamengo-ira-assinar-com-o-palmeiras\/#article","isPartOf":{"@id":"https:\/\/www.gaveanews.com\/index.php\/2023\/09\/24\/apresentador-crava-que-bruno-henrique-do-flamengo-ira-assinar-com-o-palmeiras\/"},"author":{"name":"Equipe G\u00e1vea News","@id":"https:\/\/www.gaveanews.com\/#\/schema\/person\/2ec14f73fb96be2caf28f91afb14749d"},"headline":"Apresentador crava que Bruno Henrique, do Flamengo, ir\u00e1 assinar com o Palmeiras","datePublished":"2023-09-24T21:44:58+00:00","dateModified":"2023-09-24T21:45:01+00:00","mainEntityOfPage":{"@id":"https:\/\/www.gaveanews.com\/index.php\/2023\/09\/24\/apresentador-crava-que-bruno-henrique-do-flamengo-ira-assinar-com-o-palmeiras\/"},"wordCount":237,"commentCount":0,"image":{"@id":"https:\/\/www.gaveanews.com\/index.php\/2023\/09\/24\/apresentador-crava-que-bruno-henrique-do-flamengo-ira-assinar-com-o-palmeiras\/#primaryimage"},"thumbnailUrl":"https:\/\/www.gaveanews.com\/wp-content\/uploads\/Bruno-Henrique-e-Joao-Gomes-em-jogo-do-Flamengo-contra-o-Talleres.webp","articleSection":["Flamengo"],"inLanguage":"pt-BR","potentialAction":[{"@type":"CommentAction","name":"Comment","target":["https:\/\/www.gaveanews.com\/index.php\/2023\/09\/24\/apresentador-crava-que-bruno-henrique-do-flamengo-ira-assinar-com-o-palmeiras\/#respond"]}],"copyrightYear":"2023","copyrightHolder":{"@id":"https:\/\/www.gaveanews.com\/#organization"}},{"@type":"WebPage","@id":"https:\/\/www.gaveanews.com\/index.php\/2023\/09\/24\/apresentador-crava-que-bruno-henrique-do-flamengo-ira-assinar-com-o-palmeiras\/","url":"https:\/\/www.gaveanews.com\/index.php\/2023\/09\/24\/apresentador-crava-que-bruno-henrique-do-flamengo-ira-assinar-com-o-palmeiras\/","name":"Apresentador crava que Bruno Henrique, do Flamengo, ir\u00e1 assinar com o Palmeiras","isPartOf":{"@id":"https:\/\/www.gaveanews.com\/#website"},"primaryImageOfPage":{"@id":"https:\/\/www.gaveanews.com\/index.php\/2023\/09\/24\/apresentador-crava-que-bruno-henrique-do-flamengo-ira-assinar-com-o-palmeiras\/#primaryimage"},"image":{"@id":"https:\/\/www.gaveanews.com\/index.php\/2023\/09\/24\/apresentador-crava-que-bruno-henrique-do-flamengo-ira-assinar-com-o-palmeiras\/#primaryimage"},"thumbnailUrl":"https:\/\/www.gaveanews.com\/wp-content\/uploads\/Bruno-Henrique-e-Joao-Gomes-em-jogo-do-Flamengo-contra-o-Talleres.webp","datePublished":"2023-09-24T21:44:58+00:00","dateModified":"2023-09-24T21:45:01+00:00","author":{"@id":"https:\/\/www.gaveanews.com\/#\/schema\/person\/2ec14f73fb96be2caf28f91afb14749d"},"breadcrumb":{"@id":"https:\/\/www.gaveanews.com\/index.php\/2023\/09\/24\/apresentador-crava-que-bruno-henrique-do-flamengo-ira-assinar-com-o-palmeiras\/#breadcrumb"},"inLanguage":"pt-BR","potentialAction":[{"@type":"ReadAction","target":["https:\/\/www.gaveanews.com\/index.php\/2023\/09\/24\/apresentador-crava-que-bruno-henrique-do-flamengo-ira-assinar-com-o-palmeiras\/"]}]},{"@type":"ImageObject","inLanguage":"pt-BR","@id":"https:\/\/www.gaveanews.com\/index.php\/2023\/09\/24\/apresentador-crava-que-bruno-henrique-do-flamengo-ira-assinar-com-o-palmeiras\/#primaryimage","url":"https:\/\/www.gaveanews.com\/wp-content\/uploads\/Bruno-Henrique-e-Joao-Gomes-em-jogo-do-Flamengo-contra-o-Talleres.webp","contentUrl":"https:\/\/www.gaveanews.com\/wp-content\/uploads\/Bruno-Henrique-e-Joao-Gomes-em-jogo-do-Flamengo-contra-o-Talleres.webp","width":799,"height":533,"caption":"Bruno Henrique e Jo\u00e3o Gomes em jogo do Flamengo contra o Talleres (Foto: Marcelo Cortes\/Flamengo)"},{"@type":"BreadcrumbList","@id":"https:\/\/www.gaveanews.com\/index.php\/2023\/09\/24\/apresentador-crava-que-bruno-henrique-do-flamengo-ira-assinar-com-o-palmeiras\/#breadcrumb","itemListElement":[{"@type":"ListItem","position":1,"name":"Home","item":"https:\/\/www.gaveanews.com\/"},{"@type":"ListItem","position":2,"name":"Apresentador crava que Bruno Henrique, do Flamengo, ir\u00e1 assinar com o Palmeiras"}]},{"@type":"WebSite","@id":"https:\/\/www.gaveanews.com\/#website","url":"https:\/\/www.gaveanews.com\/","name":"G\u00e1vea News","description":"Veja todas as not\u00edcias sobre o Flamengo: Contrata\u00e7\u00f5es, categorias de base, resultados das partidas, tabela de classifica\u00e7\u00e3o, pr\u00f3ximos jogos!","potentialAction":[{"@type":"SearchAction","target":{"@type":"EntryPoint","urlTemplate":"https:\/\/www.gaveanews.com\/?s={search_term_string}"},"query-input":{"@type":"PropertyValueSpecification","valueRequired":true,"valueName":"search_term_string"}}],"inLanguage":"pt-BR"},{"@type":"Person","@id":"https:\/\/www.gaveanews.com\/#\/schema\/person\/2ec14f73fb96be2caf28f91afb14749d","name":"Equipe G\u00e1vea News","image":{"@type":"ImageObject","inLanguage":"pt-BR","@id":"https:\/\/www.gaveanews.com\/#\/schema\/person\/image\/","url":"https:\/\/secure.gravatar.com\/avatar\/1e1956f1facbffd3f8fa53a326721950116b3b9dc9bd44939c01180fd4a745a9?s=96&d=mm&r=g","contentUrl":"https:\/\/secure.gravatar.com\/avatar\/1e1956f1facbffd3f8fa53a326721950116b3b9dc9bd44939c01180fd4a745a9?s=96&d=mm&r=g","caption":"Equipe G\u00e1vea News"}}]}},"_links":{"self":[{"href":"https:\/\/www.gaveanews.com\/index.php\/wp-json\/wp\/v2\/posts\/107164","targetHints":{"allow":["GET"]}}],"collection":[{"href":"https:\/\/www.gaveanews.com\/index.php\/wp-json\/wp\/v2\/posts"}],"about":[{"href":"https:\/\/www.gaveanews.com\/index.php\/wp-json\/wp\/v2\/types\/post"}],"author":[{"embeddable":true,"href":"https:\/\/www.gaveanews.com\/index.php\/wp-json\/wp\/v2\/users\/1"}],"replies":[{"embeddable":true,"href":"https:\/\/www.gaveanews.com\/index.php\/wp-json\/wp\/v2\/comments?post=107164"}],"version-history":[{"count":0,"href":"https:\/\/www.gaveanews.com\/index.php\/wp-json\/wp\/v2\/posts\/107164\/revisions"}],"wp:featuredmedia":[{"embeddable":true,"href":"https:\/\/www.gaveanews.com\/index.php\/wp-json\/wp\/v2\/media\/81155"}],"wp:attachment":[{"href":"https:\/\/www.gaveanews.com\/index.php\/wp-json\/wp\/v2\/media?parent=107164"}],"wp:term":[{"taxonomy":"category","embeddable":true,"href":"https:\/\/www.gaveanews.com\/index.php\/wp-json\/wp\/v2\/categories?post=107164"},{"taxonomy":"post_tag","embeddable":true,"href":"https:\/\/www.gaveanews.com\/index.php\/wp-json\/wp\/v2\/tags?post=107164"}],"curies":[{"name":"wp","href":"https:\/\/api.w.org\/{rel}","templated":true}]}}