{"id":107180,"date":"2023-09-25T00:41:52","date_gmt":"2023-09-25T03:41:52","guid":{"rendered":"https:\/\/www.gaveanews.com\/?p=107180"},"modified":"2023-09-25T00:41:55","modified_gmt":"2023-09-25T03:41:55","slug":"ex-jogador-do-flamengo-aponta-quem-vai-ser-o-novo-tecnico-do-clube","status":"publish","type":"post","link":"https:\/\/www.gaveanews.com\/index.php\/2023\/09\/25\/ex-jogador-do-flamengo-aponta-quem-vai-ser-o-novo-tecnico-do-clube\/","title":{"rendered":"Ex-jogador do Flamengo aponta quem vai ser o novo t\u00e9cnico do clube"},"content":{"rendered":"\n<p>Correndo um s\u00e9rio risco de demiss\u00e3o, Sampaoli pode ser substitu\u00eddo ainda em 2023 no Flamengo. De acordo com Zinho, o nome de Tite vem ganhando for\u00e7a nos bastidores, motivo pelo qual a chegada imediata do ex-treinador da sele\u00e7\u00e3o brasileira n\u00e3o se encontra descartada. Isso porque o time ainda precisa confirmar vaga na Libertadores, mas o clima deve piorar com o vice na final da Copa do Brasil.<\/p>\n\n\n\n<p>Na vis\u00e3o de Zinho, a troca no cargo precisa ocorrer. Destacando que o trabalho de Sampaoli \u00e0 frente do Flamengo n\u00e3o engrenou, apenas uma substitui\u00e7\u00e3o imediata evitaria uma cat\u00e1strofe envolvendo uma poss\u00edvel aus\u00eancia na Libertadores de 2024.<\/p>\n\n\n\n<p>\u201cNo Flamengo, n\u00e3o encaixou o trabalho dele (Sampaoli). Depois de cinco meses de trabalho, voc\u00ea n\u00e3o v\u00ea uma estrutura e n\u00e3o se consegue dizer o time titular e o modelo de jogo do Flamengo, isso passa por ele. O caminho, na minha percep\u00e7\u00e3o, vai ser a troca de treinador para o Flamengo, que est\u00e1 fora da zona de Libertadores neste momento. Para buscar, com cobran\u00e7a, vai haver uma troca de comando.\u201d, disse Zinho no programa SportsCenter, da ESPN.<\/p>\n\n\n\n<p>\u201cPossivelmente, (vai haver) a chegada de Tite. Eu n\u00e3o vou cravar, mas eu fiz contatos e h\u00e1 um movimento para a sa\u00edda do Sampaoli e a chegada do Tite. De imediato (a chegada).\u201d, completou.<\/p>\n\n\n\n<p>Em coletiva de imprensa, Sampaoli apontou que pedir demiss\u00e3o no Flamengo est\u00e1 fora dos seus planos. Sendo assim, o martelo ser\u00e1 batido por Rodolfo Landim, que manteve o treinador depois da elimina\u00e7\u00e3o na Libertadores.<\/p>\n\n\n\n<p>\u201cN\u00e3o penso nisso (pedir demiss\u00e3o). Essa avalia\u00e7\u00e3o tem que ser do presidente do clube. Sei que cheguei em um clube em crise, que tinha perdido quatro finais. Complicado na Copa do Brasil porque havia perdido contra o Maring\u00e1 e tamb\u00e9m contra o Aucas na Libertadores. Tentamos nesses cinco meses para trocar essa realidade. Sem d\u00favida n\u00e3o aconteceu o que queria, mas, nesses cinco meses, dediquei 24 horas por dia para mudar essa realidade. Mas diferencio muito Libertadores e Brasileiro desta Copa do Brasil. Para mim, o Flamengo perdeu a Copa do Brasil injustamente.\u201d, afirmou.<\/p>\n\n\n\n<p>Retirado de: Torcedores <\/p>\n","protected":false},"excerpt":{"rendered":"<p>Correndo um s\u00e9rio risco de demiss\u00e3o, Sampaoli pode ser substitu\u00eddo ainda em 2023 no Flamengo. De acordo com Zinho, o nome de Tite vem ganhando for\u00e7a nos bastidores, motivo pelo qual a chegada imediata do ex-treinador da sele\u00e7\u00e3o brasileira n\u00e3o se encontra descartada. Isso porque o time ainda precisa confirmar vaga na Libertadores, mas o [&hellip;]<\/p>\n","protected":false},"author":1,"featured_media":78521,"comment_status":"open","ping_status":"closed","sticky":false,"template":"","format":"standard","meta":{"footnotes":""},"categories":[1],"tags":[],"class_list":["post-107180","post","type-post","status-publish","format-standard","has-post-thumbnail","hentry","category-flamengo"],"yoast_head":"<!-- This site is optimized with the Yoast SEO Premium plugin v24.2 (Yoast SEO v26.9) - https:\/\/yoast.com\/product\/yoast-seo-premium-wordpress\/ -->\n<title>Ex-jogador do Flamengo aponta quem vai ser o novo t\u00e9cnico do clube<\/title>\n<meta name=\"robots\" content=\"index, follow, max-snippet:-1, max-image-preview:large, max-video-preview:-1\" \/>\n<link rel=\"canonical\" href=\"https:\/\/www.gaveanews.com\/index.php\/2023\/09\/25\/ex-jogador-do-flamengo-aponta-quem-vai-ser-o-novo-tecnico-do-clube\/\" \/>\n<meta property=\"og:locale\" content=\"pt_BR\" \/>\n<meta property=\"og:type\" content=\"article\" \/>\n<meta property=\"og:title\" content=\"Ex-jogador do Flamengo aponta quem vai ser o novo t\u00e9cnico do clube\" \/>\n<meta property=\"og:description\" content=\"Correndo um s\u00e9rio risco de demiss\u00e3o, Sampaoli pode ser substitu\u00eddo ainda em 2023 no Flamengo. De acordo com Zinho, o nome de Tite vem ganhando for\u00e7a nos bastidores, motivo pelo qual a chegada imediata do ex-treinador da sele\u00e7\u00e3o brasileira n\u00e3o se encontra descartada. Isso porque o time ainda precisa confirmar vaga na Libertadores, mas o [&hellip;]\" \/>\n<meta property=\"og:url\" content=\"https:\/\/www.gaveanews.com\/index.php\/2023\/09\/25\/ex-jogador-do-flamengo-aponta-quem-vai-ser-o-novo-tecnico-do-clube\/\" \/>\n<meta property=\"og:site_name\" content=\"G\u00e1vea News\" \/>\n<meta property=\"article:publisher\" content=\"https:\/\/facebook.com\/gaveaNews\/\" \/>\n<meta property=\"article:published_time\" content=\"2023-09-25T03:41:52+00:00\" \/>\n<meta property=\"article:modified_time\" content=\"2023-09-25T03:41:55+00:00\" \/>\n<meta property=\"og:image\" content=\"https:\/\/www.gaveanews.com\/wp-content\/uploads\/Marcos-Braz-em-entrevista-coletiva-do-Flamengo-no-Ninho-do-Urubu.webp\" \/>\n\t<meta property=\"og:image:width\" content=\"799\" \/>\n\t<meta property=\"og:image:height\" content=\"533\" \/>\n\t<meta property=\"og:image:type\" content=\"image\/jpeg\" \/>\n<meta name=\"author\" content=\"Equipe G\u00e1vea News\" \/>\n<meta name=\"twitter:card\" content=\"summary_large_image\" \/>\n<meta name=\"twitter:label1\" content=\"Escrito por\" \/>\n\t<meta name=\"twitter:data1\" content=\"Equipe G\u00e1vea News\" \/>\n\t<meta name=\"twitter:label2\" content=\"Est. tempo de leitura\" \/>\n\t<meta name=\"twitter:data2\" content=\"2 minutos\" \/>\n<script type=\"application\/ld+json\" class=\"yoast-schema-graph\">{\"@context\":\"https:\/\/schema.org\",\"@graph\":[{\"@type\":\"NewsArticle\",\"@id\":\"https:\/\/www.gaveanews.com\/index.php\/2023\/09\/25\/ex-jogador-do-flamengo-aponta-quem-vai-ser-o-novo-tecnico-do-clube\/#article\",\"isPartOf\":{\"@id\":\"https:\/\/www.gaveanews.com\/index.php\/2023\/09\/25\/ex-jogador-do-flamengo-aponta-quem-vai-ser-o-novo-tecnico-do-clube\/\"},\"author\":{\"name\":\"Equipe G\u00e1vea News\",\"@id\":\"https:\/\/www.gaveanews.com\/#\/schema\/person\/2ec14f73fb96be2caf28f91afb14749d\"},\"headline\":\"Ex-jogador do Flamengo aponta quem vai ser o novo t\u00e9cnico do clube\",\"datePublished\":\"2023-09-25T03:41:52+00:00\",\"dateModified\":\"2023-09-25T03:41:55+00:00\",\"mainEntityOfPage\":{\"@id\":\"https:\/\/www.gaveanews.com\/index.php\/2023\/09\/25\/ex-jogador-do-flamengo-aponta-quem-vai-ser-o-novo-tecnico-do-clube\/\"},\"wordCount\":383,\"commentCount\":0,\"image\":{\"@id\":\"https:\/\/www.gaveanews.com\/index.php\/2023\/09\/25\/ex-jogador-do-flamengo-aponta-quem-vai-ser-o-novo-tecnico-do-clube\/#primaryimage\"},\"thumbnailUrl\":\"https:\/\/www.gaveanews.com\/wp-content\/uploads\/Marcos-Braz-em-entrevista-coletiva-do-Flamengo-no-Ninho-do-Urubu.webp\",\"articleSection\":[\"Flamengo\"],\"inLanguage\":\"pt-BR\",\"potentialAction\":[{\"@type\":\"CommentAction\",\"name\":\"Comment\",\"target\":[\"https:\/\/www.gaveanews.com\/index.php\/2023\/09\/25\/ex-jogador-do-flamengo-aponta-quem-vai-ser-o-novo-tecnico-do-clube\/#respond\"]}],\"copyrightYear\":\"2023\",\"copyrightHolder\":{\"@id\":\"https:\/\/www.gaveanews.com\/#organization\"}},{\"@type\":\"WebPage\",\"@id\":\"https:\/\/www.gaveanews.com\/index.php\/2023\/09\/25\/ex-jogador-do-flamengo-aponta-quem-vai-ser-o-novo-tecnico-do-clube\/\",\"url\":\"https:\/\/www.gaveanews.com\/index.php\/2023\/09\/25\/ex-jogador-do-flamengo-aponta-quem-vai-ser-o-novo-tecnico-do-clube\/\",\"name\":\"Ex-jogador do Flamengo aponta quem vai ser o novo t\u00e9cnico do clube\",\"isPartOf\":{\"@id\":\"https:\/\/www.gaveanews.com\/#website\"},\"primaryImageOfPage\":{\"@id\":\"https:\/\/www.gaveanews.com\/index.php\/2023\/09\/25\/ex-jogador-do-flamengo-aponta-quem-vai-ser-o-novo-tecnico-do-clube\/#primaryimage\"},\"image\":{\"@id\":\"https:\/\/www.gaveanews.com\/index.php\/2023\/09\/25\/ex-jogador-do-flamengo-aponta-quem-vai-ser-o-novo-tecnico-do-clube\/#primaryimage\"},\"thumbnailUrl\":\"https:\/\/www.gaveanews.com\/wp-content\/uploads\/Marcos-Braz-em-entrevista-coletiva-do-Flamengo-no-Ninho-do-Urubu.webp\",\"datePublished\":\"2023-09-25T03:41:52+00:00\",\"dateModified\":\"2023-09-25T03:41:55+00:00\",\"author\":{\"@id\":\"https:\/\/www.gaveanews.com\/#\/schema\/person\/2ec14f73fb96be2caf28f91afb14749d\"},\"breadcrumb\":{\"@id\":\"https:\/\/www.gaveanews.com\/index.php\/2023\/09\/25\/ex-jogador-do-flamengo-aponta-quem-vai-ser-o-novo-tecnico-do-clube\/#breadcrumb\"},\"inLanguage\":\"pt-BR\",\"potentialAction\":[{\"@type\":\"ReadAction\",\"target\":[\"https:\/\/www.gaveanews.com\/index.php\/2023\/09\/25\/ex-jogador-do-flamengo-aponta-quem-vai-ser-o-novo-tecnico-do-clube\/\"]}]},{\"@type\":\"ImageObject\",\"inLanguage\":\"pt-BR\",\"@id\":\"https:\/\/www.gaveanews.com\/index.php\/2023\/09\/25\/ex-jogador-do-flamengo-aponta-quem-vai-ser-o-novo-tecnico-do-clube\/#primaryimage\",\"url\":\"https:\/\/www.gaveanews.com\/wp-content\/uploads\/Marcos-Braz-em-entrevista-coletiva-do-Flamengo-no-Ninho-do-Urubu.webp\",\"contentUrl\":\"https:\/\/www.gaveanews.com\/wp-content\/uploads\/Marcos-Braz-em-entrevista-coletiva-do-Flamengo-no-Ninho-do-Urubu.webp\",\"width\":799,\"height\":533,\"caption\":\"Marcos Braz em entrevista coletiva do Flamengo no Ninho do Urubu (Foto: Gilvan de Souza\/Flamengo)\"},{\"@type\":\"BreadcrumbList\",\"@id\":\"https:\/\/www.gaveanews.com\/index.php\/2023\/09\/25\/ex-jogador-do-flamengo-aponta-quem-vai-ser-o-novo-tecnico-do-clube\/#breadcrumb\",\"itemListElement\":[{\"@type\":\"ListItem\",\"position\":1,\"name\":\"Home\",\"item\":\"https:\/\/www.gaveanews.com\/\"},{\"@type\":\"ListItem\",\"position\":2,\"name\":\"Ex-jogador do Flamengo aponta quem vai ser o novo t\u00e9cnico do clube\"}]},{\"@type\":\"WebSite\",\"@id\":\"https:\/\/www.gaveanews.com\/#website\",\"url\":\"https:\/\/www.gaveanews.com\/\",\"name\":\"G\u00e1vea News\",\"description\":\"Veja todas as not\u00edcias sobre o Flamengo: Contrata\u00e7\u00f5es, categorias de base, resultados das partidas, tabela de classifica\u00e7\u00e3o, pr\u00f3ximos jogos!\",\"potentialAction\":[{\"@type\":\"SearchAction\",\"target\":{\"@type\":\"EntryPoint\",\"urlTemplate\":\"https:\/\/www.gaveanews.com\/?s={search_term_string}\"},\"query-input\":{\"@type\":\"PropertyValueSpecification\",\"valueRequired\":true,\"valueName\":\"search_term_string\"}}],\"inLanguage\":\"pt-BR\"},{\"@type\":\"Person\",\"@id\":\"https:\/\/www.gaveanews.com\/#\/schema\/person\/2ec14f73fb96be2caf28f91afb14749d\",\"name\":\"Equipe G\u00e1vea News\",\"image\":{\"@type\":\"ImageObject\",\"inLanguage\":\"pt-BR\",\"@id\":\"https:\/\/www.gaveanews.com\/#\/schema\/person\/image\/\",\"url\":\"https:\/\/secure.gravatar.com\/avatar\/1e1956f1facbffd3f8fa53a326721950116b3b9dc9bd44939c01180fd4a745a9?s=96&d=mm&r=g\",\"contentUrl\":\"https:\/\/secure.gravatar.com\/avatar\/1e1956f1facbffd3f8fa53a326721950116b3b9dc9bd44939c01180fd4a745a9?s=96&d=mm&r=g\",\"caption\":\"Equipe G\u00e1vea News\"}}]}<\/script>\n<!-- \/ Yoast SEO Premium plugin. -->","yoast_head_json":{"title":"Ex-jogador do Flamengo aponta quem vai ser o novo t\u00e9cnico do clube","robots":{"index":"index","follow":"follow","max-snippet":"max-snippet:-1","max-image-preview":"max-image-preview:large","max-video-preview":"max-video-preview:-1"},"canonical":"https:\/\/www.gaveanews.com\/index.php\/2023\/09\/25\/ex-jogador-do-flamengo-aponta-quem-vai-ser-o-novo-tecnico-do-clube\/","og_locale":"pt_BR","og_type":"article","og_title":"Ex-jogador do Flamengo aponta quem vai ser o novo t\u00e9cnico do clube","og_description":"Correndo um s\u00e9rio risco de demiss\u00e3o, Sampaoli pode ser substitu\u00eddo ainda em 2023 no Flamengo. De acordo com Zinho, o nome de Tite vem ganhando for\u00e7a nos bastidores, motivo pelo qual a chegada imediata do ex-treinador da sele\u00e7\u00e3o brasileira n\u00e3o se encontra descartada. Isso porque o time ainda precisa confirmar vaga na Libertadores, mas o [&hellip;]","og_url":"https:\/\/www.gaveanews.com\/index.php\/2023\/09\/25\/ex-jogador-do-flamengo-aponta-quem-vai-ser-o-novo-tecnico-do-clube\/","og_site_name":"G\u00e1vea News","article_publisher":"https:\/\/facebook.com\/gaveaNews\/","article_published_time":"2023-09-25T03:41:52+00:00","article_modified_time":"2023-09-25T03:41:55+00:00","og_image":[{"width":799,"height":533,"url":"https:\/\/www.gaveanews.com\/wp-content\/uploads\/Marcos-Braz-em-entrevista-coletiva-do-Flamengo-no-Ninho-do-Urubu.webp","type":"image\/jpeg"}],"author":"Equipe G\u00e1vea News","twitter_card":"summary_large_image","twitter_misc":{"Escrito por":"Equipe G\u00e1vea News","Est. tempo de leitura":"2 minutos"},"schema":{"@context":"https:\/\/schema.org","@graph":[{"@type":"NewsArticle","@id":"https:\/\/www.gaveanews.com\/index.php\/2023\/09\/25\/ex-jogador-do-flamengo-aponta-quem-vai-ser-o-novo-tecnico-do-clube\/#article","isPartOf":{"@id":"https:\/\/www.gaveanews.com\/index.php\/2023\/09\/25\/ex-jogador-do-flamengo-aponta-quem-vai-ser-o-novo-tecnico-do-clube\/"},"author":{"name":"Equipe G\u00e1vea News","@id":"https:\/\/www.gaveanews.com\/#\/schema\/person\/2ec14f73fb96be2caf28f91afb14749d"},"headline":"Ex-jogador do Flamengo aponta quem vai ser o novo t\u00e9cnico do clube","datePublished":"2023-09-25T03:41:52+00:00","dateModified":"2023-09-25T03:41:55+00:00","mainEntityOfPage":{"@id":"https:\/\/www.gaveanews.com\/index.php\/2023\/09\/25\/ex-jogador-do-flamengo-aponta-quem-vai-ser-o-novo-tecnico-do-clube\/"},"wordCount":383,"commentCount":0,"image":{"@id":"https:\/\/www.gaveanews.com\/index.php\/2023\/09\/25\/ex-jogador-do-flamengo-aponta-quem-vai-ser-o-novo-tecnico-do-clube\/#primaryimage"},"thumbnailUrl":"https:\/\/www.gaveanews.com\/wp-content\/uploads\/Marcos-Braz-em-entrevista-coletiva-do-Flamengo-no-Ninho-do-Urubu.webp","articleSection":["Flamengo"],"inLanguage":"pt-BR","potentialAction":[{"@type":"CommentAction","name":"Comment","target":["https:\/\/www.gaveanews.com\/index.php\/2023\/09\/25\/ex-jogador-do-flamengo-aponta-quem-vai-ser-o-novo-tecnico-do-clube\/#respond"]}],"copyrightYear":"2023","copyrightHolder":{"@id":"https:\/\/www.gaveanews.com\/#organization"}},{"@type":"WebPage","@id":"https:\/\/www.gaveanews.com\/index.php\/2023\/09\/25\/ex-jogador-do-flamengo-aponta-quem-vai-ser-o-novo-tecnico-do-clube\/","url":"https:\/\/www.gaveanews.com\/index.php\/2023\/09\/25\/ex-jogador-do-flamengo-aponta-quem-vai-ser-o-novo-tecnico-do-clube\/","name":"Ex-jogador do Flamengo aponta quem vai ser o novo t\u00e9cnico do clube","isPartOf":{"@id":"https:\/\/www.gaveanews.com\/#website"},"primaryImageOfPage":{"@id":"https:\/\/www.gaveanews.com\/index.php\/2023\/09\/25\/ex-jogador-do-flamengo-aponta-quem-vai-ser-o-novo-tecnico-do-clube\/#primaryimage"},"image":{"@id":"https:\/\/www.gaveanews.com\/index.php\/2023\/09\/25\/ex-jogador-do-flamengo-aponta-quem-vai-ser-o-novo-tecnico-do-clube\/#primaryimage"},"thumbnailUrl":"https:\/\/www.gaveanews.com\/wp-content\/uploads\/Marcos-Braz-em-entrevista-coletiva-do-Flamengo-no-Ninho-do-Urubu.webp","datePublished":"2023-09-25T03:41:52+00:00","dateModified":"2023-09-25T03:41:55+00:00","author":{"@id":"https:\/\/www.gaveanews.com\/#\/schema\/person\/2ec14f73fb96be2caf28f91afb14749d"},"breadcrumb":{"@id":"https:\/\/www.gaveanews.com\/index.php\/2023\/09\/25\/ex-jogador-do-flamengo-aponta-quem-vai-ser-o-novo-tecnico-do-clube\/#breadcrumb"},"inLanguage":"pt-BR","potentialAction":[{"@type":"ReadAction","target":["https:\/\/www.gaveanews.com\/index.php\/2023\/09\/25\/ex-jogador-do-flamengo-aponta-quem-vai-ser-o-novo-tecnico-do-clube\/"]}]},{"@type":"ImageObject","inLanguage":"pt-BR","@id":"https:\/\/www.gaveanews.com\/index.php\/2023\/09\/25\/ex-jogador-do-flamengo-aponta-quem-vai-ser-o-novo-tecnico-do-clube\/#primaryimage","url":"https:\/\/www.gaveanews.com\/wp-content\/uploads\/Marcos-Braz-em-entrevista-coletiva-do-Flamengo-no-Ninho-do-Urubu.webp","contentUrl":"https:\/\/www.gaveanews.com\/wp-content\/uploads\/Marcos-Braz-em-entrevista-coletiva-do-Flamengo-no-Ninho-do-Urubu.webp","width":799,"height":533,"caption":"Marcos Braz em entrevista coletiva do Flamengo no Ninho do Urubu (Foto: Gilvan de Souza\/Flamengo)"},{"@type":"BreadcrumbList","@id":"https:\/\/www.gaveanews.com\/index.php\/2023\/09\/25\/ex-jogador-do-flamengo-aponta-quem-vai-ser-o-novo-tecnico-do-clube\/#breadcrumb","itemListElement":[{"@type":"ListItem","position":1,"name":"Home","item":"https:\/\/www.gaveanews.com\/"},{"@type":"ListItem","position":2,"name":"Ex-jogador do Flamengo aponta quem vai ser o novo t\u00e9cnico do clube"}]},{"@type":"WebSite","@id":"https:\/\/www.gaveanews.com\/#website","url":"https:\/\/www.gaveanews.com\/","name":"G\u00e1vea News","description":"Veja todas as not\u00edcias sobre o Flamengo: Contrata\u00e7\u00f5es, categorias de base, resultados das partidas, tabela de classifica\u00e7\u00e3o, pr\u00f3ximos jogos!","potentialAction":[{"@type":"SearchAction","target":{"@type":"EntryPoint","urlTemplate":"https:\/\/www.gaveanews.com\/?s={search_term_string}"},"query-input":{"@type":"PropertyValueSpecification","valueRequired":true,"valueName":"search_term_string"}}],"inLanguage":"pt-BR"},{"@type":"Person","@id":"https:\/\/www.gaveanews.com\/#\/schema\/person\/2ec14f73fb96be2caf28f91afb14749d","name":"Equipe G\u00e1vea News","image":{"@type":"ImageObject","inLanguage":"pt-BR","@id":"https:\/\/www.gaveanews.com\/#\/schema\/person\/image\/","url":"https:\/\/secure.gravatar.com\/avatar\/1e1956f1facbffd3f8fa53a326721950116b3b9dc9bd44939c01180fd4a745a9?s=96&d=mm&r=g","contentUrl":"https:\/\/secure.gravatar.com\/avatar\/1e1956f1facbffd3f8fa53a326721950116b3b9dc9bd44939c01180fd4a745a9?s=96&d=mm&r=g","caption":"Equipe G\u00e1vea News"}}]}},"_links":{"self":[{"href":"https:\/\/www.gaveanews.com\/index.php\/wp-json\/wp\/v2\/posts\/107180","targetHints":{"allow":["GET"]}}],"collection":[{"href":"https:\/\/www.gaveanews.com\/index.php\/wp-json\/wp\/v2\/posts"}],"about":[{"href":"https:\/\/www.gaveanews.com\/index.php\/wp-json\/wp\/v2\/types\/post"}],"author":[{"embeddable":true,"href":"https:\/\/www.gaveanews.com\/index.php\/wp-json\/wp\/v2\/users\/1"}],"replies":[{"embeddable":true,"href":"https:\/\/www.gaveanews.com\/index.php\/wp-json\/wp\/v2\/comments?post=107180"}],"version-history":[{"count":0,"href":"https:\/\/www.gaveanews.com\/index.php\/wp-json\/wp\/v2\/posts\/107180\/revisions"}],"wp:featuredmedia":[{"embeddable":true,"href":"https:\/\/www.gaveanews.com\/index.php\/wp-json\/wp\/v2\/media\/78521"}],"wp:attachment":[{"href":"https:\/\/www.gaveanews.com\/index.php\/wp-json\/wp\/v2\/media?parent=107180"}],"wp:term":[{"taxonomy":"category","embeddable":true,"href":"https:\/\/www.gaveanews.com\/index.php\/wp-json\/wp\/v2\/categories?post=107180"},{"taxonomy":"post_tag","embeddable":true,"href":"https:\/\/www.gaveanews.com\/index.php\/wp-json\/wp\/v2\/tags?post=107180"}],"curies":[{"name":"wp","href":"https:\/\/api.w.org\/{rel}","templated":true}]}}