{"id":107228,"date":"2023-09-25T13:36:57","date_gmt":"2023-09-25T16:36:57","guid":{"rendered":"https:\/\/www.gaveanews.com\/?p=107228"},"modified":"2023-09-25T13:36:57","modified_gmt":"2023-09-25T16:36:57","slug":"imprensa-do-exterior-detona-jorge-sampaoli-do-flamengo","status":"publish","type":"post","link":"https:\/\/www.gaveanews.com\/index.php\/2023\/09\/25\/imprensa-do-exterior-detona-jorge-sampaoli-do-flamengo\/","title":{"rendered":"Imprensa do exterior detona Jorge Sampaoli, do Flamengo"},"content":{"rendered":"<p>O S\u00e3o Paulo levou a melhor na decis\u00e3o da Copa do Brasil sobre o Flamengo, que perdeu sua quinta final em 2023. A imprensa internacional repercutiu a derrota rubro-negra, destacou a press\u00e3o sobre Jorge Sampaoli e a possibilidade de demiss\u00e3o.<\/p>\n<p>O jornal Ol\u00e9, da Argentina, exaltou a atua\u00e7\u00e3o de Jonathan Calleri, ex-Boca Juniors, na conquista do t\u00edtulo in\u00e9dito do S\u00e3o Paulo e citou o ambiente favor\u00e1vel no Morumbi, que registou um p\u00fablico de mais de 63 mil torcedores.<\/p>\n<p>Al\u00e9m disso, os argentinos levantaram a possibilidade dessa ter sido a \u00faltima partida de Sampaoli no Flamengo. Isso porque o t\u00e9cnico enfrenta grande rejei\u00e7\u00e3o da torcida e colecionou derrotas na temporada, incluindo uma elimina\u00e7\u00e3o precoce na Libertadores.<\/p>\n<p>\u201cFlamengo perdeu a final e pode demitir Sampaoli\u201d, escreveu a publica\u00e7\u00e3o argentina.<\/p>\n<p>Na Europa, o ve\u00edculo portugu\u00eas A Bola, destacou a m\u00e1 fase que vive o clube carioca, que se estendeu com a perda do t\u00edtulo da Copa do Brasil neste domingo. Al\u00e9m disso, lembrou dos resultados negativos do Rubro-Negro sob o comando de Sampaoli.<\/p>\n<p>O jornal Marca, da Espanha, repercutiu a \u201ccrise\u201d pela qual passa o treinador ex-Sevilla. A equipe rubro-negra foi eliminada de mais uma competi\u00e7\u00e3o e n\u00e3o vence h\u00e1 quatro jogos.<\/p>\n<p>A m\u00eddia espanhola tamb\u00e9m apontou a postura de Sampaoli ao fim da partida. Ap\u00f3s o apito final, o t\u00e9cnico se dirigiu aos vesti\u00e1rios sozinho e n\u00e3o recebeu a medalha do vice-campeonato da Copa do Brasil.<\/p>\n<p>\u201cSampaoli perde a Copa do Brasil e sai sem receber a medalha, mas n\u00e3o pede demiss\u00e3o\u201d, manchetou o jornal.<\/p>\n<p>Retirado de: ESPN<\/p>\n","protected":false},"excerpt":{"rendered":"<p>O S\u00e3o Paulo levou a melhor na decis\u00e3o da Copa do Brasil sobre o Flamengo, que perdeu sua quinta final em 2023. A imprensa internacional repercutiu a derrota rubro-negra, destacou a press\u00e3o sobre Jorge Sampaoli e a possibilidade de demiss\u00e3o. O jornal Ol\u00e9, da Argentina, exaltou a atua\u00e7\u00e3o de Jonathan Calleri, ex-Boca Juniors, na conquista [&hellip;]<\/p>\n","protected":false},"author":1,"featured_media":97377,"comment_status":"open","ping_status":"closed","sticky":false,"template":"","format":"standard","meta":{"footnotes":""},"categories":[1],"tags":[],"class_list":["post-107228","post","type-post","status-publish","format-standard","has-post-thumbnail","hentry","category-flamengo"],"yoast_head":"<!-- This site is optimized with the Yoast SEO Premium plugin v24.2 (Yoast SEO v26.9) - https:\/\/yoast.com\/product\/yoast-seo-premium-wordpress\/ -->\n<title>Imprensa do exterior detona Jorge Sampaoli, do Flamengo<\/title>\n<meta name=\"robots\" content=\"index, follow, max-snippet:-1, max-image-preview:large, max-video-preview:-1\" \/>\n<link rel=\"canonical\" href=\"https:\/\/www.gaveanews.com\/index.php\/2023\/09\/25\/imprensa-do-exterior-detona-jorge-sampaoli-do-flamengo\/\" \/>\n<meta property=\"og:locale\" content=\"pt_BR\" \/>\n<meta property=\"og:type\" content=\"article\" \/>\n<meta property=\"og:title\" content=\"Imprensa do exterior detona Jorge Sampaoli, do Flamengo\" \/>\n<meta property=\"og:description\" content=\"O S\u00e3o Paulo levou a melhor na decis\u00e3o da Copa do Brasil sobre o Flamengo, que perdeu sua quinta final em 2023. A imprensa internacional repercutiu a derrota rubro-negra, destacou a press\u00e3o sobre Jorge Sampaoli e a possibilidade de demiss\u00e3o. O jornal Ol\u00e9, da Argentina, exaltou a atua\u00e7\u00e3o de Jonathan Calleri, ex-Boca Juniors, na conquista [&hellip;]\" \/>\n<meta property=\"og:url\" content=\"https:\/\/www.gaveanews.com\/index.php\/2023\/09\/25\/imprensa-do-exterior-detona-jorge-sampaoli-do-flamengo\/\" \/>\n<meta property=\"og:site_name\" content=\"G\u00e1vea News\" \/>\n<meta property=\"article:publisher\" content=\"https:\/\/facebook.com\/gaveaNews\/\" \/>\n<meta property=\"article:published_time\" content=\"2023-09-25T16:36:57+00:00\" \/>\n<meta property=\"og:image\" content=\"https:\/\/www.gaveanews.com\/wp-content\/uploads\/jorge-sampaoli-treino-flamengo.webp\" \/>\n\t<meta property=\"og:image:width\" content=\"900\" \/>\n\t<meta property=\"og:image:height\" content=\"600\" \/>\n\t<meta property=\"og:image:type\" content=\"image\/jpeg\" \/>\n<meta name=\"author\" content=\"Equipe G\u00e1vea News\" \/>\n<meta name=\"twitter:card\" content=\"summary_large_image\" \/>\n<meta name=\"twitter:label1\" content=\"Escrito por\" \/>\n\t<meta name=\"twitter:data1\" content=\"Equipe G\u00e1vea News\" \/>\n\t<meta name=\"twitter:label2\" content=\"Est. tempo de leitura\" \/>\n\t<meta name=\"twitter:data2\" content=\"2 minutos\" \/>\n<script type=\"application\/ld+json\" class=\"yoast-schema-graph\">{\"@context\":\"https:\/\/schema.org\",\"@graph\":[{\"@type\":\"NewsArticle\",\"@id\":\"https:\/\/www.gaveanews.com\/index.php\/2023\/09\/25\/imprensa-do-exterior-detona-jorge-sampaoli-do-flamengo\/#article\",\"isPartOf\":{\"@id\":\"https:\/\/www.gaveanews.com\/index.php\/2023\/09\/25\/imprensa-do-exterior-detona-jorge-sampaoli-do-flamengo\/\"},\"author\":{\"name\":\"Equipe G\u00e1vea News\",\"@id\":\"https:\/\/www.gaveanews.com\/#\/schema\/person\/2ec14f73fb96be2caf28f91afb14749d\"},\"headline\":\"Imprensa do exterior detona Jorge Sampaoli, do Flamengo\",\"datePublished\":\"2023-09-25T16:36:57+00:00\",\"mainEntityOfPage\":{\"@id\":\"https:\/\/www.gaveanews.com\/index.php\/2023\/09\/25\/imprensa-do-exterior-detona-jorge-sampaoli-do-flamengo\/\"},\"wordCount\":291,\"commentCount\":0,\"image\":{\"@id\":\"https:\/\/www.gaveanews.com\/index.php\/2023\/09\/25\/imprensa-do-exterior-detona-jorge-sampaoli-do-flamengo\/#primaryimage\"},\"thumbnailUrl\":\"https:\/\/www.gaveanews.com\/wp-content\/uploads\/jorge-sampaoli-treino-flamengo.webp\",\"articleSection\":[\"Flamengo\"],\"inLanguage\":\"pt-BR\",\"potentialAction\":[{\"@type\":\"CommentAction\",\"name\":\"Comment\",\"target\":[\"https:\/\/www.gaveanews.com\/index.php\/2023\/09\/25\/imprensa-do-exterior-detona-jorge-sampaoli-do-flamengo\/#respond\"]}],\"copyrightYear\":\"2023\",\"copyrightHolder\":{\"@id\":\"https:\/\/www.gaveanews.com\/#organization\"}},{\"@type\":\"WebPage\",\"@id\":\"https:\/\/www.gaveanews.com\/index.php\/2023\/09\/25\/imprensa-do-exterior-detona-jorge-sampaoli-do-flamengo\/\",\"url\":\"https:\/\/www.gaveanews.com\/index.php\/2023\/09\/25\/imprensa-do-exterior-detona-jorge-sampaoli-do-flamengo\/\",\"name\":\"Imprensa do exterior detona Jorge Sampaoli, do Flamengo\",\"isPartOf\":{\"@id\":\"https:\/\/www.gaveanews.com\/#website\"},\"primaryImageOfPage\":{\"@id\":\"https:\/\/www.gaveanews.com\/index.php\/2023\/09\/25\/imprensa-do-exterior-detona-jorge-sampaoli-do-flamengo\/#primaryimage\"},\"image\":{\"@id\":\"https:\/\/www.gaveanews.com\/index.php\/2023\/09\/25\/imprensa-do-exterior-detona-jorge-sampaoli-do-flamengo\/#primaryimage\"},\"thumbnailUrl\":\"https:\/\/www.gaveanews.com\/wp-content\/uploads\/jorge-sampaoli-treino-flamengo.webp\",\"datePublished\":\"2023-09-25T16:36:57+00:00\",\"author\":{\"@id\":\"https:\/\/www.gaveanews.com\/#\/schema\/person\/2ec14f73fb96be2caf28f91afb14749d\"},\"breadcrumb\":{\"@id\":\"https:\/\/www.gaveanews.com\/index.php\/2023\/09\/25\/imprensa-do-exterior-detona-jorge-sampaoli-do-flamengo\/#breadcrumb\"},\"inLanguage\":\"pt-BR\",\"potentialAction\":[{\"@type\":\"ReadAction\",\"target\":[\"https:\/\/www.gaveanews.com\/index.php\/2023\/09\/25\/imprensa-do-exterior-detona-jorge-sampaoli-do-flamengo\/\"]}]},{\"@type\":\"ImageObject\",\"inLanguage\":\"pt-BR\",\"@id\":\"https:\/\/www.gaveanews.com\/index.php\/2023\/09\/25\/imprensa-do-exterior-detona-jorge-sampaoli-do-flamengo\/#primaryimage\",\"url\":\"https:\/\/www.gaveanews.com\/wp-content\/uploads\/jorge-sampaoli-treino-flamengo.webp\",\"contentUrl\":\"https:\/\/www.gaveanews.com\/wp-content\/uploads\/jorge-sampaoli-treino-flamengo.webp\",\"width\":900,\"height\":600,\"caption\":\"Jorge Sampaoli em treino do Flamengo (Foto: Gilvan de Souza\/Flamengo)\"},{\"@type\":\"BreadcrumbList\",\"@id\":\"https:\/\/www.gaveanews.com\/index.php\/2023\/09\/25\/imprensa-do-exterior-detona-jorge-sampaoli-do-flamengo\/#breadcrumb\",\"itemListElement\":[{\"@type\":\"ListItem\",\"position\":1,\"name\":\"Home\",\"item\":\"https:\/\/www.gaveanews.com\/\"},{\"@type\":\"ListItem\",\"position\":2,\"name\":\"Imprensa do exterior detona Jorge Sampaoli, do Flamengo\"}]},{\"@type\":\"WebSite\",\"@id\":\"https:\/\/www.gaveanews.com\/#website\",\"url\":\"https:\/\/www.gaveanews.com\/\",\"name\":\"G\u00e1vea News\",\"description\":\"Veja todas as not\u00edcias sobre o Flamengo: Contrata\u00e7\u00f5es, categorias de base, resultados das partidas, tabela de classifica\u00e7\u00e3o, pr\u00f3ximos jogos!\",\"potentialAction\":[{\"@type\":\"SearchAction\",\"target\":{\"@type\":\"EntryPoint\",\"urlTemplate\":\"https:\/\/www.gaveanews.com\/?s={search_term_string}\"},\"query-input\":{\"@type\":\"PropertyValueSpecification\",\"valueRequired\":true,\"valueName\":\"search_term_string\"}}],\"inLanguage\":\"pt-BR\"},{\"@type\":\"Person\",\"@id\":\"https:\/\/www.gaveanews.com\/#\/schema\/person\/2ec14f73fb96be2caf28f91afb14749d\",\"name\":\"Equipe G\u00e1vea News\",\"image\":{\"@type\":\"ImageObject\",\"inLanguage\":\"pt-BR\",\"@id\":\"https:\/\/www.gaveanews.com\/#\/schema\/person\/image\/\",\"url\":\"https:\/\/secure.gravatar.com\/avatar\/1e1956f1facbffd3f8fa53a326721950116b3b9dc9bd44939c01180fd4a745a9?s=96&d=mm&r=g\",\"contentUrl\":\"https:\/\/secure.gravatar.com\/avatar\/1e1956f1facbffd3f8fa53a326721950116b3b9dc9bd44939c01180fd4a745a9?s=96&d=mm&r=g\",\"caption\":\"Equipe G\u00e1vea News\"}}]}<\/script>\n<!-- \/ Yoast SEO Premium plugin. -->","yoast_head_json":{"title":"Imprensa do exterior detona Jorge Sampaoli, do Flamengo","robots":{"index":"index","follow":"follow","max-snippet":"max-snippet:-1","max-image-preview":"max-image-preview:large","max-video-preview":"max-video-preview:-1"},"canonical":"https:\/\/www.gaveanews.com\/index.php\/2023\/09\/25\/imprensa-do-exterior-detona-jorge-sampaoli-do-flamengo\/","og_locale":"pt_BR","og_type":"article","og_title":"Imprensa do exterior detona Jorge Sampaoli, do Flamengo","og_description":"O S\u00e3o Paulo levou a melhor na decis\u00e3o da Copa do Brasil sobre o Flamengo, que perdeu sua quinta final em 2023. A imprensa internacional repercutiu a derrota rubro-negra, destacou a press\u00e3o sobre Jorge Sampaoli e a possibilidade de demiss\u00e3o. O jornal Ol\u00e9, da Argentina, exaltou a atua\u00e7\u00e3o de Jonathan Calleri, ex-Boca Juniors, na conquista [&hellip;]","og_url":"https:\/\/www.gaveanews.com\/index.php\/2023\/09\/25\/imprensa-do-exterior-detona-jorge-sampaoli-do-flamengo\/","og_site_name":"G\u00e1vea News","article_publisher":"https:\/\/facebook.com\/gaveaNews\/","article_published_time":"2023-09-25T16:36:57+00:00","og_image":[{"width":900,"height":600,"url":"https:\/\/www.gaveanews.com\/wp-content\/uploads\/jorge-sampaoli-treino-flamengo.webp","type":"image\/jpeg"}],"author":"Equipe G\u00e1vea News","twitter_card":"summary_large_image","twitter_misc":{"Escrito por":"Equipe G\u00e1vea News","Est. tempo de leitura":"2 minutos"},"schema":{"@context":"https:\/\/schema.org","@graph":[{"@type":"NewsArticle","@id":"https:\/\/www.gaveanews.com\/index.php\/2023\/09\/25\/imprensa-do-exterior-detona-jorge-sampaoli-do-flamengo\/#article","isPartOf":{"@id":"https:\/\/www.gaveanews.com\/index.php\/2023\/09\/25\/imprensa-do-exterior-detona-jorge-sampaoli-do-flamengo\/"},"author":{"name":"Equipe G\u00e1vea News","@id":"https:\/\/www.gaveanews.com\/#\/schema\/person\/2ec14f73fb96be2caf28f91afb14749d"},"headline":"Imprensa do exterior detona Jorge Sampaoli, do Flamengo","datePublished":"2023-09-25T16:36:57+00:00","mainEntityOfPage":{"@id":"https:\/\/www.gaveanews.com\/index.php\/2023\/09\/25\/imprensa-do-exterior-detona-jorge-sampaoli-do-flamengo\/"},"wordCount":291,"commentCount":0,"image":{"@id":"https:\/\/www.gaveanews.com\/index.php\/2023\/09\/25\/imprensa-do-exterior-detona-jorge-sampaoli-do-flamengo\/#primaryimage"},"thumbnailUrl":"https:\/\/www.gaveanews.com\/wp-content\/uploads\/jorge-sampaoli-treino-flamengo.webp","articleSection":["Flamengo"],"inLanguage":"pt-BR","potentialAction":[{"@type":"CommentAction","name":"Comment","target":["https:\/\/www.gaveanews.com\/index.php\/2023\/09\/25\/imprensa-do-exterior-detona-jorge-sampaoli-do-flamengo\/#respond"]}],"copyrightYear":"2023","copyrightHolder":{"@id":"https:\/\/www.gaveanews.com\/#organization"}},{"@type":"WebPage","@id":"https:\/\/www.gaveanews.com\/index.php\/2023\/09\/25\/imprensa-do-exterior-detona-jorge-sampaoli-do-flamengo\/","url":"https:\/\/www.gaveanews.com\/index.php\/2023\/09\/25\/imprensa-do-exterior-detona-jorge-sampaoli-do-flamengo\/","name":"Imprensa do exterior detona Jorge Sampaoli, do Flamengo","isPartOf":{"@id":"https:\/\/www.gaveanews.com\/#website"},"primaryImageOfPage":{"@id":"https:\/\/www.gaveanews.com\/index.php\/2023\/09\/25\/imprensa-do-exterior-detona-jorge-sampaoli-do-flamengo\/#primaryimage"},"image":{"@id":"https:\/\/www.gaveanews.com\/index.php\/2023\/09\/25\/imprensa-do-exterior-detona-jorge-sampaoli-do-flamengo\/#primaryimage"},"thumbnailUrl":"https:\/\/www.gaveanews.com\/wp-content\/uploads\/jorge-sampaoli-treino-flamengo.webp","datePublished":"2023-09-25T16:36:57+00:00","author":{"@id":"https:\/\/www.gaveanews.com\/#\/schema\/person\/2ec14f73fb96be2caf28f91afb14749d"},"breadcrumb":{"@id":"https:\/\/www.gaveanews.com\/index.php\/2023\/09\/25\/imprensa-do-exterior-detona-jorge-sampaoli-do-flamengo\/#breadcrumb"},"inLanguage":"pt-BR","potentialAction":[{"@type":"ReadAction","target":["https:\/\/www.gaveanews.com\/index.php\/2023\/09\/25\/imprensa-do-exterior-detona-jorge-sampaoli-do-flamengo\/"]}]},{"@type":"ImageObject","inLanguage":"pt-BR","@id":"https:\/\/www.gaveanews.com\/index.php\/2023\/09\/25\/imprensa-do-exterior-detona-jorge-sampaoli-do-flamengo\/#primaryimage","url":"https:\/\/www.gaveanews.com\/wp-content\/uploads\/jorge-sampaoli-treino-flamengo.webp","contentUrl":"https:\/\/www.gaveanews.com\/wp-content\/uploads\/jorge-sampaoli-treino-flamengo.webp","width":900,"height":600,"caption":"Jorge Sampaoli em treino do Flamengo (Foto: Gilvan de Souza\/Flamengo)"},{"@type":"BreadcrumbList","@id":"https:\/\/www.gaveanews.com\/index.php\/2023\/09\/25\/imprensa-do-exterior-detona-jorge-sampaoli-do-flamengo\/#breadcrumb","itemListElement":[{"@type":"ListItem","position":1,"name":"Home","item":"https:\/\/www.gaveanews.com\/"},{"@type":"ListItem","position":2,"name":"Imprensa do exterior detona Jorge Sampaoli, do Flamengo"}]},{"@type":"WebSite","@id":"https:\/\/www.gaveanews.com\/#website","url":"https:\/\/www.gaveanews.com\/","name":"G\u00e1vea News","description":"Veja todas as not\u00edcias sobre o Flamengo: Contrata\u00e7\u00f5es, categorias de base, resultados das partidas, tabela de classifica\u00e7\u00e3o, pr\u00f3ximos jogos!","potentialAction":[{"@type":"SearchAction","target":{"@type":"EntryPoint","urlTemplate":"https:\/\/www.gaveanews.com\/?s={search_term_string}"},"query-input":{"@type":"PropertyValueSpecification","valueRequired":true,"valueName":"search_term_string"}}],"inLanguage":"pt-BR"},{"@type":"Person","@id":"https:\/\/www.gaveanews.com\/#\/schema\/person\/2ec14f73fb96be2caf28f91afb14749d","name":"Equipe G\u00e1vea News","image":{"@type":"ImageObject","inLanguage":"pt-BR","@id":"https:\/\/www.gaveanews.com\/#\/schema\/person\/image\/","url":"https:\/\/secure.gravatar.com\/avatar\/1e1956f1facbffd3f8fa53a326721950116b3b9dc9bd44939c01180fd4a745a9?s=96&d=mm&r=g","contentUrl":"https:\/\/secure.gravatar.com\/avatar\/1e1956f1facbffd3f8fa53a326721950116b3b9dc9bd44939c01180fd4a745a9?s=96&d=mm&r=g","caption":"Equipe G\u00e1vea News"}}]}},"_links":{"self":[{"href":"https:\/\/www.gaveanews.com\/index.php\/wp-json\/wp\/v2\/posts\/107228","targetHints":{"allow":["GET"]}}],"collection":[{"href":"https:\/\/www.gaveanews.com\/index.php\/wp-json\/wp\/v2\/posts"}],"about":[{"href":"https:\/\/www.gaveanews.com\/index.php\/wp-json\/wp\/v2\/types\/post"}],"author":[{"embeddable":true,"href":"https:\/\/www.gaveanews.com\/index.php\/wp-json\/wp\/v2\/users\/1"}],"replies":[{"embeddable":true,"href":"https:\/\/www.gaveanews.com\/index.php\/wp-json\/wp\/v2\/comments?post=107228"}],"version-history":[{"count":0,"href":"https:\/\/www.gaveanews.com\/index.php\/wp-json\/wp\/v2\/posts\/107228\/revisions"}],"wp:featuredmedia":[{"embeddable":true,"href":"https:\/\/www.gaveanews.com\/index.php\/wp-json\/wp\/v2\/media\/97377"}],"wp:attachment":[{"href":"https:\/\/www.gaveanews.com\/index.php\/wp-json\/wp\/v2\/media?parent=107228"}],"wp:term":[{"taxonomy":"category","embeddable":true,"href":"https:\/\/www.gaveanews.com\/index.php\/wp-json\/wp\/v2\/categories?post=107228"},{"taxonomy":"post_tag","embeddable":true,"href":"https:\/\/www.gaveanews.com\/index.php\/wp-json\/wp\/v2\/tags?post=107228"}],"curies":[{"name":"wp","href":"https:\/\/api.w.org\/{rel}","templated":true}]}}