{"id":107240,"date":"2023-09-25T17:37:54","date_gmt":"2023-09-25T20:37:54","guid":{"rendered":"https:\/\/www.gaveanews.com\/?p=107240"},"modified":"2023-09-25T17:38:54","modified_gmt":"2023-09-25T20:38:54","slug":"flamengo-prepara-reformulacao-tambem-na-diretoria","status":"publish","type":"post","link":"https:\/\/www.gaveanews.com\/index.php\/2023\/09\/25\/flamengo-prepara-reformulacao-tambem-na-diretoria\/","title":{"rendered":"Flamengo prepara reformula\u00e7\u00e3o tamb\u00e9m na diretoria"},"content":{"rendered":"<p>O Flamengo colecionou mais um fracasso em 2023 com o vice-campeonato da Copa do Brasil no \u00faltimo domingo. Ao todo, o Mais Querido somou quatro vices na temporada e elimina\u00e7\u00f5es vexat\u00f3rias em outras competi\u00e7\u00f5es. O p\u00e9ssimo ano fez com que a diretoria entendesse que mudan\u00e7as precisavam ser feitas.<\/p>\n<p>Nesta segunda-feira, o jornalista Ven\u00ea Casagrande, em v\u00eddeo publicado no seu canal do youtube, revelou alguns nomes que devem deixar o departamento de futebol do Meng\u00e3o. Al\u00e9m disso, ele falou sobre a sa\u00edda do t\u00e9cnico Jorge Sampaoli e a poss\u00edvel chegada de Tite.<\/p>\n<p>\u201dJorge Sampaoli ser\u00e1 demitido nas pr\u00f3ximas horas, isso j\u00e1 est\u00e1 definido. Sampaoli deu discurso depois do jogo em tom de despedida. Landim, que bancou o t\u00e9cnico, n\u00e3o esteve perto dele nem dos jogadores para apoiar. A diretoria, agora, s\u00f3 aguarda para ver como vai comunicar o treinador argentino. Ainda precisa ver como vai ser a quest\u00e3o da multa rescis\u00f3ria, que hoje \u00e9 de 3 milh\u00f5es de euros, mais uma incompet\u00eancia do departamento do Flamengo. Foi um erro atr\u00e1s do outro. E, agora, um nome ganha for\u00e7a nos bastidores, que \u00e9 o Tite. Hoje, do jeito que o Flamengo est\u00e1, pode trazer o Pep Guardiola que n\u00e3o vai dar certo. E, existe a chance do Fabinho Soldado e Juan n\u00e3o ficarem para 2024\u201d, declarou o jornalista.<\/p>\n<p>Retirado de: Di\u00e1rio do Fla<\/p>\n","protected":false},"excerpt":{"rendered":"<p>O Flamengo colecionou mais um fracasso em 2023 com o vice-campeonato da Copa do Brasil no \u00faltimo domingo. Ao todo, o Mais Querido somou quatro vices na temporada e elimina\u00e7\u00f5es vexat\u00f3rias em outras competi\u00e7\u00f5es. O p\u00e9ssimo ano fez com que a diretoria entendesse que mudan\u00e7as precisavam ser feitas. Nesta segunda-feira, o jornalista Ven\u00ea Casagrande, em [&hellip;]<\/p>\n","protected":false},"author":1,"featured_media":64406,"comment_status":"open","ping_status":"closed","sticky":false,"template":"","format":"standard","meta":{"footnotes":""},"categories":[1],"tags":[],"class_list":["post-107240","post","type-post","status-publish","format-standard","has-post-thumbnail","hentry","category-flamengo"],"yoast_head":"<!-- This site is optimized with the Yoast SEO Premium plugin v24.2 (Yoast SEO v26.9) - https:\/\/yoast.com\/product\/yoast-seo-premium-wordpress\/ -->\n<title>Flamengo prepara reformula\u00e7\u00e3o tamb\u00e9m na diretoria<\/title>\n<meta name=\"robots\" content=\"index, follow, max-snippet:-1, max-image-preview:large, max-video-preview:-1\" \/>\n<link rel=\"canonical\" href=\"https:\/\/www.gaveanews.com\/index.php\/2023\/09\/25\/flamengo-prepara-reformulacao-tambem-na-diretoria\/\" \/>\n<meta property=\"og:locale\" content=\"pt_BR\" \/>\n<meta property=\"og:type\" content=\"article\" \/>\n<meta property=\"og:title\" content=\"Flamengo prepara reformula\u00e7\u00e3o tamb\u00e9m na diretoria\" \/>\n<meta property=\"og:description\" content=\"O Flamengo colecionou mais um fracasso em 2023 com o vice-campeonato da Copa do Brasil no \u00faltimo domingo. Ao todo, o Mais Querido somou quatro vices na temporada e elimina\u00e7\u00f5es vexat\u00f3rias em outras competi\u00e7\u00f5es. O p\u00e9ssimo ano fez com que a diretoria entendesse que mudan\u00e7as precisavam ser feitas. Nesta segunda-feira, o jornalista Ven\u00ea Casagrande, em [&hellip;]\" \/>\n<meta property=\"og:url\" content=\"https:\/\/www.gaveanews.com\/index.php\/2023\/09\/25\/flamengo-prepara-reformulacao-tambem-na-diretoria\/\" \/>\n<meta property=\"og:site_name\" content=\"G\u00e1vea News\" \/>\n<meta property=\"article:publisher\" content=\"https:\/\/facebook.com\/gaveaNews\/\" \/>\n<meta property=\"article:published_time\" content=\"2023-09-25T20:37:54+00:00\" \/>\n<meta property=\"article:modified_time\" content=\"2023-09-25T20:38:54+00:00\" \/>\n<meta property=\"og:image\" content=\"https:\/\/www.gaveanews.com\/wp-content\/uploads\/Rodolfo-Landim-em-entrevista-coletiva-no-Ninho-do-Urubu.webp\" \/>\n\t<meta property=\"og:image:width\" content=\"799\" \/>\n\t<meta property=\"og:image:height\" content=\"532\" \/>\n\t<meta property=\"og:image:type\" content=\"image\/jpeg\" \/>\n<meta name=\"author\" content=\"Equipe G\u00e1vea News\" \/>\n<meta name=\"twitter:card\" content=\"summary_large_image\" \/>\n<meta name=\"twitter:label1\" content=\"Escrito por\" \/>\n\t<meta name=\"twitter:data1\" content=\"Equipe G\u00e1vea News\" \/>\n\t<meta name=\"twitter:label2\" content=\"Est. tempo de leitura\" \/>\n\t<meta name=\"twitter:data2\" content=\"2 minutos\" \/>\n<script type=\"application\/ld+json\" class=\"yoast-schema-graph\">{\"@context\":\"https:\/\/schema.org\",\"@graph\":[{\"@type\":\"NewsArticle\",\"@id\":\"https:\/\/www.gaveanews.com\/index.php\/2023\/09\/25\/flamengo-prepara-reformulacao-tambem-na-diretoria\/#article\",\"isPartOf\":{\"@id\":\"https:\/\/www.gaveanews.com\/index.php\/2023\/09\/25\/flamengo-prepara-reformulacao-tambem-na-diretoria\/\"},\"author\":{\"name\":\"Equipe G\u00e1vea News\",\"@id\":\"https:\/\/www.gaveanews.com\/#\/schema\/person\/2ec14f73fb96be2caf28f91afb14749d\"},\"headline\":\"Flamengo prepara reformula\u00e7\u00e3o tamb\u00e9m na diretoria\",\"datePublished\":\"2023-09-25T20:37:54+00:00\",\"dateModified\":\"2023-09-25T20:38:54+00:00\",\"mainEntityOfPage\":{\"@id\":\"https:\/\/www.gaveanews.com\/index.php\/2023\/09\/25\/flamengo-prepara-reformulacao-tambem-na-diretoria\/\"},\"wordCount\":247,\"commentCount\":0,\"image\":{\"@id\":\"https:\/\/www.gaveanews.com\/index.php\/2023\/09\/25\/flamengo-prepara-reformulacao-tambem-na-diretoria\/#primaryimage\"},\"thumbnailUrl\":\"https:\/\/www.gaveanews.com\/wp-content\/uploads\/Rodolfo-Landim-em-entrevista-coletiva-no-Ninho-do-Urubu.webp\",\"articleSection\":[\"Flamengo\"],\"inLanguage\":\"pt-BR\",\"potentialAction\":[{\"@type\":\"CommentAction\",\"name\":\"Comment\",\"target\":[\"https:\/\/www.gaveanews.com\/index.php\/2023\/09\/25\/flamengo-prepara-reformulacao-tambem-na-diretoria\/#respond\"]}],\"copyrightYear\":\"2023\",\"copyrightHolder\":{\"@id\":\"https:\/\/www.gaveanews.com\/#organization\"}},{\"@type\":\"WebPage\",\"@id\":\"https:\/\/www.gaveanews.com\/index.php\/2023\/09\/25\/flamengo-prepara-reformulacao-tambem-na-diretoria\/\",\"url\":\"https:\/\/www.gaveanews.com\/index.php\/2023\/09\/25\/flamengo-prepara-reformulacao-tambem-na-diretoria\/\",\"name\":\"Flamengo prepara reformula\u00e7\u00e3o tamb\u00e9m na diretoria\",\"isPartOf\":{\"@id\":\"https:\/\/www.gaveanews.com\/#website\"},\"primaryImageOfPage\":{\"@id\":\"https:\/\/www.gaveanews.com\/index.php\/2023\/09\/25\/flamengo-prepara-reformulacao-tambem-na-diretoria\/#primaryimage\"},\"image\":{\"@id\":\"https:\/\/www.gaveanews.com\/index.php\/2023\/09\/25\/flamengo-prepara-reformulacao-tambem-na-diretoria\/#primaryimage\"},\"thumbnailUrl\":\"https:\/\/www.gaveanews.com\/wp-content\/uploads\/Rodolfo-Landim-em-entrevista-coletiva-no-Ninho-do-Urubu.webp\",\"datePublished\":\"2023-09-25T20:37:54+00:00\",\"dateModified\":\"2023-09-25T20:38:54+00:00\",\"author\":{\"@id\":\"https:\/\/www.gaveanews.com\/#\/schema\/person\/2ec14f73fb96be2caf28f91afb14749d\"},\"breadcrumb\":{\"@id\":\"https:\/\/www.gaveanews.com\/index.php\/2023\/09\/25\/flamengo-prepara-reformulacao-tambem-na-diretoria\/#breadcrumb\"},\"inLanguage\":\"pt-BR\",\"potentialAction\":[{\"@type\":\"ReadAction\",\"target\":[\"https:\/\/www.gaveanews.com\/index.php\/2023\/09\/25\/flamengo-prepara-reformulacao-tambem-na-diretoria\/\"]}]},{\"@type\":\"ImageObject\",\"inLanguage\":\"pt-BR\",\"@id\":\"https:\/\/www.gaveanews.com\/index.php\/2023\/09\/25\/flamengo-prepara-reformulacao-tambem-na-diretoria\/#primaryimage\",\"url\":\"https:\/\/www.gaveanews.com\/wp-content\/uploads\/Rodolfo-Landim-em-entrevista-coletiva-no-Ninho-do-Urubu.webp\",\"contentUrl\":\"https:\/\/www.gaveanews.com\/wp-content\/uploads\/Rodolfo-Landim-em-entrevista-coletiva-no-Ninho-do-Urubu.webp\",\"width\":799,\"height\":532,\"caption\":\"Rodolfo Landim em entrevista coletiva no Ninho do Urubu (Foto: Alexandre Vidal\/Flamengo)\"},{\"@type\":\"BreadcrumbList\",\"@id\":\"https:\/\/www.gaveanews.com\/index.php\/2023\/09\/25\/flamengo-prepara-reformulacao-tambem-na-diretoria\/#breadcrumb\",\"itemListElement\":[{\"@type\":\"ListItem\",\"position\":1,\"name\":\"Home\",\"item\":\"https:\/\/www.gaveanews.com\/\"},{\"@type\":\"ListItem\",\"position\":2,\"name\":\"Flamengo prepara reformula\u00e7\u00e3o tamb\u00e9m na diretoria\"}]},{\"@type\":\"WebSite\",\"@id\":\"https:\/\/www.gaveanews.com\/#website\",\"url\":\"https:\/\/www.gaveanews.com\/\",\"name\":\"G\u00e1vea News\",\"description\":\"Veja todas as not\u00edcias sobre o Flamengo: Contrata\u00e7\u00f5es, categorias de base, resultados das partidas, tabela de classifica\u00e7\u00e3o, pr\u00f3ximos jogos!\",\"potentialAction\":[{\"@type\":\"SearchAction\",\"target\":{\"@type\":\"EntryPoint\",\"urlTemplate\":\"https:\/\/www.gaveanews.com\/?s={search_term_string}\"},\"query-input\":{\"@type\":\"PropertyValueSpecification\",\"valueRequired\":true,\"valueName\":\"search_term_string\"}}],\"inLanguage\":\"pt-BR\"},{\"@type\":\"Person\",\"@id\":\"https:\/\/www.gaveanews.com\/#\/schema\/person\/2ec14f73fb96be2caf28f91afb14749d\",\"name\":\"Equipe G\u00e1vea News\",\"image\":{\"@type\":\"ImageObject\",\"inLanguage\":\"pt-BR\",\"@id\":\"https:\/\/www.gaveanews.com\/#\/schema\/person\/image\/\",\"url\":\"https:\/\/secure.gravatar.com\/avatar\/1e1956f1facbffd3f8fa53a326721950116b3b9dc9bd44939c01180fd4a745a9?s=96&d=mm&r=g\",\"contentUrl\":\"https:\/\/secure.gravatar.com\/avatar\/1e1956f1facbffd3f8fa53a326721950116b3b9dc9bd44939c01180fd4a745a9?s=96&d=mm&r=g\",\"caption\":\"Equipe G\u00e1vea News\"}}]}<\/script>\n<!-- \/ Yoast SEO Premium plugin. -->","yoast_head_json":{"title":"Flamengo prepara reformula\u00e7\u00e3o tamb\u00e9m na diretoria","robots":{"index":"index","follow":"follow","max-snippet":"max-snippet:-1","max-image-preview":"max-image-preview:large","max-video-preview":"max-video-preview:-1"},"canonical":"https:\/\/www.gaveanews.com\/index.php\/2023\/09\/25\/flamengo-prepara-reformulacao-tambem-na-diretoria\/","og_locale":"pt_BR","og_type":"article","og_title":"Flamengo prepara reformula\u00e7\u00e3o tamb\u00e9m na diretoria","og_description":"O Flamengo colecionou mais um fracasso em 2023 com o vice-campeonato da Copa do Brasil no \u00faltimo domingo. Ao todo, o Mais Querido somou quatro vices na temporada e elimina\u00e7\u00f5es vexat\u00f3rias em outras competi\u00e7\u00f5es. O p\u00e9ssimo ano fez com que a diretoria entendesse que mudan\u00e7as precisavam ser feitas. Nesta segunda-feira, o jornalista Ven\u00ea Casagrande, em [&hellip;]","og_url":"https:\/\/www.gaveanews.com\/index.php\/2023\/09\/25\/flamengo-prepara-reformulacao-tambem-na-diretoria\/","og_site_name":"G\u00e1vea News","article_publisher":"https:\/\/facebook.com\/gaveaNews\/","article_published_time":"2023-09-25T20:37:54+00:00","article_modified_time":"2023-09-25T20:38:54+00:00","og_image":[{"width":799,"height":532,"url":"https:\/\/www.gaveanews.com\/wp-content\/uploads\/Rodolfo-Landim-em-entrevista-coletiva-no-Ninho-do-Urubu.webp","type":"image\/jpeg"}],"author":"Equipe G\u00e1vea News","twitter_card":"summary_large_image","twitter_misc":{"Escrito por":"Equipe G\u00e1vea News","Est. tempo de leitura":"2 minutos"},"schema":{"@context":"https:\/\/schema.org","@graph":[{"@type":"NewsArticle","@id":"https:\/\/www.gaveanews.com\/index.php\/2023\/09\/25\/flamengo-prepara-reformulacao-tambem-na-diretoria\/#article","isPartOf":{"@id":"https:\/\/www.gaveanews.com\/index.php\/2023\/09\/25\/flamengo-prepara-reformulacao-tambem-na-diretoria\/"},"author":{"name":"Equipe G\u00e1vea News","@id":"https:\/\/www.gaveanews.com\/#\/schema\/person\/2ec14f73fb96be2caf28f91afb14749d"},"headline":"Flamengo prepara reformula\u00e7\u00e3o tamb\u00e9m na diretoria","datePublished":"2023-09-25T20:37:54+00:00","dateModified":"2023-09-25T20:38:54+00:00","mainEntityOfPage":{"@id":"https:\/\/www.gaveanews.com\/index.php\/2023\/09\/25\/flamengo-prepara-reformulacao-tambem-na-diretoria\/"},"wordCount":247,"commentCount":0,"image":{"@id":"https:\/\/www.gaveanews.com\/index.php\/2023\/09\/25\/flamengo-prepara-reformulacao-tambem-na-diretoria\/#primaryimage"},"thumbnailUrl":"https:\/\/www.gaveanews.com\/wp-content\/uploads\/Rodolfo-Landim-em-entrevista-coletiva-no-Ninho-do-Urubu.webp","articleSection":["Flamengo"],"inLanguage":"pt-BR","potentialAction":[{"@type":"CommentAction","name":"Comment","target":["https:\/\/www.gaveanews.com\/index.php\/2023\/09\/25\/flamengo-prepara-reformulacao-tambem-na-diretoria\/#respond"]}],"copyrightYear":"2023","copyrightHolder":{"@id":"https:\/\/www.gaveanews.com\/#organization"}},{"@type":"WebPage","@id":"https:\/\/www.gaveanews.com\/index.php\/2023\/09\/25\/flamengo-prepara-reformulacao-tambem-na-diretoria\/","url":"https:\/\/www.gaveanews.com\/index.php\/2023\/09\/25\/flamengo-prepara-reformulacao-tambem-na-diretoria\/","name":"Flamengo prepara reformula\u00e7\u00e3o tamb\u00e9m na diretoria","isPartOf":{"@id":"https:\/\/www.gaveanews.com\/#website"},"primaryImageOfPage":{"@id":"https:\/\/www.gaveanews.com\/index.php\/2023\/09\/25\/flamengo-prepara-reformulacao-tambem-na-diretoria\/#primaryimage"},"image":{"@id":"https:\/\/www.gaveanews.com\/index.php\/2023\/09\/25\/flamengo-prepara-reformulacao-tambem-na-diretoria\/#primaryimage"},"thumbnailUrl":"https:\/\/www.gaveanews.com\/wp-content\/uploads\/Rodolfo-Landim-em-entrevista-coletiva-no-Ninho-do-Urubu.webp","datePublished":"2023-09-25T20:37:54+00:00","dateModified":"2023-09-25T20:38:54+00:00","author":{"@id":"https:\/\/www.gaveanews.com\/#\/schema\/person\/2ec14f73fb96be2caf28f91afb14749d"},"breadcrumb":{"@id":"https:\/\/www.gaveanews.com\/index.php\/2023\/09\/25\/flamengo-prepara-reformulacao-tambem-na-diretoria\/#breadcrumb"},"inLanguage":"pt-BR","potentialAction":[{"@type":"ReadAction","target":["https:\/\/www.gaveanews.com\/index.php\/2023\/09\/25\/flamengo-prepara-reformulacao-tambem-na-diretoria\/"]}]},{"@type":"ImageObject","inLanguage":"pt-BR","@id":"https:\/\/www.gaveanews.com\/index.php\/2023\/09\/25\/flamengo-prepara-reformulacao-tambem-na-diretoria\/#primaryimage","url":"https:\/\/www.gaveanews.com\/wp-content\/uploads\/Rodolfo-Landim-em-entrevista-coletiva-no-Ninho-do-Urubu.webp","contentUrl":"https:\/\/www.gaveanews.com\/wp-content\/uploads\/Rodolfo-Landim-em-entrevista-coletiva-no-Ninho-do-Urubu.webp","width":799,"height":532,"caption":"Rodolfo Landim em entrevista coletiva no Ninho do Urubu (Foto: Alexandre Vidal\/Flamengo)"},{"@type":"BreadcrumbList","@id":"https:\/\/www.gaveanews.com\/index.php\/2023\/09\/25\/flamengo-prepara-reformulacao-tambem-na-diretoria\/#breadcrumb","itemListElement":[{"@type":"ListItem","position":1,"name":"Home","item":"https:\/\/www.gaveanews.com\/"},{"@type":"ListItem","position":2,"name":"Flamengo prepara reformula\u00e7\u00e3o tamb\u00e9m na diretoria"}]},{"@type":"WebSite","@id":"https:\/\/www.gaveanews.com\/#website","url":"https:\/\/www.gaveanews.com\/","name":"G\u00e1vea News","description":"Veja todas as not\u00edcias sobre o Flamengo: Contrata\u00e7\u00f5es, categorias de base, resultados das partidas, tabela de classifica\u00e7\u00e3o, pr\u00f3ximos jogos!","potentialAction":[{"@type":"SearchAction","target":{"@type":"EntryPoint","urlTemplate":"https:\/\/www.gaveanews.com\/?s={search_term_string}"},"query-input":{"@type":"PropertyValueSpecification","valueRequired":true,"valueName":"search_term_string"}}],"inLanguage":"pt-BR"},{"@type":"Person","@id":"https:\/\/www.gaveanews.com\/#\/schema\/person\/2ec14f73fb96be2caf28f91afb14749d","name":"Equipe G\u00e1vea News","image":{"@type":"ImageObject","inLanguage":"pt-BR","@id":"https:\/\/www.gaveanews.com\/#\/schema\/person\/image\/","url":"https:\/\/secure.gravatar.com\/avatar\/1e1956f1facbffd3f8fa53a326721950116b3b9dc9bd44939c01180fd4a745a9?s=96&d=mm&r=g","contentUrl":"https:\/\/secure.gravatar.com\/avatar\/1e1956f1facbffd3f8fa53a326721950116b3b9dc9bd44939c01180fd4a745a9?s=96&d=mm&r=g","caption":"Equipe G\u00e1vea News"}}]}},"_links":{"self":[{"href":"https:\/\/www.gaveanews.com\/index.php\/wp-json\/wp\/v2\/posts\/107240","targetHints":{"allow":["GET"]}}],"collection":[{"href":"https:\/\/www.gaveanews.com\/index.php\/wp-json\/wp\/v2\/posts"}],"about":[{"href":"https:\/\/www.gaveanews.com\/index.php\/wp-json\/wp\/v2\/types\/post"}],"author":[{"embeddable":true,"href":"https:\/\/www.gaveanews.com\/index.php\/wp-json\/wp\/v2\/users\/1"}],"replies":[{"embeddable":true,"href":"https:\/\/www.gaveanews.com\/index.php\/wp-json\/wp\/v2\/comments?post=107240"}],"version-history":[{"count":0,"href":"https:\/\/www.gaveanews.com\/index.php\/wp-json\/wp\/v2\/posts\/107240\/revisions"}],"wp:featuredmedia":[{"embeddable":true,"href":"https:\/\/www.gaveanews.com\/index.php\/wp-json\/wp\/v2\/media\/64406"}],"wp:attachment":[{"href":"https:\/\/www.gaveanews.com\/index.php\/wp-json\/wp\/v2\/media?parent=107240"}],"wp:term":[{"taxonomy":"category","embeddable":true,"href":"https:\/\/www.gaveanews.com\/index.php\/wp-json\/wp\/v2\/categories?post=107240"},{"taxonomy":"post_tag","embeddable":true,"href":"https:\/\/www.gaveanews.com\/index.php\/wp-json\/wp\/v2\/tags?post=107240"}],"curies":[{"name":"wp","href":"https:\/\/api.w.org\/{rel}","templated":true}]}}