{"id":107261,"date":"2023-09-25T20:43:30","date_gmt":"2023-09-25T23:43:30","guid":{"rendered":"https:\/\/www.gaveanews.com\/?p=107261"},"modified":"2023-09-25T20:43:30","modified_gmt":"2023-09-25T23:43:30","slug":"veja-o-verdadeiro-valor-da-multa-rescisoria-de-sampaoli-no-flamengo","status":"publish","type":"post","link":"https:\/\/www.gaveanews.com\/index.php\/2023\/09\/25\/veja-o-verdadeiro-valor-da-multa-rescisoria-de-sampaoli-no-flamengo\/","title":{"rendered":"Veja o verdadeiro valor da multa rescis\u00f3ria de Sampaoli no Flamengo"},"content":{"rendered":"<p>A sa\u00edda de Jorge Sampaoli do Flamengo para 2024 estava definida antes mesmo do vice-campeonato da Copa do Brasil. A perda do t\u00edtulo acelerou o processo, e a diretoria debate as condi\u00e7\u00f5es da sa\u00edda. A segunda-feira foi de reuni\u00e3o do departamento de futebol. Para demitir o t\u00e9cnico, o clube ter\u00e1 que pagar a multa de 1,5 milh\u00e3o de euros (R$ 7,9 milh\u00f5es).<\/p>\n<p>No ato da chegada do argentino ao Rubro-Negro, em abril, a multa estava estipulada em 2,5 milh\u00f5es de euros, mas ela diminui com o passar do contrato, que \u00e9 v\u00e1lido at\u00e9 dezembro de 2024. No momento, est\u00e1 em 1,5 milh\u00e3o de euros.<\/p>\n<p>O presidente Rodolfo Landim, o vice-presidente de futebol Marcos Braz, o diretor executivo Bruno Spindel e Diogo Lemos, membro do Conselho de Futebol, se reuniram nesta segunda na G\u00e1vea. Eles debateram os pr\u00f3ximos passos do futebol do Flamengo.<\/p>\n<p>O desejo do departamento \u00e9 a troca imediata do treinador, ou seja, sai Sampaoli e entra o treinador da temporada 2024. Como n\u00e3o tem comiss\u00e3o t\u00e9cnica permanente, caso precisasse ser comandado por um treinador interino, o escolhido seria M\u00e1rio Jorge, do sub-20 &#8211; assim como ocorreu na troca de V\u00edtor Pereira para o argentino.<\/p>\n<p>O nome favorito para 2024 \u00e9 Tite, que, em seu planejamento inicial, gostaria de voltar a trabalhar somente a partir de janeiro. Se o treinador topar assumir o Flamengo nesta semana, Sampaoli ser\u00e1 demitido de imediato. Mesmo sem o acerto com Tite, os dirigentes reconhecem que n\u00e3o h\u00e1 mais clima para a perman\u00eancia do argentino.<\/p>\n<p>Os jogadores do Flamengo receberam folga na segunda. A programa\u00e7\u00e3o do clube ainda prev\u00ea a presen\u00e7a de Sampaoli no Ninho do Urubu na reapresenta\u00e7\u00e3o, marcada para ter\u00e7a \u00e0 tarde.<\/p>\n<p>Nos bastidores, compara-se a situa\u00e7\u00e3o com a de Paulo Sousa, que teve sua demiss\u00e3o definida no dia 5 de junho de 2022, ap\u00f3s derrota por 2 a 1 para o Fortaleza no Maracan\u00e3, mas caiu oficialmente somente quatro dias depois.<\/p>\n<p>O Flamengo aguardou Dorival J\u00fanior dar o ok para dispensar o portugu\u00eas. O problema \u00e9 que esse espa\u00e7o de quatro dias incluiu viagem para treinos em Atibaia e partida contra o Bragantino, compromissos cumpridos sob grande constrangimento.<\/p>\n<p>Retirado de: Globo Esporte<\/p>\n","protected":false},"excerpt":{"rendered":"<p>A sa\u00edda de Jorge Sampaoli do Flamengo para 2024 estava definida antes mesmo do vice-campeonato da Copa do Brasil. A perda do t\u00edtulo acelerou o processo, e a diretoria debate as condi\u00e7\u00f5es da sa\u00edda. A segunda-feira foi de reuni\u00e3o do departamento de futebol. Para demitir o t\u00e9cnico, o clube ter\u00e1 que pagar a multa de [&hellip;]<\/p>\n","protected":false},"author":1,"featured_media":102035,"comment_status":"open","ping_status":"closed","sticky":false,"template":"","format":"standard","meta":{"footnotes":""},"categories":[1],"tags":[],"class_list":["post-107261","post","type-post","status-publish","format-standard","has-post-thumbnail","hentry","category-flamengo"],"yoast_head":"<!-- This site is optimized with the Yoast SEO Premium plugin v24.2 (Yoast SEO v26.9) - https:\/\/yoast.com\/product\/yoast-seo-premium-wordpress\/ -->\n<title>Veja o verdadeiro valor da multa rescis\u00f3ria de Sampaoli no Flamengo<\/title>\n<meta name=\"robots\" content=\"index, follow, max-snippet:-1, max-image-preview:large, max-video-preview:-1\" \/>\n<link rel=\"canonical\" href=\"https:\/\/www.gaveanews.com\/index.php\/2023\/09\/25\/veja-o-verdadeiro-valor-da-multa-rescisoria-de-sampaoli-no-flamengo\/\" \/>\n<meta property=\"og:locale\" content=\"pt_BR\" \/>\n<meta property=\"og:type\" content=\"article\" \/>\n<meta property=\"og:title\" content=\"Veja o verdadeiro valor da multa rescis\u00f3ria de Sampaoli no Flamengo\" \/>\n<meta property=\"og:description\" content=\"A sa\u00edda de Jorge Sampaoli do Flamengo para 2024 estava definida antes mesmo do vice-campeonato da Copa do Brasil. A perda do t\u00edtulo acelerou o processo, e a diretoria debate as condi\u00e7\u00f5es da sa\u00edda. A segunda-feira foi de reuni\u00e3o do departamento de futebol. Para demitir o t\u00e9cnico, o clube ter\u00e1 que pagar a multa de [&hellip;]\" \/>\n<meta property=\"og:url\" content=\"https:\/\/www.gaveanews.com\/index.php\/2023\/09\/25\/veja-o-verdadeiro-valor-da-multa-rescisoria-de-sampaoli-no-flamengo\/\" \/>\n<meta property=\"og:site_name\" content=\"G\u00e1vea News\" \/>\n<meta property=\"article:publisher\" content=\"https:\/\/facebook.com\/gaveaNews\/\" \/>\n<meta property=\"article:published_time\" content=\"2023-09-25T23:43:30+00:00\" \/>\n<meta property=\"og:image\" content=\"https:\/\/www.gaveanews.com\/wp-content\/uploads\/sampaoli-coletiva-flamengo.webp\" \/>\n\t<meta property=\"og:image:width\" content=\"876\" \/>\n\t<meta property=\"og:image:height\" content=\"484\" \/>\n\t<meta property=\"og:image:type\" content=\"image\/webp\" \/>\n<meta name=\"author\" content=\"Equipe G\u00e1vea News\" \/>\n<meta name=\"twitter:card\" content=\"summary_large_image\" \/>\n<meta name=\"twitter:label1\" content=\"Escrito por\" \/>\n\t<meta name=\"twitter:data1\" content=\"Equipe G\u00e1vea News\" \/>\n\t<meta name=\"twitter:label2\" content=\"Est. tempo de leitura\" \/>\n\t<meta name=\"twitter:data2\" content=\"2 minutos\" \/>\n<script type=\"application\/ld+json\" class=\"yoast-schema-graph\">{\"@context\":\"https:\/\/schema.org\",\"@graph\":[{\"@type\":\"NewsArticle\",\"@id\":\"https:\/\/www.gaveanews.com\/index.php\/2023\/09\/25\/veja-o-verdadeiro-valor-da-multa-rescisoria-de-sampaoli-no-flamengo\/#article\",\"isPartOf\":{\"@id\":\"https:\/\/www.gaveanews.com\/index.php\/2023\/09\/25\/veja-o-verdadeiro-valor-da-multa-rescisoria-de-sampaoli-no-flamengo\/\"},\"author\":{\"name\":\"Equipe G\u00e1vea News\",\"@id\":\"https:\/\/www.gaveanews.com\/#\/schema\/person\/2ec14f73fb96be2caf28f91afb14749d\"},\"headline\":\"Veja o verdadeiro valor da multa rescis\u00f3ria de Sampaoli no Flamengo\",\"datePublished\":\"2023-09-25T23:43:30+00:00\",\"mainEntityOfPage\":{\"@id\":\"https:\/\/www.gaveanews.com\/index.php\/2023\/09\/25\/veja-o-verdadeiro-valor-da-multa-rescisoria-de-sampaoli-no-flamengo\/\"},\"wordCount\":386,\"commentCount\":0,\"image\":{\"@id\":\"https:\/\/www.gaveanews.com\/index.php\/2023\/09\/25\/veja-o-verdadeiro-valor-da-multa-rescisoria-de-sampaoli-no-flamengo\/#primaryimage\"},\"thumbnailUrl\":\"https:\/\/www.gaveanews.com\/wp-content\/uploads\/sampaoli-coletiva-flamengo.webp\",\"articleSection\":[\"Flamengo\"],\"inLanguage\":\"pt-BR\",\"potentialAction\":[{\"@type\":\"CommentAction\",\"name\":\"Comment\",\"target\":[\"https:\/\/www.gaveanews.com\/index.php\/2023\/09\/25\/veja-o-verdadeiro-valor-da-multa-rescisoria-de-sampaoli-no-flamengo\/#respond\"]}],\"copyrightYear\":\"2023\",\"copyrightHolder\":{\"@id\":\"https:\/\/www.gaveanews.com\/#organization\"}},{\"@type\":\"WebPage\",\"@id\":\"https:\/\/www.gaveanews.com\/index.php\/2023\/09\/25\/veja-o-verdadeiro-valor-da-multa-rescisoria-de-sampaoli-no-flamengo\/\",\"url\":\"https:\/\/www.gaveanews.com\/index.php\/2023\/09\/25\/veja-o-verdadeiro-valor-da-multa-rescisoria-de-sampaoli-no-flamengo\/\",\"name\":\"Veja o verdadeiro valor da multa rescis\u00f3ria de Sampaoli no Flamengo\",\"isPartOf\":{\"@id\":\"https:\/\/www.gaveanews.com\/#website\"},\"primaryImageOfPage\":{\"@id\":\"https:\/\/www.gaveanews.com\/index.php\/2023\/09\/25\/veja-o-verdadeiro-valor-da-multa-rescisoria-de-sampaoli-no-flamengo\/#primaryimage\"},\"image\":{\"@id\":\"https:\/\/www.gaveanews.com\/index.php\/2023\/09\/25\/veja-o-verdadeiro-valor-da-multa-rescisoria-de-sampaoli-no-flamengo\/#primaryimage\"},\"thumbnailUrl\":\"https:\/\/www.gaveanews.com\/wp-content\/uploads\/sampaoli-coletiva-flamengo.webp\",\"datePublished\":\"2023-09-25T23:43:30+00:00\",\"author\":{\"@id\":\"https:\/\/www.gaveanews.com\/#\/schema\/person\/2ec14f73fb96be2caf28f91afb14749d\"},\"breadcrumb\":{\"@id\":\"https:\/\/www.gaveanews.com\/index.php\/2023\/09\/25\/veja-o-verdadeiro-valor-da-multa-rescisoria-de-sampaoli-no-flamengo\/#breadcrumb\"},\"inLanguage\":\"pt-BR\",\"potentialAction\":[{\"@type\":\"ReadAction\",\"target\":[\"https:\/\/www.gaveanews.com\/index.php\/2023\/09\/25\/veja-o-verdadeiro-valor-da-multa-rescisoria-de-sampaoli-no-flamengo\/\"]}]},{\"@type\":\"ImageObject\",\"inLanguage\":\"pt-BR\",\"@id\":\"https:\/\/www.gaveanews.com\/index.php\/2023\/09\/25\/veja-o-verdadeiro-valor-da-multa-rescisoria-de-sampaoli-no-flamengo\/#primaryimage\",\"url\":\"https:\/\/www.gaveanews.com\/wp-content\/uploads\/sampaoli-coletiva-flamengo.webp\",\"contentUrl\":\"https:\/\/www.gaveanews.com\/wp-content\/uploads\/sampaoli-coletiva-flamengo.webp\",\"width\":876,\"height\":484,\"caption\":\"Sampaoli em entrevista coletiva do Flamengo (Foto: Gilvan de Souza\/Flamengo)\"},{\"@type\":\"BreadcrumbList\",\"@id\":\"https:\/\/www.gaveanews.com\/index.php\/2023\/09\/25\/veja-o-verdadeiro-valor-da-multa-rescisoria-de-sampaoli-no-flamengo\/#breadcrumb\",\"itemListElement\":[{\"@type\":\"ListItem\",\"position\":1,\"name\":\"Home\",\"item\":\"https:\/\/www.gaveanews.com\/\"},{\"@type\":\"ListItem\",\"position\":2,\"name\":\"Veja o verdadeiro valor da multa rescis\u00f3ria de Sampaoli no Flamengo\"}]},{\"@type\":\"WebSite\",\"@id\":\"https:\/\/www.gaveanews.com\/#website\",\"url\":\"https:\/\/www.gaveanews.com\/\",\"name\":\"G\u00e1vea News\",\"description\":\"Veja todas as not\u00edcias sobre o Flamengo: Contrata\u00e7\u00f5es, categorias de base, resultados das partidas, tabela de classifica\u00e7\u00e3o, pr\u00f3ximos jogos!\",\"potentialAction\":[{\"@type\":\"SearchAction\",\"target\":{\"@type\":\"EntryPoint\",\"urlTemplate\":\"https:\/\/www.gaveanews.com\/?s={search_term_string}\"},\"query-input\":{\"@type\":\"PropertyValueSpecification\",\"valueRequired\":true,\"valueName\":\"search_term_string\"}}],\"inLanguage\":\"pt-BR\"},{\"@type\":\"Person\",\"@id\":\"https:\/\/www.gaveanews.com\/#\/schema\/person\/2ec14f73fb96be2caf28f91afb14749d\",\"name\":\"Equipe G\u00e1vea News\",\"image\":{\"@type\":\"ImageObject\",\"inLanguage\":\"pt-BR\",\"@id\":\"https:\/\/www.gaveanews.com\/#\/schema\/person\/image\/\",\"url\":\"https:\/\/secure.gravatar.com\/avatar\/1e1956f1facbffd3f8fa53a326721950116b3b9dc9bd44939c01180fd4a745a9?s=96&d=mm&r=g\",\"contentUrl\":\"https:\/\/secure.gravatar.com\/avatar\/1e1956f1facbffd3f8fa53a326721950116b3b9dc9bd44939c01180fd4a745a9?s=96&d=mm&r=g\",\"caption\":\"Equipe G\u00e1vea News\"}}]}<\/script>\n<!-- \/ Yoast SEO Premium plugin. -->","yoast_head_json":{"title":"Veja o verdadeiro valor da multa rescis\u00f3ria de Sampaoli no Flamengo","robots":{"index":"index","follow":"follow","max-snippet":"max-snippet:-1","max-image-preview":"max-image-preview:large","max-video-preview":"max-video-preview:-1"},"canonical":"https:\/\/www.gaveanews.com\/index.php\/2023\/09\/25\/veja-o-verdadeiro-valor-da-multa-rescisoria-de-sampaoli-no-flamengo\/","og_locale":"pt_BR","og_type":"article","og_title":"Veja o verdadeiro valor da multa rescis\u00f3ria de Sampaoli no Flamengo","og_description":"A sa\u00edda de Jorge Sampaoli do Flamengo para 2024 estava definida antes mesmo do vice-campeonato da Copa do Brasil. A perda do t\u00edtulo acelerou o processo, e a diretoria debate as condi\u00e7\u00f5es da sa\u00edda. A segunda-feira foi de reuni\u00e3o do departamento de futebol. Para demitir o t\u00e9cnico, o clube ter\u00e1 que pagar a multa de [&hellip;]","og_url":"https:\/\/www.gaveanews.com\/index.php\/2023\/09\/25\/veja-o-verdadeiro-valor-da-multa-rescisoria-de-sampaoli-no-flamengo\/","og_site_name":"G\u00e1vea News","article_publisher":"https:\/\/facebook.com\/gaveaNews\/","article_published_time":"2023-09-25T23:43:30+00:00","og_image":[{"width":876,"height":484,"url":"https:\/\/www.gaveanews.com\/wp-content\/uploads\/sampaoli-coletiva-flamengo.webp","type":"image\/webp"}],"author":"Equipe G\u00e1vea News","twitter_card":"summary_large_image","twitter_misc":{"Escrito por":"Equipe G\u00e1vea News","Est. tempo de leitura":"2 minutos"},"schema":{"@context":"https:\/\/schema.org","@graph":[{"@type":"NewsArticle","@id":"https:\/\/www.gaveanews.com\/index.php\/2023\/09\/25\/veja-o-verdadeiro-valor-da-multa-rescisoria-de-sampaoli-no-flamengo\/#article","isPartOf":{"@id":"https:\/\/www.gaveanews.com\/index.php\/2023\/09\/25\/veja-o-verdadeiro-valor-da-multa-rescisoria-de-sampaoli-no-flamengo\/"},"author":{"name":"Equipe G\u00e1vea News","@id":"https:\/\/www.gaveanews.com\/#\/schema\/person\/2ec14f73fb96be2caf28f91afb14749d"},"headline":"Veja o verdadeiro valor da multa rescis\u00f3ria de Sampaoli no Flamengo","datePublished":"2023-09-25T23:43:30+00:00","mainEntityOfPage":{"@id":"https:\/\/www.gaveanews.com\/index.php\/2023\/09\/25\/veja-o-verdadeiro-valor-da-multa-rescisoria-de-sampaoli-no-flamengo\/"},"wordCount":386,"commentCount":0,"image":{"@id":"https:\/\/www.gaveanews.com\/index.php\/2023\/09\/25\/veja-o-verdadeiro-valor-da-multa-rescisoria-de-sampaoli-no-flamengo\/#primaryimage"},"thumbnailUrl":"https:\/\/www.gaveanews.com\/wp-content\/uploads\/sampaoli-coletiva-flamengo.webp","articleSection":["Flamengo"],"inLanguage":"pt-BR","potentialAction":[{"@type":"CommentAction","name":"Comment","target":["https:\/\/www.gaveanews.com\/index.php\/2023\/09\/25\/veja-o-verdadeiro-valor-da-multa-rescisoria-de-sampaoli-no-flamengo\/#respond"]}],"copyrightYear":"2023","copyrightHolder":{"@id":"https:\/\/www.gaveanews.com\/#organization"}},{"@type":"WebPage","@id":"https:\/\/www.gaveanews.com\/index.php\/2023\/09\/25\/veja-o-verdadeiro-valor-da-multa-rescisoria-de-sampaoli-no-flamengo\/","url":"https:\/\/www.gaveanews.com\/index.php\/2023\/09\/25\/veja-o-verdadeiro-valor-da-multa-rescisoria-de-sampaoli-no-flamengo\/","name":"Veja o verdadeiro valor da multa rescis\u00f3ria de Sampaoli no Flamengo","isPartOf":{"@id":"https:\/\/www.gaveanews.com\/#website"},"primaryImageOfPage":{"@id":"https:\/\/www.gaveanews.com\/index.php\/2023\/09\/25\/veja-o-verdadeiro-valor-da-multa-rescisoria-de-sampaoli-no-flamengo\/#primaryimage"},"image":{"@id":"https:\/\/www.gaveanews.com\/index.php\/2023\/09\/25\/veja-o-verdadeiro-valor-da-multa-rescisoria-de-sampaoli-no-flamengo\/#primaryimage"},"thumbnailUrl":"https:\/\/www.gaveanews.com\/wp-content\/uploads\/sampaoli-coletiva-flamengo.webp","datePublished":"2023-09-25T23:43:30+00:00","author":{"@id":"https:\/\/www.gaveanews.com\/#\/schema\/person\/2ec14f73fb96be2caf28f91afb14749d"},"breadcrumb":{"@id":"https:\/\/www.gaveanews.com\/index.php\/2023\/09\/25\/veja-o-verdadeiro-valor-da-multa-rescisoria-de-sampaoli-no-flamengo\/#breadcrumb"},"inLanguage":"pt-BR","potentialAction":[{"@type":"ReadAction","target":["https:\/\/www.gaveanews.com\/index.php\/2023\/09\/25\/veja-o-verdadeiro-valor-da-multa-rescisoria-de-sampaoli-no-flamengo\/"]}]},{"@type":"ImageObject","inLanguage":"pt-BR","@id":"https:\/\/www.gaveanews.com\/index.php\/2023\/09\/25\/veja-o-verdadeiro-valor-da-multa-rescisoria-de-sampaoli-no-flamengo\/#primaryimage","url":"https:\/\/www.gaveanews.com\/wp-content\/uploads\/sampaoli-coletiva-flamengo.webp","contentUrl":"https:\/\/www.gaveanews.com\/wp-content\/uploads\/sampaoli-coletiva-flamengo.webp","width":876,"height":484,"caption":"Sampaoli em entrevista coletiva do Flamengo (Foto: Gilvan de Souza\/Flamengo)"},{"@type":"BreadcrumbList","@id":"https:\/\/www.gaveanews.com\/index.php\/2023\/09\/25\/veja-o-verdadeiro-valor-da-multa-rescisoria-de-sampaoli-no-flamengo\/#breadcrumb","itemListElement":[{"@type":"ListItem","position":1,"name":"Home","item":"https:\/\/www.gaveanews.com\/"},{"@type":"ListItem","position":2,"name":"Veja o verdadeiro valor da multa rescis\u00f3ria de Sampaoli no Flamengo"}]},{"@type":"WebSite","@id":"https:\/\/www.gaveanews.com\/#website","url":"https:\/\/www.gaveanews.com\/","name":"G\u00e1vea News","description":"Veja todas as not\u00edcias sobre o Flamengo: Contrata\u00e7\u00f5es, categorias de base, resultados das partidas, tabela de classifica\u00e7\u00e3o, pr\u00f3ximos jogos!","potentialAction":[{"@type":"SearchAction","target":{"@type":"EntryPoint","urlTemplate":"https:\/\/www.gaveanews.com\/?s={search_term_string}"},"query-input":{"@type":"PropertyValueSpecification","valueRequired":true,"valueName":"search_term_string"}}],"inLanguage":"pt-BR"},{"@type":"Person","@id":"https:\/\/www.gaveanews.com\/#\/schema\/person\/2ec14f73fb96be2caf28f91afb14749d","name":"Equipe G\u00e1vea News","image":{"@type":"ImageObject","inLanguage":"pt-BR","@id":"https:\/\/www.gaveanews.com\/#\/schema\/person\/image\/","url":"https:\/\/secure.gravatar.com\/avatar\/1e1956f1facbffd3f8fa53a326721950116b3b9dc9bd44939c01180fd4a745a9?s=96&d=mm&r=g","contentUrl":"https:\/\/secure.gravatar.com\/avatar\/1e1956f1facbffd3f8fa53a326721950116b3b9dc9bd44939c01180fd4a745a9?s=96&d=mm&r=g","caption":"Equipe G\u00e1vea News"}}]}},"_links":{"self":[{"href":"https:\/\/www.gaveanews.com\/index.php\/wp-json\/wp\/v2\/posts\/107261","targetHints":{"allow":["GET"]}}],"collection":[{"href":"https:\/\/www.gaveanews.com\/index.php\/wp-json\/wp\/v2\/posts"}],"about":[{"href":"https:\/\/www.gaveanews.com\/index.php\/wp-json\/wp\/v2\/types\/post"}],"author":[{"embeddable":true,"href":"https:\/\/www.gaveanews.com\/index.php\/wp-json\/wp\/v2\/users\/1"}],"replies":[{"embeddable":true,"href":"https:\/\/www.gaveanews.com\/index.php\/wp-json\/wp\/v2\/comments?post=107261"}],"version-history":[{"count":0,"href":"https:\/\/www.gaveanews.com\/index.php\/wp-json\/wp\/v2\/posts\/107261\/revisions"}],"wp:featuredmedia":[{"embeddable":true,"href":"https:\/\/www.gaveanews.com\/index.php\/wp-json\/wp\/v2\/media\/102035"}],"wp:attachment":[{"href":"https:\/\/www.gaveanews.com\/index.php\/wp-json\/wp\/v2\/media?parent=107261"}],"wp:term":[{"taxonomy":"category","embeddable":true,"href":"https:\/\/www.gaveanews.com\/index.php\/wp-json\/wp\/v2\/categories?post=107261"},{"taxonomy":"post_tag","embeddable":true,"href":"https:\/\/www.gaveanews.com\/index.php\/wp-json\/wp\/v2\/tags?post=107261"}],"curies":[{"name":"wp","href":"https:\/\/api.w.org\/{rel}","templated":true}]}}